{"id":28615,"date":"2022-10-03T16:12:14","date_gmt":"2022-10-03T16:12:14","guid":{"rendered":"https:\/\/www.africa-press.net\/cameroun\/politique\/football-finale-coupe-du-cameroun-y-avait-il-charge-sur-le-gardien-de-bamboutos-fc-de-mbouda"},"modified":"2022-10-03T19:46:54","modified_gmt":"2022-10-03T19:46:54","slug":"football-finale-coupe-du-cameroun-y-avait-il-charge-sur-le-gardien-de-bamboutos-fc-de-mbouda","status":"publish","type":"post","link":"https:\/\/www.africa-press.net\/cameroun\/sports\/football-finale-coupe-du-cameroun-y-avait-il-charge-sur-le-gardien-de-bamboutos-fc-de-mbouda","title":{"rendered":"Football &#8211; Finale Coupe du Cameroun: Y avait-il charge sur le gardien de Bamboutos FC de Mbouda ?"},"content":{"rendered":"<p><span style=\"color: #ff6600\"><strong>Africa-Press &#8211; Cameroun. <\/strong><\/span><b>1.- Marc Chouamo<\/b> (Canal2 International)<\/p>\n<p>\u00abPas de faute sur le gardien de Bamboutos. Les deux vont au duel et le gardien est moins autoritaire, il aurait pu boxer. Mais il a voulu saisir la balle et la rela\u0302che en retombant.\u00bb<\/p>\n<p><b>2.- Alain Denis Ikoul (CFOOT)<\/b><\/p>\n<p>1- Le gardien arrive sur la balle avant l&rsquo;attaquant<\/p>\n<p>2- Le gardien se saisit de la balle dans les airs<\/p>\n<p>3- l&rsquo;attaquant dispute la balle au gardien dans les aires, alorsque celui-ci l&rsquo;a de\u0301ja\u0300 saisie (ce qui est prohibe\u0301 par la loi N\u00a0\u00bb12)<\/p>\n<p>4- La chute du gardien est conse\u0301quente au contact avec l&rsquo;attaquant: Le gardien n&rsquo;est pas e\u0301pileptique, de ce fait, il n&rsquo;est pas tombe\u0301 par hasard.<\/p>\n<p>5- L&rsquo;arbitre centrale est a\u0300 plus de 30 me\u0300tres de l&rsquo;action: ce qui remet en cause ses capacite\u0301s athle\u0301tiques<\/p>\n<p>CONCLUSION: Partant du principe que, le gardien s&rsquo;e\u0301tait saisi de la balle dans les airs et n&rsquo;est pas tombe\u0301 tout seul mais pluto\u0302t apre\u0300s contact avec l&rsquo;attaquant, IL Y A FAUTE. Une fois que le gardien se saisit de la balle dans sa surface, AUCUN CONTACT N&rsquo;EST TOLE\u0301RE\u0301 avec un attaquant adversaire.<\/p>\n<p>En plus, on joue la 90e minute d&rsquo;une finale serre\u0301e. S&rsquo;il y a un le\u0301ger doute sur ce type d&rsquo;action, il est plus LOGIQUE de siffler faute, cela n&rsquo;aurait jamais fait autant parler. Laisser une finale se de\u0301cider sur ce type d&rsquo;action discutable est simplement scandaleux: c&rsquo;e\u0301tait une question de psychologie de l&rsquo;arbitrage, la vaillante dame a\u0300 ce niveau a manque\u0301 son test.\u00a0\u00bb<\/p>\n<p><b>3.- Martin Camus MIMB<\/b><\/p>\n<p>\u00ab\u00a0Fe\u0301licitations a\u0300 Cotonsport de Garoua. Il sera cependant difficile pour les arbitres de me convaincre qu\u2019il n\u2019y a pas une charge sur le gardien de Bamboutos. Mais bon c\u2019est aussi c\u0327a le foot. Pour le reste, difficile de dire quelque chose.\u00a0\u00bb<\/p>\n<p><strong>Pour plus d&rsquo;informations et d&rsquo;analyses sur la <a href=\"https:\/\/www.africa-press.net\/cameroun\">Cameroun<\/a>, suivez <a href=\"https:\/\/www.africa-press.net\/\">Africa-Press<\/a><\/strong><\/p>\n","protected":false},"excerpt":{"rendered":"<p>Africa-Press &#8211; Cameroun. 1.- Marc Chouamo (Canal2 International) \u00abPas de faute sur le gardien de Bamboutos. Les deux vont au duel et le gardien est moins autoritaire, il aurait pu boxer. Mais il a voulu saisir la balle et la rela\u0302che en retombant.\u00bb 2.- Alain Denis Ikoul (CFOOT) 1- Le gardien arrive sur la balle [&hellip;]<\/p>\n","protected":false},"author":82,"featured_media":28614,"comment_status":"open","ping_status":"closed","sticky":false,"template":"","format":"standard","meta":{"footnotes":""},"categories":[6,10],"tags":[36,50,49],"class_list":["post-28615","post","type-post","status-publish","format-standard","has-post-thumbnail","hentry","category-sports","category-toutes-les-actualites","tag-africa-press","tag-africa-press-cameroun","tag-cameroun"],"yoast_head":"<!-- This site is optimized with the Yoast SEO Premium plugin v26.1 (Yoast SEO v27.0) - https:\/\/yoast.com\/product\/yoast-seo-premium-wordpress\/ -->\n<title>Football - Finale Coupe du Cameroun: Y avait-il charge sur le gardien de Bamboutos FC de Mbouda ? - Cameroun<\/title>\n<meta name=\"robots\" content=\"index, follow, max-snippet:-1, max-image-preview:large, max-video-preview:-1\" \/>\n<link rel=\"canonical\" href=\"https:\/\/www.africa-press.net\/cameroun\/sports\/football-finale-coupe-du-cameroun-y-avait-il-charge-sur-le-gardien-de-bamboutos-fc-de-mbouda\" \/>\n<meta property=\"og:locale\" content=\"fr_FR\" \/>\n<meta property=\"og:type\" content=\"article\" \/>\n<meta property=\"og:title\" content=\"Football - Finale Coupe du Cameroun: Y avait-il charge sur le gardien de Bamboutos FC de Mbouda ?\" \/>\n<meta property=\"og:description\" content=\"Africa-Press &#8211; Cameroun. 1.- Marc Chouamo (Canal2 International) \u00abPas de faute sur le gardien de Bamboutos. Les deux vont au duel et le gardien est moins autoritaire, il aurait pu boxer. Mais il a voulu saisir la balle et la rela\u0302che en retombant.\u00bb 2.- Alain Denis Ikoul (CFOOT) 1- Le gardien arrive sur la balle [&hellip;]\" \/>\n<meta property=\"og:url\" content=\"https:\/\/www.africa-press.net\/cameroun\/sports\/football-finale-coupe-du-cameroun-y-avait-il-charge-sur-le-gardien-de-bamboutos-fc-de-mbouda\" \/>\n<meta property=\"og:site_name\" content=\"Cameroun\" \/>\n<meta property=\"article:published_time\" content=\"2022-10-03T16:12:14+00:00\" \/>\n<meta property=\"article:modified_time\" content=\"2022-10-03T19:46:54+00:00\" \/>\n<meta property=\"og:image\" content=\"https:\/\/static.africa-press.net\/cameroun\/sites\/57\/2022\/10\/img-633b3221770aa.jpg\" \/>\n\t<meta property=\"og:image:width\" content=\"800\" \/>\n\t<meta property=\"og:image:height\" content=\"442\" \/>\n\t<meta property=\"og:image:type\" content=\"image\/jpeg\" \/>\n<meta name=\"author\" content=\"cfeditorfr\" \/>\n<meta name=\"twitter:card\" content=\"summary_large_image\" \/>\n<meta name=\"twitter:label1\" content=\"\u00c9crit par\" \/>\n\t<meta name=\"twitter:data1\" content=\"cfeditorfr\" \/>\n\t<meta name=\"twitter:label2\" content=\"Dur\u00e9e de lecture estim\u00e9e\" \/>\n\t<meta name=\"twitter:data2\" content=\"2 minutes\" \/>\n<script type=\"application\/ld+json\" class=\"yoast-schema-graph\">{\"@context\":\"https:\/\/schema.org\",\"@graph\":[{\"@type\":\"Article\",\"@id\":\"https:\/\/www.africa-press.net\/cameroun\/sports\/football-finale-coupe-du-cameroun-y-avait-il-charge-sur-le-gardien-de-bamboutos-fc-de-mbouda#article\",\"isPartOf\":{\"@id\":\"https:\/\/www.africa-press.net\/cameroun\/sports\/football-finale-coupe-du-cameroun-y-avait-il-charge-sur-le-gardien-de-bamboutos-fc-de-mbouda\"},\"author\":{\"name\":\"cfeditorfr\",\"@id\":\"https:\/\/www.africa-press.net\/cameroun\/#\/schema\/person\/2b1cf3cd81a31e3cd26889ca66d677f1\"},\"headline\":\"Football &#8211; Finale Coupe du Cameroun: Y avait-il charge sur le gardien de Bamboutos FC de Mbouda ?\",\"datePublished\":\"2022-10-03T16:12:14+00:00\",\"dateModified\":\"2022-10-03T19:46:54+00:00\",\"mainEntityOfPage\":{\"@id\":\"https:\/\/www.africa-press.net\/cameroun\/sports\/football-finale-coupe-du-cameroun-y-avait-il-charge-sur-le-gardien-de-bamboutos-fc-de-mbouda\"},\"wordCount\":362,\"commentCount\":0,\"image\":{\"@id\":\"https:\/\/www.africa-press.net\/cameroun\/sports\/football-finale-coupe-du-cameroun-y-avait-il-charge-sur-le-gardien-de-bamboutos-fc-de-mbouda#primaryimage\"},\"thumbnailUrl\":\"https:\/\/static.africa-press.net\/cameroun\/sites\/57\/2022\/10\/img-633b3221770aa.jpg\",\"keywords\":[\"Africa Press\",\"Africa Press-Cameroun\",\"Cameroun\"],\"articleSection\":[\"Sports\",\"Toutes les actualit\u00e9s\"],\"inLanguage\":\"fr-FR\",\"potentialAction\":[{\"@type\":\"CommentAction\",\"name\":\"Comment\",\"target\":[\"https:\/\/www.africa-press.net\/cameroun\/sports\/football-finale-coupe-du-cameroun-y-avait-il-charge-sur-le-gardien-de-bamboutos-fc-de-mbouda#respond\"]}]},{\"@type\":\"WebPage\",\"@id\":\"https:\/\/www.africa-press.net\/cameroun\/sports\/football-finale-coupe-du-cameroun-y-avait-il-charge-sur-le-gardien-de-bamboutos-fc-de-mbouda\",\"url\":\"https:\/\/www.africa-press.net\/cameroun\/sports\/football-finale-coupe-du-cameroun-y-avait-il-charge-sur-le-gardien-de-bamboutos-fc-de-mbouda\",\"name\":\"Football - Finale Coupe du Cameroun: Y avait-il charge sur le gardien de Bamboutos FC de Mbouda ? - Cameroun\",\"isPartOf\":{\"@id\":\"https:\/\/www.africa-press.net\/cameroun\/#website\"},\"primaryImageOfPage\":{\"@id\":\"https:\/\/www.africa-press.net\/cameroun\/sports\/football-finale-coupe-du-cameroun-y-avait-il-charge-sur-le-gardien-de-bamboutos-fc-de-mbouda#primaryimage\"},\"image\":{\"@id\":\"https:\/\/www.africa-press.net\/cameroun\/sports\/football-finale-coupe-du-cameroun-y-avait-il-charge-sur-le-gardien-de-bamboutos-fc-de-mbouda#primaryimage\"},\"thumbnailUrl\":\"https:\/\/static.africa-press.net\/cameroun\/sites\/57\/2022\/10\/img-633b3221770aa.jpg\",\"datePublished\":\"2022-10-03T16:12:14+00:00\",\"dateModified\":\"2022-10-03T19:46:54+00:00\",\"author\":{\"@id\":\"https:\/\/www.africa-press.net\/cameroun\/#\/schema\/person\/2b1cf3cd81a31e3cd26889ca66d677f1\"},\"breadcrumb\":{\"@id\":\"https:\/\/www.africa-press.net\/cameroun\/sports\/football-finale-coupe-du-cameroun-y-avait-il-charge-sur-le-gardien-de-bamboutos-fc-de-mbouda#breadcrumb\"},\"inLanguage\":\"fr-FR\",\"potentialAction\":[{\"@type\":\"ReadAction\",\"target\":[\"https:\/\/www.africa-press.net\/cameroun\/sports\/football-finale-coupe-du-cameroun-y-avait-il-charge-sur-le-gardien-de-bamboutos-fc-de-mbouda\"]}]},{\"@type\":\"ImageObject\",\"inLanguage\":\"fr-FR\",\"@id\":\"https:\/\/www.africa-press.net\/cameroun\/sports\/football-finale-coupe-du-cameroun-y-avait-il-charge-sur-le-gardien-de-bamboutos-fc-de-mbouda#primaryimage\",\"url\":\"https:\/\/static.africa-press.net\/cameroun\/sites\/57\/2022\/10\/img-633b3221770aa.jpg\",\"contentUrl\":\"https:\/\/static.africa-press.net\/cameroun\/sites\/57\/2022\/10\/img-633b3221770aa.jpg\",\"width\":800,\"height\":442,\"caption\":\"Football - Finale Coupe du Cameroun: Y avait-il charge sur le gardien de Bamboutos FC de Mbouda ?\"},{\"@type\":\"BreadcrumbList\",\"@id\":\"https:\/\/www.africa-press.net\/cameroun\/sports\/football-finale-coupe-du-cameroun-y-avait-il-charge-sur-le-gardien-de-bamboutos-fc-de-mbouda#breadcrumb\",\"itemListElement\":[{\"@type\":\"ListItem\",\"position\":1,\"name\":\"Accueil\",\"item\":\"https:\/\/www.africa-press.net\/cameroun\/\"},{\"@type\":\"ListItem\",\"position\":2,\"name\":\"Football &#8211; Finale Coupe du Cameroun: Y avait-il charge sur le gardien de Bamboutos FC de Mbouda ?\"}]},{\"@type\":\"WebSite\",\"@id\":\"https:\/\/www.africa-press.net\/cameroun\/#website\",\"url\":\"https:\/\/www.africa-press.net\/cameroun\/\",\"name\":\"Cameroun\",\"description\":\"Just another Africa News Agency Sites site\",\"potentialAction\":[{\"@type\":\"SearchAction\",\"target\":{\"@type\":\"EntryPoint\",\"urlTemplate\":\"https:\/\/www.africa-press.net\/cameroun\/?s={search_term_string}\"},\"query-input\":{\"@type\":\"PropertyValueSpecification\",\"valueRequired\":true,\"valueName\":\"search_term_string\"}}],\"inLanguage\":\"fr-FR\"},{\"@type\":\"Person\",\"@id\":\"https:\/\/www.africa-press.net\/cameroun\/#\/schema\/person\/2b1cf3cd81a31e3cd26889ca66d677f1\",\"name\":\"cfeditorfr\"}]}<\/script>\n<!-- \/ Yoast SEO Premium plugin. -->","yoast_head_json":{"title":"Football - Finale Coupe du Cameroun: Y avait-il charge sur le gardien de Bamboutos FC de Mbouda ? - Cameroun","robots":{"index":"index","follow":"follow","max-snippet":"max-snippet:-1","max-image-preview":"max-image-preview:large","max-video-preview":"max-video-preview:-1"},"canonical":"https:\/\/www.africa-press.net\/cameroun\/sports\/football-finale-coupe-du-cameroun-y-avait-il-charge-sur-le-gardien-de-bamboutos-fc-de-mbouda","og_locale":"fr_FR","og_type":"article","og_title":"Football - Finale Coupe du Cameroun: Y avait-il charge sur le gardien de Bamboutos FC de Mbouda ?","og_description":"Africa-Press &#8211; Cameroun. 1.- Marc Chouamo (Canal2 International) \u00abPas de faute sur le gardien de Bamboutos. Les deux vont au duel et le gardien est moins autoritaire, il aurait pu boxer. Mais il a voulu saisir la balle et la rela\u0302che en retombant.\u00bb 2.- Alain Denis Ikoul (CFOOT) 1- Le gardien arrive sur la balle [&hellip;]","og_url":"https:\/\/www.africa-press.net\/cameroun\/sports\/football-finale-coupe-du-cameroun-y-avait-il-charge-sur-le-gardien-de-bamboutos-fc-de-mbouda","og_site_name":"Cameroun","article_published_time":"2022-10-03T16:12:14+00:00","article_modified_time":"2022-10-03T19:46:54+00:00","og_image":[{"width":800,"height":442,"url":"https:\/\/static.africa-press.net\/cameroun\/sites\/57\/2022\/10\/img-633b3221770aa.jpg","type":"image\/jpeg"}],"author":"cfeditorfr","twitter_card":"summary_large_image","twitter_misc":{"\u00c9crit par":"cfeditorfr","Dur\u00e9e de lecture estim\u00e9e":"2 minutes"},"schema":{"@context":"https:\/\/schema.org","@graph":[{"@type":"Article","@id":"https:\/\/www.africa-press.net\/cameroun\/sports\/football-finale-coupe-du-cameroun-y-avait-il-charge-sur-le-gardien-de-bamboutos-fc-de-mbouda#article","isPartOf":{"@id":"https:\/\/www.africa-press.net\/cameroun\/sports\/football-finale-coupe-du-cameroun-y-avait-il-charge-sur-le-gardien-de-bamboutos-fc-de-mbouda"},"author":{"name":"cfeditorfr","@id":"https:\/\/www.africa-press.net\/cameroun\/#\/schema\/person\/2b1cf3cd81a31e3cd26889ca66d677f1"},"headline":"Football &#8211; Finale Coupe du Cameroun: Y avait-il charge sur le gardien de Bamboutos FC de Mbouda ?","datePublished":"2022-10-03T16:12:14+00:00","dateModified":"2022-10-03T19:46:54+00:00","mainEntityOfPage":{"@id":"https:\/\/www.africa-press.net\/cameroun\/sports\/football-finale-coupe-du-cameroun-y-avait-il-charge-sur-le-gardien-de-bamboutos-fc-de-mbouda"},"wordCount":362,"commentCount":0,"image":{"@id":"https:\/\/www.africa-press.net\/cameroun\/sports\/football-finale-coupe-du-cameroun-y-avait-il-charge-sur-le-gardien-de-bamboutos-fc-de-mbouda#primaryimage"},"thumbnailUrl":"https:\/\/static.africa-press.net\/cameroun\/sites\/57\/2022\/10\/img-633b3221770aa.jpg","keywords":["Africa Press","Africa Press-Cameroun","Cameroun"],"articleSection":["Sports","Toutes les actualit\u00e9s"],"inLanguage":"fr-FR","potentialAction":[{"@type":"CommentAction","name":"Comment","target":["https:\/\/www.africa-press.net\/cameroun\/sports\/football-finale-coupe-du-cameroun-y-avait-il-charge-sur-le-gardien-de-bamboutos-fc-de-mbouda#respond"]}]},{"@type":"WebPage","@id":"https:\/\/www.africa-press.net\/cameroun\/sports\/football-finale-coupe-du-cameroun-y-avait-il-charge-sur-le-gardien-de-bamboutos-fc-de-mbouda","url":"https:\/\/www.africa-press.net\/cameroun\/sports\/football-finale-coupe-du-cameroun-y-avait-il-charge-sur-le-gardien-de-bamboutos-fc-de-mbouda","name":"Football - Finale Coupe du Cameroun: Y avait-il charge sur le gardien de Bamboutos FC de Mbouda ? - Cameroun","isPartOf":{"@id":"https:\/\/www.africa-press.net\/cameroun\/#website"},"primaryImageOfPage":{"@id":"https:\/\/www.africa-press.net\/cameroun\/sports\/football-finale-coupe-du-cameroun-y-avait-il-charge-sur-le-gardien-de-bamboutos-fc-de-mbouda#primaryimage"},"image":{"@id":"https:\/\/www.africa-press.net\/cameroun\/sports\/football-finale-coupe-du-cameroun-y-avait-il-charge-sur-le-gardien-de-bamboutos-fc-de-mbouda#primaryimage"},"thumbnailUrl":"https:\/\/static.africa-press.net\/cameroun\/sites\/57\/2022\/10\/img-633b3221770aa.jpg","datePublished":"2022-10-03T16:12:14+00:00","dateModified":"2022-10-03T19:46:54+00:00","author":{"@id":"https:\/\/www.africa-press.net\/cameroun\/#\/schema\/person\/2b1cf3cd81a31e3cd26889ca66d677f1"},"breadcrumb":{"@id":"https:\/\/www.africa-press.net\/cameroun\/sports\/football-finale-coupe-du-cameroun-y-avait-il-charge-sur-le-gardien-de-bamboutos-fc-de-mbouda#breadcrumb"},"inLanguage":"fr-FR","potentialAction":[{"@type":"ReadAction","target":["https:\/\/www.africa-press.net\/cameroun\/sports\/football-finale-coupe-du-cameroun-y-avait-il-charge-sur-le-gardien-de-bamboutos-fc-de-mbouda"]}]},{"@type":"ImageObject","inLanguage":"fr-FR","@id":"https:\/\/www.africa-press.net\/cameroun\/sports\/football-finale-coupe-du-cameroun-y-avait-il-charge-sur-le-gardien-de-bamboutos-fc-de-mbouda#primaryimage","url":"https:\/\/static.africa-press.net\/cameroun\/sites\/57\/2022\/10\/img-633b3221770aa.jpg","contentUrl":"https:\/\/static.africa-press.net\/cameroun\/sites\/57\/2022\/10\/img-633b3221770aa.jpg","width":800,"height":442,"caption":"Football - Finale Coupe du Cameroun: Y avait-il charge sur le gardien de Bamboutos FC de Mbouda ?"},{"@type":"BreadcrumbList","@id":"https:\/\/www.africa-press.net\/cameroun\/sports\/football-finale-coupe-du-cameroun-y-avait-il-charge-sur-le-gardien-de-bamboutos-fc-de-mbouda#breadcrumb","itemListElement":[{"@type":"ListItem","position":1,"name":"Accueil","item":"https:\/\/www.africa-press.net\/cameroun\/"},{"@type":"ListItem","position":2,"name":"Football &#8211; Finale Coupe du Cameroun: Y avait-il charge sur le gardien de Bamboutos FC de Mbouda ?"}]},{"@type":"WebSite","@id":"https:\/\/www.africa-press.net\/cameroun\/#website","url":"https:\/\/www.africa-press.net\/cameroun\/","name":"Cameroun","description":"Just another Africa News Agency Sites site","potentialAction":[{"@type":"SearchAction","target":{"@type":"EntryPoint","urlTemplate":"https:\/\/www.africa-press.net\/cameroun\/?s={search_term_string}"},"query-input":{"@type":"PropertyValueSpecification","valueRequired":true,"valueName":"search_term_string"}}],"inLanguage":"fr-FR"},{"@type":"Person","@id":"https:\/\/www.africa-press.net\/cameroun\/#\/schema\/person\/2b1cf3cd81a31e3cd26889ca66d677f1","name":"cfeditorfr"}]}},"_links":{"self":[{"href":"https:\/\/www.africa-press.net\/cameroun\/wp-json\/wp\/v2\/posts\/28615","targetHints":{"allow":["GET"]}}],"collection":[{"href":"https:\/\/www.africa-press.net\/cameroun\/wp-json\/wp\/v2\/posts"}],"about":[{"href":"https:\/\/www.africa-press.net\/cameroun\/wp-json\/wp\/v2\/types\/post"}],"author":[{"embeddable":true,"href":"https:\/\/www.africa-press.net\/cameroun\/wp-json\/wp\/v2\/users\/82"}],"replies":[{"embeddable":true,"href":"https:\/\/www.africa-press.net\/cameroun\/wp-json\/wp\/v2\/comments?post=28615"}],"version-history":[{"count":0,"href":"https:\/\/www.africa-press.net\/cameroun\/wp-json\/wp\/v2\/posts\/28615\/revisions"}],"wp:featuredmedia":[{"embeddable":true,"href":"https:\/\/www.africa-press.net\/cameroun\/wp-json\/wp\/v2\/media\/28614"}],"wp:attachment":[{"href":"https:\/\/www.africa-press.net\/cameroun\/wp-json\/wp\/v2\/media?parent=28615"}],"wp:term":[{"taxonomy":"category","embeddable":true,"href":"https:\/\/www.africa-press.net\/cameroun\/wp-json\/wp\/v2\/categories?post=28615"},{"taxonomy":"post_tag","embeddable":true,"href":"https:\/\/www.africa-press.net\/cameroun\/wp-json\/wp\/v2\/tags?post=28615"}],"curies":[{"name":"wp","href":"https:\/\/api.w.org\/{rel}","templated":true}]}}