{"id":28627,"date":"2022-10-03T16:45:48","date_gmt":"2022-10-03T16:45:48","guid":{"rendered":"https:\/\/www.africa-press.net\/cameroun\/politique\/insecurite-des-preneurs-dotages-dans-la-nasse-de-la-gendarmerie-a-ngaoundere-adamaoua"},"modified":"2022-10-03T19:47:01","modified_gmt":"2022-10-03T19:47:01","slug":"insecurite-des-preneurs-dotages-dans-la-nasse-de-la-gendarmerie-a-ngaoundere-adamaoua","status":"publish","type":"post","link":"https:\/\/www.africa-press.net\/cameroun\/toutes-les-actualites\/insecurite-des-preneurs-dotages-dans-la-nasse-de-la-gendarmerie-a-ngaoundere-adamaoua","title":{"rendered":"Ins\u00e9curit\u00e9: Des preneurs d\u2019otages dans la nasse de la gendarmerie \u00e0 Ngaound\u00e9r\u00e9 (Adamaoua)"},"content":{"rendered":"<p><span style=\"color: #ff6600\"><strong>Africa-Press &#8211; Cameroun. <\/strong><\/span>L\u2019inse\u0301curite\u0301 prend des proportions inquie\u0301tantes au Cameroun. Si l\u2019Extre\u0302me-Nord fait face aux attaques de Boko-Haram, l\u2019Adamaoua voir \u00ab nai\u0302tre \u00bb le phe\u0301nome\u0300ne de prise d\u2019otage avec demande de ranc\u0327on. Les e\u0301le\u0301ments de la gendarmerie de Ngaounde\u0301re\u0301, chef-lieu de la re\u0301gion de l\u2019Adamaoua, viennent de mettre la main sur deux pre\u0301sume\u0301s preneurs d\u2019otage. Moussa Jean et Seydou, respectivement a\u0302ge\u0301s de 29 et 23 ans, sont accuse\u0301s d\u2019avoir enleve\u0301s Hadidjatou (13 ans), e\u0301le\u0300ve en classe de Form 2 et Hassan (13 ans) e\u0301le\u0300ve classe de CE2. S\u2019ils confient ne pas e\u0302tre coutumiers des faits, nos confre\u0300res soulignes tout de me\u0302me qu\u2019ils sont des repris de justice.<\/p>\n<p>Apre\u0300s le forfait commis, ils ont exige\u0301 de forte sommes d\u2019argent aux parents des enfants selon nos confre\u0300res de l\u2019\u0153il du Sahel : \u00ab Au pe\u0300re de Hassan, ils ont demande\u0301 la somme de 200 mille Fcfa et au pe\u0300re de la petite Hadidjatou, 20 millions. Ils s\u2019en tireront respectivement avec 1050 Fcfa et 50 000 Fcfa \u00bb. Le ge\u0301niteur d\u2019Hadidjatou, Mamadou Tidjani, s\u2019est confie\u0301 a\u0300 nos confre\u0300res : \u00ab J\u2019ai rec\u0327u un coup de fil ou\u0300 quelqu\u2019un me disait qu\u2019il lui a e\u0301te\u0301 demande\u0301 de venir m\u2019enlever. Mais que ne m\u2019ayant pas trouve\u0301, c\u2019est pour cette raison qu\u2019il a enleve\u0301 ma fille. Il m\u2019a demande\u0301 de lui envoyer 20 million de Fcfa. Je l\u2019ai supplie\u0301, lui disant que j\u2019ai 50 000 fcfa. Il a renvoye\u0301 l\u2019enfant a\u0300 la maison \u00bb.<\/p>\n<p>Les pre\u0301sume\u0301s ravisseurs n\u2019ont pas couru longtemps. Les fins limiers de la gendarmerie ont passe\u0301 les quartiers au peigne fin afin de de\u0301busquer ces pre\u0301sume\u0301s preneurs d\u2019otages. Une ope\u0301ration qui a porte\u0301 ses fruits au bonheur des parents. Les e\u0301le\u0301ments de la le\u0301gion de gendarmerie de la re\u0301gion de l\u2019Adamaoua sont pre\u0302ts a\u0300 mettre haut d\u2019e\u0301tat de nuire toute velle\u0301ite\u0301 visant a\u0300 troubler la tranquillite\u0301 des populations<\/p>\n<p><strong>Pour plus d&rsquo;informations et d&rsquo;analyses sur la <a href=\"https:\/\/www.africa-press.net\/cameroun\">Cameroun<\/a>, suivez <a href=\"https:\/\/www.africa-press.net\/\">Africa-Press<\/a><\/strong><\/p>\n","protected":false},"excerpt":{"rendered":"<p>Africa-Press &#8211; Cameroun. L\u2019inse\u0301curite\u0301 prend des proportions inquie\u0301tantes au Cameroun. Si l\u2019Extre\u0302me-Nord fait face aux attaques de Boko-Haram, l\u2019Adamaoua voir \u00ab nai\u0302tre \u00bb le phe\u0301nome\u0300ne de prise d\u2019otage avec demande de ranc\u0327on. Les e\u0301le\u0301ments de la gendarmerie de Ngaounde\u0301re\u0301, chef-lieu de la re\u0301gion de l\u2019Adamaoua, viennent de mettre la main sur deux pre\u0301sume\u0301s preneurs d\u2019otage. [&hellip;]<\/p>\n","protected":false},"author":82,"featured_media":28626,"comment_status":"open","ping_status":"closed","sticky":false,"template":"","format":"standard","meta":{"footnotes":""},"categories":[21,10],"tags":[36,50,49],"class_list":["post-28627","post","type-post","status-publish","format-standard","has-post-thumbnail","hentry","category-communaute","category-toutes-les-actualites","tag-africa-press","tag-africa-press-cameroun","tag-cameroun"],"yoast_head":"<!-- This site is optimized with the Yoast SEO Premium plugin v26.1 (Yoast SEO v27.0) - https:\/\/yoast.com\/product\/yoast-seo-premium-wordpress\/ -->\n<title>Ins\u00e9curit\u00e9: Des preneurs d\u2019otages dans la nasse de la gendarmerie \u00e0 Ngaound\u00e9r\u00e9 (Adamaoua) - Cameroun<\/title>\n<meta name=\"description\" content=\"L\u2019inse\u0301curite\u0301 prend des proportions inquie\u0301tantes au Cameroun. Si l\u2019Extre\u0302me-Nord fait face aux attaques de Boko-Haram, ...\" \/>\n<meta name=\"robots\" content=\"index, follow, max-snippet:-1, max-image-preview:large, max-video-preview:-1\" \/>\n<link rel=\"canonical\" href=\"https:\/\/www.africa-press.net\/cameroun\/toutes-les-actualites\/insecurite-des-preneurs-dotages-dans-la-nasse-de-la-gendarmerie-a-ngaoundere-adamaoua\" \/>\n<meta property=\"og:locale\" content=\"fr_FR\" \/>\n<meta property=\"og:type\" content=\"article\" \/>\n<meta property=\"og:title\" content=\"Ins\u00e9curit\u00e9: Des preneurs d\u2019otages dans la nasse de la gendarmerie \u00e0 Ngaound\u00e9r\u00e9 (Adamaoua)\" \/>\n<meta property=\"og:description\" content=\"L\u2019inse\u0301curite\u0301 prend des proportions inquie\u0301tantes au Cameroun. Si l\u2019Extre\u0302me-Nord fait face aux attaques de Boko-Haram, ...\" \/>\n<meta property=\"og:url\" content=\"https:\/\/www.africa-press.net\/cameroun\/toutes-les-actualites\/insecurite-des-preneurs-dotages-dans-la-nasse-de-la-gendarmerie-a-ngaoundere-adamaoua\" \/>\n<meta property=\"og:site_name\" content=\"Cameroun\" \/>\n<meta property=\"article:published_time\" content=\"2022-10-03T16:45:48+00:00\" \/>\n<meta property=\"article:modified_time\" content=\"2022-10-03T19:47:01+00:00\" \/>\n<meta property=\"og:image\" content=\"https:\/\/static.africa-press.net\/cameroun\/sites\/57\/2022\/10\/img-633b32bcbc4bf.jpg\" \/>\n\t<meta property=\"og:image:width\" content=\"800\" \/>\n\t<meta property=\"og:image:height\" content=\"518\" \/>\n\t<meta property=\"og:image:type\" content=\"image\/jpeg\" \/>\n<meta name=\"author\" content=\"cfeditorfr\" \/>\n<meta name=\"twitter:card\" content=\"summary_large_image\" \/>\n<meta name=\"twitter:label1\" content=\"\u00c9crit par\" \/>\n\t<meta name=\"twitter:data1\" content=\"cfeditorfr\" \/>\n\t<meta name=\"twitter:label2\" content=\"Dur\u00e9e de lecture estim\u00e9e\" \/>\n\t<meta name=\"twitter:data2\" content=\"2 minutes\" \/>\n<script type=\"application\/ld+json\" class=\"yoast-schema-graph\">{\"@context\":\"https:\/\/schema.org\",\"@graph\":[{\"@type\":\"Article\",\"@id\":\"https:\/\/www.africa-press.net\/cameroun\/toutes-les-actualites\/insecurite-des-preneurs-dotages-dans-la-nasse-de-la-gendarmerie-a-ngaoundere-adamaoua#article\",\"isPartOf\":{\"@id\":\"https:\/\/www.africa-press.net\/cameroun\/toutes-les-actualites\/insecurite-des-preneurs-dotages-dans-la-nasse-de-la-gendarmerie-a-ngaoundere-adamaoua\"},\"author\":{\"name\":\"cfeditorfr\",\"@id\":\"https:\/\/www.africa-press.net\/cameroun\/#\/schema\/person\/2b1cf3cd81a31e3cd26889ca66d677f1\"},\"headline\":\"Ins\u00e9curit\u00e9: Des preneurs d\u2019otages dans la nasse de la gendarmerie \u00e0 Ngaound\u00e9r\u00e9 (Adamaoua)\",\"datePublished\":\"2022-10-03T16:45:48+00:00\",\"dateModified\":\"2022-10-03T19:47:01+00:00\",\"mainEntityOfPage\":{\"@id\":\"https:\/\/www.africa-press.net\/cameroun\/toutes-les-actualites\/insecurite-des-preneurs-dotages-dans-la-nasse-de-la-gendarmerie-a-ngaoundere-adamaoua\"},\"wordCount\":385,\"commentCount\":0,\"image\":{\"@id\":\"https:\/\/www.africa-press.net\/cameroun\/toutes-les-actualites\/insecurite-des-preneurs-dotages-dans-la-nasse-de-la-gendarmerie-a-ngaoundere-adamaoua#primaryimage\"},\"thumbnailUrl\":\"https:\/\/static.africa-press.net\/cameroun\/sites\/57\/2022\/10\/img-633b32bcbc4bf.jpg\",\"keywords\":[\"Africa Press\",\"Africa Press-Cameroun\",\"Cameroun\"],\"articleSection\":[\"Communaut\u00e9\",\"Toutes les actualit\u00e9s\"],\"inLanguage\":\"fr-FR\",\"potentialAction\":[{\"@type\":\"CommentAction\",\"name\":\"Comment\",\"target\":[\"https:\/\/www.africa-press.net\/cameroun\/toutes-les-actualites\/insecurite-des-preneurs-dotages-dans-la-nasse-de-la-gendarmerie-a-ngaoundere-adamaoua#respond\"]}]},{\"@type\":\"WebPage\",\"@id\":\"https:\/\/www.africa-press.net\/cameroun\/toutes-les-actualites\/insecurite-des-preneurs-dotages-dans-la-nasse-de-la-gendarmerie-a-ngaoundere-adamaoua\",\"url\":\"https:\/\/www.africa-press.net\/cameroun\/toutes-les-actualites\/insecurite-des-preneurs-dotages-dans-la-nasse-de-la-gendarmerie-a-ngaoundere-adamaoua\",\"name\":\"Ins\u00e9curit\u00e9: Des preneurs d\u2019otages dans la nasse de la gendarmerie \u00e0 Ngaound\u00e9r\u00e9 (Adamaoua) - Cameroun\",\"isPartOf\":{\"@id\":\"https:\/\/www.africa-press.net\/cameroun\/#website\"},\"primaryImageOfPage\":{\"@id\":\"https:\/\/www.africa-press.net\/cameroun\/toutes-les-actualites\/insecurite-des-preneurs-dotages-dans-la-nasse-de-la-gendarmerie-a-ngaoundere-adamaoua#primaryimage\"},\"image\":{\"@id\":\"https:\/\/www.africa-press.net\/cameroun\/toutes-les-actualites\/insecurite-des-preneurs-dotages-dans-la-nasse-de-la-gendarmerie-a-ngaoundere-adamaoua#primaryimage\"},\"thumbnailUrl\":\"https:\/\/static.africa-press.net\/cameroun\/sites\/57\/2022\/10\/img-633b32bcbc4bf.jpg\",\"datePublished\":\"2022-10-03T16:45:48+00:00\",\"dateModified\":\"2022-10-03T19:47:01+00:00\",\"author\":{\"@id\":\"https:\/\/www.africa-press.net\/cameroun\/#\/schema\/person\/2b1cf3cd81a31e3cd26889ca66d677f1\"},\"description\":\"L\u2019inse\u0301curite\u0301 prend des proportions inquie\u0301tantes au Cameroun. Si l\u2019Extre\u0302me-Nord fait face aux attaques de Boko-Haram, ...\",\"breadcrumb\":{\"@id\":\"https:\/\/www.africa-press.net\/cameroun\/toutes-les-actualites\/insecurite-des-preneurs-dotages-dans-la-nasse-de-la-gendarmerie-a-ngaoundere-adamaoua#breadcrumb\"},\"inLanguage\":\"fr-FR\",\"potentialAction\":[{\"@type\":\"ReadAction\",\"target\":[\"https:\/\/www.africa-press.net\/cameroun\/toutes-les-actualites\/insecurite-des-preneurs-dotages-dans-la-nasse-de-la-gendarmerie-a-ngaoundere-adamaoua\"]}]},{\"@type\":\"ImageObject\",\"inLanguage\":\"fr-FR\",\"@id\":\"https:\/\/www.africa-press.net\/cameroun\/toutes-les-actualites\/insecurite-des-preneurs-dotages-dans-la-nasse-de-la-gendarmerie-a-ngaoundere-adamaoua#primaryimage\",\"url\":\"https:\/\/static.africa-press.net\/cameroun\/sites\/57\/2022\/10\/img-633b32bcbc4bf.jpg\",\"contentUrl\":\"https:\/\/static.africa-press.net\/cameroun\/sites\/57\/2022\/10\/img-633b32bcbc4bf.jpg\",\"width\":800,\"height\":518,\"caption\":\"Ins\u00e9curit\u00e9: Des preneurs d\u2019otages dans la nasse de la gendarmerie \u00e0 Ngaound\u00e9r\u00e9 (Adamaoua)\"},{\"@type\":\"BreadcrumbList\",\"@id\":\"https:\/\/www.africa-press.net\/cameroun\/toutes-les-actualites\/insecurite-des-preneurs-dotages-dans-la-nasse-de-la-gendarmerie-a-ngaoundere-adamaoua#breadcrumb\",\"itemListElement\":[{\"@type\":\"ListItem\",\"position\":1,\"name\":\"Accueil\",\"item\":\"https:\/\/www.africa-press.net\/cameroun\/\"},{\"@type\":\"ListItem\",\"position\":2,\"name\":\"Ins\u00e9curit\u00e9: Des preneurs d\u2019otages dans la nasse de la gendarmerie \u00e0 Ngaound\u00e9r\u00e9 (Adamaoua)\"}]},{\"@type\":\"WebSite\",\"@id\":\"https:\/\/www.africa-press.net\/cameroun\/#website\",\"url\":\"https:\/\/www.africa-press.net\/cameroun\/\",\"name\":\"Cameroun\",\"description\":\"Just another Africa News Agency Sites site\",\"potentialAction\":[{\"@type\":\"SearchAction\",\"target\":{\"@type\":\"EntryPoint\",\"urlTemplate\":\"https:\/\/www.africa-press.net\/cameroun\/?s={search_term_string}\"},\"query-input\":{\"@type\":\"PropertyValueSpecification\",\"valueRequired\":true,\"valueName\":\"search_term_string\"}}],\"inLanguage\":\"fr-FR\"},{\"@type\":\"Person\",\"@id\":\"https:\/\/www.africa-press.net\/cameroun\/#\/schema\/person\/2b1cf3cd81a31e3cd26889ca66d677f1\",\"name\":\"cfeditorfr\"}]}<\/script>\n<!-- \/ Yoast SEO Premium plugin. -->","yoast_head_json":{"title":"Ins\u00e9curit\u00e9: Des preneurs d\u2019otages dans la nasse de la gendarmerie \u00e0 Ngaound\u00e9r\u00e9 (Adamaoua) - Cameroun","description":"L\u2019inse\u0301curite\u0301 prend des proportions inquie\u0301tantes au Cameroun. Si l\u2019Extre\u0302me-Nord fait face aux attaques de Boko-Haram, ...","robots":{"index":"index","follow":"follow","max-snippet":"max-snippet:-1","max-image-preview":"max-image-preview:large","max-video-preview":"max-video-preview:-1"},"canonical":"https:\/\/www.africa-press.net\/cameroun\/toutes-les-actualites\/insecurite-des-preneurs-dotages-dans-la-nasse-de-la-gendarmerie-a-ngaoundere-adamaoua","og_locale":"fr_FR","og_type":"article","og_title":"Ins\u00e9curit\u00e9: Des preneurs d\u2019otages dans la nasse de la gendarmerie \u00e0 Ngaound\u00e9r\u00e9 (Adamaoua)","og_description":"L\u2019inse\u0301curite\u0301 prend des proportions inquie\u0301tantes au Cameroun. Si l\u2019Extre\u0302me-Nord fait face aux attaques de Boko-Haram, ...","og_url":"https:\/\/www.africa-press.net\/cameroun\/toutes-les-actualites\/insecurite-des-preneurs-dotages-dans-la-nasse-de-la-gendarmerie-a-ngaoundere-adamaoua","og_site_name":"Cameroun","article_published_time":"2022-10-03T16:45:48+00:00","article_modified_time":"2022-10-03T19:47:01+00:00","og_image":[{"width":800,"height":518,"url":"https:\/\/static.africa-press.net\/cameroun\/sites\/57\/2022\/10\/img-633b32bcbc4bf.jpg","type":"image\/jpeg"}],"author":"cfeditorfr","twitter_card":"summary_large_image","twitter_misc":{"\u00c9crit par":"cfeditorfr","Dur\u00e9e de lecture estim\u00e9e":"2 minutes"},"schema":{"@context":"https:\/\/schema.org","@graph":[{"@type":"Article","@id":"https:\/\/www.africa-press.net\/cameroun\/toutes-les-actualites\/insecurite-des-preneurs-dotages-dans-la-nasse-de-la-gendarmerie-a-ngaoundere-adamaoua#article","isPartOf":{"@id":"https:\/\/www.africa-press.net\/cameroun\/toutes-les-actualites\/insecurite-des-preneurs-dotages-dans-la-nasse-de-la-gendarmerie-a-ngaoundere-adamaoua"},"author":{"name":"cfeditorfr","@id":"https:\/\/www.africa-press.net\/cameroun\/#\/schema\/person\/2b1cf3cd81a31e3cd26889ca66d677f1"},"headline":"Ins\u00e9curit\u00e9: Des preneurs d\u2019otages dans la nasse de la gendarmerie \u00e0 Ngaound\u00e9r\u00e9 (Adamaoua)","datePublished":"2022-10-03T16:45:48+00:00","dateModified":"2022-10-03T19:47:01+00:00","mainEntityOfPage":{"@id":"https:\/\/www.africa-press.net\/cameroun\/toutes-les-actualites\/insecurite-des-preneurs-dotages-dans-la-nasse-de-la-gendarmerie-a-ngaoundere-adamaoua"},"wordCount":385,"commentCount":0,"image":{"@id":"https:\/\/www.africa-press.net\/cameroun\/toutes-les-actualites\/insecurite-des-preneurs-dotages-dans-la-nasse-de-la-gendarmerie-a-ngaoundere-adamaoua#primaryimage"},"thumbnailUrl":"https:\/\/static.africa-press.net\/cameroun\/sites\/57\/2022\/10\/img-633b32bcbc4bf.jpg","keywords":["Africa Press","Africa Press-Cameroun","Cameroun"],"articleSection":["Communaut\u00e9","Toutes les actualit\u00e9s"],"inLanguage":"fr-FR","potentialAction":[{"@type":"CommentAction","name":"Comment","target":["https:\/\/www.africa-press.net\/cameroun\/toutes-les-actualites\/insecurite-des-preneurs-dotages-dans-la-nasse-de-la-gendarmerie-a-ngaoundere-adamaoua#respond"]}]},{"@type":"WebPage","@id":"https:\/\/www.africa-press.net\/cameroun\/toutes-les-actualites\/insecurite-des-preneurs-dotages-dans-la-nasse-de-la-gendarmerie-a-ngaoundere-adamaoua","url":"https:\/\/www.africa-press.net\/cameroun\/toutes-les-actualites\/insecurite-des-preneurs-dotages-dans-la-nasse-de-la-gendarmerie-a-ngaoundere-adamaoua","name":"Ins\u00e9curit\u00e9: Des preneurs d\u2019otages dans la nasse de la gendarmerie \u00e0 Ngaound\u00e9r\u00e9 (Adamaoua) - Cameroun","isPartOf":{"@id":"https:\/\/www.africa-press.net\/cameroun\/#website"},"primaryImageOfPage":{"@id":"https:\/\/www.africa-press.net\/cameroun\/toutes-les-actualites\/insecurite-des-preneurs-dotages-dans-la-nasse-de-la-gendarmerie-a-ngaoundere-adamaoua#primaryimage"},"image":{"@id":"https:\/\/www.africa-press.net\/cameroun\/toutes-les-actualites\/insecurite-des-preneurs-dotages-dans-la-nasse-de-la-gendarmerie-a-ngaoundere-adamaoua#primaryimage"},"thumbnailUrl":"https:\/\/static.africa-press.net\/cameroun\/sites\/57\/2022\/10\/img-633b32bcbc4bf.jpg","datePublished":"2022-10-03T16:45:48+00:00","dateModified":"2022-10-03T19:47:01+00:00","author":{"@id":"https:\/\/www.africa-press.net\/cameroun\/#\/schema\/person\/2b1cf3cd81a31e3cd26889ca66d677f1"},"description":"L\u2019inse\u0301curite\u0301 prend des proportions inquie\u0301tantes au Cameroun. Si l\u2019Extre\u0302me-Nord fait face aux attaques de Boko-Haram, ...","breadcrumb":{"@id":"https:\/\/www.africa-press.net\/cameroun\/toutes-les-actualites\/insecurite-des-preneurs-dotages-dans-la-nasse-de-la-gendarmerie-a-ngaoundere-adamaoua#breadcrumb"},"inLanguage":"fr-FR","potentialAction":[{"@type":"ReadAction","target":["https:\/\/www.africa-press.net\/cameroun\/toutes-les-actualites\/insecurite-des-preneurs-dotages-dans-la-nasse-de-la-gendarmerie-a-ngaoundere-adamaoua"]}]},{"@type":"ImageObject","inLanguage":"fr-FR","@id":"https:\/\/www.africa-press.net\/cameroun\/toutes-les-actualites\/insecurite-des-preneurs-dotages-dans-la-nasse-de-la-gendarmerie-a-ngaoundere-adamaoua#primaryimage","url":"https:\/\/static.africa-press.net\/cameroun\/sites\/57\/2022\/10\/img-633b32bcbc4bf.jpg","contentUrl":"https:\/\/static.africa-press.net\/cameroun\/sites\/57\/2022\/10\/img-633b32bcbc4bf.jpg","width":800,"height":518,"caption":"Ins\u00e9curit\u00e9: Des preneurs d\u2019otages dans la nasse de la gendarmerie \u00e0 Ngaound\u00e9r\u00e9 (Adamaoua)"},{"@type":"BreadcrumbList","@id":"https:\/\/www.africa-press.net\/cameroun\/toutes-les-actualites\/insecurite-des-preneurs-dotages-dans-la-nasse-de-la-gendarmerie-a-ngaoundere-adamaoua#breadcrumb","itemListElement":[{"@type":"ListItem","position":1,"name":"Accueil","item":"https:\/\/www.africa-press.net\/cameroun\/"},{"@type":"ListItem","position":2,"name":"Ins\u00e9curit\u00e9: Des preneurs d\u2019otages dans la nasse de la gendarmerie \u00e0 Ngaound\u00e9r\u00e9 (Adamaoua)"}]},{"@type":"WebSite","@id":"https:\/\/www.africa-press.net\/cameroun\/#website","url":"https:\/\/www.africa-press.net\/cameroun\/","name":"Cameroun","description":"Just another Africa News Agency Sites site","potentialAction":[{"@type":"SearchAction","target":{"@type":"EntryPoint","urlTemplate":"https:\/\/www.africa-press.net\/cameroun\/?s={search_term_string}"},"query-input":{"@type":"PropertyValueSpecification","valueRequired":true,"valueName":"search_term_string"}}],"inLanguage":"fr-FR"},{"@type":"Person","@id":"https:\/\/www.africa-press.net\/cameroun\/#\/schema\/person\/2b1cf3cd81a31e3cd26889ca66d677f1","name":"cfeditorfr"}]}},"_links":{"self":[{"href":"https:\/\/www.africa-press.net\/cameroun\/wp-json\/wp\/v2\/posts\/28627","targetHints":{"allow":["GET"]}}],"collection":[{"href":"https:\/\/www.africa-press.net\/cameroun\/wp-json\/wp\/v2\/posts"}],"about":[{"href":"https:\/\/www.africa-press.net\/cameroun\/wp-json\/wp\/v2\/types\/post"}],"author":[{"embeddable":true,"href":"https:\/\/www.africa-press.net\/cameroun\/wp-json\/wp\/v2\/users\/82"}],"replies":[{"embeddable":true,"href":"https:\/\/www.africa-press.net\/cameroun\/wp-json\/wp\/v2\/comments?post=28627"}],"version-history":[{"count":0,"href":"https:\/\/www.africa-press.net\/cameroun\/wp-json\/wp\/v2\/posts\/28627\/revisions"}],"wp:featuredmedia":[{"embeddable":true,"href":"https:\/\/www.africa-press.net\/cameroun\/wp-json\/wp\/v2\/media\/28626"}],"wp:attachment":[{"href":"https:\/\/www.africa-press.net\/cameroun\/wp-json\/wp\/v2\/media?parent=28627"}],"wp:term":[{"taxonomy":"category","embeddable":true,"href":"https:\/\/www.africa-press.net\/cameroun\/wp-json\/wp\/v2\/categories?post=28627"},{"taxonomy":"post_tag","embeddable":true,"href":"https:\/\/www.africa-press.net\/cameroun\/wp-json\/wp\/v2\/tags?post=28627"}],"curies":[{"name":"wp","href":"https:\/\/api.w.org\/{rel}","templated":true}]}}