{"id":28639,"date":"2022-10-03T17:14:29","date_gmt":"2022-10-03T17:14:29","guid":{"rendered":"https:\/\/www.africa-press.net\/cameroun\/politique\/gestion-du-pouvoir-le-journaliste-anani-rabier-bindji-declare-que-le-president-paul-biya-nest-pas-vise-par-les-coups-detat-parce-quil-a-une-experience-que-les-autres"},"modified":"2022-10-03T19:09:50","modified_gmt":"2022-10-03T19:09:50","slug":"gestion-du-pouvoir-le-journaliste-anani-rabier-bindji-declare-que-le-president-paul-biya-nest-pas-vise-par-les-coups-detat-parce-quil-a-une-experience-que-les-autres","status":"publish","type":"post","link":"https:\/\/www.africa-press.net\/cameroun\/dossiers\/gestion-du-pouvoir-le-journaliste-anani-rabier-bindji-declare-que-le-president-paul-biya-nest-pas-vise-par-les-coups-detat-parce-quil-a-une-experience-que-les-autres","title":{"rendered":"Gestion du pouvoir: Le journaliste Anani Rabier Bindji d\u00e9clare que le pr\u00e9sident Paul Biya n\u2019est pas vis\u00e9 par les coups d\u2019Etat \u00abparce qu\u2019il a une exp\u00e9rience que les autres n\u2019ont pas eue\u00bb"},"content":{"rendered":"<p><span style=\"color: #ff6600\"><strong>Africa-Press &#8211; Cameroun. <\/strong><\/span>Le dernier coup d\u2019Etat au Burkina Faso suscite des re\u0301actions. Au Cameroun aussi, l\u2019on n\u2019est pas reste\u0301 indiffe\u0301rent a\u0300 cette actualite\u0301. Le sujet a e\u0301te\u0301 aborde\u0301 dans au cours de l\u2019interview que le journaliste Ananie Rabier Bindji a accorde\u0301 a\u0300 ABK Radio ce lundi 3 Octobre 2022. Apre\u0300s l\u2019avoir fait re\u0301agir au coup de force de Ouagadougou, l\u2019intervieweur Didier Kouamo a interroge\u0301 son invite\u0301 en ces termes : \u00ab Dites-nous un peu comment le Cameroun re\u0301ussit via son pre\u0301sident a\u0300 rester toujours \u00ab a\u0300 l\u2019e\u0301cart \u00bb de ce genre de coups de force apre\u0300s celui avorte\u0301 que l\u2019on sait ? \u00bb. Voici la re\u0301ponse de l\u2019ancien journaliste de Jeune Afrique : \u00ab Parce que son pre\u0301sident a une expe\u0301rience que les autres n\u2019ont pas eue. Paul Biya, a e\u0301te\u0301 pre\u0301sident bis dans ce pays pendant 7 ans. Il y avait le pre\u0301sident de la Re\u0301publique et le secre\u0301taire ge\u0301ne\u0301ral de la pre\u0301sidence. Il n\u2019y avait pas de premier ministre. Paul Biya e\u0301tait secre\u0301taire ge\u0301ne\u0301ral, cumulativement avec ses fonctions de directeur du cabinet civil ou\u0300 il s\u2019occupait de proble\u0300mes politiques. Au poste de secre\u0301taire ge\u0301ne\u0301ral, il s\u2019occupait de proble\u0300mes administratifs. Donc il a une expe\u0301rience e\u0301norme. En plus, il a e\u0301te\u0301 fait formellement premier ministre. Pour 7 ans encore \u00bb.<\/p>\n<p>Le concepteur-pre\u0301sentateur de la ce\u0301le\u0300bre e\u0301mission La Tribune de L\u2019Histoire (Canal 2 International) poursuit en indiquant que Paul Biya a e\u0301te\u0301 pendant longtemps l\u2019homme a\u0300 tout faire du pre\u0301sident Ahidjo. Suffisant pour bien connai\u0302tre le pays qui lui sera confie\u0301 en Novembre 1982. \u00ab Les Camerounais ignorants qui racontent que Paul Biya ne travaille pas doivent savoir que c\u2019est lui qui a fait tout ce qu\u2019il ya aujourd\u2019hui au Cameroun avec Sengat Kuo qui e\u0301tait son adjoint. Ce sont eux qui ont fabrique\u0301 la pe\u0301rennite\u0301 du Cameroun depuis 1967. Ce sont eux qui travaillaient. Ahidjo ne voulait plus travailler. Donc, il n\u2019y a pas de raison de craindre un autre 6 Avril au Cameroun parce que le pre\u0301sident Paul Biya sait exactement comment contourner tout c\u0327a&#8230; \u00bb, assure le bouillant octoge\u0301naire.<\/p>\n<p>Voici comment Ananie Rabier Bindji illustre cette mai\u0302trise que l\u2019actuel pre\u0301sident de la Re\u0301publique du Cameroun a sur le jeu politique de son pays : \u00ab si vous avez vu l\u2019e\u0301mission que j\u2019ai consacre\u0301 au 6 Avril, c\u2019est Ahmadou Ahidjo et ses amis qui ont voulu reprendre le pouvoir. Mais c\u0327a n\u2019a pas marche\u0301 parce qu\u2019aucun mouvement n\u2019 a e\u0301te\u0301 suivi par un groupe du nord et me\u0302me par les gens du Nord. On ne fait as de re\u0301volution quand c\u2019est seulement un petit coin. C\u2019est pour cela que j\u2019ai \u2018habitude de dire a\u0300 certains de nos fre\u0300res qu\u2019on ne gagne pas une e\u0301lection seulement avec une partie du pays \u00bb.<\/p>\n<p><strong>Pour plus d&rsquo;informations et d&rsquo;analyses sur la <a href=\"https:\/\/www.africa-press.net\/cameroun\">Cameroun<\/a>, suivez <a href=\"https:\/\/www.africa-press.net\/\">Africa-Press<\/a><\/strong><\/p>\n","protected":false},"excerpt":{"rendered":"<p>Africa-Press &#8211; Cameroun. Le dernier coup d\u2019Etat au Burkina Faso suscite des re\u0301actions. Au Cameroun aussi, l\u2019on n\u2019est pas reste\u0301 indiffe\u0301rent a\u0300 cette actualite\u0301. Le sujet a e\u0301te\u0301 aborde\u0301 dans au cours de l\u2019interview que le journaliste Ananie Rabier Bindji a accorde\u0301 a\u0300 ABK Radio ce lundi 3 Octobre 2022. Apre\u0300s l\u2019avoir fait re\u0301agir au [&hellip;]<\/p>\n","protected":false},"author":82,"featured_media":28638,"comment_status":"open","ping_status":"closed","sticky":false,"template":"","format":"standard","meta":{"footnotes":""},"categories":[7,10],"tags":[36,50,49],"class_list":["post-28639","post","type-post","status-publish","format-standard","has-post-thumbnail","hentry","category-dossiers","category-toutes-les-actualites","tag-africa-press","tag-africa-press-cameroun","tag-cameroun"],"yoast_head":"<!-- This site is optimized with the Yoast SEO Premium plugin v26.1 (Yoast SEO v27.0) - https:\/\/yoast.com\/product\/yoast-seo-premium-wordpress\/ -->\n<title>Gestion du pouvoir: Le journaliste Anani Rabier Bindji d\u00e9clare que le pr\u00e9sident Paul Biya n\u2019est pas vis\u00e9 par les coups d\u2019Etat \u00abparce qu\u2019il a une exp\u00e9rience que les autres n\u2019ont pas eue\u00bb - Cameroun<\/title>\n<meta name=\"description\" content=\"Le dernier coup d\u2019Etat au Burkina Faso suscite des re\u0301actions. Au Cameroun aussi, l\u2019on n\u2019est pas reste\u0301 indiffe\u0301rent a\u0300 ...\" \/>\n<meta name=\"robots\" content=\"index, follow, max-snippet:-1, max-image-preview:large, max-video-preview:-1\" \/>\n<link rel=\"canonical\" href=\"https:\/\/www.africa-press.net\/cameroun\/dossiers\/gestion-du-pouvoir-le-journaliste-anani-rabier-bindji-declare-que-le-president-paul-biya-nest-pas-vise-par-les-coups-detat-parce-quil-a-une-experience-que-les-autres\" \/>\n<meta property=\"og:locale\" content=\"fr_FR\" \/>\n<meta property=\"og:type\" content=\"article\" \/>\n<meta property=\"og:title\" content=\"Gestion du pouvoir: Le journaliste Anani Rabier Bindji d\u00e9clare que le pr\u00e9sident Paul Biya n\u2019est pas vis\u00e9 par les coups d\u2019Etat \u00abparce qu\u2019il a une exp\u00e9rience que les autres n\u2019ont pas eue\u00bb\" \/>\n<meta property=\"og:description\" content=\"Le dernier coup d\u2019Etat au Burkina Faso suscite des re\u0301actions. Au Cameroun aussi, l\u2019on n\u2019est pas reste\u0301 indiffe\u0301rent a\u0300 ...\" \/>\n<meta property=\"og:url\" content=\"https:\/\/www.africa-press.net\/cameroun\/dossiers\/gestion-du-pouvoir-le-journaliste-anani-rabier-bindji-declare-que-le-president-paul-biya-nest-pas-vise-par-les-coups-detat-parce-quil-a-une-experience-que-les-autres\" \/>\n<meta property=\"og:site_name\" content=\"Cameroun\" \/>\n<meta property=\"article:published_time\" content=\"2022-10-03T17:14:29+00:00\" \/>\n<meta property=\"article:modified_time\" content=\"2022-10-03T19:09:50+00:00\" \/>\n<meta property=\"og:image\" content=\"https:\/\/static.africa-press.net\/cameroun\/sites\/57\/2022\/10\/img-633b335d1550c.jpg\" \/>\n\t<meta property=\"og:image:width\" content=\"800\" \/>\n\t<meta property=\"og:image:height\" content=\"1202\" \/>\n\t<meta property=\"og:image:type\" content=\"image\/jpeg\" \/>\n<meta name=\"author\" content=\"cfeditorfr\" \/>\n<meta name=\"twitter:card\" content=\"summary_large_image\" \/>\n<meta name=\"twitter:label1\" content=\"\u00c9crit par\" \/>\n\t<meta name=\"twitter:data1\" content=\"cfeditorfr\" \/>\n\t<meta name=\"twitter:label2\" content=\"Dur\u00e9e de lecture estim\u00e9e\" \/>\n\t<meta name=\"twitter:data2\" content=\"3 minutes\" \/>\n<script type=\"application\/ld+json\" class=\"yoast-schema-graph\">{\"@context\":\"https:\/\/schema.org\",\"@graph\":[{\"@type\":\"Article\",\"@id\":\"https:\/\/www.africa-press.net\/cameroun\/dossiers\/gestion-du-pouvoir-le-journaliste-anani-rabier-bindji-declare-que-le-president-paul-biya-nest-pas-vise-par-les-coups-detat-parce-quil-a-une-experience-que-les-autres#article\",\"isPartOf\":{\"@id\":\"https:\/\/www.africa-press.net\/cameroun\/dossiers\/gestion-du-pouvoir-le-journaliste-anani-rabier-bindji-declare-que-le-president-paul-biya-nest-pas-vise-par-les-coups-detat-parce-quil-a-une-experience-que-les-autres\"},\"author\":{\"name\":\"cfeditorfr\",\"@id\":\"https:\/\/www.africa-press.net\/cameroun\/#\/schema\/person\/2b1cf3cd81a31e3cd26889ca66d677f1\"},\"headline\":\"Gestion du pouvoir: Le journaliste Anani Rabier Bindji d\u00e9clare que le pr\u00e9sident Paul Biya n\u2019est pas vis\u00e9 par les coups d\u2019Etat \u00abparce qu\u2019il a une exp\u00e9rience que les autres n\u2019ont pas eue\u00bb\",\"datePublished\":\"2022-10-03T17:14:29+00:00\",\"dateModified\":\"2022-10-03T19:09:50+00:00\",\"mainEntityOfPage\":{\"@id\":\"https:\/\/www.africa-press.net\/cameroun\/dossiers\/gestion-du-pouvoir-le-journaliste-anani-rabier-bindji-declare-que-le-president-paul-biya-nest-pas-vise-par-les-coups-detat-parce-quil-a-une-experience-que-les-autres\"},\"wordCount\":565,\"commentCount\":0,\"image\":{\"@id\":\"https:\/\/www.africa-press.net\/cameroun\/dossiers\/gestion-du-pouvoir-le-journaliste-anani-rabier-bindji-declare-que-le-president-paul-biya-nest-pas-vise-par-les-coups-detat-parce-quil-a-une-experience-que-les-autres#primaryimage\"},\"thumbnailUrl\":\"https:\/\/static.africa-press.net\/cameroun\/sites\/57\/2022\/10\/img-633b335d1550c.jpg\",\"keywords\":[\"Africa Press\",\"Africa Press-Cameroun\",\"Cameroun\"],\"articleSection\":[\"Dossiers\",\"Toutes les actualit\u00e9s\"],\"inLanguage\":\"fr-FR\",\"potentialAction\":[{\"@type\":\"CommentAction\",\"name\":\"Comment\",\"target\":[\"https:\/\/www.africa-press.net\/cameroun\/dossiers\/gestion-du-pouvoir-le-journaliste-anani-rabier-bindji-declare-que-le-president-paul-biya-nest-pas-vise-par-les-coups-detat-parce-quil-a-une-experience-que-les-autres#respond\"]}]},{\"@type\":\"WebPage\",\"@id\":\"https:\/\/www.africa-press.net\/cameroun\/dossiers\/gestion-du-pouvoir-le-journaliste-anani-rabier-bindji-declare-que-le-president-paul-biya-nest-pas-vise-par-les-coups-detat-parce-quil-a-une-experience-que-les-autres\",\"url\":\"https:\/\/www.africa-press.net\/cameroun\/dossiers\/gestion-du-pouvoir-le-journaliste-anani-rabier-bindji-declare-que-le-president-paul-biya-nest-pas-vise-par-les-coups-detat-parce-quil-a-une-experience-que-les-autres\",\"name\":\"Gestion du pouvoir: Le journaliste Anani Rabier Bindji d\u00e9clare que le pr\u00e9sident Paul Biya n\u2019est pas vis\u00e9 par les coups d\u2019Etat \u00abparce qu\u2019il a une exp\u00e9rience que les autres n\u2019ont pas eue\u00bb - Cameroun\",\"isPartOf\":{\"@id\":\"https:\/\/www.africa-press.net\/cameroun\/#website\"},\"primaryImageOfPage\":{\"@id\":\"https:\/\/www.africa-press.net\/cameroun\/dossiers\/gestion-du-pouvoir-le-journaliste-anani-rabier-bindji-declare-que-le-president-paul-biya-nest-pas-vise-par-les-coups-detat-parce-quil-a-une-experience-que-les-autres#primaryimage\"},\"image\":{\"@id\":\"https:\/\/www.africa-press.net\/cameroun\/dossiers\/gestion-du-pouvoir-le-journaliste-anani-rabier-bindji-declare-que-le-president-paul-biya-nest-pas-vise-par-les-coups-detat-parce-quil-a-une-experience-que-les-autres#primaryimage\"},\"thumbnailUrl\":\"https:\/\/static.africa-press.net\/cameroun\/sites\/57\/2022\/10\/img-633b335d1550c.jpg\",\"datePublished\":\"2022-10-03T17:14:29+00:00\",\"dateModified\":\"2022-10-03T19:09:50+00:00\",\"author\":{\"@id\":\"https:\/\/www.africa-press.net\/cameroun\/#\/schema\/person\/2b1cf3cd81a31e3cd26889ca66d677f1\"},\"description\":\"Le dernier coup d\u2019Etat au Burkina Faso suscite des re\u0301actions. Au Cameroun aussi, l\u2019on n\u2019est pas reste\u0301 indiffe\u0301rent a\u0300 ...\",\"breadcrumb\":{\"@id\":\"https:\/\/www.africa-press.net\/cameroun\/dossiers\/gestion-du-pouvoir-le-journaliste-anani-rabier-bindji-declare-que-le-president-paul-biya-nest-pas-vise-par-les-coups-detat-parce-quil-a-une-experience-que-les-autres#breadcrumb\"},\"inLanguage\":\"fr-FR\",\"potentialAction\":[{\"@type\":\"ReadAction\",\"target\":[\"https:\/\/www.africa-press.net\/cameroun\/dossiers\/gestion-du-pouvoir-le-journaliste-anani-rabier-bindji-declare-que-le-president-paul-biya-nest-pas-vise-par-les-coups-detat-parce-quil-a-une-experience-que-les-autres\"]}]},{\"@type\":\"ImageObject\",\"inLanguage\":\"fr-FR\",\"@id\":\"https:\/\/www.africa-press.net\/cameroun\/dossiers\/gestion-du-pouvoir-le-journaliste-anani-rabier-bindji-declare-que-le-president-paul-biya-nest-pas-vise-par-les-coups-detat-parce-quil-a-une-experience-que-les-autres#primaryimage\",\"url\":\"https:\/\/static.africa-press.net\/cameroun\/sites\/57\/2022\/10\/img-633b335d1550c.jpg\",\"contentUrl\":\"https:\/\/static.africa-press.net\/cameroun\/sites\/57\/2022\/10\/img-633b335d1550c.jpg\",\"width\":800,\"height\":1202,\"caption\":\"Gestion du pouvoir: Le journaliste Anani Rabier Bindji d\u00e9clare que le pr\u00e9sident Paul Biya n\u2019est pas vis\u00e9 par les coups d\u2019Etat \u00abparce qu\u2019il a une exp\u00e9rience que les autres n\u2019ont pas eue\u00bb\"},{\"@type\":\"BreadcrumbList\",\"@id\":\"https:\/\/www.africa-press.net\/cameroun\/dossiers\/gestion-du-pouvoir-le-journaliste-anani-rabier-bindji-declare-que-le-president-paul-biya-nest-pas-vise-par-les-coups-detat-parce-quil-a-une-experience-que-les-autres#breadcrumb\",\"itemListElement\":[{\"@type\":\"ListItem\",\"position\":1,\"name\":\"Accueil\",\"item\":\"https:\/\/www.africa-press.net\/cameroun\/\"},{\"@type\":\"ListItem\",\"position\":2,\"name\":\"Gestion du pouvoir: Le journaliste Anani Rabier Bindji d\u00e9clare que le pr\u00e9sident Paul Biya n\u2019est pas vis\u00e9 par les coups d\u2019Etat \u00abparce qu\u2019il a une exp\u00e9rience que les autres n\u2019ont pas eue\u00bb\"}]},{\"@type\":\"WebSite\",\"@id\":\"https:\/\/www.africa-press.net\/cameroun\/#website\",\"url\":\"https:\/\/www.africa-press.net\/cameroun\/\",\"name\":\"Cameroun\",\"description\":\"Just another Africa News Agency Sites site\",\"potentialAction\":[{\"@type\":\"SearchAction\",\"target\":{\"@type\":\"EntryPoint\",\"urlTemplate\":\"https:\/\/www.africa-press.net\/cameroun\/?s={search_term_string}\"},\"query-input\":{\"@type\":\"PropertyValueSpecification\",\"valueRequired\":true,\"valueName\":\"search_term_string\"}}],\"inLanguage\":\"fr-FR\"},{\"@type\":\"Person\",\"@id\":\"https:\/\/www.africa-press.net\/cameroun\/#\/schema\/person\/2b1cf3cd81a31e3cd26889ca66d677f1\",\"name\":\"cfeditorfr\"}]}<\/script>\n<!-- \/ Yoast SEO Premium plugin. -->","yoast_head_json":{"title":"Gestion du pouvoir: Le journaliste Anani Rabier Bindji d\u00e9clare que le pr\u00e9sident Paul Biya n\u2019est pas vis\u00e9 par les coups d\u2019Etat \u00abparce qu\u2019il a une exp\u00e9rience que les autres n\u2019ont pas eue\u00bb - Cameroun","description":"Le dernier coup d\u2019Etat au Burkina Faso suscite des re\u0301actions. Au Cameroun aussi, l\u2019on n\u2019est pas reste\u0301 indiffe\u0301rent a\u0300 ...","robots":{"index":"index","follow":"follow","max-snippet":"max-snippet:-1","max-image-preview":"max-image-preview:large","max-video-preview":"max-video-preview:-1"},"canonical":"https:\/\/www.africa-press.net\/cameroun\/dossiers\/gestion-du-pouvoir-le-journaliste-anani-rabier-bindji-declare-que-le-president-paul-biya-nest-pas-vise-par-les-coups-detat-parce-quil-a-une-experience-que-les-autres","og_locale":"fr_FR","og_type":"article","og_title":"Gestion du pouvoir: Le journaliste Anani Rabier Bindji d\u00e9clare que le pr\u00e9sident Paul Biya n\u2019est pas vis\u00e9 par les coups d\u2019Etat \u00abparce qu\u2019il a une exp\u00e9rience que les autres n\u2019ont pas eue\u00bb","og_description":"Le dernier coup d\u2019Etat au Burkina Faso suscite des re\u0301actions. Au Cameroun aussi, l\u2019on n\u2019est pas reste\u0301 indiffe\u0301rent a\u0300 ...","og_url":"https:\/\/www.africa-press.net\/cameroun\/dossiers\/gestion-du-pouvoir-le-journaliste-anani-rabier-bindji-declare-que-le-president-paul-biya-nest-pas-vise-par-les-coups-detat-parce-quil-a-une-experience-que-les-autres","og_site_name":"Cameroun","article_published_time":"2022-10-03T17:14:29+00:00","article_modified_time":"2022-10-03T19:09:50+00:00","og_image":[{"width":800,"height":1202,"url":"https:\/\/static.africa-press.net\/cameroun\/sites\/57\/2022\/10\/img-633b335d1550c.jpg","type":"image\/jpeg"}],"author":"cfeditorfr","twitter_card":"summary_large_image","twitter_misc":{"\u00c9crit par":"cfeditorfr","Dur\u00e9e de lecture estim\u00e9e":"3 minutes"},"schema":{"@context":"https:\/\/schema.org","@graph":[{"@type":"Article","@id":"https:\/\/www.africa-press.net\/cameroun\/dossiers\/gestion-du-pouvoir-le-journaliste-anani-rabier-bindji-declare-que-le-president-paul-biya-nest-pas-vise-par-les-coups-detat-parce-quil-a-une-experience-que-les-autres#article","isPartOf":{"@id":"https:\/\/www.africa-press.net\/cameroun\/dossiers\/gestion-du-pouvoir-le-journaliste-anani-rabier-bindji-declare-que-le-president-paul-biya-nest-pas-vise-par-les-coups-detat-parce-quil-a-une-experience-que-les-autres"},"author":{"name":"cfeditorfr","@id":"https:\/\/www.africa-press.net\/cameroun\/#\/schema\/person\/2b1cf3cd81a31e3cd26889ca66d677f1"},"headline":"Gestion du pouvoir: Le journaliste Anani Rabier Bindji d\u00e9clare que le pr\u00e9sident Paul Biya n\u2019est pas vis\u00e9 par les coups d\u2019Etat \u00abparce qu\u2019il a une exp\u00e9rience que les autres n\u2019ont pas eue\u00bb","datePublished":"2022-10-03T17:14:29+00:00","dateModified":"2022-10-03T19:09:50+00:00","mainEntityOfPage":{"@id":"https:\/\/www.africa-press.net\/cameroun\/dossiers\/gestion-du-pouvoir-le-journaliste-anani-rabier-bindji-declare-que-le-president-paul-biya-nest-pas-vise-par-les-coups-detat-parce-quil-a-une-experience-que-les-autres"},"wordCount":565,"commentCount":0,"image":{"@id":"https:\/\/www.africa-press.net\/cameroun\/dossiers\/gestion-du-pouvoir-le-journaliste-anani-rabier-bindji-declare-que-le-president-paul-biya-nest-pas-vise-par-les-coups-detat-parce-quil-a-une-experience-que-les-autres#primaryimage"},"thumbnailUrl":"https:\/\/static.africa-press.net\/cameroun\/sites\/57\/2022\/10\/img-633b335d1550c.jpg","keywords":["Africa Press","Africa Press-Cameroun","Cameroun"],"articleSection":["Dossiers","Toutes les actualit\u00e9s"],"inLanguage":"fr-FR","potentialAction":[{"@type":"CommentAction","name":"Comment","target":["https:\/\/www.africa-press.net\/cameroun\/dossiers\/gestion-du-pouvoir-le-journaliste-anani-rabier-bindji-declare-que-le-president-paul-biya-nest-pas-vise-par-les-coups-detat-parce-quil-a-une-experience-que-les-autres#respond"]}]},{"@type":"WebPage","@id":"https:\/\/www.africa-press.net\/cameroun\/dossiers\/gestion-du-pouvoir-le-journaliste-anani-rabier-bindji-declare-que-le-president-paul-biya-nest-pas-vise-par-les-coups-detat-parce-quil-a-une-experience-que-les-autres","url":"https:\/\/www.africa-press.net\/cameroun\/dossiers\/gestion-du-pouvoir-le-journaliste-anani-rabier-bindji-declare-que-le-president-paul-biya-nest-pas-vise-par-les-coups-detat-parce-quil-a-une-experience-que-les-autres","name":"Gestion du pouvoir: Le journaliste Anani Rabier Bindji d\u00e9clare que le pr\u00e9sident Paul Biya n\u2019est pas vis\u00e9 par les coups d\u2019Etat \u00abparce qu\u2019il a une exp\u00e9rience que les autres n\u2019ont pas eue\u00bb - Cameroun","isPartOf":{"@id":"https:\/\/www.africa-press.net\/cameroun\/#website"},"primaryImageOfPage":{"@id":"https:\/\/www.africa-press.net\/cameroun\/dossiers\/gestion-du-pouvoir-le-journaliste-anani-rabier-bindji-declare-que-le-president-paul-biya-nest-pas-vise-par-les-coups-detat-parce-quil-a-une-experience-que-les-autres#primaryimage"},"image":{"@id":"https:\/\/www.africa-press.net\/cameroun\/dossiers\/gestion-du-pouvoir-le-journaliste-anani-rabier-bindji-declare-que-le-president-paul-biya-nest-pas-vise-par-les-coups-detat-parce-quil-a-une-experience-que-les-autres#primaryimage"},"thumbnailUrl":"https:\/\/static.africa-press.net\/cameroun\/sites\/57\/2022\/10\/img-633b335d1550c.jpg","datePublished":"2022-10-03T17:14:29+00:00","dateModified":"2022-10-03T19:09:50+00:00","author":{"@id":"https:\/\/www.africa-press.net\/cameroun\/#\/schema\/person\/2b1cf3cd81a31e3cd26889ca66d677f1"},"description":"Le dernier coup d\u2019Etat au Burkina Faso suscite des re\u0301actions. Au Cameroun aussi, l\u2019on n\u2019est pas reste\u0301 indiffe\u0301rent a\u0300 ...","breadcrumb":{"@id":"https:\/\/www.africa-press.net\/cameroun\/dossiers\/gestion-du-pouvoir-le-journaliste-anani-rabier-bindji-declare-que-le-president-paul-biya-nest-pas-vise-par-les-coups-detat-parce-quil-a-une-experience-que-les-autres#breadcrumb"},"inLanguage":"fr-FR","potentialAction":[{"@type":"ReadAction","target":["https:\/\/www.africa-press.net\/cameroun\/dossiers\/gestion-du-pouvoir-le-journaliste-anani-rabier-bindji-declare-que-le-president-paul-biya-nest-pas-vise-par-les-coups-detat-parce-quil-a-une-experience-que-les-autres"]}]},{"@type":"ImageObject","inLanguage":"fr-FR","@id":"https:\/\/www.africa-press.net\/cameroun\/dossiers\/gestion-du-pouvoir-le-journaliste-anani-rabier-bindji-declare-que-le-president-paul-biya-nest-pas-vise-par-les-coups-detat-parce-quil-a-une-experience-que-les-autres#primaryimage","url":"https:\/\/static.africa-press.net\/cameroun\/sites\/57\/2022\/10\/img-633b335d1550c.jpg","contentUrl":"https:\/\/static.africa-press.net\/cameroun\/sites\/57\/2022\/10\/img-633b335d1550c.jpg","width":800,"height":1202,"caption":"Gestion du pouvoir: Le journaliste Anani Rabier Bindji d\u00e9clare que le pr\u00e9sident Paul Biya n\u2019est pas vis\u00e9 par les coups d\u2019Etat \u00abparce qu\u2019il a une exp\u00e9rience que les autres n\u2019ont pas eue\u00bb"},{"@type":"BreadcrumbList","@id":"https:\/\/www.africa-press.net\/cameroun\/dossiers\/gestion-du-pouvoir-le-journaliste-anani-rabier-bindji-declare-que-le-president-paul-biya-nest-pas-vise-par-les-coups-detat-parce-quil-a-une-experience-que-les-autres#breadcrumb","itemListElement":[{"@type":"ListItem","position":1,"name":"Accueil","item":"https:\/\/www.africa-press.net\/cameroun\/"},{"@type":"ListItem","position":2,"name":"Gestion du pouvoir: Le journaliste Anani Rabier Bindji d\u00e9clare que le pr\u00e9sident Paul Biya n\u2019est pas vis\u00e9 par les coups d\u2019Etat \u00abparce qu\u2019il a une exp\u00e9rience que les autres n\u2019ont pas eue\u00bb"}]},{"@type":"WebSite","@id":"https:\/\/www.africa-press.net\/cameroun\/#website","url":"https:\/\/www.africa-press.net\/cameroun\/","name":"Cameroun","description":"Just another Africa News Agency Sites site","potentialAction":[{"@type":"SearchAction","target":{"@type":"EntryPoint","urlTemplate":"https:\/\/www.africa-press.net\/cameroun\/?s={search_term_string}"},"query-input":{"@type":"PropertyValueSpecification","valueRequired":true,"valueName":"search_term_string"}}],"inLanguage":"fr-FR"},{"@type":"Person","@id":"https:\/\/www.africa-press.net\/cameroun\/#\/schema\/person\/2b1cf3cd81a31e3cd26889ca66d677f1","name":"cfeditorfr"}]}},"_links":{"self":[{"href":"https:\/\/www.africa-press.net\/cameroun\/wp-json\/wp\/v2\/posts\/28639","targetHints":{"allow":["GET"]}}],"collection":[{"href":"https:\/\/www.africa-press.net\/cameroun\/wp-json\/wp\/v2\/posts"}],"about":[{"href":"https:\/\/www.africa-press.net\/cameroun\/wp-json\/wp\/v2\/types\/post"}],"author":[{"embeddable":true,"href":"https:\/\/www.africa-press.net\/cameroun\/wp-json\/wp\/v2\/users\/82"}],"replies":[{"embeddable":true,"href":"https:\/\/www.africa-press.net\/cameroun\/wp-json\/wp\/v2\/comments?post=28639"}],"version-history":[{"count":0,"href":"https:\/\/www.africa-press.net\/cameroun\/wp-json\/wp\/v2\/posts\/28639\/revisions"}],"wp:featuredmedia":[{"embeddable":true,"href":"https:\/\/www.africa-press.net\/cameroun\/wp-json\/wp\/v2\/media\/28638"}],"wp:attachment":[{"href":"https:\/\/www.africa-press.net\/cameroun\/wp-json\/wp\/v2\/media?parent=28639"}],"wp:term":[{"taxonomy":"category","embeddable":true,"href":"https:\/\/www.africa-press.net\/cameroun\/wp-json\/wp\/v2\/categories?post=28639"},{"taxonomy":"post_tag","embeddable":true,"href":"https:\/\/www.africa-press.net\/cameroun\/wp-json\/wp\/v2\/tags?post=28639"}],"curies":[{"name":"wp","href":"https:\/\/api.w.org\/{rel}","templated":true}]}}