{"id":2864,"date":"2021-04-30T19:11:57","date_gmt":"2021-04-30T19:11:57","guid":{"rendered":"https:\/\/www.africa-press.net\/cameroun\/politique\/cameroun-lutte-contre-le-blanchiment-des-capitaux-et-le-financement-du-terrorisme-le-ministere-des-mines-organise-un-atelier-de-renforcement-des-capacites-de-son-personnel-a-douala"},"modified":"2021-04-30T21:12:08","modified_gmt":"2021-04-30T21:12:08","slug":"cameroun-lutte-contre-le-blanchiment-des-capitaux-et-le-financement-du-terrorisme-le-ministere-des-mines-organise-un-atelier-de-renforcement-des-capacites-de-son-personnel-a-douala","status":"publish","type":"post","link":"https:\/\/www.africa-press.net\/cameroun\/politique\/cameroun-lutte-contre-le-blanchiment-des-capitaux-et-le-financement-du-terrorisme-le-ministere-des-mines-organise-un-atelier-de-renforcement-des-capacites-de-son-personnel-a-douala","title":{"rendered":"Cameroun &#8211; Lutte contre le blanchiment des capitaux et le financement du terrorisme: Le minist\u00e8re des Mines organise un atelier de renforcement des capacit\u00e9s de son personnel \u00e0 Douala"},"content":{"rendered":"<p><span style=\"color: #ff6600\"><strong><a href=\"https:\/\/www.africa-press.net\/\">Africa-Press<\/a> &#8211; <a href=\"https:\/\/www.africa-press.net\/cameroun\">Cameroun<\/a>. <\/strong><\/span>Dans le cadre de la lutte contre le blanchiment des capitaux et le financement du terrorisme, un atelier de renforcement des capacit\u00e9s du personnel du minist\u00e8re des Mines et du D\u00e9veloppement Technologique (MINMIDT) a eu lieu \u00e0 Douala. Le quotidien national bilingue Cameroon Tribune en kiosque ce 30 avril 2021 rapporte que c\u2019est le ministre des Finances (MINFI), Louis Paul Motaze, qui a pr\u00e9sid\u00e9 la c\u00e9r\u00e9monie d\u2019ouverture de ces travaux le 29 avril 2021 \u00e0 Douala.<\/p>\n<p>Il avait \u00e0 ses c\u00f4t\u00e9s, le secr\u00e9taire d&rsquo;Etat aupr\u00e8s du ministre du ministre des Mines et du D\u00e9veloppement Technologique, Fuh Calistus Gentry, le directeur de l\u2019Agence nationale d\u2019investigations financi\u00e8res (ANIF), Nde Sambone, entre autres.<\/p>\n<p>D\u2019apr\u00e8s notre confr\u00e8re, cet atelier se tient au lendemain de la validation du rapport de l\u2019\u00c9valuation nationale des risques (ENR), recommandant prioritairement la sensibilisation et la formation des acteurs dans leur domaine de comp\u00e9tences. Des acteurs qui, selon le MINFI, \u00abne b\u00e9n\u00e9ficient malheureusement pas toujours de formations ax\u00e9es sur les diligences requises en mati\u00e8re de lutte contre le blanchiment des capitaux et le financement du terrorisme\u00bb, peut-on lire dans les colonnes du journal.<\/p>\n<p>Toutefois, \u00able r\u00f4le pr\u00e9pond\u00e9rant jou\u00e9 par le MINMIDT pour faire b\u00e9n\u00e9ficier le Cameroun de retomb\u00e9es licites de l&rsquo;exploitation l\u00e9gale de notre sous-sol en toute transparence est reconnu. Une transparence qui a donn\u00e9 lieu \u00e0 des mesures lanc\u00e9es depuis janvier dernier, avec l&rsquo;organisation des audits et autres suspensions de soci\u00e9t\u00e9s ind\u00e9licates. Et le MINMIDT est \u00e0 ce jour l&rsquo;une des rares structures \u00e0 \u00e9changer dans les d\u00e9lais raisonnables avec l&rsquo;ANIF, lui permettant ainsi de mener \u00e0 bien ses investigations\u00bb, lit-on.<\/p>\n<p>Mais il faut aller plus loin, \u00aben se basant sur l&rsquo;ENR, v\u00e9ritable autopsie du fonctionnement de notre dispositif, en mettant en application les actions prioritaires adopt\u00e9es et contenues dans le document de strat\u00e9gie nationale de renforcement de LBC\/FT. L&rsquo;\u00e9valuation a mis en exergue le risque \u00e9lev\u00e9 de blanchiment de capitaux et de financement du terrorisme dans le secteur minier, apr\u00e8s une analyse froide des pratiques dans ce secteur, (exploitation ill\u00e9gale de l&rsquo;or, commerce souterrain du diamant) qui alimentent les groupes rebelles et renforcent leur capacit\u00e9 d&rsquo;action\u00bb, note le journal.<\/p>\n<p><b>Wilfried ONDOA<\/b><\/p>\n","protected":false},"excerpt":{"rendered":"<p>Africa-Press &#8211; Cameroun. Dans le cadre de la lutte contre le blanchiment des capitaux et le financement du terrorisme, un atelier de renforcement des capacit\u00e9s du personnel du minist\u00e8re des Mines et du D\u00e9veloppement Technologique (MINMIDT) a eu lieu \u00e0 Douala. Le quotidien national bilingue Cameroon Tribune en kiosque ce 30 avril 2021 rapporte que [&hellip;]<\/p>\n","protected":false},"author":82,"featured_media":2863,"comment_status":"open","ping_status":"closed","sticky":false,"template":"","format":"standard","meta":{"footnotes":""},"categories":[11,2,10],"tags":[36,50,49],"class_list":["post-2864","post","type-post","status-publish","format-standard","has-post-thumbnail","hentry","category-homepage-french","category-politique","category-toutes-les-actualites","tag-africa-press","tag-africa-press-cameroun","tag-cameroun"],"yoast_head":"<!-- This site is optimized with the Yoast SEO Premium plugin v26.1 (Yoast SEO v27.0) - https:\/\/yoast.com\/product\/yoast-seo-premium-wordpress\/ -->\n<title>Cameroun - Lutte contre le blanchiment des capitaux et le financement du terrorisme: Le minist\u00e8re des Mines organise un atelier de renforcement des capacit\u00e9s de son personnel \u00e0 Douala - Cameroun<\/title>\n<meta name=\"description\" content=\"Dans le cadre de la lutte contre le blanchiment des capitaux et le financement du terrorisme, un atelier de renforcement ...\" \/>\n<meta name=\"robots\" content=\"index, follow, max-snippet:-1, max-image-preview:large, max-video-preview:-1\" \/>\n<link rel=\"canonical\" href=\"https:\/\/www.africa-press.net\/cameroun\/politique\/cameroun-lutte-contre-le-blanchiment-des-capitaux-et-le-financement-du-terrorisme-le-ministere-des-mines-organise-un-atelier-de-renforcement-des-capacites-de-son-personnel-a-douala\" \/>\n<meta property=\"og:locale\" content=\"fr_FR\" \/>\n<meta property=\"og:type\" content=\"article\" \/>\n<meta property=\"og:title\" content=\"Cameroun - Lutte contre le blanchiment des capitaux et le financement du terrorisme: Le minist\u00e8re des Mines organise un atelier de renforcement des capacit\u00e9s de son personnel \u00e0 Douala\" \/>\n<meta property=\"og:description\" content=\"Dans le cadre de la lutte contre le blanchiment des capitaux et le financement du terrorisme, un atelier de renforcement ...\" \/>\n<meta property=\"og:url\" content=\"https:\/\/www.africa-press.net\/cameroun\/politique\/cameroun-lutte-contre-le-blanchiment-des-capitaux-et-le-financement-du-terrorisme-le-ministere-des-mines-organise-un-atelier-de-renforcement-des-capacites-de-son-personnel-a-douala\" \/>\n<meta property=\"og:site_name\" content=\"Cameroun\" \/>\n<meta property=\"article:published_time\" content=\"2021-04-30T19:11:57+00:00\" \/>\n<meta property=\"article:modified_time\" content=\"2021-04-30T21:12:08+00:00\" \/>\n<meta property=\"og:image\" content=\"https:\/\/static.africa-press.net\/cameroun\/sites\/57\/2021\/04\/img-608c729117eb6.jpg\" \/>\n\t<meta property=\"og:image:width\" content=\"800\" \/>\n\t<meta property=\"og:image:height\" content=\"600\" \/>\n\t<meta property=\"og:image:type\" content=\"image\/jpeg\" \/>\n<meta name=\"author\" content=\"cfeditorfr\" \/>\n<meta name=\"twitter:card\" content=\"summary_large_image\" \/>\n<meta name=\"twitter:label1\" content=\"\u00c9crit par\" \/>\n\t<meta name=\"twitter:data1\" content=\"cfeditorfr\" \/>\n\t<meta name=\"twitter:label2\" content=\"Dur\u00e9e de lecture estim\u00e9e\" \/>\n\t<meta name=\"twitter:data2\" content=\"2 minutes\" \/>\n<script type=\"application\/ld+json\" class=\"yoast-schema-graph\">{\"@context\":\"https:\/\/schema.org\",\"@graph\":[{\"@type\":\"Article\",\"@id\":\"https:\/\/www.africa-press.net\/cameroun\/politique\/cameroun-lutte-contre-le-blanchiment-des-capitaux-et-le-financement-du-terrorisme-le-ministere-des-mines-organise-un-atelier-de-renforcement-des-capacites-de-son-personnel-a-douala#article\",\"isPartOf\":{\"@id\":\"https:\/\/www.africa-press.net\/cameroun\/politique\/cameroun-lutte-contre-le-blanchiment-des-capitaux-et-le-financement-du-terrorisme-le-ministere-des-mines-organise-un-atelier-de-renforcement-des-capacites-de-son-personnel-a-douala\"},\"author\":{\"name\":\"cfeditorfr\",\"@id\":\"https:\/\/www.africa-press.net\/cameroun\/#\/schema\/person\/2b1cf3cd81a31e3cd26889ca66d677f1\"},\"headline\":\"Cameroun &#8211; Lutte contre le blanchiment des capitaux et le financement du terrorisme: Le minist\u00e8re des Mines organise un atelier de renforcement des capacit\u00e9s de son personnel \u00e0 Douala\",\"datePublished\":\"2021-04-30T19:11:57+00:00\",\"dateModified\":\"2021-04-30T21:12:08+00:00\",\"mainEntityOfPage\":{\"@id\":\"https:\/\/www.africa-press.net\/cameroun\/politique\/cameroun-lutte-contre-le-blanchiment-des-capitaux-et-le-financement-du-terrorisme-le-ministere-des-mines-organise-un-atelier-de-renforcement-des-capacites-de-son-personnel-a-douala\"},\"wordCount\":427,\"commentCount\":0,\"image\":{\"@id\":\"https:\/\/www.africa-press.net\/cameroun\/politique\/cameroun-lutte-contre-le-blanchiment-des-capitaux-et-le-financement-du-terrorisme-le-ministere-des-mines-organise-un-atelier-de-renforcement-des-capacites-de-son-personnel-a-douala#primaryimage\"},\"thumbnailUrl\":\"https:\/\/static.africa-press.net\/cameroun\/sites\/57\/2021\/04\/img-608c729117eb6.jpg\",\"keywords\":[\"Africa Press\",\"Africa Press-Cameroun\",\"Cameroun\"],\"articleSection\":[\"homepage-french\",\"Politique\",\"Toutes les actualit\u00e9s\"],\"inLanguage\":\"fr-FR\",\"potentialAction\":[{\"@type\":\"CommentAction\",\"name\":\"Comment\",\"target\":[\"https:\/\/www.africa-press.net\/cameroun\/politique\/cameroun-lutte-contre-le-blanchiment-des-capitaux-et-le-financement-du-terrorisme-le-ministere-des-mines-organise-un-atelier-de-renforcement-des-capacites-de-son-personnel-a-douala#respond\"]}]},{\"@type\":\"WebPage\",\"@id\":\"https:\/\/www.africa-press.net\/cameroun\/politique\/cameroun-lutte-contre-le-blanchiment-des-capitaux-et-le-financement-du-terrorisme-le-ministere-des-mines-organise-un-atelier-de-renforcement-des-capacites-de-son-personnel-a-douala\",\"url\":\"https:\/\/www.africa-press.net\/cameroun\/politique\/cameroun-lutte-contre-le-blanchiment-des-capitaux-et-le-financement-du-terrorisme-le-ministere-des-mines-organise-un-atelier-de-renforcement-des-capacites-de-son-personnel-a-douala\",\"name\":\"Cameroun - Lutte contre le blanchiment des capitaux et le financement du terrorisme: Le minist\u00e8re des Mines organise un atelier de renforcement des capacit\u00e9s de son personnel \u00e0 Douala - Cameroun\",\"isPartOf\":{\"@id\":\"https:\/\/www.africa-press.net\/cameroun\/#website\"},\"primaryImageOfPage\":{\"@id\":\"https:\/\/www.africa-press.net\/cameroun\/politique\/cameroun-lutte-contre-le-blanchiment-des-capitaux-et-le-financement-du-terrorisme-le-ministere-des-mines-organise-un-atelier-de-renforcement-des-capacites-de-son-personnel-a-douala#primaryimage\"},\"image\":{\"@id\":\"https:\/\/www.africa-press.net\/cameroun\/politique\/cameroun-lutte-contre-le-blanchiment-des-capitaux-et-le-financement-du-terrorisme-le-ministere-des-mines-organise-un-atelier-de-renforcement-des-capacites-de-son-personnel-a-douala#primaryimage\"},\"thumbnailUrl\":\"https:\/\/static.africa-press.net\/cameroun\/sites\/57\/2021\/04\/img-608c729117eb6.jpg\",\"datePublished\":\"2021-04-30T19:11:57+00:00\",\"dateModified\":\"2021-04-30T21:12:08+00:00\",\"author\":{\"@id\":\"https:\/\/www.africa-press.net\/cameroun\/#\/schema\/person\/2b1cf3cd81a31e3cd26889ca66d677f1\"},\"description\":\"Dans le cadre de la lutte contre le blanchiment des capitaux et le financement du terrorisme, un atelier de renforcement ...\",\"breadcrumb\":{\"@id\":\"https:\/\/www.africa-press.net\/cameroun\/politique\/cameroun-lutte-contre-le-blanchiment-des-capitaux-et-le-financement-du-terrorisme-le-ministere-des-mines-organise-un-atelier-de-renforcement-des-capacites-de-son-personnel-a-douala#breadcrumb\"},\"inLanguage\":\"fr-FR\",\"potentialAction\":[{\"@type\":\"ReadAction\",\"target\":[\"https:\/\/www.africa-press.net\/cameroun\/politique\/cameroun-lutte-contre-le-blanchiment-des-capitaux-et-le-financement-du-terrorisme-le-ministere-des-mines-organise-un-atelier-de-renforcement-des-capacites-de-son-personnel-a-douala\"]}]},{\"@type\":\"ImageObject\",\"inLanguage\":\"fr-FR\",\"@id\":\"https:\/\/www.africa-press.net\/cameroun\/politique\/cameroun-lutte-contre-le-blanchiment-des-capitaux-et-le-financement-du-terrorisme-le-ministere-des-mines-organise-un-atelier-de-renforcement-des-capacites-de-son-personnel-a-douala#primaryimage\",\"url\":\"https:\/\/static.africa-press.net\/cameroun\/sites\/57\/2021\/04\/img-608c729117eb6.jpg\",\"contentUrl\":\"https:\/\/static.africa-press.net\/cameroun\/sites\/57\/2021\/04\/img-608c729117eb6.jpg\",\"width\":800,\"height\":600,\"caption\":\"Cameroun - Lutte contre le blanchiment des capitaux et le financement du terrorisme: Le minist\u00e8re des Mines organise un atelier de renforcement des capacit\u00e9s de son personnel \u00e0 Douala\"},{\"@type\":\"BreadcrumbList\",\"@id\":\"https:\/\/www.africa-press.net\/cameroun\/politique\/cameroun-lutte-contre-le-blanchiment-des-capitaux-et-le-financement-du-terrorisme-le-ministere-des-mines-organise-un-atelier-de-renforcement-des-capacites-de-son-personnel-a-douala#breadcrumb\",\"itemListElement\":[{\"@type\":\"ListItem\",\"position\":1,\"name\":\"Accueil\",\"item\":\"https:\/\/www.africa-press.net\/cameroun\/\"},{\"@type\":\"ListItem\",\"position\":2,\"name\":\"Cameroun &#8211; Lutte contre le blanchiment des capitaux et le financement du terrorisme: Le minist\u00e8re des Mines organise un atelier de renforcement des capacit\u00e9s de son personnel \u00e0 Douala\"}]},{\"@type\":\"WebSite\",\"@id\":\"https:\/\/www.africa-press.net\/cameroun\/#website\",\"url\":\"https:\/\/www.africa-press.net\/cameroun\/\",\"name\":\"Cameroun\",\"description\":\"Just another Africa News Agency Sites site\",\"potentialAction\":[{\"@type\":\"SearchAction\",\"target\":{\"@type\":\"EntryPoint\",\"urlTemplate\":\"https:\/\/www.africa-press.net\/cameroun\/?s={search_term_string}\"},\"query-input\":{\"@type\":\"PropertyValueSpecification\",\"valueRequired\":true,\"valueName\":\"search_term_string\"}}],\"inLanguage\":\"fr-FR\"},{\"@type\":\"Person\",\"@id\":\"https:\/\/www.africa-press.net\/cameroun\/#\/schema\/person\/2b1cf3cd81a31e3cd26889ca66d677f1\",\"name\":\"cfeditorfr\"}]}<\/script>\n<!-- \/ Yoast SEO Premium plugin. -->","yoast_head_json":{"title":"Cameroun - Lutte contre le blanchiment des capitaux et le financement du terrorisme: Le minist\u00e8re des Mines organise un atelier de renforcement des capacit\u00e9s de son personnel \u00e0 Douala - Cameroun","description":"Dans le cadre de la lutte contre le blanchiment des capitaux et le financement du terrorisme, un atelier de renforcement ...","robots":{"index":"index","follow":"follow","max-snippet":"max-snippet:-1","max-image-preview":"max-image-preview:large","max-video-preview":"max-video-preview:-1"},"canonical":"https:\/\/www.africa-press.net\/cameroun\/politique\/cameroun-lutte-contre-le-blanchiment-des-capitaux-et-le-financement-du-terrorisme-le-ministere-des-mines-organise-un-atelier-de-renforcement-des-capacites-de-son-personnel-a-douala","og_locale":"fr_FR","og_type":"article","og_title":"Cameroun - Lutte contre le blanchiment des capitaux et le financement du terrorisme: Le minist\u00e8re des Mines organise un atelier de renforcement des capacit\u00e9s de son personnel \u00e0 Douala","og_description":"Dans le cadre de la lutte contre le blanchiment des capitaux et le financement du terrorisme, un atelier de renforcement ...","og_url":"https:\/\/www.africa-press.net\/cameroun\/politique\/cameroun-lutte-contre-le-blanchiment-des-capitaux-et-le-financement-du-terrorisme-le-ministere-des-mines-organise-un-atelier-de-renforcement-des-capacites-de-son-personnel-a-douala","og_site_name":"Cameroun","article_published_time":"2021-04-30T19:11:57+00:00","article_modified_time":"2021-04-30T21:12:08+00:00","og_image":[{"width":800,"height":600,"url":"https:\/\/static.africa-press.net\/cameroun\/sites\/57\/2021\/04\/img-608c729117eb6.jpg","type":"image\/jpeg"}],"author":"cfeditorfr","twitter_card":"summary_large_image","twitter_misc":{"\u00c9crit par":"cfeditorfr","Dur\u00e9e de lecture estim\u00e9e":"2 minutes"},"schema":{"@context":"https:\/\/schema.org","@graph":[{"@type":"Article","@id":"https:\/\/www.africa-press.net\/cameroun\/politique\/cameroun-lutte-contre-le-blanchiment-des-capitaux-et-le-financement-du-terrorisme-le-ministere-des-mines-organise-un-atelier-de-renforcement-des-capacites-de-son-personnel-a-douala#article","isPartOf":{"@id":"https:\/\/www.africa-press.net\/cameroun\/politique\/cameroun-lutte-contre-le-blanchiment-des-capitaux-et-le-financement-du-terrorisme-le-ministere-des-mines-organise-un-atelier-de-renforcement-des-capacites-de-son-personnel-a-douala"},"author":{"name":"cfeditorfr","@id":"https:\/\/www.africa-press.net\/cameroun\/#\/schema\/person\/2b1cf3cd81a31e3cd26889ca66d677f1"},"headline":"Cameroun &#8211; Lutte contre le blanchiment des capitaux et le financement du terrorisme: Le minist\u00e8re des Mines organise un atelier de renforcement des capacit\u00e9s de son personnel \u00e0 Douala","datePublished":"2021-04-30T19:11:57+00:00","dateModified":"2021-04-30T21:12:08+00:00","mainEntityOfPage":{"@id":"https:\/\/www.africa-press.net\/cameroun\/politique\/cameroun-lutte-contre-le-blanchiment-des-capitaux-et-le-financement-du-terrorisme-le-ministere-des-mines-organise-un-atelier-de-renforcement-des-capacites-de-son-personnel-a-douala"},"wordCount":427,"commentCount":0,"image":{"@id":"https:\/\/www.africa-press.net\/cameroun\/politique\/cameroun-lutte-contre-le-blanchiment-des-capitaux-et-le-financement-du-terrorisme-le-ministere-des-mines-organise-un-atelier-de-renforcement-des-capacites-de-son-personnel-a-douala#primaryimage"},"thumbnailUrl":"https:\/\/static.africa-press.net\/cameroun\/sites\/57\/2021\/04\/img-608c729117eb6.jpg","keywords":["Africa Press","Africa Press-Cameroun","Cameroun"],"articleSection":["homepage-french","Politique","Toutes les actualit\u00e9s"],"inLanguage":"fr-FR","potentialAction":[{"@type":"CommentAction","name":"Comment","target":["https:\/\/www.africa-press.net\/cameroun\/politique\/cameroun-lutte-contre-le-blanchiment-des-capitaux-et-le-financement-du-terrorisme-le-ministere-des-mines-organise-un-atelier-de-renforcement-des-capacites-de-son-personnel-a-douala#respond"]}]},{"@type":"WebPage","@id":"https:\/\/www.africa-press.net\/cameroun\/politique\/cameroun-lutte-contre-le-blanchiment-des-capitaux-et-le-financement-du-terrorisme-le-ministere-des-mines-organise-un-atelier-de-renforcement-des-capacites-de-son-personnel-a-douala","url":"https:\/\/www.africa-press.net\/cameroun\/politique\/cameroun-lutte-contre-le-blanchiment-des-capitaux-et-le-financement-du-terrorisme-le-ministere-des-mines-organise-un-atelier-de-renforcement-des-capacites-de-son-personnel-a-douala","name":"Cameroun - Lutte contre le blanchiment des capitaux et le financement du terrorisme: Le minist\u00e8re des Mines organise un atelier de renforcement des capacit\u00e9s de son personnel \u00e0 Douala - Cameroun","isPartOf":{"@id":"https:\/\/www.africa-press.net\/cameroun\/#website"},"primaryImageOfPage":{"@id":"https:\/\/www.africa-press.net\/cameroun\/politique\/cameroun-lutte-contre-le-blanchiment-des-capitaux-et-le-financement-du-terrorisme-le-ministere-des-mines-organise-un-atelier-de-renforcement-des-capacites-de-son-personnel-a-douala#primaryimage"},"image":{"@id":"https:\/\/www.africa-press.net\/cameroun\/politique\/cameroun-lutte-contre-le-blanchiment-des-capitaux-et-le-financement-du-terrorisme-le-ministere-des-mines-organise-un-atelier-de-renforcement-des-capacites-de-son-personnel-a-douala#primaryimage"},"thumbnailUrl":"https:\/\/static.africa-press.net\/cameroun\/sites\/57\/2021\/04\/img-608c729117eb6.jpg","datePublished":"2021-04-30T19:11:57+00:00","dateModified":"2021-04-30T21:12:08+00:00","author":{"@id":"https:\/\/www.africa-press.net\/cameroun\/#\/schema\/person\/2b1cf3cd81a31e3cd26889ca66d677f1"},"description":"Dans le cadre de la lutte contre le blanchiment des capitaux et le financement du terrorisme, un atelier de renforcement ...","breadcrumb":{"@id":"https:\/\/www.africa-press.net\/cameroun\/politique\/cameroun-lutte-contre-le-blanchiment-des-capitaux-et-le-financement-du-terrorisme-le-ministere-des-mines-organise-un-atelier-de-renforcement-des-capacites-de-son-personnel-a-douala#breadcrumb"},"inLanguage":"fr-FR","potentialAction":[{"@type":"ReadAction","target":["https:\/\/www.africa-press.net\/cameroun\/politique\/cameroun-lutte-contre-le-blanchiment-des-capitaux-et-le-financement-du-terrorisme-le-ministere-des-mines-organise-un-atelier-de-renforcement-des-capacites-de-son-personnel-a-douala"]}]},{"@type":"ImageObject","inLanguage":"fr-FR","@id":"https:\/\/www.africa-press.net\/cameroun\/politique\/cameroun-lutte-contre-le-blanchiment-des-capitaux-et-le-financement-du-terrorisme-le-ministere-des-mines-organise-un-atelier-de-renforcement-des-capacites-de-son-personnel-a-douala#primaryimage","url":"https:\/\/static.africa-press.net\/cameroun\/sites\/57\/2021\/04\/img-608c729117eb6.jpg","contentUrl":"https:\/\/static.africa-press.net\/cameroun\/sites\/57\/2021\/04\/img-608c729117eb6.jpg","width":800,"height":600,"caption":"Cameroun - Lutte contre le blanchiment des capitaux et le financement du terrorisme: Le minist\u00e8re des Mines organise un atelier de renforcement des capacit\u00e9s de son personnel \u00e0 Douala"},{"@type":"BreadcrumbList","@id":"https:\/\/www.africa-press.net\/cameroun\/politique\/cameroun-lutte-contre-le-blanchiment-des-capitaux-et-le-financement-du-terrorisme-le-ministere-des-mines-organise-un-atelier-de-renforcement-des-capacites-de-son-personnel-a-douala#breadcrumb","itemListElement":[{"@type":"ListItem","position":1,"name":"Accueil","item":"https:\/\/www.africa-press.net\/cameroun\/"},{"@type":"ListItem","position":2,"name":"Cameroun &#8211; Lutte contre le blanchiment des capitaux et le financement du terrorisme: Le minist\u00e8re des Mines organise un atelier de renforcement des capacit\u00e9s de son personnel \u00e0 Douala"}]},{"@type":"WebSite","@id":"https:\/\/www.africa-press.net\/cameroun\/#website","url":"https:\/\/www.africa-press.net\/cameroun\/","name":"Cameroun","description":"Just another Africa News Agency Sites site","potentialAction":[{"@type":"SearchAction","target":{"@type":"EntryPoint","urlTemplate":"https:\/\/www.africa-press.net\/cameroun\/?s={search_term_string}"},"query-input":{"@type":"PropertyValueSpecification","valueRequired":true,"valueName":"search_term_string"}}],"inLanguage":"fr-FR"},{"@type":"Person","@id":"https:\/\/www.africa-press.net\/cameroun\/#\/schema\/person\/2b1cf3cd81a31e3cd26889ca66d677f1","name":"cfeditorfr"}]}},"_links":{"self":[{"href":"https:\/\/www.africa-press.net\/cameroun\/wp-json\/wp\/v2\/posts\/2864","targetHints":{"allow":["GET"]}}],"collection":[{"href":"https:\/\/www.africa-press.net\/cameroun\/wp-json\/wp\/v2\/posts"}],"about":[{"href":"https:\/\/www.africa-press.net\/cameroun\/wp-json\/wp\/v2\/types\/post"}],"author":[{"embeddable":true,"href":"https:\/\/www.africa-press.net\/cameroun\/wp-json\/wp\/v2\/users\/82"}],"replies":[{"embeddable":true,"href":"https:\/\/www.africa-press.net\/cameroun\/wp-json\/wp\/v2\/comments?post=2864"}],"version-history":[{"count":0,"href":"https:\/\/www.africa-press.net\/cameroun\/wp-json\/wp\/v2\/posts\/2864\/revisions"}],"wp:featuredmedia":[{"embeddable":true,"href":"https:\/\/www.africa-press.net\/cameroun\/wp-json\/wp\/v2\/media\/2863"}],"wp:attachment":[{"href":"https:\/\/www.africa-press.net\/cameroun\/wp-json\/wp\/v2\/media?parent=2864"}],"wp:term":[{"taxonomy":"category","embeddable":true,"href":"https:\/\/www.africa-press.net\/cameroun\/wp-json\/wp\/v2\/categories?post=2864"},{"taxonomy":"post_tag","embeddable":true,"href":"https:\/\/www.africa-press.net\/cameroun\/wp-json\/wp\/v2\/tags?post=2864"}],"curies":[{"name":"wp","href":"https:\/\/api.w.org\/{rel}","templated":true}]}}