{"id":28648,"date":"2022-10-03T17:40:35","date_gmt":"2022-10-03T17:40:35","guid":{"rendered":"https:\/\/www.africa-press.net\/cameroun\/politique\/cameroun-amadou-ali-prive-des-obseques-officielles-sera-neanmoins-decore-a-titre-posthume-au-nom-de-paul-biya"},"modified":"2022-10-03T19:47:30","modified_gmt":"2022-10-03T19:47:30","slug":"cameroun-amadou-ali-prive-des-obseques-officielles-sera-neanmoins-decore-a-titre-posthume-au-nom-de-paul-biya","status":"publish","type":"post","link":"https:\/\/www.africa-press.net\/cameroun\/toutes-les-actualites\/cameroun-amadou-ali-prive-des-obseques-officielles-sera-neanmoins-decore-a-titre-posthume-au-nom-de-paul-biya","title":{"rendered":"Cameroun\u00a0: Amadou Ali priv\u00e9 des obs\u00e8ques officielles, sera n\u00e9anmoins d\u00e9cor\u00e9 \u00e0 titre posthume au nom de Paul Biya."},"content":{"rendered":"<p><span style=\"color: #ff6600\"><strong>Africa-Press &#8211; Cameroun. <\/strong><\/span>Mise en terre de manie\u0300re ha\u0302tive selon la tradition musulmane, Amadou Ali, de\u0301sormais de regrette\u0301e me\u0301moire, aura droit aux obse\u0300ques religieuses organise\u0301es avec le soutien du gouvernement.<\/p>\n<p>A cet effet, le ministre de\u0301le\u0301gue\u0301 a\u0300 la pre\u0301sidence charge\u0301 de la de\u0301fense, Joseph Beti Assomo quitte Yaounde\u0301 mardi matin par un vol spe\u0301cial a\u0300 destination de Kolofata, le village natal de l\u2019ancien vice premier ministre, Amadou Ali.<\/p>\n<p>Le Mindef, en sa qualite\u0301 de repre\u0301sentant du pre\u0301sident de la Re\u0301publique, Paul Biya, va de\u0301corer a\u0300 titre posthume l\u2019ancien ministre de la justice.<\/p>\n<p><b>Ci-dessous, le programme du se\u0301jour de 48h du ministre de la de\u0301fense dans l\u2019Extre\u0302me-Nord, la seule Re\u0301gion camerounaise en proie aux exactions de la secte islamiste Boko haram.<\/b><\/p>\n<p><strong>Pour plus d&rsquo;informations et d&rsquo;analyses sur la <a href=\"https:\/\/www.africa-press.net\/cameroun\">Cameroun<\/a>, suivez <a href=\"https:\/\/www.africa-press.net\/\">Africa-Press<\/a><\/strong><\/p>\n","protected":false},"excerpt":{"rendered":"<p>Africa-Press &#8211; Cameroun. Mise en terre de manie\u0300re ha\u0302tive selon la tradition musulmane, Amadou Ali, de\u0301sormais de regrette\u0301e me\u0301moire, aura droit aux obse\u0300ques religieuses organise\u0301es avec le soutien du gouvernement. A cet effet, le ministre de\u0301le\u0301gue\u0301 a\u0300 la pre\u0301sidence charge\u0301 de la de\u0301fense, Joseph Beti Assomo quitte Yaounde\u0301 mardi matin par un vol spe\u0301cial a\u0300 [&hellip;]<\/p>\n","protected":false},"author":82,"featured_media":28647,"comment_status":"open","ping_status":"closed","sticky":false,"template":"","format":"standard","meta":{"footnotes":""},"categories":[21,10],"tags":[36,50,49],"class_list":["post-28648","post","type-post","status-publish","format-standard","has-post-thumbnail","hentry","category-communaute","category-toutes-les-actualites","tag-africa-press","tag-africa-press-cameroun","tag-cameroun"],"yoast_head":"<!-- This site is optimized with the Yoast SEO Premium plugin v26.1 (Yoast SEO v27.0) - https:\/\/yoast.com\/product\/yoast-seo-premium-wordpress\/ -->\n<title>Cameroun\u00a0: Amadou Ali priv\u00e9 des obs\u00e8ques officielles, sera n\u00e9anmoins d\u00e9cor\u00e9 \u00e0 titre posthume au nom de Paul Biya. - Cameroun<\/title>\n<meta name=\"description\" content=\"Mise en terre de manie\u0300re ha\u0302tive selon la tradition musulmane, Amadou Ali, de\u0301sormais de regrette\u0301e me\u0301moire, aura droi ...\" \/>\n<meta name=\"robots\" content=\"index, follow, max-snippet:-1, max-image-preview:large, max-video-preview:-1\" \/>\n<link rel=\"canonical\" href=\"https:\/\/www.africa-press.net\/cameroun\/toutes-les-actualites\/cameroun-amadou-ali-prive-des-obseques-officielles-sera-neanmoins-decore-a-titre-posthume-au-nom-de-paul-biya\" \/>\n<meta property=\"og:locale\" content=\"fr_FR\" \/>\n<meta property=\"og:type\" content=\"article\" \/>\n<meta property=\"og:title\" content=\"Cameroun\u00a0: Amadou Ali priv\u00e9 des obs\u00e8ques officielles, sera n\u00e9anmoins d\u00e9cor\u00e9 \u00e0 titre posthume au nom de Paul Biya.\" \/>\n<meta property=\"og:description\" content=\"Mise en terre de manie\u0300re ha\u0302tive selon la tradition musulmane, Amadou Ali, de\u0301sormais de regrette\u0301e me\u0301moire, aura droi ...\" \/>\n<meta property=\"og:url\" content=\"https:\/\/www.africa-press.net\/cameroun\/toutes-les-actualites\/cameroun-amadou-ali-prive-des-obseques-officielles-sera-neanmoins-decore-a-titre-posthume-au-nom-de-paul-biya\" \/>\n<meta property=\"og:site_name\" content=\"Cameroun\" \/>\n<meta property=\"article:published_time\" content=\"2022-10-03T17:40:35+00:00\" \/>\n<meta property=\"article:modified_time\" content=\"2022-10-03T19:47:30+00:00\" \/>\n<meta property=\"og:image\" content=\"https:\/\/static.africa-press.net\/cameroun\/sites\/57\/2022\/10\/img-633b33de9c7f1.jpg\" \/>\n\t<meta property=\"og:image:width\" content=\"800\" \/>\n\t<meta property=\"og:image:height\" content=\"533\" \/>\n\t<meta property=\"og:image:type\" content=\"image\/jpeg\" \/>\n<meta name=\"author\" content=\"cfeditorfr\" \/>\n<meta name=\"twitter:card\" content=\"summary_large_image\" \/>\n<meta name=\"twitter:label1\" content=\"\u00c9crit par\" \/>\n\t<meta name=\"twitter:data1\" content=\"cfeditorfr\" \/>\n\t<meta name=\"twitter:label2\" content=\"Dur\u00e9e de lecture estim\u00e9e\" \/>\n\t<meta name=\"twitter:data2\" content=\"1 minute\" \/>\n<script type=\"application\/ld+json\" class=\"yoast-schema-graph\">{\"@context\":\"https:\/\/schema.org\",\"@graph\":[{\"@type\":\"Article\",\"@id\":\"https:\/\/www.africa-press.net\/cameroun\/toutes-les-actualites\/cameroun-amadou-ali-prive-des-obseques-officielles-sera-neanmoins-decore-a-titre-posthume-au-nom-de-paul-biya#article\",\"isPartOf\":{\"@id\":\"https:\/\/www.africa-press.net\/cameroun\/toutes-les-actualites\/cameroun-amadou-ali-prive-des-obseques-officielles-sera-neanmoins-decore-a-titre-posthume-au-nom-de-paul-biya\"},\"author\":{\"name\":\"cfeditorfr\",\"@id\":\"https:\/\/www.africa-press.net\/cameroun\/#\/schema\/person\/2b1cf3cd81a31e3cd26889ca66d677f1\"},\"headline\":\"Cameroun\u00a0: Amadou Ali priv\u00e9 des obs\u00e8ques officielles, sera n\u00e9anmoins d\u00e9cor\u00e9 \u00e0 titre posthume au nom de Paul Biya.\",\"datePublished\":\"2022-10-03T17:40:35+00:00\",\"dateModified\":\"2022-10-03T19:47:30+00:00\",\"mainEntityOfPage\":{\"@id\":\"https:\/\/www.africa-press.net\/cameroun\/toutes-les-actualites\/cameroun-amadou-ali-prive-des-obseques-officielles-sera-neanmoins-decore-a-titre-posthume-au-nom-de-paul-biya\"},\"wordCount\":175,\"commentCount\":0,\"image\":{\"@id\":\"https:\/\/www.africa-press.net\/cameroun\/toutes-les-actualites\/cameroun-amadou-ali-prive-des-obseques-officielles-sera-neanmoins-decore-a-titre-posthume-au-nom-de-paul-biya#primaryimage\"},\"thumbnailUrl\":\"https:\/\/static.africa-press.net\/cameroun\/sites\/57\/2022\/10\/img-633b33de9c7f1.jpg\",\"keywords\":[\"Africa Press\",\"Africa Press-Cameroun\",\"Cameroun\"],\"articleSection\":[\"Communaut\u00e9\",\"Toutes les actualit\u00e9s\"],\"inLanguage\":\"fr-FR\",\"potentialAction\":[{\"@type\":\"CommentAction\",\"name\":\"Comment\",\"target\":[\"https:\/\/www.africa-press.net\/cameroun\/toutes-les-actualites\/cameroun-amadou-ali-prive-des-obseques-officielles-sera-neanmoins-decore-a-titre-posthume-au-nom-de-paul-biya#respond\"]}]},{\"@type\":\"WebPage\",\"@id\":\"https:\/\/www.africa-press.net\/cameroun\/toutes-les-actualites\/cameroun-amadou-ali-prive-des-obseques-officielles-sera-neanmoins-decore-a-titre-posthume-au-nom-de-paul-biya\",\"url\":\"https:\/\/www.africa-press.net\/cameroun\/toutes-les-actualites\/cameroun-amadou-ali-prive-des-obseques-officielles-sera-neanmoins-decore-a-titre-posthume-au-nom-de-paul-biya\",\"name\":\"Cameroun\u00a0: Amadou Ali priv\u00e9 des obs\u00e8ques officielles, sera n\u00e9anmoins d\u00e9cor\u00e9 \u00e0 titre posthume au nom de Paul Biya. - Cameroun\",\"isPartOf\":{\"@id\":\"https:\/\/www.africa-press.net\/cameroun\/#website\"},\"primaryImageOfPage\":{\"@id\":\"https:\/\/www.africa-press.net\/cameroun\/toutes-les-actualites\/cameroun-amadou-ali-prive-des-obseques-officielles-sera-neanmoins-decore-a-titre-posthume-au-nom-de-paul-biya#primaryimage\"},\"image\":{\"@id\":\"https:\/\/www.africa-press.net\/cameroun\/toutes-les-actualites\/cameroun-amadou-ali-prive-des-obseques-officielles-sera-neanmoins-decore-a-titre-posthume-au-nom-de-paul-biya#primaryimage\"},\"thumbnailUrl\":\"https:\/\/static.africa-press.net\/cameroun\/sites\/57\/2022\/10\/img-633b33de9c7f1.jpg\",\"datePublished\":\"2022-10-03T17:40:35+00:00\",\"dateModified\":\"2022-10-03T19:47:30+00:00\",\"author\":{\"@id\":\"https:\/\/www.africa-press.net\/cameroun\/#\/schema\/person\/2b1cf3cd81a31e3cd26889ca66d677f1\"},\"description\":\"Mise en terre de manie\u0300re ha\u0302tive selon la tradition musulmane, Amadou Ali, de\u0301sormais de regrette\u0301e me\u0301moire, aura droi ...\",\"breadcrumb\":{\"@id\":\"https:\/\/www.africa-press.net\/cameroun\/toutes-les-actualites\/cameroun-amadou-ali-prive-des-obseques-officielles-sera-neanmoins-decore-a-titre-posthume-au-nom-de-paul-biya#breadcrumb\"},\"inLanguage\":\"fr-FR\",\"potentialAction\":[{\"@type\":\"ReadAction\",\"target\":[\"https:\/\/www.africa-press.net\/cameroun\/toutes-les-actualites\/cameroun-amadou-ali-prive-des-obseques-officielles-sera-neanmoins-decore-a-titre-posthume-au-nom-de-paul-biya\"]}]},{\"@type\":\"ImageObject\",\"inLanguage\":\"fr-FR\",\"@id\":\"https:\/\/www.africa-press.net\/cameroun\/toutes-les-actualites\/cameroun-amadou-ali-prive-des-obseques-officielles-sera-neanmoins-decore-a-titre-posthume-au-nom-de-paul-biya#primaryimage\",\"url\":\"https:\/\/static.africa-press.net\/cameroun\/sites\/57\/2022\/10\/img-633b33de9c7f1.jpg\",\"contentUrl\":\"https:\/\/static.africa-press.net\/cameroun\/sites\/57\/2022\/10\/img-633b33de9c7f1.jpg\",\"width\":800,\"height\":533,\"caption\":\"Cameroun\u00a0: Amadou Ali priv\u00e9 des obs\u00e8ques officielles, sera n\u00e9anmoins d\u00e9cor\u00e9 \u00e0 titre posthume au nom de Paul Biya.\"},{\"@type\":\"BreadcrumbList\",\"@id\":\"https:\/\/www.africa-press.net\/cameroun\/toutes-les-actualites\/cameroun-amadou-ali-prive-des-obseques-officielles-sera-neanmoins-decore-a-titre-posthume-au-nom-de-paul-biya#breadcrumb\",\"itemListElement\":[{\"@type\":\"ListItem\",\"position\":1,\"name\":\"Accueil\",\"item\":\"https:\/\/www.africa-press.net\/cameroun\/\"},{\"@type\":\"ListItem\",\"position\":2,\"name\":\"Cameroun\u00a0: Amadou Ali priv\u00e9 des obs\u00e8ques officielles, sera n\u00e9anmoins d\u00e9cor\u00e9 \u00e0 titre posthume au nom de Paul Biya.\"}]},{\"@type\":\"WebSite\",\"@id\":\"https:\/\/www.africa-press.net\/cameroun\/#website\",\"url\":\"https:\/\/www.africa-press.net\/cameroun\/\",\"name\":\"Cameroun\",\"description\":\"Just another Africa News Agency Sites site\",\"potentialAction\":[{\"@type\":\"SearchAction\",\"target\":{\"@type\":\"EntryPoint\",\"urlTemplate\":\"https:\/\/www.africa-press.net\/cameroun\/?s={search_term_string}\"},\"query-input\":{\"@type\":\"PropertyValueSpecification\",\"valueRequired\":true,\"valueName\":\"search_term_string\"}}],\"inLanguage\":\"fr-FR\"},{\"@type\":\"Person\",\"@id\":\"https:\/\/www.africa-press.net\/cameroun\/#\/schema\/person\/2b1cf3cd81a31e3cd26889ca66d677f1\",\"name\":\"cfeditorfr\"}]}<\/script>\n<!-- \/ Yoast SEO Premium plugin. -->","yoast_head_json":{"title":"Cameroun\u00a0: Amadou Ali priv\u00e9 des obs\u00e8ques officielles, sera n\u00e9anmoins d\u00e9cor\u00e9 \u00e0 titre posthume au nom de Paul Biya. - Cameroun","description":"Mise en terre de manie\u0300re ha\u0302tive selon la tradition musulmane, Amadou Ali, de\u0301sormais de regrette\u0301e me\u0301moire, aura droi ...","robots":{"index":"index","follow":"follow","max-snippet":"max-snippet:-1","max-image-preview":"max-image-preview:large","max-video-preview":"max-video-preview:-1"},"canonical":"https:\/\/www.africa-press.net\/cameroun\/toutes-les-actualites\/cameroun-amadou-ali-prive-des-obseques-officielles-sera-neanmoins-decore-a-titre-posthume-au-nom-de-paul-biya","og_locale":"fr_FR","og_type":"article","og_title":"Cameroun\u00a0: Amadou Ali priv\u00e9 des obs\u00e8ques officielles, sera n\u00e9anmoins d\u00e9cor\u00e9 \u00e0 titre posthume au nom de Paul Biya.","og_description":"Mise en terre de manie\u0300re ha\u0302tive selon la tradition musulmane, Amadou Ali, de\u0301sormais de regrette\u0301e me\u0301moire, aura droi ...","og_url":"https:\/\/www.africa-press.net\/cameroun\/toutes-les-actualites\/cameroun-amadou-ali-prive-des-obseques-officielles-sera-neanmoins-decore-a-titre-posthume-au-nom-de-paul-biya","og_site_name":"Cameroun","article_published_time":"2022-10-03T17:40:35+00:00","article_modified_time":"2022-10-03T19:47:30+00:00","og_image":[{"width":800,"height":533,"url":"https:\/\/static.africa-press.net\/cameroun\/sites\/57\/2022\/10\/img-633b33de9c7f1.jpg","type":"image\/jpeg"}],"author":"cfeditorfr","twitter_card":"summary_large_image","twitter_misc":{"\u00c9crit par":"cfeditorfr","Dur\u00e9e de lecture estim\u00e9e":"1 minute"},"schema":{"@context":"https:\/\/schema.org","@graph":[{"@type":"Article","@id":"https:\/\/www.africa-press.net\/cameroun\/toutes-les-actualites\/cameroun-amadou-ali-prive-des-obseques-officielles-sera-neanmoins-decore-a-titre-posthume-au-nom-de-paul-biya#article","isPartOf":{"@id":"https:\/\/www.africa-press.net\/cameroun\/toutes-les-actualites\/cameroun-amadou-ali-prive-des-obseques-officielles-sera-neanmoins-decore-a-titre-posthume-au-nom-de-paul-biya"},"author":{"name":"cfeditorfr","@id":"https:\/\/www.africa-press.net\/cameroun\/#\/schema\/person\/2b1cf3cd81a31e3cd26889ca66d677f1"},"headline":"Cameroun\u00a0: Amadou Ali priv\u00e9 des obs\u00e8ques officielles, sera n\u00e9anmoins d\u00e9cor\u00e9 \u00e0 titre posthume au nom de Paul Biya.","datePublished":"2022-10-03T17:40:35+00:00","dateModified":"2022-10-03T19:47:30+00:00","mainEntityOfPage":{"@id":"https:\/\/www.africa-press.net\/cameroun\/toutes-les-actualites\/cameroun-amadou-ali-prive-des-obseques-officielles-sera-neanmoins-decore-a-titre-posthume-au-nom-de-paul-biya"},"wordCount":175,"commentCount":0,"image":{"@id":"https:\/\/www.africa-press.net\/cameroun\/toutes-les-actualites\/cameroun-amadou-ali-prive-des-obseques-officielles-sera-neanmoins-decore-a-titre-posthume-au-nom-de-paul-biya#primaryimage"},"thumbnailUrl":"https:\/\/static.africa-press.net\/cameroun\/sites\/57\/2022\/10\/img-633b33de9c7f1.jpg","keywords":["Africa Press","Africa Press-Cameroun","Cameroun"],"articleSection":["Communaut\u00e9","Toutes les actualit\u00e9s"],"inLanguage":"fr-FR","potentialAction":[{"@type":"CommentAction","name":"Comment","target":["https:\/\/www.africa-press.net\/cameroun\/toutes-les-actualites\/cameroun-amadou-ali-prive-des-obseques-officielles-sera-neanmoins-decore-a-titre-posthume-au-nom-de-paul-biya#respond"]}]},{"@type":"WebPage","@id":"https:\/\/www.africa-press.net\/cameroun\/toutes-les-actualites\/cameroun-amadou-ali-prive-des-obseques-officielles-sera-neanmoins-decore-a-titre-posthume-au-nom-de-paul-biya","url":"https:\/\/www.africa-press.net\/cameroun\/toutes-les-actualites\/cameroun-amadou-ali-prive-des-obseques-officielles-sera-neanmoins-decore-a-titre-posthume-au-nom-de-paul-biya","name":"Cameroun\u00a0: Amadou Ali priv\u00e9 des obs\u00e8ques officielles, sera n\u00e9anmoins d\u00e9cor\u00e9 \u00e0 titre posthume au nom de Paul Biya. - Cameroun","isPartOf":{"@id":"https:\/\/www.africa-press.net\/cameroun\/#website"},"primaryImageOfPage":{"@id":"https:\/\/www.africa-press.net\/cameroun\/toutes-les-actualites\/cameroun-amadou-ali-prive-des-obseques-officielles-sera-neanmoins-decore-a-titre-posthume-au-nom-de-paul-biya#primaryimage"},"image":{"@id":"https:\/\/www.africa-press.net\/cameroun\/toutes-les-actualites\/cameroun-amadou-ali-prive-des-obseques-officielles-sera-neanmoins-decore-a-titre-posthume-au-nom-de-paul-biya#primaryimage"},"thumbnailUrl":"https:\/\/static.africa-press.net\/cameroun\/sites\/57\/2022\/10\/img-633b33de9c7f1.jpg","datePublished":"2022-10-03T17:40:35+00:00","dateModified":"2022-10-03T19:47:30+00:00","author":{"@id":"https:\/\/www.africa-press.net\/cameroun\/#\/schema\/person\/2b1cf3cd81a31e3cd26889ca66d677f1"},"description":"Mise en terre de manie\u0300re ha\u0302tive selon la tradition musulmane, Amadou Ali, de\u0301sormais de regrette\u0301e me\u0301moire, aura droi ...","breadcrumb":{"@id":"https:\/\/www.africa-press.net\/cameroun\/toutes-les-actualites\/cameroun-amadou-ali-prive-des-obseques-officielles-sera-neanmoins-decore-a-titre-posthume-au-nom-de-paul-biya#breadcrumb"},"inLanguage":"fr-FR","potentialAction":[{"@type":"ReadAction","target":["https:\/\/www.africa-press.net\/cameroun\/toutes-les-actualites\/cameroun-amadou-ali-prive-des-obseques-officielles-sera-neanmoins-decore-a-titre-posthume-au-nom-de-paul-biya"]}]},{"@type":"ImageObject","inLanguage":"fr-FR","@id":"https:\/\/www.africa-press.net\/cameroun\/toutes-les-actualites\/cameroun-amadou-ali-prive-des-obseques-officielles-sera-neanmoins-decore-a-titre-posthume-au-nom-de-paul-biya#primaryimage","url":"https:\/\/static.africa-press.net\/cameroun\/sites\/57\/2022\/10\/img-633b33de9c7f1.jpg","contentUrl":"https:\/\/static.africa-press.net\/cameroun\/sites\/57\/2022\/10\/img-633b33de9c7f1.jpg","width":800,"height":533,"caption":"Cameroun\u00a0: Amadou Ali priv\u00e9 des obs\u00e8ques officielles, sera n\u00e9anmoins d\u00e9cor\u00e9 \u00e0 titre posthume au nom de Paul Biya."},{"@type":"BreadcrumbList","@id":"https:\/\/www.africa-press.net\/cameroun\/toutes-les-actualites\/cameroun-amadou-ali-prive-des-obseques-officielles-sera-neanmoins-decore-a-titre-posthume-au-nom-de-paul-biya#breadcrumb","itemListElement":[{"@type":"ListItem","position":1,"name":"Accueil","item":"https:\/\/www.africa-press.net\/cameroun\/"},{"@type":"ListItem","position":2,"name":"Cameroun\u00a0: Amadou Ali priv\u00e9 des obs\u00e8ques officielles, sera n\u00e9anmoins d\u00e9cor\u00e9 \u00e0 titre posthume au nom de Paul Biya."}]},{"@type":"WebSite","@id":"https:\/\/www.africa-press.net\/cameroun\/#website","url":"https:\/\/www.africa-press.net\/cameroun\/","name":"Cameroun","description":"Just another Africa News Agency Sites site","potentialAction":[{"@type":"SearchAction","target":{"@type":"EntryPoint","urlTemplate":"https:\/\/www.africa-press.net\/cameroun\/?s={search_term_string}"},"query-input":{"@type":"PropertyValueSpecification","valueRequired":true,"valueName":"search_term_string"}}],"inLanguage":"fr-FR"},{"@type":"Person","@id":"https:\/\/www.africa-press.net\/cameroun\/#\/schema\/person\/2b1cf3cd81a31e3cd26889ca66d677f1","name":"cfeditorfr"}]}},"_links":{"self":[{"href":"https:\/\/www.africa-press.net\/cameroun\/wp-json\/wp\/v2\/posts\/28648","targetHints":{"allow":["GET"]}}],"collection":[{"href":"https:\/\/www.africa-press.net\/cameroun\/wp-json\/wp\/v2\/posts"}],"about":[{"href":"https:\/\/www.africa-press.net\/cameroun\/wp-json\/wp\/v2\/types\/post"}],"author":[{"embeddable":true,"href":"https:\/\/www.africa-press.net\/cameroun\/wp-json\/wp\/v2\/users\/82"}],"replies":[{"embeddable":true,"href":"https:\/\/www.africa-press.net\/cameroun\/wp-json\/wp\/v2\/comments?post=28648"}],"version-history":[{"count":0,"href":"https:\/\/www.africa-press.net\/cameroun\/wp-json\/wp\/v2\/posts\/28648\/revisions"}],"wp:featuredmedia":[{"embeddable":true,"href":"https:\/\/www.africa-press.net\/cameroun\/wp-json\/wp\/v2\/media\/28647"}],"wp:attachment":[{"href":"https:\/\/www.africa-press.net\/cameroun\/wp-json\/wp\/v2\/media?parent=28648"}],"wp:term":[{"taxonomy":"category","embeddable":true,"href":"https:\/\/www.africa-press.net\/cameroun\/wp-json\/wp\/v2\/categories?post=28648"},{"taxonomy":"post_tag","embeddable":true,"href":"https:\/\/www.africa-press.net\/cameroun\/wp-json\/wp\/v2\/tags?post=28648"}],"curies":[{"name":"wp","href":"https:\/\/api.w.org\/{rel}","templated":true}]}}