{"id":28651,"date":"2022-10-03T17:46:08","date_gmt":"2022-10-03T17:46:08","guid":{"rendered":"https:\/\/www.africa-press.net\/cameroun\/politique\/cameroun-la-coalition-des-mouvements-des-enseignants-relance-la-greve"},"modified":"2022-10-03T19:12:30","modified_gmt":"2022-10-03T19:12:30","slug":"cameroun-la-coalition-des-mouvements-des-enseignants-relance-la-greve","status":"publish","type":"post","link":"https:\/\/www.africa-press.net\/cameroun\/toutes-les-actualites\/cameroun-la-coalition-des-mouvements-des-enseignants-relance-la-greve","title":{"rendered":"Cameroun : la coalition des mouvements des enseignants relance la gr\u00e8ve"},"content":{"rendered":"<p><span style=\"color: #ff6600\"><strong>Africa-Press &#8211; Cameroun. <\/strong><\/span><b>Les mouvements OTS, OTA et SECA entrent en gre\u0300ve illimite\u0301e ce lundi 3 octobre 2022 sur l\u2019ensemble du territoire. Ils entendent aussi boycotter les festivite\u0301s de la journe\u0301e mondiale des enseignants du 5 octobre 2022.<\/b><\/p>\n<p>Apre\u0300s un moment d\u2019accalmie observe\u0301 depuis avril 2022, les enseignants du secondaire reprennent le de\u0301brayage. Ils relancent un vaste mouvement de gre\u0300ve ce lundi, a\u0300 deux jours de la ce\u0301le\u0301bration de la journe\u0301e mondiale des enseignants. Leurs revendications restent les me\u0302mes que celles exprime\u0301es en fe\u0301vrier 2022, lorsqu\u2019ils lancent le premier mot d\u2019ordre de gre\u0300ve. Ces exigences sont de deux ordres selon les gre\u0301vistes.<\/p>\n<p>Il s\u2019agit d\u2019une part les revendications financie\u0300res. Elles sont relatives a\u0300 la dette due aux enseignants par le gouvernement. Cette dette re\u0301sulte de l\u2019accumulation des salaires impaye\u0301s aux enseignants dans le cadre de l\u2019application des modes de paiement de 2\/3 ou 1\/3 du salaire. Il est applique\u0301 aux nouveaux enseignants sortis des e\u0301coles normales avant le de\u0301but du paiement total de leurs salaires. A co\u0302te\u0301 de ceux-la\u0300, d\u2019autres enseignants disent ne pas recevoir de salaire du tout a\u0300 la sortie de l\u2019e\u0301cole normale. Puis ils attendent jusqu\u2019a\u0300 parfois 10 ans en vain.<\/p>\n<p>D\u2019autre part, les enseignants revendiquent les meilleures conditions de travail et la prise en compte de manie\u0300re rapide de l\u2019e\u0301volution dans leur carrie\u0300re. Sur ce point, les seigneurs de la craie demandent entre autres la mise en \u0153uvre du statut particulier des enseignants, la suppression du syste\u0300me de paiement partiel des salaires, l\u2019automatisation des avancements et autres actes de carrie\u0300res.<\/p>\n<p>Ces revendications figurent parmi <b>les sept pre\u0301alables <\/b>que les gre\u0301vistes ont fixe\u0301s en avril 2022. C\u2019e\u0301tait dans le cadre de la reprise des cours pour le compte du 3e\u0300 trimestre. En aou\u0302t, veille de la rentre\u0301e scolaire, ils ont annonce\u0301 une gre\u0300ve illimite\u0301e de\u0300s le premier jour de classe le 5 septembre 2022. Suite a\u0300 cette annonce, le gouvernement a rappele\u0301 les solutions qui sont mises en \u0153uvre de manie\u0300re progressive. Les <b>ministres ont appele\u0301 au sens de la responsabilite\u0301<\/b>.<\/p>\n<p><strong>Pour plus d&rsquo;informations et d&rsquo;analyses sur la <a href=\"https:\/\/www.africa-press.net\/cameroun\">Cameroun<\/a>, suivez <a href=\"https:\/\/www.africa-press.net\/\">Africa-Press<\/a><\/strong><\/p>\n","protected":false},"excerpt":{"rendered":"<p>Africa-Press &#8211; Cameroun. Les mouvements OTS, OTA et SECA entrent en gre\u0300ve illimite\u0301e ce lundi 3 octobre 2022 sur l\u2019ensemble du territoire. Ils entendent aussi boycotter les festivite\u0301s de la journe\u0301e mondiale des enseignants du 5 octobre 2022. Apre\u0300s un moment d\u2019accalmie observe\u0301 depuis avril 2022, les enseignants du secondaire reprennent le de\u0301brayage. Ils relancent [&hellip;]<\/p>\n","protected":false},"author":82,"featured_media":28650,"comment_status":"open","ping_status":"closed","sticky":false,"template":"","format":"standard","meta":{"footnotes":""},"categories":[21,10],"tags":[36,50,49],"class_list":["post-28651","post","type-post","status-publish","format-standard","has-post-thumbnail","hentry","category-communaute","category-toutes-les-actualites","tag-africa-press","tag-africa-press-cameroun","tag-cameroun"],"yoast_head":"<!-- This site is optimized with the Yoast SEO Premium plugin v26.1 (Yoast SEO v27.0) - https:\/\/yoast.com\/product\/yoast-seo-premium-wordpress\/ -->\n<title>Cameroun : la coalition des mouvements des enseignants relance la gr\u00e8ve - Cameroun<\/title>\n<meta name=\"description\" content=\"Les mouvements OTS, OTA et SECA entrent en gre\u0300ve illimite\u0301e ce lundi 3 octobre 2022 sur l\u2019ensemble du territoire. Il ...\" \/>\n<meta name=\"robots\" content=\"index, follow, max-snippet:-1, max-image-preview:large, max-video-preview:-1\" \/>\n<link rel=\"canonical\" href=\"https:\/\/www.africa-press.net\/cameroun\/toutes-les-actualites\/cameroun-la-coalition-des-mouvements-des-enseignants-relance-la-greve\" \/>\n<meta property=\"og:locale\" content=\"fr_FR\" \/>\n<meta property=\"og:type\" content=\"article\" \/>\n<meta property=\"og:title\" content=\"Cameroun : la coalition des mouvements des enseignants relance la gr\u00e8ve\" \/>\n<meta property=\"og:description\" content=\"Les mouvements OTS, OTA et SECA entrent en gre\u0300ve illimite\u0301e ce lundi 3 octobre 2022 sur l\u2019ensemble du territoire. Il ...\" \/>\n<meta property=\"og:url\" content=\"https:\/\/www.africa-press.net\/cameroun\/toutes-les-actualites\/cameroun-la-coalition-des-mouvements-des-enseignants-relance-la-greve\" \/>\n<meta property=\"og:site_name\" content=\"Cameroun\" \/>\n<meta property=\"article:published_time\" content=\"2022-10-03T17:46:08+00:00\" \/>\n<meta property=\"article:modified_time\" content=\"2022-10-03T19:12:30+00:00\" \/>\n<meta property=\"og:image\" content=\"https:\/\/static.africa-press.net\/cameroun\/sites\/57\/2022\/10\/img-633b33fcae804.jpg\" \/>\n\t<meta property=\"og:image:width\" content=\"720\" \/>\n\t<meta property=\"og:image:height\" content=\"324\" \/>\n\t<meta property=\"og:image:type\" content=\"image\/jpeg\" \/>\n<meta name=\"author\" content=\"cfeditorfr\" \/>\n<meta name=\"twitter:card\" content=\"summary_large_image\" \/>\n<meta name=\"twitter:label1\" content=\"\u00c9crit par\" \/>\n\t<meta name=\"twitter:data1\" content=\"cfeditorfr\" \/>\n\t<meta name=\"twitter:label2\" content=\"Dur\u00e9e de lecture estim\u00e9e\" \/>\n\t<meta name=\"twitter:data2\" content=\"2 minutes\" \/>\n<script type=\"application\/ld+json\" class=\"yoast-schema-graph\">{\"@context\":\"https:\/\/schema.org\",\"@graph\":[{\"@type\":\"Article\",\"@id\":\"https:\/\/www.africa-press.net\/cameroun\/toutes-les-actualites\/cameroun-la-coalition-des-mouvements-des-enseignants-relance-la-greve#article\",\"isPartOf\":{\"@id\":\"https:\/\/www.africa-press.net\/cameroun\/toutes-les-actualites\/cameroun-la-coalition-des-mouvements-des-enseignants-relance-la-greve\"},\"author\":{\"name\":\"cfeditorfr\",\"@id\":\"https:\/\/www.africa-press.net\/cameroun\/#\/schema\/person\/2b1cf3cd81a31e3cd26889ca66d677f1\"},\"headline\":\"Cameroun : la coalition des mouvements des enseignants relance la gr\u00e8ve\",\"datePublished\":\"2022-10-03T17:46:08+00:00\",\"dateModified\":\"2022-10-03T19:12:30+00:00\",\"mainEntityOfPage\":{\"@id\":\"https:\/\/www.africa-press.net\/cameroun\/toutes-les-actualites\/cameroun-la-coalition-des-mouvements-des-enseignants-relance-la-greve\"},\"wordCount\":397,\"commentCount\":0,\"image\":{\"@id\":\"https:\/\/www.africa-press.net\/cameroun\/toutes-les-actualites\/cameroun-la-coalition-des-mouvements-des-enseignants-relance-la-greve#primaryimage\"},\"thumbnailUrl\":\"https:\/\/static.africa-press.net\/cameroun\/sites\/57\/2022\/10\/img-633b33fcae804.jpg\",\"keywords\":[\"Africa Press\",\"Africa Press-Cameroun\",\"Cameroun\"],\"articleSection\":[\"Communaut\u00e9\",\"Toutes les actualit\u00e9s\"],\"inLanguage\":\"fr-FR\",\"potentialAction\":[{\"@type\":\"CommentAction\",\"name\":\"Comment\",\"target\":[\"https:\/\/www.africa-press.net\/cameroun\/toutes-les-actualites\/cameroun-la-coalition-des-mouvements-des-enseignants-relance-la-greve#respond\"]}]},{\"@type\":\"WebPage\",\"@id\":\"https:\/\/www.africa-press.net\/cameroun\/toutes-les-actualites\/cameroun-la-coalition-des-mouvements-des-enseignants-relance-la-greve\",\"url\":\"https:\/\/www.africa-press.net\/cameroun\/toutes-les-actualites\/cameroun-la-coalition-des-mouvements-des-enseignants-relance-la-greve\",\"name\":\"Cameroun : la coalition des mouvements des enseignants relance la gr\u00e8ve - Cameroun\",\"isPartOf\":{\"@id\":\"https:\/\/www.africa-press.net\/cameroun\/#website\"},\"primaryImageOfPage\":{\"@id\":\"https:\/\/www.africa-press.net\/cameroun\/toutes-les-actualites\/cameroun-la-coalition-des-mouvements-des-enseignants-relance-la-greve#primaryimage\"},\"image\":{\"@id\":\"https:\/\/www.africa-press.net\/cameroun\/toutes-les-actualites\/cameroun-la-coalition-des-mouvements-des-enseignants-relance-la-greve#primaryimage\"},\"thumbnailUrl\":\"https:\/\/static.africa-press.net\/cameroun\/sites\/57\/2022\/10\/img-633b33fcae804.jpg\",\"datePublished\":\"2022-10-03T17:46:08+00:00\",\"dateModified\":\"2022-10-03T19:12:30+00:00\",\"author\":{\"@id\":\"https:\/\/www.africa-press.net\/cameroun\/#\/schema\/person\/2b1cf3cd81a31e3cd26889ca66d677f1\"},\"description\":\"Les mouvements OTS, OTA et SECA entrent en gre\u0300ve illimite\u0301e ce lundi 3 octobre 2022 sur l\u2019ensemble du territoire. Il ...\",\"breadcrumb\":{\"@id\":\"https:\/\/www.africa-press.net\/cameroun\/toutes-les-actualites\/cameroun-la-coalition-des-mouvements-des-enseignants-relance-la-greve#breadcrumb\"},\"inLanguage\":\"fr-FR\",\"potentialAction\":[{\"@type\":\"ReadAction\",\"target\":[\"https:\/\/www.africa-press.net\/cameroun\/toutes-les-actualites\/cameroun-la-coalition-des-mouvements-des-enseignants-relance-la-greve\"]}]},{\"@type\":\"ImageObject\",\"inLanguage\":\"fr-FR\",\"@id\":\"https:\/\/www.africa-press.net\/cameroun\/toutes-les-actualites\/cameroun-la-coalition-des-mouvements-des-enseignants-relance-la-greve#primaryimage\",\"url\":\"https:\/\/static.africa-press.net\/cameroun\/sites\/57\/2022\/10\/img-633b33fcae804.jpg\",\"contentUrl\":\"https:\/\/static.africa-press.net\/cameroun\/sites\/57\/2022\/10\/img-633b33fcae804.jpg\",\"width\":720,\"height\":324,\"caption\":\"Cameroun : la coalition des mouvements des enseignants relance la gr\u00e8ve\"},{\"@type\":\"BreadcrumbList\",\"@id\":\"https:\/\/www.africa-press.net\/cameroun\/toutes-les-actualites\/cameroun-la-coalition-des-mouvements-des-enseignants-relance-la-greve#breadcrumb\",\"itemListElement\":[{\"@type\":\"ListItem\",\"position\":1,\"name\":\"Accueil\",\"item\":\"https:\/\/www.africa-press.net\/cameroun\/\"},{\"@type\":\"ListItem\",\"position\":2,\"name\":\"Cameroun : la coalition des mouvements des enseignants relance la gr\u00e8ve\"}]},{\"@type\":\"WebSite\",\"@id\":\"https:\/\/www.africa-press.net\/cameroun\/#website\",\"url\":\"https:\/\/www.africa-press.net\/cameroun\/\",\"name\":\"Cameroun\",\"description\":\"Just another Africa News Agency Sites site\",\"potentialAction\":[{\"@type\":\"SearchAction\",\"target\":{\"@type\":\"EntryPoint\",\"urlTemplate\":\"https:\/\/www.africa-press.net\/cameroun\/?s={search_term_string}\"},\"query-input\":{\"@type\":\"PropertyValueSpecification\",\"valueRequired\":true,\"valueName\":\"search_term_string\"}}],\"inLanguage\":\"fr-FR\"},{\"@type\":\"Person\",\"@id\":\"https:\/\/www.africa-press.net\/cameroun\/#\/schema\/person\/2b1cf3cd81a31e3cd26889ca66d677f1\",\"name\":\"cfeditorfr\"}]}<\/script>\n<!-- \/ Yoast SEO Premium plugin. -->","yoast_head_json":{"title":"Cameroun : la coalition des mouvements des enseignants relance la gr\u00e8ve - Cameroun","description":"Les mouvements OTS, OTA et SECA entrent en gre\u0300ve illimite\u0301e ce lundi 3 octobre 2022 sur l\u2019ensemble du territoire. Il ...","robots":{"index":"index","follow":"follow","max-snippet":"max-snippet:-1","max-image-preview":"max-image-preview:large","max-video-preview":"max-video-preview:-1"},"canonical":"https:\/\/www.africa-press.net\/cameroun\/toutes-les-actualites\/cameroun-la-coalition-des-mouvements-des-enseignants-relance-la-greve","og_locale":"fr_FR","og_type":"article","og_title":"Cameroun : la coalition des mouvements des enseignants relance la gr\u00e8ve","og_description":"Les mouvements OTS, OTA et SECA entrent en gre\u0300ve illimite\u0301e ce lundi 3 octobre 2022 sur l\u2019ensemble du territoire. Il ...","og_url":"https:\/\/www.africa-press.net\/cameroun\/toutes-les-actualites\/cameroun-la-coalition-des-mouvements-des-enseignants-relance-la-greve","og_site_name":"Cameroun","article_published_time":"2022-10-03T17:46:08+00:00","article_modified_time":"2022-10-03T19:12:30+00:00","og_image":[{"width":720,"height":324,"url":"https:\/\/static.africa-press.net\/cameroun\/sites\/57\/2022\/10\/img-633b33fcae804.jpg","type":"image\/jpeg"}],"author":"cfeditorfr","twitter_card":"summary_large_image","twitter_misc":{"\u00c9crit par":"cfeditorfr","Dur\u00e9e de lecture estim\u00e9e":"2 minutes"},"schema":{"@context":"https:\/\/schema.org","@graph":[{"@type":"Article","@id":"https:\/\/www.africa-press.net\/cameroun\/toutes-les-actualites\/cameroun-la-coalition-des-mouvements-des-enseignants-relance-la-greve#article","isPartOf":{"@id":"https:\/\/www.africa-press.net\/cameroun\/toutes-les-actualites\/cameroun-la-coalition-des-mouvements-des-enseignants-relance-la-greve"},"author":{"name":"cfeditorfr","@id":"https:\/\/www.africa-press.net\/cameroun\/#\/schema\/person\/2b1cf3cd81a31e3cd26889ca66d677f1"},"headline":"Cameroun : la coalition des mouvements des enseignants relance la gr\u00e8ve","datePublished":"2022-10-03T17:46:08+00:00","dateModified":"2022-10-03T19:12:30+00:00","mainEntityOfPage":{"@id":"https:\/\/www.africa-press.net\/cameroun\/toutes-les-actualites\/cameroun-la-coalition-des-mouvements-des-enseignants-relance-la-greve"},"wordCount":397,"commentCount":0,"image":{"@id":"https:\/\/www.africa-press.net\/cameroun\/toutes-les-actualites\/cameroun-la-coalition-des-mouvements-des-enseignants-relance-la-greve#primaryimage"},"thumbnailUrl":"https:\/\/static.africa-press.net\/cameroun\/sites\/57\/2022\/10\/img-633b33fcae804.jpg","keywords":["Africa Press","Africa Press-Cameroun","Cameroun"],"articleSection":["Communaut\u00e9","Toutes les actualit\u00e9s"],"inLanguage":"fr-FR","potentialAction":[{"@type":"CommentAction","name":"Comment","target":["https:\/\/www.africa-press.net\/cameroun\/toutes-les-actualites\/cameroun-la-coalition-des-mouvements-des-enseignants-relance-la-greve#respond"]}]},{"@type":"WebPage","@id":"https:\/\/www.africa-press.net\/cameroun\/toutes-les-actualites\/cameroun-la-coalition-des-mouvements-des-enseignants-relance-la-greve","url":"https:\/\/www.africa-press.net\/cameroun\/toutes-les-actualites\/cameroun-la-coalition-des-mouvements-des-enseignants-relance-la-greve","name":"Cameroun : la coalition des mouvements des enseignants relance la gr\u00e8ve - Cameroun","isPartOf":{"@id":"https:\/\/www.africa-press.net\/cameroun\/#website"},"primaryImageOfPage":{"@id":"https:\/\/www.africa-press.net\/cameroun\/toutes-les-actualites\/cameroun-la-coalition-des-mouvements-des-enseignants-relance-la-greve#primaryimage"},"image":{"@id":"https:\/\/www.africa-press.net\/cameroun\/toutes-les-actualites\/cameroun-la-coalition-des-mouvements-des-enseignants-relance-la-greve#primaryimage"},"thumbnailUrl":"https:\/\/static.africa-press.net\/cameroun\/sites\/57\/2022\/10\/img-633b33fcae804.jpg","datePublished":"2022-10-03T17:46:08+00:00","dateModified":"2022-10-03T19:12:30+00:00","author":{"@id":"https:\/\/www.africa-press.net\/cameroun\/#\/schema\/person\/2b1cf3cd81a31e3cd26889ca66d677f1"},"description":"Les mouvements OTS, OTA et SECA entrent en gre\u0300ve illimite\u0301e ce lundi 3 octobre 2022 sur l\u2019ensemble du territoire. Il ...","breadcrumb":{"@id":"https:\/\/www.africa-press.net\/cameroun\/toutes-les-actualites\/cameroun-la-coalition-des-mouvements-des-enseignants-relance-la-greve#breadcrumb"},"inLanguage":"fr-FR","potentialAction":[{"@type":"ReadAction","target":["https:\/\/www.africa-press.net\/cameroun\/toutes-les-actualites\/cameroun-la-coalition-des-mouvements-des-enseignants-relance-la-greve"]}]},{"@type":"ImageObject","inLanguage":"fr-FR","@id":"https:\/\/www.africa-press.net\/cameroun\/toutes-les-actualites\/cameroun-la-coalition-des-mouvements-des-enseignants-relance-la-greve#primaryimage","url":"https:\/\/static.africa-press.net\/cameroun\/sites\/57\/2022\/10\/img-633b33fcae804.jpg","contentUrl":"https:\/\/static.africa-press.net\/cameroun\/sites\/57\/2022\/10\/img-633b33fcae804.jpg","width":720,"height":324,"caption":"Cameroun : la coalition des mouvements des enseignants relance la gr\u00e8ve"},{"@type":"BreadcrumbList","@id":"https:\/\/www.africa-press.net\/cameroun\/toutes-les-actualites\/cameroun-la-coalition-des-mouvements-des-enseignants-relance-la-greve#breadcrumb","itemListElement":[{"@type":"ListItem","position":1,"name":"Accueil","item":"https:\/\/www.africa-press.net\/cameroun\/"},{"@type":"ListItem","position":2,"name":"Cameroun : la coalition des mouvements des enseignants relance la gr\u00e8ve"}]},{"@type":"WebSite","@id":"https:\/\/www.africa-press.net\/cameroun\/#website","url":"https:\/\/www.africa-press.net\/cameroun\/","name":"Cameroun","description":"Just another Africa News Agency Sites site","potentialAction":[{"@type":"SearchAction","target":{"@type":"EntryPoint","urlTemplate":"https:\/\/www.africa-press.net\/cameroun\/?s={search_term_string}"},"query-input":{"@type":"PropertyValueSpecification","valueRequired":true,"valueName":"search_term_string"}}],"inLanguage":"fr-FR"},{"@type":"Person","@id":"https:\/\/www.africa-press.net\/cameroun\/#\/schema\/person\/2b1cf3cd81a31e3cd26889ca66d677f1","name":"cfeditorfr"}]}},"_links":{"self":[{"href":"https:\/\/www.africa-press.net\/cameroun\/wp-json\/wp\/v2\/posts\/28651","targetHints":{"allow":["GET"]}}],"collection":[{"href":"https:\/\/www.africa-press.net\/cameroun\/wp-json\/wp\/v2\/posts"}],"about":[{"href":"https:\/\/www.africa-press.net\/cameroun\/wp-json\/wp\/v2\/types\/post"}],"author":[{"embeddable":true,"href":"https:\/\/www.africa-press.net\/cameroun\/wp-json\/wp\/v2\/users\/82"}],"replies":[{"embeddable":true,"href":"https:\/\/www.africa-press.net\/cameroun\/wp-json\/wp\/v2\/comments?post=28651"}],"version-history":[{"count":0,"href":"https:\/\/www.africa-press.net\/cameroun\/wp-json\/wp\/v2\/posts\/28651\/revisions"}],"wp:featuredmedia":[{"embeddable":true,"href":"https:\/\/www.africa-press.net\/cameroun\/wp-json\/wp\/v2\/media\/28650"}],"wp:attachment":[{"href":"https:\/\/www.africa-press.net\/cameroun\/wp-json\/wp\/v2\/media?parent=28651"}],"wp:term":[{"taxonomy":"category","embeddable":true,"href":"https:\/\/www.africa-press.net\/cameroun\/wp-json\/wp\/v2\/categories?post=28651"},{"taxonomy":"post_tag","embeddable":true,"href":"https:\/\/www.africa-press.net\/cameroun\/wp-json\/wp\/v2\/tags?post=28651"}],"curies":[{"name":"wp","href":"https:\/\/api.w.org\/{rel}","templated":true}]}}