{"id":28663,"date":"2022-10-03T18:16:57","date_gmt":"2022-10-03T18:16:57","guid":{"rendered":"https:\/\/www.africa-press.net\/cameroun\/politique\/camwater-lannonce-du-deblocage-dun-demi-milliard-de-fcfa-desamorce-la-greve-du-personnel"},"modified":"2022-10-03T19:47:41","modified_gmt":"2022-10-03T19:47:41","slug":"camwater-lannonce-du-deblocage-dun-demi-milliard-de-fcfa-desamorce-la-greve-du-personnel","status":"publish","type":"post","link":"https:\/\/www.africa-press.net\/cameroun\/economie\/camwater-lannonce-du-deblocage-dun-demi-milliard-de-fcfa-desamorce-la-greve-du-personnel","title":{"rendered":"Camwater\u00a0: l\u2019annonce du d\u00e9blocage d\u2019un demi-milliard de FCFA d\u00e9samorce la gr\u00e8ve du personnel"},"content":{"rendered":"<p><span style=\"color: #ff6600\"><strong>Africa-Press &#8211; Cameroun. <\/strong><\/span>Investir au Cameroun) &#8211; Dans un communique\u0301 conjointement signe\u0301 par le ministre de l\u2019Eau et de l\u2019E\u0301nergie (Minee), Gaston Eloundou Essomba, le directeur ge\u0301ne\u0301ral de Camwater et cinq leaders syndicaux, l\u2019on a appris que 500 millions de FCFA seront de\u0301bloque\u0301s au titre du re\u0300glement partiel de la dette sociale des employe\u0301s de la socie\u0301te\u0301 en charge de la production et la distribution de l\u2019eau potable au Cameroun qui menac\u0327aient d\u2019entrer en gre\u0300ve de\u0300s le 1er octobre dernier.<\/p>\n<p>On ignore, cependant, quand le ministre des Finances effectuera le virement de ce montant qui ne repre\u0301sente que 5% de la dette re\u0301clame\u0301e par les employe\u0301s. Tout ce que l\u2019on sait c\u2019est que \u00ab la promesse d\u2019apurement progressif de ladite dette \u00bb a e\u0301galement e\u0301te\u0301 faite.<\/p>\n<p>En plus, les nouveaux dirigeants de l\u2019entreprise publique auraient, selon le me\u0302me communique\u0301, affiche\u0301 de \u00ab bonnes dispositions a\u0300 respecter les textes le\u0301gaux et re\u0301glementaires notamment le Code du travail et la convention collective \u00bb. \u00ab En conse\u0301quence, les leaders syndicaux informent les personnels que le mot de gre\u0300ve est leve\u0301. Ils les invitent a\u0300 rejoindre leur poste de travail de\u0300s le lundi 3 octobre 2022 a\u0300 7h 30 minutes pre\u0301cises \u00bb, lit-on dans le document qui annonce aussi la poursuite \u00ab des concertations plus approfondies au sein de la Camwater \u00bb.<\/p>\n<p>Ces remous sociaux interviennent dans un contexte ou\u0300 la Camwater connai\u0302t des difficulte\u0301s qui ont d\u2019ailleurs cou\u0302te\u0301 son poste a\u0300 Gervais Bolenga. Il a e\u0301te\u0301 remplace\u0301 apre\u0300s un bail de cinq ans passe\u0301s a\u0300 la te\u0302te de l\u2019entreprise publique par Blaise Moussa.<\/p>\n<p><strong>Pour plus d&rsquo;informations et d&rsquo;analyses sur la <a href=\"https:\/\/www.africa-press.net\/cameroun\">Cameroun<\/a>, suivez <a href=\"https:\/\/www.africa-press.net\/\">Africa-Press<\/a><\/strong><\/p>\n","protected":false},"excerpt":{"rendered":"<p>Africa-Press &#8211; Cameroun. Investir au Cameroun) &#8211; Dans un communique\u0301 conjointement signe\u0301 par le ministre de l\u2019Eau et de l\u2019E\u0301nergie (Minee), Gaston Eloundou Essomba, le directeur ge\u0301ne\u0301ral de Camwater et cinq leaders syndicaux, l\u2019on a appris que 500 millions de FCFA seront de\u0301bloque\u0301s au titre du re\u0300glement partiel de la dette sociale des employe\u0301s de [&hellip;]<\/p>\n","protected":false},"author":82,"featured_media":28662,"comment_status":"open","ping_status":"closed","sticky":false,"template":"","format":"standard","meta":{"footnotes":""},"categories":[3,10],"tags":[36,50,49],"class_list":["post-28663","post","type-post","status-publish","format-standard","has-post-thumbnail","hentry","category-economie","category-toutes-les-actualites","tag-africa-press","tag-africa-press-cameroun","tag-cameroun"],"yoast_head":"<!-- This site is optimized with the Yoast SEO Premium plugin v26.1 (Yoast SEO v27.0) - https:\/\/yoast.com\/product\/yoast-seo-premium-wordpress\/ -->\n<title>Camwater\u00a0: l\u2019annonce du d\u00e9blocage d\u2019un demi-milliard de FCFA d\u00e9samorce la gr\u00e8ve du personnel - Cameroun<\/title>\n<meta name=\"description\" content=\"Investir au Cameroun) - Dans un communique\u0301 conjointement signe\u0301 par le ministre de l\u2019Eau et de l\u2019E\u0301nergie (Minee), Gast ...\" \/>\n<meta name=\"robots\" content=\"index, follow, max-snippet:-1, max-image-preview:large, max-video-preview:-1\" \/>\n<link rel=\"canonical\" href=\"https:\/\/www.africa-press.net\/cameroun\/economie\/camwater-lannonce-du-deblocage-dun-demi-milliard-de-fcfa-desamorce-la-greve-du-personnel\" \/>\n<meta property=\"og:locale\" content=\"fr_FR\" \/>\n<meta property=\"og:type\" content=\"article\" \/>\n<meta property=\"og:title\" content=\"Camwater\u00a0: l\u2019annonce du d\u00e9blocage d\u2019un demi-milliard de FCFA d\u00e9samorce la gr\u00e8ve du personnel\" \/>\n<meta property=\"og:description\" content=\"Investir au Cameroun) - Dans un communique\u0301 conjointement signe\u0301 par le ministre de l\u2019Eau et de l\u2019E\u0301nergie (Minee), Gast ...\" \/>\n<meta property=\"og:url\" content=\"https:\/\/www.africa-press.net\/cameroun\/economie\/camwater-lannonce-du-deblocage-dun-demi-milliard-de-fcfa-desamorce-la-greve-du-personnel\" \/>\n<meta property=\"og:site_name\" content=\"Cameroun\" \/>\n<meta property=\"article:published_time\" content=\"2022-10-03T18:16:57+00:00\" \/>\n<meta property=\"article:modified_time\" content=\"2022-10-03T19:47:41+00:00\" \/>\n<meta property=\"og:image\" content=\"https:\/\/static.africa-press.net\/cameroun\/sites\/57\/2022\/10\/img-633b34a255105.jpg\" \/>\n\t<meta property=\"og:image:width\" content=\"720\" \/>\n\t<meta property=\"og:image:height\" content=\"479\" \/>\n\t<meta property=\"og:image:type\" content=\"image\/jpeg\" \/>\n<meta name=\"author\" content=\"cfeditorfr\" \/>\n<meta name=\"twitter:card\" content=\"summary_large_image\" \/>\n<meta name=\"twitter:label1\" content=\"\u00c9crit par\" \/>\n\t<meta name=\"twitter:data1\" content=\"cfeditorfr\" \/>\n\t<meta name=\"twitter:label2\" content=\"Dur\u00e9e de lecture estim\u00e9e\" \/>\n\t<meta name=\"twitter:data2\" content=\"2 minutes\" \/>\n<script type=\"application\/ld+json\" class=\"yoast-schema-graph\">{\"@context\":\"https:\/\/schema.org\",\"@graph\":[{\"@type\":\"Article\",\"@id\":\"https:\/\/www.africa-press.net\/cameroun\/economie\/camwater-lannonce-du-deblocage-dun-demi-milliard-de-fcfa-desamorce-la-greve-du-personnel#article\",\"isPartOf\":{\"@id\":\"https:\/\/www.africa-press.net\/cameroun\/economie\/camwater-lannonce-du-deblocage-dun-demi-milliard-de-fcfa-desamorce-la-greve-du-personnel\"},\"author\":{\"name\":\"cfeditorfr\",\"@id\":\"https:\/\/www.africa-press.net\/cameroun\/#\/schema\/person\/2b1cf3cd81a31e3cd26889ca66d677f1\"},\"headline\":\"Camwater\u00a0: l\u2019annonce du d\u00e9blocage d\u2019un demi-milliard de FCFA d\u00e9samorce la gr\u00e8ve du personnel\",\"datePublished\":\"2022-10-03T18:16:57+00:00\",\"dateModified\":\"2022-10-03T19:47:41+00:00\",\"mainEntityOfPage\":{\"@id\":\"https:\/\/www.africa-press.net\/cameroun\/economie\/camwater-lannonce-du-deblocage-dun-demi-milliard-de-fcfa-desamorce-la-greve-du-personnel\"},\"wordCount\":319,\"commentCount\":0,\"image\":{\"@id\":\"https:\/\/www.africa-press.net\/cameroun\/economie\/camwater-lannonce-du-deblocage-dun-demi-milliard-de-fcfa-desamorce-la-greve-du-personnel#primaryimage\"},\"thumbnailUrl\":\"https:\/\/static.africa-press.net\/cameroun\/sites\/57\/2022\/10\/img-633b34a255105.jpg\",\"keywords\":[\"Africa Press\",\"Africa Press-Cameroun\",\"Cameroun\"],\"articleSection\":[\"\u00c9conomie\",\"Toutes les actualit\u00e9s\"],\"inLanguage\":\"fr-FR\",\"potentialAction\":[{\"@type\":\"CommentAction\",\"name\":\"Comment\",\"target\":[\"https:\/\/www.africa-press.net\/cameroun\/economie\/camwater-lannonce-du-deblocage-dun-demi-milliard-de-fcfa-desamorce-la-greve-du-personnel#respond\"]}]},{\"@type\":\"WebPage\",\"@id\":\"https:\/\/www.africa-press.net\/cameroun\/economie\/camwater-lannonce-du-deblocage-dun-demi-milliard-de-fcfa-desamorce-la-greve-du-personnel\",\"url\":\"https:\/\/www.africa-press.net\/cameroun\/economie\/camwater-lannonce-du-deblocage-dun-demi-milliard-de-fcfa-desamorce-la-greve-du-personnel\",\"name\":\"Camwater\u00a0: l\u2019annonce du d\u00e9blocage d\u2019un demi-milliard de FCFA d\u00e9samorce la gr\u00e8ve du personnel - Cameroun\",\"isPartOf\":{\"@id\":\"https:\/\/www.africa-press.net\/cameroun\/#website\"},\"primaryImageOfPage\":{\"@id\":\"https:\/\/www.africa-press.net\/cameroun\/economie\/camwater-lannonce-du-deblocage-dun-demi-milliard-de-fcfa-desamorce-la-greve-du-personnel#primaryimage\"},\"image\":{\"@id\":\"https:\/\/www.africa-press.net\/cameroun\/economie\/camwater-lannonce-du-deblocage-dun-demi-milliard-de-fcfa-desamorce-la-greve-du-personnel#primaryimage\"},\"thumbnailUrl\":\"https:\/\/static.africa-press.net\/cameroun\/sites\/57\/2022\/10\/img-633b34a255105.jpg\",\"datePublished\":\"2022-10-03T18:16:57+00:00\",\"dateModified\":\"2022-10-03T19:47:41+00:00\",\"author\":{\"@id\":\"https:\/\/www.africa-press.net\/cameroun\/#\/schema\/person\/2b1cf3cd81a31e3cd26889ca66d677f1\"},\"description\":\"Investir au Cameroun) - Dans un communique\u0301 conjointement signe\u0301 par le ministre de l\u2019Eau et de l\u2019E\u0301nergie (Minee), Gast ...\",\"breadcrumb\":{\"@id\":\"https:\/\/www.africa-press.net\/cameroun\/economie\/camwater-lannonce-du-deblocage-dun-demi-milliard-de-fcfa-desamorce-la-greve-du-personnel#breadcrumb\"},\"inLanguage\":\"fr-FR\",\"potentialAction\":[{\"@type\":\"ReadAction\",\"target\":[\"https:\/\/www.africa-press.net\/cameroun\/economie\/camwater-lannonce-du-deblocage-dun-demi-milliard-de-fcfa-desamorce-la-greve-du-personnel\"]}]},{\"@type\":\"ImageObject\",\"inLanguage\":\"fr-FR\",\"@id\":\"https:\/\/www.africa-press.net\/cameroun\/economie\/camwater-lannonce-du-deblocage-dun-demi-milliard-de-fcfa-desamorce-la-greve-du-personnel#primaryimage\",\"url\":\"https:\/\/static.africa-press.net\/cameroun\/sites\/57\/2022\/10\/img-633b34a255105.jpg\",\"contentUrl\":\"https:\/\/static.africa-press.net\/cameroun\/sites\/57\/2022\/10\/img-633b34a255105.jpg\",\"width\":720,\"height\":479,\"caption\":\"Camwater\u00a0: l\u2019annonce du d\u00e9blocage d\u2019un demi-milliard de FCFA d\u00e9samorce la gr\u00e8ve du personnel\"},{\"@type\":\"BreadcrumbList\",\"@id\":\"https:\/\/www.africa-press.net\/cameroun\/economie\/camwater-lannonce-du-deblocage-dun-demi-milliard-de-fcfa-desamorce-la-greve-du-personnel#breadcrumb\",\"itemListElement\":[{\"@type\":\"ListItem\",\"position\":1,\"name\":\"Accueil\",\"item\":\"https:\/\/www.africa-press.net\/cameroun\/\"},{\"@type\":\"ListItem\",\"position\":2,\"name\":\"Camwater\u00a0: l\u2019annonce du d\u00e9blocage d\u2019un demi-milliard de FCFA d\u00e9samorce la gr\u00e8ve du personnel\"}]},{\"@type\":\"WebSite\",\"@id\":\"https:\/\/www.africa-press.net\/cameroun\/#website\",\"url\":\"https:\/\/www.africa-press.net\/cameroun\/\",\"name\":\"Cameroun\",\"description\":\"Just another Africa News Agency Sites site\",\"potentialAction\":[{\"@type\":\"SearchAction\",\"target\":{\"@type\":\"EntryPoint\",\"urlTemplate\":\"https:\/\/www.africa-press.net\/cameroun\/?s={search_term_string}\"},\"query-input\":{\"@type\":\"PropertyValueSpecification\",\"valueRequired\":true,\"valueName\":\"search_term_string\"}}],\"inLanguage\":\"fr-FR\"},{\"@type\":\"Person\",\"@id\":\"https:\/\/www.africa-press.net\/cameroun\/#\/schema\/person\/2b1cf3cd81a31e3cd26889ca66d677f1\",\"name\":\"cfeditorfr\"}]}<\/script>\n<!-- \/ Yoast SEO Premium plugin. -->","yoast_head_json":{"title":"Camwater\u00a0: l\u2019annonce du d\u00e9blocage d\u2019un demi-milliard de FCFA d\u00e9samorce la gr\u00e8ve du personnel - Cameroun","description":"Investir au Cameroun) - Dans un communique\u0301 conjointement signe\u0301 par le ministre de l\u2019Eau et de l\u2019E\u0301nergie (Minee), Gast ...","robots":{"index":"index","follow":"follow","max-snippet":"max-snippet:-1","max-image-preview":"max-image-preview:large","max-video-preview":"max-video-preview:-1"},"canonical":"https:\/\/www.africa-press.net\/cameroun\/economie\/camwater-lannonce-du-deblocage-dun-demi-milliard-de-fcfa-desamorce-la-greve-du-personnel","og_locale":"fr_FR","og_type":"article","og_title":"Camwater\u00a0: l\u2019annonce du d\u00e9blocage d\u2019un demi-milliard de FCFA d\u00e9samorce la gr\u00e8ve du personnel","og_description":"Investir au Cameroun) - Dans un communique\u0301 conjointement signe\u0301 par le ministre de l\u2019Eau et de l\u2019E\u0301nergie (Minee), Gast ...","og_url":"https:\/\/www.africa-press.net\/cameroun\/economie\/camwater-lannonce-du-deblocage-dun-demi-milliard-de-fcfa-desamorce-la-greve-du-personnel","og_site_name":"Cameroun","article_published_time":"2022-10-03T18:16:57+00:00","article_modified_time":"2022-10-03T19:47:41+00:00","og_image":[{"width":720,"height":479,"url":"https:\/\/static.africa-press.net\/cameroun\/sites\/57\/2022\/10\/img-633b34a255105.jpg","type":"image\/jpeg"}],"author":"cfeditorfr","twitter_card":"summary_large_image","twitter_misc":{"\u00c9crit par":"cfeditorfr","Dur\u00e9e de lecture estim\u00e9e":"2 minutes"},"schema":{"@context":"https:\/\/schema.org","@graph":[{"@type":"Article","@id":"https:\/\/www.africa-press.net\/cameroun\/economie\/camwater-lannonce-du-deblocage-dun-demi-milliard-de-fcfa-desamorce-la-greve-du-personnel#article","isPartOf":{"@id":"https:\/\/www.africa-press.net\/cameroun\/economie\/camwater-lannonce-du-deblocage-dun-demi-milliard-de-fcfa-desamorce-la-greve-du-personnel"},"author":{"name":"cfeditorfr","@id":"https:\/\/www.africa-press.net\/cameroun\/#\/schema\/person\/2b1cf3cd81a31e3cd26889ca66d677f1"},"headline":"Camwater\u00a0: l\u2019annonce du d\u00e9blocage d\u2019un demi-milliard de FCFA d\u00e9samorce la gr\u00e8ve du personnel","datePublished":"2022-10-03T18:16:57+00:00","dateModified":"2022-10-03T19:47:41+00:00","mainEntityOfPage":{"@id":"https:\/\/www.africa-press.net\/cameroun\/economie\/camwater-lannonce-du-deblocage-dun-demi-milliard-de-fcfa-desamorce-la-greve-du-personnel"},"wordCount":319,"commentCount":0,"image":{"@id":"https:\/\/www.africa-press.net\/cameroun\/economie\/camwater-lannonce-du-deblocage-dun-demi-milliard-de-fcfa-desamorce-la-greve-du-personnel#primaryimage"},"thumbnailUrl":"https:\/\/static.africa-press.net\/cameroun\/sites\/57\/2022\/10\/img-633b34a255105.jpg","keywords":["Africa Press","Africa Press-Cameroun","Cameroun"],"articleSection":["\u00c9conomie","Toutes les actualit\u00e9s"],"inLanguage":"fr-FR","potentialAction":[{"@type":"CommentAction","name":"Comment","target":["https:\/\/www.africa-press.net\/cameroun\/economie\/camwater-lannonce-du-deblocage-dun-demi-milliard-de-fcfa-desamorce-la-greve-du-personnel#respond"]}]},{"@type":"WebPage","@id":"https:\/\/www.africa-press.net\/cameroun\/economie\/camwater-lannonce-du-deblocage-dun-demi-milliard-de-fcfa-desamorce-la-greve-du-personnel","url":"https:\/\/www.africa-press.net\/cameroun\/economie\/camwater-lannonce-du-deblocage-dun-demi-milliard-de-fcfa-desamorce-la-greve-du-personnel","name":"Camwater\u00a0: l\u2019annonce du d\u00e9blocage d\u2019un demi-milliard de FCFA d\u00e9samorce la gr\u00e8ve du personnel - Cameroun","isPartOf":{"@id":"https:\/\/www.africa-press.net\/cameroun\/#website"},"primaryImageOfPage":{"@id":"https:\/\/www.africa-press.net\/cameroun\/economie\/camwater-lannonce-du-deblocage-dun-demi-milliard-de-fcfa-desamorce-la-greve-du-personnel#primaryimage"},"image":{"@id":"https:\/\/www.africa-press.net\/cameroun\/economie\/camwater-lannonce-du-deblocage-dun-demi-milliard-de-fcfa-desamorce-la-greve-du-personnel#primaryimage"},"thumbnailUrl":"https:\/\/static.africa-press.net\/cameroun\/sites\/57\/2022\/10\/img-633b34a255105.jpg","datePublished":"2022-10-03T18:16:57+00:00","dateModified":"2022-10-03T19:47:41+00:00","author":{"@id":"https:\/\/www.africa-press.net\/cameroun\/#\/schema\/person\/2b1cf3cd81a31e3cd26889ca66d677f1"},"description":"Investir au Cameroun) - Dans un communique\u0301 conjointement signe\u0301 par le ministre de l\u2019Eau et de l\u2019E\u0301nergie (Minee), Gast ...","breadcrumb":{"@id":"https:\/\/www.africa-press.net\/cameroun\/economie\/camwater-lannonce-du-deblocage-dun-demi-milliard-de-fcfa-desamorce-la-greve-du-personnel#breadcrumb"},"inLanguage":"fr-FR","potentialAction":[{"@type":"ReadAction","target":["https:\/\/www.africa-press.net\/cameroun\/economie\/camwater-lannonce-du-deblocage-dun-demi-milliard-de-fcfa-desamorce-la-greve-du-personnel"]}]},{"@type":"ImageObject","inLanguage":"fr-FR","@id":"https:\/\/www.africa-press.net\/cameroun\/economie\/camwater-lannonce-du-deblocage-dun-demi-milliard-de-fcfa-desamorce-la-greve-du-personnel#primaryimage","url":"https:\/\/static.africa-press.net\/cameroun\/sites\/57\/2022\/10\/img-633b34a255105.jpg","contentUrl":"https:\/\/static.africa-press.net\/cameroun\/sites\/57\/2022\/10\/img-633b34a255105.jpg","width":720,"height":479,"caption":"Camwater\u00a0: l\u2019annonce du d\u00e9blocage d\u2019un demi-milliard de FCFA d\u00e9samorce la gr\u00e8ve du personnel"},{"@type":"BreadcrumbList","@id":"https:\/\/www.africa-press.net\/cameroun\/economie\/camwater-lannonce-du-deblocage-dun-demi-milliard-de-fcfa-desamorce-la-greve-du-personnel#breadcrumb","itemListElement":[{"@type":"ListItem","position":1,"name":"Accueil","item":"https:\/\/www.africa-press.net\/cameroun\/"},{"@type":"ListItem","position":2,"name":"Camwater\u00a0: l\u2019annonce du d\u00e9blocage d\u2019un demi-milliard de FCFA d\u00e9samorce la gr\u00e8ve du personnel"}]},{"@type":"WebSite","@id":"https:\/\/www.africa-press.net\/cameroun\/#website","url":"https:\/\/www.africa-press.net\/cameroun\/","name":"Cameroun","description":"Just another Africa News Agency Sites site","potentialAction":[{"@type":"SearchAction","target":{"@type":"EntryPoint","urlTemplate":"https:\/\/www.africa-press.net\/cameroun\/?s={search_term_string}"},"query-input":{"@type":"PropertyValueSpecification","valueRequired":true,"valueName":"search_term_string"}}],"inLanguage":"fr-FR"},{"@type":"Person","@id":"https:\/\/www.africa-press.net\/cameroun\/#\/schema\/person\/2b1cf3cd81a31e3cd26889ca66d677f1","name":"cfeditorfr"}]}},"_links":{"self":[{"href":"https:\/\/www.africa-press.net\/cameroun\/wp-json\/wp\/v2\/posts\/28663","targetHints":{"allow":["GET"]}}],"collection":[{"href":"https:\/\/www.africa-press.net\/cameroun\/wp-json\/wp\/v2\/posts"}],"about":[{"href":"https:\/\/www.africa-press.net\/cameroun\/wp-json\/wp\/v2\/types\/post"}],"author":[{"embeddable":true,"href":"https:\/\/www.africa-press.net\/cameroun\/wp-json\/wp\/v2\/users\/82"}],"replies":[{"embeddable":true,"href":"https:\/\/www.africa-press.net\/cameroun\/wp-json\/wp\/v2\/comments?post=28663"}],"version-history":[{"count":0,"href":"https:\/\/www.africa-press.net\/cameroun\/wp-json\/wp\/v2\/posts\/28663\/revisions"}],"wp:featuredmedia":[{"embeddable":true,"href":"https:\/\/www.africa-press.net\/cameroun\/wp-json\/wp\/v2\/media\/28662"}],"wp:attachment":[{"href":"https:\/\/www.africa-press.net\/cameroun\/wp-json\/wp\/v2\/media?parent=28663"}],"wp:term":[{"taxonomy":"category","embeddable":true,"href":"https:\/\/www.africa-press.net\/cameroun\/wp-json\/wp\/v2\/categories?post=28663"},{"taxonomy":"post_tag","embeddable":true,"href":"https:\/\/www.africa-press.net\/cameroun\/wp-json\/wp\/v2\/tags?post=28663"}],"curies":[{"name":"wp","href":"https:\/\/api.w.org\/{rel}","templated":true}]}}