{"id":2867,"date":"2021-04-30T19:19:38","date_gmt":"2021-04-30T19:19:38","guid":{"rendered":"https:\/\/www.africa-press.net\/cameroun\/politique\/cameroun-france-association-plus-dun-an-apres-sa-creation-la-maison-des-camerounais-de-france-obtient-son-agrement-aupres-de-la-prefecture-de-police-de-paris"},"modified":"2021-04-30T21:16:44","modified_gmt":"2021-04-30T21:16:44","slug":"cameroun-france-association-plus-dun-an-apres-sa-creation-la-maison-des-camerounais-de-france-obtient-son-agrement-aupres-de-la-prefecture-de-police-de-paris","status":"publish","type":"post","link":"https:\/\/www.africa-press.net\/cameroun\/politique\/cameroun-france-association-plus-dun-an-apres-sa-creation-la-maison-des-camerounais-de-france-obtient-son-agrement-aupres-de-la-prefecture-de-police-de-paris","title":{"rendered":"Cameroun\/France &#8211; Association: Plus d\u2019un an apr\u00e8s sa cr\u00e9ation, la \u00abMaison des Camerounais de France\u00bb obtient son agr\u00e9ment aupr\u00e8s de la Pr\u00e9fecture de police de Paris"},"content":{"rendered":"<p><span style=\"color: #ff6600\"><strong><a href=\"https:\/\/www.africa-press.net\/\">Africa-Press<\/a> &#8211; <a href=\"https:\/\/www.africa-press.net\/cameroun\">Cameroun<\/a>. <\/strong><\/span>Plus d\u2019un an apr\u00e8s sa cr\u00e9ation, la \u00abMaison des Camerounais de France Centre Franco\/Camerounais\u00bb (MCF-CFC) a obtenu son agr\u00e9ment aupr\u00e8s de la Pr\u00e9fecture de police de Paris. C\u2019\u00e9tait au mois de mars 2021.<\/p>\n<p>L\u2019Association a \u00e9t\u00e9 fond\u00e9e a\u0300 l\u2019initiative d\u2019Abdelaziz Mounde Njimbam et Dieudonn\u00e9\u0301 Ngomou, et constitu\u00e9e en janvier 2020 lors de l\u2019assembl\u00e9e g\u00e9n\u00e9rale organis\u00e9e \u00e0 Pantin (France), renseigne le journal Le Messager \u00e9dition du 30 avril 2021.<\/p>\n<p>\u00abElle est con\u00e7ue comme un portail, un r\u00e9seau, une plateforme et un projet de lieu pluridimensionnel de valorisation de la pr\u00e9sence camerounaise en France, de partage et de solidarit\u00e9\u0301; d\u2019expression des talents et comp\u00e9tences; de cr\u00e9ation et d\u2019activit\u00e9s, de mobilisation, de renforcement des capacit\u00e9s et d\u2019articulation des dynamiques associatives et de mise en exergue de liens associatifs et d\u00e9centralis\u00e9s entre la France et le Cameroun\u00bb, rappelle Abdelaziz Mounde Njimbam, dont les propos sont relay\u00e9s dans les colonnes du journal.<\/p>\n<p>D\u2019apr\u00e8s Le Messager, cette officialisation marque une \u00e9tape importante, non seulement dans la reconnaissance d\u2019une institution qui est appel\u00e9e \u00e0 jouer toute sa partition dans le milieu associatif des expatri\u00e9s du triangle national et en mati\u00e8re de coop\u00e9ration entre leur pays d\u2019origine et le pays d\u2019accueil.<\/p>\n<p><b>\u00abC\u2019est aussi un pas de plus dans la structuration de ce projet qui est une v\u00e9ritable fus\u00e9e \u00e0 plusieurs niveaux. Avec d\u00e9j\u00e0 en janvier et f\u00e9vrier derniers, l\u2019\u00e9laboration des textes du R\u00e9seau des Maisons des Camerounais de la Diaspora, avec les pionniers du Canada, d\u2019Allemagne et de Suisse. Et pour la p\u00e9riode de juin-juillet 2021, une mise en perspective de l\u2019int\u00e9gration d\u2019un local physique et l\u2019ambition de la construction et l\u2019am\u00e9nagement d\u2019un complexe multifonctions \u00e0 l\u2019horizon 2024\u00bb, <\/b>peut-on lire.<\/p>\n","protected":false},"excerpt":{"rendered":"<p>Africa-Press &#8211; Cameroun. Plus d\u2019un an apr\u00e8s sa cr\u00e9ation, la \u00abMaison des Camerounais de France Centre Franco\/Camerounais\u00bb (MCF-CFC) a obtenu son agr\u00e9ment aupr\u00e8s de la Pr\u00e9fecture de police de Paris. C\u2019\u00e9tait au mois de mars 2021. L\u2019Association a \u00e9t\u00e9 fond\u00e9e a\u0300 l\u2019initiative d\u2019Abdelaziz Mounde Njimbam et Dieudonn\u00e9\u0301 Ngomou, et constitu\u00e9e en janvier 2020 lors de [&hellip;]<\/p>\n","protected":false},"author":82,"featured_media":2866,"comment_status":"open","ping_status":"closed","sticky":false,"template":"","format":"standard","meta":{"footnotes":""},"categories":[11,2,10],"tags":[36,50,49],"class_list":["post-2867","post","type-post","status-publish","format-standard","has-post-thumbnail","hentry","category-homepage-french","category-politique","category-toutes-les-actualites","tag-africa-press","tag-africa-press-cameroun","tag-cameroun"],"yoast_head":"<!-- This site is optimized with the Yoast SEO Premium plugin v26.1 (Yoast SEO v27.0) - https:\/\/yoast.com\/product\/yoast-seo-premium-wordpress\/ -->\n<title>Cameroun\/France - Association: Plus d\u2019un an apr\u00e8s sa cr\u00e9ation, la \u00abMaison des Camerounais de France\u00bb obtient son agr\u00e9ment aupr\u00e8s de la Pr\u00e9fecture de police de Paris - Cameroun<\/title>\n<meta name=\"description\" content=\"Plus d\u2019un an apr\u00e8s sa cr\u00e9ation, la \u00abMaison des Camerounais de France Centre Franco\/Camerounais\u00bb (MCF-CFC) a obtenu son a ...\" \/>\n<meta name=\"robots\" content=\"index, follow, max-snippet:-1, max-image-preview:large, max-video-preview:-1\" \/>\n<link rel=\"canonical\" href=\"https:\/\/www.africa-press.net\/cameroun\/politique\/cameroun-france-association-plus-dun-an-apres-sa-creation-la-maison-des-camerounais-de-france-obtient-son-agrement-aupres-de-la-prefecture-de-police-de-paris\" \/>\n<meta property=\"og:locale\" content=\"fr_FR\" \/>\n<meta property=\"og:type\" content=\"article\" \/>\n<meta property=\"og:title\" content=\"Cameroun\/France - Association: Plus d\u2019un an apr\u00e8s sa cr\u00e9ation, la \u00abMaison des Camerounais de France\u00bb obtient son agr\u00e9ment aupr\u00e8s de la Pr\u00e9fecture de police de Paris\" \/>\n<meta property=\"og:description\" content=\"Plus d\u2019un an apr\u00e8s sa cr\u00e9ation, la \u00abMaison des Camerounais de France Centre Franco\/Camerounais\u00bb (MCF-CFC) a obtenu son a ...\" \/>\n<meta property=\"og:url\" content=\"https:\/\/www.africa-press.net\/cameroun\/politique\/cameroun-france-association-plus-dun-an-apres-sa-creation-la-maison-des-camerounais-de-france-obtient-son-agrement-aupres-de-la-prefecture-de-police-de-paris\" \/>\n<meta property=\"og:site_name\" content=\"Cameroun\" \/>\n<meta property=\"article:published_time\" content=\"2021-04-30T19:19:38+00:00\" \/>\n<meta property=\"article:modified_time\" content=\"2021-04-30T21:16:44+00:00\" \/>\n<meta property=\"og:image\" content=\"https:\/\/static.africa-press.net\/cameroun\/sites\/57\/2021\/04\/img-608c72b62ea51.jpg\" \/>\n\t<meta property=\"og:image:width\" content=\"800\" \/>\n\t<meta property=\"og:image:height\" content=\"533\" \/>\n\t<meta property=\"og:image:type\" content=\"image\/jpeg\" \/>\n<meta name=\"author\" content=\"cfeditorfr\" \/>\n<meta name=\"twitter:card\" content=\"summary_large_image\" \/>\n<meta name=\"twitter:label1\" content=\"\u00c9crit par\" \/>\n\t<meta name=\"twitter:data1\" content=\"cfeditorfr\" \/>\n\t<meta name=\"twitter:label2\" content=\"Dur\u00e9e de lecture estim\u00e9e\" \/>\n\t<meta name=\"twitter:data2\" content=\"2 minutes\" \/>\n<script type=\"application\/ld+json\" class=\"yoast-schema-graph\">{\"@context\":\"https:\/\/schema.org\",\"@graph\":[{\"@type\":\"Article\",\"@id\":\"https:\/\/www.africa-press.net\/cameroun\/politique\/cameroun-france-association-plus-dun-an-apres-sa-creation-la-maison-des-camerounais-de-france-obtient-son-agrement-aupres-de-la-prefecture-de-police-de-paris#article\",\"isPartOf\":{\"@id\":\"https:\/\/www.africa-press.net\/cameroun\/politique\/cameroun-france-association-plus-dun-an-apres-sa-creation-la-maison-des-camerounais-de-france-obtient-son-agrement-aupres-de-la-prefecture-de-police-de-paris\"},\"author\":{\"name\":\"cfeditorfr\",\"@id\":\"https:\/\/www.africa-press.net\/cameroun\/#\/schema\/person\/2b1cf3cd81a31e3cd26889ca66d677f1\"},\"headline\":\"Cameroun\/France &#8211; Association: Plus d\u2019un an apr\u00e8s sa cr\u00e9ation, la \u00abMaison des Camerounais de France\u00bb obtient son agr\u00e9ment aupr\u00e8s de la Pr\u00e9fecture de police de Paris\",\"datePublished\":\"2021-04-30T19:19:38+00:00\",\"dateModified\":\"2021-04-30T21:16:44+00:00\",\"mainEntityOfPage\":{\"@id\":\"https:\/\/www.africa-press.net\/cameroun\/politique\/cameroun-france-association-plus-dun-an-apres-sa-creation-la-maison-des-camerounais-de-france-obtient-son-agrement-aupres-de-la-prefecture-de-police-de-paris\"},\"wordCount\":355,\"commentCount\":0,\"image\":{\"@id\":\"https:\/\/www.africa-press.net\/cameroun\/politique\/cameroun-france-association-plus-dun-an-apres-sa-creation-la-maison-des-camerounais-de-france-obtient-son-agrement-aupres-de-la-prefecture-de-police-de-paris#primaryimage\"},\"thumbnailUrl\":\"https:\/\/static.africa-press.net\/cameroun\/sites\/57\/2021\/04\/img-608c72b62ea51.jpg\",\"keywords\":[\"Africa Press\",\"Africa Press-Cameroun\",\"Cameroun\"],\"articleSection\":[\"homepage-french\",\"Politique\",\"Toutes les actualit\u00e9s\"],\"inLanguage\":\"fr-FR\",\"potentialAction\":[{\"@type\":\"CommentAction\",\"name\":\"Comment\",\"target\":[\"https:\/\/www.africa-press.net\/cameroun\/politique\/cameroun-france-association-plus-dun-an-apres-sa-creation-la-maison-des-camerounais-de-france-obtient-son-agrement-aupres-de-la-prefecture-de-police-de-paris#respond\"]}]},{\"@type\":\"WebPage\",\"@id\":\"https:\/\/www.africa-press.net\/cameroun\/politique\/cameroun-france-association-plus-dun-an-apres-sa-creation-la-maison-des-camerounais-de-france-obtient-son-agrement-aupres-de-la-prefecture-de-police-de-paris\",\"url\":\"https:\/\/www.africa-press.net\/cameroun\/politique\/cameroun-france-association-plus-dun-an-apres-sa-creation-la-maison-des-camerounais-de-france-obtient-son-agrement-aupres-de-la-prefecture-de-police-de-paris\",\"name\":\"Cameroun\/France - Association: Plus d\u2019un an apr\u00e8s sa cr\u00e9ation, la \u00abMaison des Camerounais de France\u00bb obtient son agr\u00e9ment aupr\u00e8s de la Pr\u00e9fecture de police de Paris - Cameroun\",\"isPartOf\":{\"@id\":\"https:\/\/www.africa-press.net\/cameroun\/#website\"},\"primaryImageOfPage\":{\"@id\":\"https:\/\/www.africa-press.net\/cameroun\/politique\/cameroun-france-association-plus-dun-an-apres-sa-creation-la-maison-des-camerounais-de-france-obtient-son-agrement-aupres-de-la-prefecture-de-police-de-paris#primaryimage\"},\"image\":{\"@id\":\"https:\/\/www.africa-press.net\/cameroun\/politique\/cameroun-france-association-plus-dun-an-apres-sa-creation-la-maison-des-camerounais-de-france-obtient-son-agrement-aupres-de-la-prefecture-de-police-de-paris#primaryimage\"},\"thumbnailUrl\":\"https:\/\/static.africa-press.net\/cameroun\/sites\/57\/2021\/04\/img-608c72b62ea51.jpg\",\"datePublished\":\"2021-04-30T19:19:38+00:00\",\"dateModified\":\"2021-04-30T21:16:44+00:00\",\"author\":{\"@id\":\"https:\/\/www.africa-press.net\/cameroun\/#\/schema\/person\/2b1cf3cd81a31e3cd26889ca66d677f1\"},\"description\":\"Plus d\u2019un an apr\u00e8s sa cr\u00e9ation, la \u00abMaison des Camerounais de France Centre Franco\/Camerounais\u00bb (MCF-CFC) a obtenu son a ...\",\"breadcrumb\":{\"@id\":\"https:\/\/www.africa-press.net\/cameroun\/politique\/cameroun-france-association-plus-dun-an-apres-sa-creation-la-maison-des-camerounais-de-france-obtient-son-agrement-aupres-de-la-prefecture-de-police-de-paris#breadcrumb\"},\"inLanguage\":\"fr-FR\",\"potentialAction\":[{\"@type\":\"ReadAction\",\"target\":[\"https:\/\/www.africa-press.net\/cameroun\/politique\/cameroun-france-association-plus-dun-an-apres-sa-creation-la-maison-des-camerounais-de-france-obtient-son-agrement-aupres-de-la-prefecture-de-police-de-paris\"]}]},{\"@type\":\"ImageObject\",\"inLanguage\":\"fr-FR\",\"@id\":\"https:\/\/www.africa-press.net\/cameroun\/politique\/cameroun-france-association-plus-dun-an-apres-sa-creation-la-maison-des-camerounais-de-france-obtient-son-agrement-aupres-de-la-prefecture-de-police-de-paris#primaryimage\",\"url\":\"https:\/\/static.africa-press.net\/cameroun\/sites\/57\/2021\/04\/img-608c72b62ea51.jpg\",\"contentUrl\":\"https:\/\/static.africa-press.net\/cameroun\/sites\/57\/2021\/04\/img-608c72b62ea51.jpg\",\"width\":800,\"height\":533,\"caption\":\"Cameroun\/France - Association: Plus d\u2019un an apr\u00e8s sa cr\u00e9ation, la \u00abMaison des Camerounais de France\u00bb obtient son agr\u00e9ment aupr\u00e8s de la Pr\u00e9fecture de police de Paris\"},{\"@type\":\"BreadcrumbList\",\"@id\":\"https:\/\/www.africa-press.net\/cameroun\/politique\/cameroun-france-association-plus-dun-an-apres-sa-creation-la-maison-des-camerounais-de-france-obtient-son-agrement-aupres-de-la-prefecture-de-police-de-paris#breadcrumb\",\"itemListElement\":[{\"@type\":\"ListItem\",\"position\":1,\"name\":\"Accueil\",\"item\":\"https:\/\/www.africa-press.net\/cameroun\/\"},{\"@type\":\"ListItem\",\"position\":2,\"name\":\"Cameroun\/France &#8211; Association: Plus d\u2019un an apr\u00e8s sa cr\u00e9ation, la \u00abMaison des Camerounais de France\u00bb obtient son agr\u00e9ment aupr\u00e8s de la Pr\u00e9fecture de police de Paris\"}]},{\"@type\":\"WebSite\",\"@id\":\"https:\/\/www.africa-press.net\/cameroun\/#website\",\"url\":\"https:\/\/www.africa-press.net\/cameroun\/\",\"name\":\"Cameroun\",\"description\":\"Just another Africa News Agency Sites site\",\"potentialAction\":[{\"@type\":\"SearchAction\",\"target\":{\"@type\":\"EntryPoint\",\"urlTemplate\":\"https:\/\/www.africa-press.net\/cameroun\/?s={search_term_string}\"},\"query-input\":{\"@type\":\"PropertyValueSpecification\",\"valueRequired\":true,\"valueName\":\"search_term_string\"}}],\"inLanguage\":\"fr-FR\"},{\"@type\":\"Person\",\"@id\":\"https:\/\/www.africa-press.net\/cameroun\/#\/schema\/person\/2b1cf3cd81a31e3cd26889ca66d677f1\",\"name\":\"cfeditorfr\"}]}<\/script>\n<!-- \/ Yoast SEO Premium plugin. -->","yoast_head_json":{"title":"Cameroun\/France - Association: Plus d\u2019un an apr\u00e8s sa cr\u00e9ation, la \u00abMaison des Camerounais de France\u00bb obtient son agr\u00e9ment aupr\u00e8s de la Pr\u00e9fecture de police de Paris - Cameroun","description":"Plus d\u2019un an apr\u00e8s sa cr\u00e9ation, la \u00abMaison des Camerounais de France Centre Franco\/Camerounais\u00bb (MCF-CFC) a obtenu son a ...","robots":{"index":"index","follow":"follow","max-snippet":"max-snippet:-1","max-image-preview":"max-image-preview:large","max-video-preview":"max-video-preview:-1"},"canonical":"https:\/\/www.africa-press.net\/cameroun\/politique\/cameroun-france-association-plus-dun-an-apres-sa-creation-la-maison-des-camerounais-de-france-obtient-son-agrement-aupres-de-la-prefecture-de-police-de-paris","og_locale":"fr_FR","og_type":"article","og_title":"Cameroun\/France - Association: Plus d\u2019un an apr\u00e8s sa cr\u00e9ation, la \u00abMaison des Camerounais de France\u00bb obtient son agr\u00e9ment aupr\u00e8s de la Pr\u00e9fecture de police de Paris","og_description":"Plus d\u2019un an apr\u00e8s sa cr\u00e9ation, la \u00abMaison des Camerounais de France Centre Franco\/Camerounais\u00bb (MCF-CFC) a obtenu son a ...","og_url":"https:\/\/www.africa-press.net\/cameroun\/politique\/cameroun-france-association-plus-dun-an-apres-sa-creation-la-maison-des-camerounais-de-france-obtient-son-agrement-aupres-de-la-prefecture-de-police-de-paris","og_site_name":"Cameroun","article_published_time":"2021-04-30T19:19:38+00:00","article_modified_time":"2021-04-30T21:16:44+00:00","og_image":[{"width":800,"height":533,"url":"https:\/\/static.africa-press.net\/cameroun\/sites\/57\/2021\/04\/img-608c72b62ea51.jpg","type":"image\/jpeg"}],"author":"cfeditorfr","twitter_card":"summary_large_image","twitter_misc":{"\u00c9crit par":"cfeditorfr","Dur\u00e9e de lecture estim\u00e9e":"2 minutes"},"schema":{"@context":"https:\/\/schema.org","@graph":[{"@type":"Article","@id":"https:\/\/www.africa-press.net\/cameroun\/politique\/cameroun-france-association-plus-dun-an-apres-sa-creation-la-maison-des-camerounais-de-france-obtient-son-agrement-aupres-de-la-prefecture-de-police-de-paris#article","isPartOf":{"@id":"https:\/\/www.africa-press.net\/cameroun\/politique\/cameroun-france-association-plus-dun-an-apres-sa-creation-la-maison-des-camerounais-de-france-obtient-son-agrement-aupres-de-la-prefecture-de-police-de-paris"},"author":{"name":"cfeditorfr","@id":"https:\/\/www.africa-press.net\/cameroun\/#\/schema\/person\/2b1cf3cd81a31e3cd26889ca66d677f1"},"headline":"Cameroun\/France &#8211; Association: Plus d\u2019un an apr\u00e8s sa cr\u00e9ation, la \u00abMaison des Camerounais de France\u00bb obtient son agr\u00e9ment aupr\u00e8s de la Pr\u00e9fecture de police de Paris","datePublished":"2021-04-30T19:19:38+00:00","dateModified":"2021-04-30T21:16:44+00:00","mainEntityOfPage":{"@id":"https:\/\/www.africa-press.net\/cameroun\/politique\/cameroun-france-association-plus-dun-an-apres-sa-creation-la-maison-des-camerounais-de-france-obtient-son-agrement-aupres-de-la-prefecture-de-police-de-paris"},"wordCount":355,"commentCount":0,"image":{"@id":"https:\/\/www.africa-press.net\/cameroun\/politique\/cameroun-france-association-plus-dun-an-apres-sa-creation-la-maison-des-camerounais-de-france-obtient-son-agrement-aupres-de-la-prefecture-de-police-de-paris#primaryimage"},"thumbnailUrl":"https:\/\/static.africa-press.net\/cameroun\/sites\/57\/2021\/04\/img-608c72b62ea51.jpg","keywords":["Africa Press","Africa Press-Cameroun","Cameroun"],"articleSection":["homepage-french","Politique","Toutes les actualit\u00e9s"],"inLanguage":"fr-FR","potentialAction":[{"@type":"CommentAction","name":"Comment","target":["https:\/\/www.africa-press.net\/cameroun\/politique\/cameroun-france-association-plus-dun-an-apres-sa-creation-la-maison-des-camerounais-de-france-obtient-son-agrement-aupres-de-la-prefecture-de-police-de-paris#respond"]}]},{"@type":"WebPage","@id":"https:\/\/www.africa-press.net\/cameroun\/politique\/cameroun-france-association-plus-dun-an-apres-sa-creation-la-maison-des-camerounais-de-france-obtient-son-agrement-aupres-de-la-prefecture-de-police-de-paris","url":"https:\/\/www.africa-press.net\/cameroun\/politique\/cameroun-france-association-plus-dun-an-apres-sa-creation-la-maison-des-camerounais-de-france-obtient-son-agrement-aupres-de-la-prefecture-de-police-de-paris","name":"Cameroun\/France - Association: Plus d\u2019un an apr\u00e8s sa cr\u00e9ation, la \u00abMaison des Camerounais de France\u00bb obtient son agr\u00e9ment aupr\u00e8s de la Pr\u00e9fecture de police de Paris - Cameroun","isPartOf":{"@id":"https:\/\/www.africa-press.net\/cameroun\/#website"},"primaryImageOfPage":{"@id":"https:\/\/www.africa-press.net\/cameroun\/politique\/cameroun-france-association-plus-dun-an-apres-sa-creation-la-maison-des-camerounais-de-france-obtient-son-agrement-aupres-de-la-prefecture-de-police-de-paris#primaryimage"},"image":{"@id":"https:\/\/www.africa-press.net\/cameroun\/politique\/cameroun-france-association-plus-dun-an-apres-sa-creation-la-maison-des-camerounais-de-france-obtient-son-agrement-aupres-de-la-prefecture-de-police-de-paris#primaryimage"},"thumbnailUrl":"https:\/\/static.africa-press.net\/cameroun\/sites\/57\/2021\/04\/img-608c72b62ea51.jpg","datePublished":"2021-04-30T19:19:38+00:00","dateModified":"2021-04-30T21:16:44+00:00","author":{"@id":"https:\/\/www.africa-press.net\/cameroun\/#\/schema\/person\/2b1cf3cd81a31e3cd26889ca66d677f1"},"description":"Plus d\u2019un an apr\u00e8s sa cr\u00e9ation, la \u00abMaison des Camerounais de France Centre Franco\/Camerounais\u00bb (MCF-CFC) a obtenu son a ...","breadcrumb":{"@id":"https:\/\/www.africa-press.net\/cameroun\/politique\/cameroun-france-association-plus-dun-an-apres-sa-creation-la-maison-des-camerounais-de-france-obtient-son-agrement-aupres-de-la-prefecture-de-police-de-paris#breadcrumb"},"inLanguage":"fr-FR","potentialAction":[{"@type":"ReadAction","target":["https:\/\/www.africa-press.net\/cameroun\/politique\/cameroun-france-association-plus-dun-an-apres-sa-creation-la-maison-des-camerounais-de-france-obtient-son-agrement-aupres-de-la-prefecture-de-police-de-paris"]}]},{"@type":"ImageObject","inLanguage":"fr-FR","@id":"https:\/\/www.africa-press.net\/cameroun\/politique\/cameroun-france-association-plus-dun-an-apres-sa-creation-la-maison-des-camerounais-de-france-obtient-son-agrement-aupres-de-la-prefecture-de-police-de-paris#primaryimage","url":"https:\/\/static.africa-press.net\/cameroun\/sites\/57\/2021\/04\/img-608c72b62ea51.jpg","contentUrl":"https:\/\/static.africa-press.net\/cameroun\/sites\/57\/2021\/04\/img-608c72b62ea51.jpg","width":800,"height":533,"caption":"Cameroun\/France - Association: Plus d\u2019un an apr\u00e8s sa cr\u00e9ation, la \u00abMaison des Camerounais de France\u00bb obtient son agr\u00e9ment aupr\u00e8s de la Pr\u00e9fecture de police de Paris"},{"@type":"BreadcrumbList","@id":"https:\/\/www.africa-press.net\/cameroun\/politique\/cameroun-france-association-plus-dun-an-apres-sa-creation-la-maison-des-camerounais-de-france-obtient-son-agrement-aupres-de-la-prefecture-de-police-de-paris#breadcrumb","itemListElement":[{"@type":"ListItem","position":1,"name":"Accueil","item":"https:\/\/www.africa-press.net\/cameroun\/"},{"@type":"ListItem","position":2,"name":"Cameroun\/France &#8211; Association: Plus d\u2019un an apr\u00e8s sa cr\u00e9ation, la \u00abMaison des Camerounais de France\u00bb obtient son agr\u00e9ment aupr\u00e8s de la Pr\u00e9fecture de police de Paris"}]},{"@type":"WebSite","@id":"https:\/\/www.africa-press.net\/cameroun\/#website","url":"https:\/\/www.africa-press.net\/cameroun\/","name":"Cameroun","description":"Just another Africa News Agency Sites site","potentialAction":[{"@type":"SearchAction","target":{"@type":"EntryPoint","urlTemplate":"https:\/\/www.africa-press.net\/cameroun\/?s={search_term_string}"},"query-input":{"@type":"PropertyValueSpecification","valueRequired":true,"valueName":"search_term_string"}}],"inLanguage":"fr-FR"},{"@type":"Person","@id":"https:\/\/www.africa-press.net\/cameroun\/#\/schema\/person\/2b1cf3cd81a31e3cd26889ca66d677f1","name":"cfeditorfr"}]}},"_links":{"self":[{"href":"https:\/\/www.africa-press.net\/cameroun\/wp-json\/wp\/v2\/posts\/2867","targetHints":{"allow":["GET"]}}],"collection":[{"href":"https:\/\/www.africa-press.net\/cameroun\/wp-json\/wp\/v2\/posts"}],"about":[{"href":"https:\/\/www.africa-press.net\/cameroun\/wp-json\/wp\/v2\/types\/post"}],"author":[{"embeddable":true,"href":"https:\/\/www.africa-press.net\/cameroun\/wp-json\/wp\/v2\/users\/82"}],"replies":[{"embeddable":true,"href":"https:\/\/www.africa-press.net\/cameroun\/wp-json\/wp\/v2\/comments?post=2867"}],"version-history":[{"count":0,"href":"https:\/\/www.africa-press.net\/cameroun\/wp-json\/wp\/v2\/posts\/2867\/revisions"}],"wp:featuredmedia":[{"embeddable":true,"href":"https:\/\/www.africa-press.net\/cameroun\/wp-json\/wp\/v2\/media\/2866"}],"wp:attachment":[{"href":"https:\/\/www.africa-press.net\/cameroun\/wp-json\/wp\/v2\/media?parent=2867"}],"wp:term":[{"taxonomy":"category","embeddable":true,"href":"https:\/\/www.africa-press.net\/cameroun\/wp-json\/wp\/v2\/categories?post=2867"},{"taxonomy":"post_tag","embeddable":true,"href":"https:\/\/www.africa-press.net\/cameroun\/wp-json\/wp\/v2\/tags?post=2867"}],"curies":[{"name":"wp","href":"https:\/\/api.w.org\/{rel}","templated":true}]}}