{"id":28672,"date":"2022-10-03T18:43:14","date_gmt":"2022-10-03T18:43:14","guid":{"rendered":"https:\/\/www.africa-press.net\/cameroun\/politique\/produits-alimentaires-la-hausse-des-prix-a-douala-sest-intensifiee-en-aout-2022-14-sur-un-an"},"modified":"2022-10-03T19:47:56","modified_gmt":"2022-10-03T19:47:56","slug":"produits-alimentaires-la-hausse-des-prix-a-douala-sest-intensifiee-en-aout-2022-14-sur-un-an","status":"publish","type":"post","link":"https:\/\/www.africa-press.net\/cameroun\/economie\/produits-alimentaires-la-hausse-des-prix-a-douala-sest-intensifiee-en-aout-2022-14-sur-un-an","title":{"rendered":"Produits alimentaires\u00a0: la hausse des prix \u00e0 Douala s\u2019est intensifi\u00e9e en ao\u00fbt 2022 (+14% sur un an)"},"content":{"rendered":"<p><span style=\"color: #ff6600\"><strong>Africa-Press &#8211; Cameroun. <\/strong><\/span>Investir au Cameroun) &#8211; Dans les marche\u0301s de la ville de Douala, la capitale e\u0301conomique du Cameroun, les prix des produits alimentaires ont poursuivi leur courbe ascendante tout au long du mois d\u2019aou\u0302t 2022, selon la note sur l\u2019e\u0301volution des prix a\u0300 la consommation finale des me\u0301nages, que vient de publier l\u2019Institut national de la statistique (INS). \u00ab Les tensions inflationnistes sur les produits alimentaires, qu\u2019ils soient importe\u0301s ou produits localement, s\u2019intensifient par rapport a\u0300 aou\u0302t 2021 : +13,8% sur les prix des produits alimentaires importe\u0301s, et +14,4% sur ceux des produits d\u2019origine locale \u00bb, ce qui correspond a\u0300 une moyenne de 14% sur un an, apprend-on du rapport de l\u2019INS.<\/p>\n<p>Cette acce\u0301le\u0301ration des tensions inflationnistes autour des produits alimentaires a\u0300 Douala, au mois d\u2019aou\u0302t dernier, apprend-on, a e\u0301te\u0301 principalement entretenue par \u00ab les huiles et graisses, dont les prix grimpent de 38,9%, suivis des pains et ce\u0301re\u0301ales (+26,5% de hausse) et des viandes (+15,9% de hausse) \u00bb, pre\u0301cise l\u2019organisme en charge de l\u2019e\u0301laboration de la statistique officielle au Cameroun.<\/p>\n<p>La re\u0301alite\u0301 de\u0301crite dans le rapport de l\u2019Ins s\u2019explique par l\u2019explosion des cou\u0302ts du fret maritime et des matie\u0300res premie\u0300res sur le marche\u0301 international, en raison de la reprise e\u0301conomique post Covid-19 et la guerre entre la Russie et l\u2019Ukraine. Cette conjoncture internationale a non seulement renche\u0301ri le cou\u0302t des produits importe\u0301s, mais aussi engendre\u0301 des surcou\u0302ts de production dans les entreprises locales, qui les ont ensuite re\u0301percute\u0301s sur les prix au consommateur final.<\/p>\n<p><strong>Pour plus d&rsquo;informations et d&rsquo;analyses sur la <a href=\"https:\/\/www.africa-press.net\/cameroun\">Cameroun<\/a>, suivez <a href=\"https:\/\/www.africa-press.net\/\">Africa-Press<\/a><\/strong><\/p>\n","protected":false},"excerpt":{"rendered":"<p>Africa-Press &#8211; Cameroun. Investir au Cameroun) &#8211; Dans les marche\u0301s de la ville de Douala, la capitale e\u0301conomique du Cameroun, les prix des produits alimentaires ont poursuivi leur courbe ascendante tout au long du mois d\u2019aou\u0302t 2022, selon la note sur l\u2019e\u0301volution des prix a\u0300 la consommation finale des me\u0301nages, que vient de publier l\u2019Institut [&hellip;]<\/p>\n","protected":false},"author":82,"featured_media":28671,"comment_status":"open","ping_status":"closed","sticky":false,"template":"","format":"standard","meta":{"footnotes":""},"categories":[3,10],"tags":[36,50,49],"class_list":["post-28672","post","type-post","status-publish","format-standard","has-post-thumbnail","hentry","category-economie","category-toutes-les-actualites","tag-africa-press","tag-africa-press-cameroun","tag-cameroun"],"yoast_head":"<!-- This site is optimized with the Yoast SEO Premium plugin v26.1 (Yoast SEO v27.0) - https:\/\/yoast.com\/product\/yoast-seo-premium-wordpress\/ -->\n<title>Produits alimentaires\u00a0: la hausse des prix \u00e0 Douala s\u2019est intensifi\u00e9e en ao\u00fbt 2022 (+14% sur un an) - Cameroun<\/title>\n<meta name=\"description\" content=\"Investir au Cameroun) - Dans les marche\u0301s de la ville de Douala, la capitale e\u0301conomique du Cameroun, les prix des produ ...\" \/>\n<meta name=\"robots\" content=\"index, follow, max-snippet:-1, max-image-preview:large, max-video-preview:-1\" \/>\n<link rel=\"canonical\" href=\"https:\/\/www.africa-press.net\/cameroun\/economie\/produits-alimentaires-la-hausse-des-prix-a-douala-sest-intensifiee-en-aout-2022-14-sur-un-an\" \/>\n<meta property=\"og:locale\" content=\"fr_FR\" \/>\n<meta property=\"og:type\" content=\"article\" \/>\n<meta property=\"og:title\" content=\"Produits alimentaires\u00a0: la hausse des prix \u00e0 Douala s\u2019est intensifi\u00e9e en ao\u00fbt 2022 (+14% sur un an)\" \/>\n<meta property=\"og:description\" content=\"Investir au Cameroun) - Dans les marche\u0301s de la ville de Douala, la capitale e\u0301conomique du Cameroun, les prix des produ ...\" \/>\n<meta property=\"og:url\" content=\"https:\/\/www.africa-press.net\/cameroun\/economie\/produits-alimentaires-la-hausse-des-prix-a-douala-sest-intensifiee-en-aout-2022-14-sur-un-an\" \/>\n<meta property=\"og:site_name\" content=\"Cameroun\" \/>\n<meta property=\"article:published_time\" content=\"2022-10-03T18:43:14+00:00\" \/>\n<meta property=\"article:modified_time\" content=\"2022-10-03T19:47:56+00:00\" \/>\n<meta property=\"og:image\" content=\"https:\/\/static.africa-press.net\/cameroun\/sites\/57\/2022\/10\/img-633b356b752a7.jpg\" \/>\n\t<meta property=\"og:image:width\" content=\"720\" \/>\n\t<meta property=\"og:image:height\" content=\"479\" \/>\n\t<meta property=\"og:image:type\" content=\"image\/jpeg\" \/>\n<meta name=\"author\" content=\"cfeditorfr\" \/>\n<meta name=\"twitter:card\" content=\"summary_large_image\" \/>\n<meta name=\"twitter:label1\" content=\"\u00c9crit par\" \/>\n\t<meta name=\"twitter:data1\" content=\"cfeditorfr\" \/>\n\t<meta name=\"twitter:label2\" content=\"Dur\u00e9e de lecture estim\u00e9e\" \/>\n\t<meta name=\"twitter:data2\" content=\"2 minutes\" \/>\n<script type=\"application\/ld+json\" class=\"yoast-schema-graph\">{\"@context\":\"https:\/\/schema.org\",\"@graph\":[{\"@type\":\"Article\",\"@id\":\"https:\/\/www.africa-press.net\/cameroun\/economie\/produits-alimentaires-la-hausse-des-prix-a-douala-sest-intensifiee-en-aout-2022-14-sur-un-an#article\",\"isPartOf\":{\"@id\":\"https:\/\/www.africa-press.net\/cameroun\/economie\/produits-alimentaires-la-hausse-des-prix-a-douala-sest-intensifiee-en-aout-2022-14-sur-un-an\"},\"author\":{\"name\":\"cfeditorfr\",\"@id\":\"https:\/\/www.africa-press.net\/cameroun\/#\/schema\/person\/2b1cf3cd81a31e3cd26889ca66d677f1\"},\"headline\":\"Produits alimentaires\u00a0: la hausse des prix \u00e0 Douala s\u2019est intensifi\u00e9e en ao\u00fbt 2022 (+14% sur un an)\",\"datePublished\":\"2022-10-03T18:43:14+00:00\",\"dateModified\":\"2022-10-03T19:47:56+00:00\",\"mainEntityOfPage\":{\"@id\":\"https:\/\/www.africa-press.net\/cameroun\/economie\/produits-alimentaires-la-hausse-des-prix-a-douala-sest-intensifiee-en-aout-2022-14-sur-un-an\"},\"wordCount\":305,\"commentCount\":0,\"image\":{\"@id\":\"https:\/\/www.africa-press.net\/cameroun\/economie\/produits-alimentaires-la-hausse-des-prix-a-douala-sest-intensifiee-en-aout-2022-14-sur-un-an#primaryimage\"},\"thumbnailUrl\":\"https:\/\/static.africa-press.net\/cameroun\/sites\/57\/2022\/10\/img-633b356b752a7.jpg\",\"keywords\":[\"Africa Press\",\"Africa Press-Cameroun\",\"Cameroun\"],\"articleSection\":[\"\u00c9conomie\",\"Toutes les actualit\u00e9s\"],\"inLanguage\":\"fr-FR\",\"potentialAction\":[{\"@type\":\"CommentAction\",\"name\":\"Comment\",\"target\":[\"https:\/\/www.africa-press.net\/cameroun\/economie\/produits-alimentaires-la-hausse-des-prix-a-douala-sest-intensifiee-en-aout-2022-14-sur-un-an#respond\"]}]},{\"@type\":\"WebPage\",\"@id\":\"https:\/\/www.africa-press.net\/cameroun\/economie\/produits-alimentaires-la-hausse-des-prix-a-douala-sest-intensifiee-en-aout-2022-14-sur-un-an\",\"url\":\"https:\/\/www.africa-press.net\/cameroun\/economie\/produits-alimentaires-la-hausse-des-prix-a-douala-sest-intensifiee-en-aout-2022-14-sur-un-an\",\"name\":\"Produits alimentaires\u00a0: la hausse des prix \u00e0 Douala s\u2019est intensifi\u00e9e en ao\u00fbt 2022 (+14% sur un an) - Cameroun\",\"isPartOf\":{\"@id\":\"https:\/\/www.africa-press.net\/cameroun\/#website\"},\"primaryImageOfPage\":{\"@id\":\"https:\/\/www.africa-press.net\/cameroun\/economie\/produits-alimentaires-la-hausse-des-prix-a-douala-sest-intensifiee-en-aout-2022-14-sur-un-an#primaryimage\"},\"image\":{\"@id\":\"https:\/\/www.africa-press.net\/cameroun\/economie\/produits-alimentaires-la-hausse-des-prix-a-douala-sest-intensifiee-en-aout-2022-14-sur-un-an#primaryimage\"},\"thumbnailUrl\":\"https:\/\/static.africa-press.net\/cameroun\/sites\/57\/2022\/10\/img-633b356b752a7.jpg\",\"datePublished\":\"2022-10-03T18:43:14+00:00\",\"dateModified\":\"2022-10-03T19:47:56+00:00\",\"author\":{\"@id\":\"https:\/\/www.africa-press.net\/cameroun\/#\/schema\/person\/2b1cf3cd81a31e3cd26889ca66d677f1\"},\"description\":\"Investir au Cameroun) - Dans les marche\u0301s de la ville de Douala, la capitale e\u0301conomique du Cameroun, les prix des produ ...\",\"breadcrumb\":{\"@id\":\"https:\/\/www.africa-press.net\/cameroun\/economie\/produits-alimentaires-la-hausse-des-prix-a-douala-sest-intensifiee-en-aout-2022-14-sur-un-an#breadcrumb\"},\"inLanguage\":\"fr-FR\",\"potentialAction\":[{\"@type\":\"ReadAction\",\"target\":[\"https:\/\/www.africa-press.net\/cameroun\/economie\/produits-alimentaires-la-hausse-des-prix-a-douala-sest-intensifiee-en-aout-2022-14-sur-un-an\"]}]},{\"@type\":\"ImageObject\",\"inLanguage\":\"fr-FR\",\"@id\":\"https:\/\/www.africa-press.net\/cameroun\/economie\/produits-alimentaires-la-hausse-des-prix-a-douala-sest-intensifiee-en-aout-2022-14-sur-un-an#primaryimage\",\"url\":\"https:\/\/static.africa-press.net\/cameroun\/sites\/57\/2022\/10\/img-633b356b752a7.jpg\",\"contentUrl\":\"https:\/\/static.africa-press.net\/cameroun\/sites\/57\/2022\/10\/img-633b356b752a7.jpg\",\"width\":720,\"height\":479,\"caption\":\"Produits alimentaires\u00a0: la hausse des prix \u00e0 Douala s\u2019est intensifi\u00e9e en ao\u00fbt 2022 (+14% sur un an)\"},{\"@type\":\"BreadcrumbList\",\"@id\":\"https:\/\/www.africa-press.net\/cameroun\/economie\/produits-alimentaires-la-hausse-des-prix-a-douala-sest-intensifiee-en-aout-2022-14-sur-un-an#breadcrumb\",\"itemListElement\":[{\"@type\":\"ListItem\",\"position\":1,\"name\":\"Accueil\",\"item\":\"https:\/\/www.africa-press.net\/cameroun\/\"},{\"@type\":\"ListItem\",\"position\":2,\"name\":\"Produits alimentaires\u00a0: la hausse des prix \u00e0 Douala s\u2019est intensifi\u00e9e en ao\u00fbt 2022 (+14% sur un an)\"}]},{\"@type\":\"WebSite\",\"@id\":\"https:\/\/www.africa-press.net\/cameroun\/#website\",\"url\":\"https:\/\/www.africa-press.net\/cameroun\/\",\"name\":\"Cameroun\",\"description\":\"Just another Africa News Agency Sites site\",\"potentialAction\":[{\"@type\":\"SearchAction\",\"target\":{\"@type\":\"EntryPoint\",\"urlTemplate\":\"https:\/\/www.africa-press.net\/cameroun\/?s={search_term_string}\"},\"query-input\":{\"@type\":\"PropertyValueSpecification\",\"valueRequired\":true,\"valueName\":\"search_term_string\"}}],\"inLanguage\":\"fr-FR\"},{\"@type\":\"Person\",\"@id\":\"https:\/\/www.africa-press.net\/cameroun\/#\/schema\/person\/2b1cf3cd81a31e3cd26889ca66d677f1\",\"name\":\"cfeditorfr\"}]}<\/script>\n<!-- \/ Yoast SEO Premium plugin. -->","yoast_head_json":{"title":"Produits alimentaires\u00a0: la hausse des prix \u00e0 Douala s\u2019est intensifi\u00e9e en ao\u00fbt 2022 (+14% sur un an) - Cameroun","description":"Investir au Cameroun) - Dans les marche\u0301s de la ville de Douala, la capitale e\u0301conomique du Cameroun, les prix des produ ...","robots":{"index":"index","follow":"follow","max-snippet":"max-snippet:-1","max-image-preview":"max-image-preview:large","max-video-preview":"max-video-preview:-1"},"canonical":"https:\/\/www.africa-press.net\/cameroun\/economie\/produits-alimentaires-la-hausse-des-prix-a-douala-sest-intensifiee-en-aout-2022-14-sur-un-an","og_locale":"fr_FR","og_type":"article","og_title":"Produits alimentaires\u00a0: la hausse des prix \u00e0 Douala s\u2019est intensifi\u00e9e en ao\u00fbt 2022 (+14% sur un an)","og_description":"Investir au Cameroun) - Dans les marche\u0301s de la ville de Douala, la capitale e\u0301conomique du Cameroun, les prix des produ ...","og_url":"https:\/\/www.africa-press.net\/cameroun\/economie\/produits-alimentaires-la-hausse-des-prix-a-douala-sest-intensifiee-en-aout-2022-14-sur-un-an","og_site_name":"Cameroun","article_published_time":"2022-10-03T18:43:14+00:00","article_modified_time":"2022-10-03T19:47:56+00:00","og_image":[{"width":720,"height":479,"url":"https:\/\/static.africa-press.net\/cameroun\/sites\/57\/2022\/10\/img-633b356b752a7.jpg","type":"image\/jpeg"}],"author":"cfeditorfr","twitter_card":"summary_large_image","twitter_misc":{"\u00c9crit par":"cfeditorfr","Dur\u00e9e de lecture estim\u00e9e":"2 minutes"},"schema":{"@context":"https:\/\/schema.org","@graph":[{"@type":"Article","@id":"https:\/\/www.africa-press.net\/cameroun\/economie\/produits-alimentaires-la-hausse-des-prix-a-douala-sest-intensifiee-en-aout-2022-14-sur-un-an#article","isPartOf":{"@id":"https:\/\/www.africa-press.net\/cameroun\/economie\/produits-alimentaires-la-hausse-des-prix-a-douala-sest-intensifiee-en-aout-2022-14-sur-un-an"},"author":{"name":"cfeditorfr","@id":"https:\/\/www.africa-press.net\/cameroun\/#\/schema\/person\/2b1cf3cd81a31e3cd26889ca66d677f1"},"headline":"Produits alimentaires\u00a0: la hausse des prix \u00e0 Douala s\u2019est intensifi\u00e9e en ao\u00fbt 2022 (+14% sur un an)","datePublished":"2022-10-03T18:43:14+00:00","dateModified":"2022-10-03T19:47:56+00:00","mainEntityOfPage":{"@id":"https:\/\/www.africa-press.net\/cameroun\/economie\/produits-alimentaires-la-hausse-des-prix-a-douala-sest-intensifiee-en-aout-2022-14-sur-un-an"},"wordCount":305,"commentCount":0,"image":{"@id":"https:\/\/www.africa-press.net\/cameroun\/economie\/produits-alimentaires-la-hausse-des-prix-a-douala-sest-intensifiee-en-aout-2022-14-sur-un-an#primaryimage"},"thumbnailUrl":"https:\/\/static.africa-press.net\/cameroun\/sites\/57\/2022\/10\/img-633b356b752a7.jpg","keywords":["Africa Press","Africa Press-Cameroun","Cameroun"],"articleSection":["\u00c9conomie","Toutes les actualit\u00e9s"],"inLanguage":"fr-FR","potentialAction":[{"@type":"CommentAction","name":"Comment","target":["https:\/\/www.africa-press.net\/cameroun\/economie\/produits-alimentaires-la-hausse-des-prix-a-douala-sest-intensifiee-en-aout-2022-14-sur-un-an#respond"]}]},{"@type":"WebPage","@id":"https:\/\/www.africa-press.net\/cameroun\/economie\/produits-alimentaires-la-hausse-des-prix-a-douala-sest-intensifiee-en-aout-2022-14-sur-un-an","url":"https:\/\/www.africa-press.net\/cameroun\/economie\/produits-alimentaires-la-hausse-des-prix-a-douala-sest-intensifiee-en-aout-2022-14-sur-un-an","name":"Produits alimentaires\u00a0: la hausse des prix \u00e0 Douala s\u2019est intensifi\u00e9e en ao\u00fbt 2022 (+14% sur un an) - Cameroun","isPartOf":{"@id":"https:\/\/www.africa-press.net\/cameroun\/#website"},"primaryImageOfPage":{"@id":"https:\/\/www.africa-press.net\/cameroun\/economie\/produits-alimentaires-la-hausse-des-prix-a-douala-sest-intensifiee-en-aout-2022-14-sur-un-an#primaryimage"},"image":{"@id":"https:\/\/www.africa-press.net\/cameroun\/economie\/produits-alimentaires-la-hausse-des-prix-a-douala-sest-intensifiee-en-aout-2022-14-sur-un-an#primaryimage"},"thumbnailUrl":"https:\/\/static.africa-press.net\/cameroun\/sites\/57\/2022\/10\/img-633b356b752a7.jpg","datePublished":"2022-10-03T18:43:14+00:00","dateModified":"2022-10-03T19:47:56+00:00","author":{"@id":"https:\/\/www.africa-press.net\/cameroun\/#\/schema\/person\/2b1cf3cd81a31e3cd26889ca66d677f1"},"description":"Investir au Cameroun) - Dans les marche\u0301s de la ville de Douala, la capitale e\u0301conomique du Cameroun, les prix des produ ...","breadcrumb":{"@id":"https:\/\/www.africa-press.net\/cameroun\/economie\/produits-alimentaires-la-hausse-des-prix-a-douala-sest-intensifiee-en-aout-2022-14-sur-un-an#breadcrumb"},"inLanguage":"fr-FR","potentialAction":[{"@type":"ReadAction","target":["https:\/\/www.africa-press.net\/cameroun\/economie\/produits-alimentaires-la-hausse-des-prix-a-douala-sest-intensifiee-en-aout-2022-14-sur-un-an"]}]},{"@type":"ImageObject","inLanguage":"fr-FR","@id":"https:\/\/www.africa-press.net\/cameroun\/economie\/produits-alimentaires-la-hausse-des-prix-a-douala-sest-intensifiee-en-aout-2022-14-sur-un-an#primaryimage","url":"https:\/\/static.africa-press.net\/cameroun\/sites\/57\/2022\/10\/img-633b356b752a7.jpg","contentUrl":"https:\/\/static.africa-press.net\/cameroun\/sites\/57\/2022\/10\/img-633b356b752a7.jpg","width":720,"height":479,"caption":"Produits alimentaires\u00a0: la hausse des prix \u00e0 Douala s\u2019est intensifi\u00e9e en ao\u00fbt 2022 (+14% sur un an)"},{"@type":"BreadcrumbList","@id":"https:\/\/www.africa-press.net\/cameroun\/economie\/produits-alimentaires-la-hausse-des-prix-a-douala-sest-intensifiee-en-aout-2022-14-sur-un-an#breadcrumb","itemListElement":[{"@type":"ListItem","position":1,"name":"Accueil","item":"https:\/\/www.africa-press.net\/cameroun\/"},{"@type":"ListItem","position":2,"name":"Produits alimentaires\u00a0: la hausse des prix \u00e0 Douala s\u2019est intensifi\u00e9e en ao\u00fbt 2022 (+14% sur un an)"}]},{"@type":"WebSite","@id":"https:\/\/www.africa-press.net\/cameroun\/#website","url":"https:\/\/www.africa-press.net\/cameroun\/","name":"Cameroun","description":"Just another Africa News Agency Sites site","potentialAction":[{"@type":"SearchAction","target":{"@type":"EntryPoint","urlTemplate":"https:\/\/www.africa-press.net\/cameroun\/?s={search_term_string}"},"query-input":{"@type":"PropertyValueSpecification","valueRequired":true,"valueName":"search_term_string"}}],"inLanguage":"fr-FR"},{"@type":"Person","@id":"https:\/\/www.africa-press.net\/cameroun\/#\/schema\/person\/2b1cf3cd81a31e3cd26889ca66d677f1","name":"cfeditorfr"}]}},"_links":{"self":[{"href":"https:\/\/www.africa-press.net\/cameroun\/wp-json\/wp\/v2\/posts\/28672","targetHints":{"allow":["GET"]}}],"collection":[{"href":"https:\/\/www.africa-press.net\/cameroun\/wp-json\/wp\/v2\/posts"}],"about":[{"href":"https:\/\/www.africa-press.net\/cameroun\/wp-json\/wp\/v2\/types\/post"}],"author":[{"embeddable":true,"href":"https:\/\/www.africa-press.net\/cameroun\/wp-json\/wp\/v2\/users\/82"}],"replies":[{"embeddable":true,"href":"https:\/\/www.africa-press.net\/cameroun\/wp-json\/wp\/v2\/comments?post=28672"}],"version-history":[{"count":0,"href":"https:\/\/www.africa-press.net\/cameroun\/wp-json\/wp\/v2\/posts\/28672\/revisions"}],"wp:featuredmedia":[{"embeddable":true,"href":"https:\/\/www.africa-press.net\/cameroun\/wp-json\/wp\/v2\/media\/28671"}],"wp:attachment":[{"href":"https:\/\/www.africa-press.net\/cameroun\/wp-json\/wp\/v2\/media?parent=28672"}],"wp:term":[{"taxonomy":"category","embeddable":true,"href":"https:\/\/www.africa-press.net\/cameroun\/wp-json\/wp\/v2\/categories?post=28672"},{"taxonomy":"post_tag","embeddable":true,"href":"https:\/\/www.africa-press.net\/cameroun\/wp-json\/wp\/v2\/tags?post=28672"}],"curies":[{"name":"wp","href":"https:\/\/api.w.org\/{rel}","templated":true}]}}