{"id":28678,"date":"2022-10-03T18:56:33","date_gmt":"2022-10-03T18:56:33","guid":{"rendered":"https:\/\/www.africa-press.net\/cameroun\/politique\/covid-19-pertes-de-recettes-en-vue-suite-a-la-non-systematisation-du-test-pcr-pour-les-voyageurs-sortant-du-cameroun"},"modified":"2022-10-03T19:48:02","modified_gmt":"2022-10-03T19:48:02","slug":"covid-19-pertes-de-recettes-en-vue-suite-a-la-non-systematisation-du-test-pcr-pour-les-voyageurs-sortant-du-cameroun","status":"publish","type":"post","link":"https:\/\/www.africa-press.net\/cameroun\/economie\/covid-19-pertes-de-recettes-en-vue-suite-a-la-non-systematisation-du-test-pcr-pour-les-voyageurs-sortant-du-cameroun","title":{"rendered":"Covid-19\u00a0: pertes de recettes en vue suite \u00e0 la non-syst\u00e9matisation du test PCR pour les voyageurs sortant du Cameroun"},"content":{"rendered":"<p><span style=\"color: #ff6600\"><strong>Africa-Press &#8211; Cameroun. <\/strong><\/span>Investir au Cameroun) &#8211; Dans une correspondance adresse\u0301e le 29 septembre 2022 a\u0300 son colle\u0300gue du ministe\u0300re des Transports, Jean Ernest Ngalle Bibehe\u0301, le ministre de la Sante\u0301 publique, Manaouda Malachie, annonce l\u2019alle\u0300gement des mesures sanitaires lie\u0301es au Covid-19 aux frontie\u0300res du Cameroun.<\/p>\n<p>En clair, informe le chef du de\u0301partement ministe\u0301riel en charge de la Sante\u0301 publique, si les tests PCR datant de moins de 72 heures continueront d\u2019e\u0302tre exige\u0301s aux voyageurs entrant sur le territoire camerounais, ce test ne sera plus syste\u0301matique pour les voyageurs sortant du pays. Il ne sera de\u0301sormais requis qu\u2019en \u00ab fonction des exigences du pays de destination \u00bb, pre\u0301cise le ministre Manaouda.<\/p>\n<p>A\u0300 en croire ce membre du gouvernement, cette mesure est conse\u0301cutive a\u0300 une meilleure mai\u0302trise de la pande\u0301mie, apre\u0300s \u00ab une longue pe\u0301riode d\u2019accalmie de fe\u0301vrier a\u0300 juillet 2022 \u00bb. En de\u0301pit d\u2019une re\u0301surgence des cas observe\u0301e entre le 18 et le 24 juillet 2022, la courbe des contaminations est de nouveau en baisse depuis le 22 aou\u0302t 2022. Ce qui fait que, souligne Manaouda Malachie, le Cameroun \u00ab se situe dans le contexte africain et mondial de contro\u0302le de cette pande\u0301mie \u00bb.<\/p>\n<p>Dans une lettre circulaire qu\u2019il a adresse\u0301e le 22 juin dernier aux responsables des postes sante\u0301 aux frontie\u0300res, Malachie Manaouda indiquait que \u00ab les tests PCR contre le Covid-19 ne seront de\u0301sormais obligatoires pour la sortie du territoire camerounais qu\u2019en fonction des exigences du pays de destination \u00bb.<\/p>\n<p>La non-syste\u0301matisation du test PCR pour les voyageurs sortant du Cameroun va induire une baisse des recettes attendues de ce test, devenu officiellement payant dans le pays le 15 juin 2022. D\u2019un montant de 30 000 FCFA, le test PCR avait procure\u0301 au Tre\u0301sor public pas moins de 500 millions de FCFA quelques semaines seulement apre\u0300s l\u2019instauration du paiement.<\/p>\n<p><strong>Pour plus d&rsquo;informations et d&rsquo;analyses sur la <a href=\"https:\/\/www.africa-press.net\/cameroun\">Cameroun<\/a>, suivez <a href=\"https:\/\/www.africa-press.net\/\">Africa-Press<\/a><\/strong><\/p>\n","protected":false},"excerpt":{"rendered":"<p>Africa-Press &#8211; Cameroun. Investir au Cameroun) &#8211; Dans une correspondance adresse\u0301e le 29 septembre 2022 a\u0300 son colle\u0300gue du ministe\u0300re des Transports, Jean Ernest Ngalle Bibehe\u0301, le ministre de la Sante\u0301 publique, Manaouda Malachie, annonce l\u2019alle\u0300gement des mesures sanitaires lie\u0301es au Covid-19 aux frontie\u0300res du Cameroun. En clair, informe le chef du de\u0301partement ministe\u0301riel en [&hellip;]<\/p>\n","protected":false},"author":82,"featured_media":28677,"comment_status":"open","ping_status":"closed","sticky":false,"template":"","format":"standard","meta":{"footnotes":""},"categories":[3,10],"tags":[36,50,49],"class_list":["post-28678","post","type-post","status-publish","format-standard","has-post-thumbnail","hentry","category-economie","category-toutes-les-actualites","tag-africa-press","tag-africa-press-cameroun","tag-cameroun"],"yoast_head":"<!-- This site is optimized with the Yoast SEO Premium plugin v26.1 (Yoast SEO v27.0) - https:\/\/yoast.com\/product\/yoast-seo-premium-wordpress\/ -->\n<title>Covid-19\u00a0: pertes de recettes en vue suite \u00e0 la non-syst\u00e9matisation du test PCR pour les voyageurs sortant du Cameroun - Cameroun<\/title>\n<meta name=\"description\" content=\"Investir au Cameroun) - Dans une correspondance adresse\u0301e le 29 septembre 2022 a\u0300 son colle\u0300gue du ministe\u0300re des Transp ...\" \/>\n<meta name=\"robots\" content=\"index, follow, max-snippet:-1, max-image-preview:large, max-video-preview:-1\" \/>\n<link rel=\"canonical\" href=\"https:\/\/www.africa-press.net\/cameroun\/economie\/covid-19-pertes-de-recettes-en-vue-suite-a-la-non-systematisation-du-test-pcr-pour-les-voyageurs-sortant-du-cameroun\" \/>\n<meta property=\"og:locale\" content=\"fr_FR\" \/>\n<meta property=\"og:type\" content=\"article\" \/>\n<meta property=\"og:title\" content=\"Covid-19\u00a0: pertes de recettes en vue suite \u00e0 la non-syst\u00e9matisation du test PCR pour les voyageurs sortant du Cameroun\" \/>\n<meta property=\"og:description\" content=\"Investir au Cameroun) - Dans une correspondance adresse\u0301e le 29 septembre 2022 a\u0300 son colle\u0300gue du ministe\u0300re des Transp ...\" \/>\n<meta property=\"og:url\" content=\"https:\/\/www.africa-press.net\/cameroun\/economie\/covid-19-pertes-de-recettes-en-vue-suite-a-la-non-systematisation-du-test-pcr-pour-les-voyageurs-sortant-du-cameroun\" \/>\n<meta property=\"og:site_name\" content=\"Cameroun\" \/>\n<meta property=\"article:published_time\" content=\"2022-10-03T18:56:33+00:00\" \/>\n<meta property=\"article:modified_time\" content=\"2022-10-03T19:48:02+00:00\" \/>\n<meta property=\"og:image\" content=\"https:\/\/static.africa-press.net\/cameroun\/sites\/57\/2022\/10\/img-633b35bb89517.jpg\" \/>\n\t<meta property=\"og:image:width\" content=\"720\" \/>\n\t<meta property=\"og:image:height\" content=\"479\" \/>\n\t<meta property=\"og:image:type\" content=\"image\/jpeg\" \/>\n<meta name=\"author\" content=\"cfeditorfr\" \/>\n<meta name=\"twitter:card\" content=\"summary_large_image\" \/>\n<meta name=\"twitter:label1\" content=\"\u00c9crit par\" \/>\n\t<meta name=\"twitter:data1\" content=\"cfeditorfr\" \/>\n\t<meta name=\"twitter:label2\" content=\"Dur\u00e9e de lecture estim\u00e9e\" \/>\n\t<meta name=\"twitter:data2\" content=\"2 minutes\" \/>\n<script type=\"application\/ld+json\" class=\"yoast-schema-graph\">{\"@context\":\"https:\/\/schema.org\",\"@graph\":[{\"@type\":\"Article\",\"@id\":\"https:\/\/www.africa-press.net\/cameroun\/economie\/covid-19-pertes-de-recettes-en-vue-suite-a-la-non-systematisation-du-test-pcr-pour-les-voyageurs-sortant-du-cameroun#article\",\"isPartOf\":{\"@id\":\"https:\/\/www.africa-press.net\/cameroun\/economie\/covid-19-pertes-de-recettes-en-vue-suite-a-la-non-systematisation-du-test-pcr-pour-les-voyageurs-sortant-du-cameroun\"},\"author\":{\"name\":\"cfeditorfr\",\"@id\":\"https:\/\/www.africa-press.net\/cameroun\/#\/schema\/person\/2b1cf3cd81a31e3cd26889ca66d677f1\"},\"headline\":\"Covid-19\u00a0: pertes de recettes en vue suite \u00e0 la non-syst\u00e9matisation du test PCR pour les voyageurs sortant du Cameroun\",\"datePublished\":\"2022-10-03T18:56:33+00:00\",\"dateModified\":\"2022-10-03T19:48:02+00:00\",\"mainEntityOfPage\":{\"@id\":\"https:\/\/www.africa-press.net\/cameroun\/economie\/covid-19-pertes-de-recettes-en-vue-suite-a-la-non-systematisation-du-test-pcr-pour-les-voyageurs-sortant-du-cameroun\"},\"wordCount\":349,\"commentCount\":0,\"image\":{\"@id\":\"https:\/\/www.africa-press.net\/cameroun\/economie\/covid-19-pertes-de-recettes-en-vue-suite-a-la-non-systematisation-du-test-pcr-pour-les-voyageurs-sortant-du-cameroun#primaryimage\"},\"thumbnailUrl\":\"https:\/\/static.africa-press.net\/cameroun\/sites\/57\/2022\/10\/img-633b35bb89517.jpg\",\"keywords\":[\"Africa Press\",\"Africa Press-Cameroun\",\"Cameroun\"],\"articleSection\":[\"\u00c9conomie\",\"Toutes les actualit\u00e9s\"],\"inLanguage\":\"fr-FR\",\"potentialAction\":[{\"@type\":\"CommentAction\",\"name\":\"Comment\",\"target\":[\"https:\/\/www.africa-press.net\/cameroun\/economie\/covid-19-pertes-de-recettes-en-vue-suite-a-la-non-systematisation-du-test-pcr-pour-les-voyageurs-sortant-du-cameroun#respond\"]}]},{\"@type\":\"WebPage\",\"@id\":\"https:\/\/www.africa-press.net\/cameroun\/economie\/covid-19-pertes-de-recettes-en-vue-suite-a-la-non-systematisation-du-test-pcr-pour-les-voyageurs-sortant-du-cameroun\",\"url\":\"https:\/\/www.africa-press.net\/cameroun\/economie\/covid-19-pertes-de-recettes-en-vue-suite-a-la-non-systematisation-du-test-pcr-pour-les-voyageurs-sortant-du-cameroun\",\"name\":\"Covid-19\u00a0: pertes de recettes en vue suite \u00e0 la non-syst\u00e9matisation du test PCR pour les voyageurs sortant du Cameroun - Cameroun\",\"isPartOf\":{\"@id\":\"https:\/\/www.africa-press.net\/cameroun\/#website\"},\"primaryImageOfPage\":{\"@id\":\"https:\/\/www.africa-press.net\/cameroun\/economie\/covid-19-pertes-de-recettes-en-vue-suite-a-la-non-systematisation-du-test-pcr-pour-les-voyageurs-sortant-du-cameroun#primaryimage\"},\"image\":{\"@id\":\"https:\/\/www.africa-press.net\/cameroun\/economie\/covid-19-pertes-de-recettes-en-vue-suite-a-la-non-systematisation-du-test-pcr-pour-les-voyageurs-sortant-du-cameroun#primaryimage\"},\"thumbnailUrl\":\"https:\/\/static.africa-press.net\/cameroun\/sites\/57\/2022\/10\/img-633b35bb89517.jpg\",\"datePublished\":\"2022-10-03T18:56:33+00:00\",\"dateModified\":\"2022-10-03T19:48:02+00:00\",\"author\":{\"@id\":\"https:\/\/www.africa-press.net\/cameroun\/#\/schema\/person\/2b1cf3cd81a31e3cd26889ca66d677f1\"},\"description\":\"Investir au Cameroun) - Dans une correspondance adresse\u0301e le 29 septembre 2022 a\u0300 son colle\u0300gue du ministe\u0300re des Transp ...\",\"breadcrumb\":{\"@id\":\"https:\/\/www.africa-press.net\/cameroun\/economie\/covid-19-pertes-de-recettes-en-vue-suite-a-la-non-systematisation-du-test-pcr-pour-les-voyageurs-sortant-du-cameroun#breadcrumb\"},\"inLanguage\":\"fr-FR\",\"potentialAction\":[{\"@type\":\"ReadAction\",\"target\":[\"https:\/\/www.africa-press.net\/cameroun\/economie\/covid-19-pertes-de-recettes-en-vue-suite-a-la-non-systematisation-du-test-pcr-pour-les-voyageurs-sortant-du-cameroun\"]}]},{\"@type\":\"ImageObject\",\"inLanguage\":\"fr-FR\",\"@id\":\"https:\/\/www.africa-press.net\/cameroun\/economie\/covid-19-pertes-de-recettes-en-vue-suite-a-la-non-systematisation-du-test-pcr-pour-les-voyageurs-sortant-du-cameroun#primaryimage\",\"url\":\"https:\/\/static.africa-press.net\/cameroun\/sites\/57\/2022\/10\/img-633b35bb89517.jpg\",\"contentUrl\":\"https:\/\/static.africa-press.net\/cameroun\/sites\/57\/2022\/10\/img-633b35bb89517.jpg\",\"width\":720,\"height\":479,\"caption\":\"Covid-19\u00a0: pertes de recettes en vue suite \u00e0 la non-syst\u00e9matisation du test PCR pour les voyageurs sortant du Cameroun\"},{\"@type\":\"BreadcrumbList\",\"@id\":\"https:\/\/www.africa-press.net\/cameroun\/economie\/covid-19-pertes-de-recettes-en-vue-suite-a-la-non-systematisation-du-test-pcr-pour-les-voyageurs-sortant-du-cameroun#breadcrumb\",\"itemListElement\":[{\"@type\":\"ListItem\",\"position\":1,\"name\":\"Accueil\",\"item\":\"https:\/\/www.africa-press.net\/cameroun\/\"},{\"@type\":\"ListItem\",\"position\":2,\"name\":\"Covid-19\u00a0: pertes de recettes en vue suite \u00e0 la non-syst\u00e9matisation du test PCR pour les voyageurs sortant du Cameroun\"}]},{\"@type\":\"WebSite\",\"@id\":\"https:\/\/www.africa-press.net\/cameroun\/#website\",\"url\":\"https:\/\/www.africa-press.net\/cameroun\/\",\"name\":\"Cameroun\",\"description\":\"Just another Africa News Agency Sites site\",\"potentialAction\":[{\"@type\":\"SearchAction\",\"target\":{\"@type\":\"EntryPoint\",\"urlTemplate\":\"https:\/\/www.africa-press.net\/cameroun\/?s={search_term_string}\"},\"query-input\":{\"@type\":\"PropertyValueSpecification\",\"valueRequired\":true,\"valueName\":\"search_term_string\"}}],\"inLanguage\":\"fr-FR\"},{\"@type\":\"Person\",\"@id\":\"https:\/\/www.africa-press.net\/cameroun\/#\/schema\/person\/2b1cf3cd81a31e3cd26889ca66d677f1\",\"name\":\"cfeditorfr\"}]}<\/script>\n<!-- \/ Yoast SEO Premium plugin. -->","yoast_head_json":{"title":"Covid-19\u00a0: pertes de recettes en vue suite \u00e0 la non-syst\u00e9matisation du test PCR pour les voyageurs sortant du Cameroun - Cameroun","description":"Investir au Cameroun) - Dans une correspondance adresse\u0301e le 29 septembre 2022 a\u0300 son colle\u0300gue du ministe\u0300re des Transp ...","robots":{"index":"index","follow":"follow","max-snippet":"max-snippet:-1","max-image-preview":"max-image-preview:large","max-video-preview":"max-video-preview:-1"},"canonical":"https:\/\/www.africa-press.net\/cameroun\/economie\/covid-19-pertes-de-recettes-en-vue-suite-a-la-non-systematisation-du-test-pcr-pour-les-voyageurs-sortant-du-cameroun","og_locale":"fr_FR","og_type":"article","og_title":"Covid-19\u00a0: pertes de recettes en vue suite \u00e0 la non-syst\u00e9matisation du test PCR pour les voyageurs sortant du Cameroun","og_description":"Investir au Cameroun) - Dans une correspondance adresse\u0301e le 29 septembre 2022 a\u0300 son colle\u0300gue du ministe\u0300re des Transp ...","og_url":"https:\/\/www.africa-press.net\/cameroun\/economie\/covid-19-pertes-de-recettes-en-vue-suite-a-la-non-systematisation-du-test-pcr-pour-les-voyageurs-sortant-du-cameroun","og_site_name":"Cameroun","article_published_time":"2022-10-03T18:56:33+00:00","article_modified_time":"2022-10-03T19:48:02+00:00","og_image":[{"width":720,"height":479,"url":"https:\/\/static.africa-press.net\/cameroun\/sites\/57\/2022\/10\/img-633b35bb89517.jpg","type":"image\/jpeg"}],"author":"cfeditorfr","twitter_card":"summary_large_image","twitter_misc":{"\u00c9crit par":"cfeditorfr","Dur\u00e9e de lecture estim\u00e9e":"2 minutes"},"schema":{"@context":"https:\/\/schema.org","@graph":[{"@type":"Article","@id":"https:\/\/www.africa-press.net\/cameroun\/economie\/covid-19-pertes-de-recettes-en-vue-suite-a-la-non-systematisation-du-test-pcr-pour-les-voyageurs-sortant-du-cameroun#article","isPartOf":{"@id":"https:\/\/www.africa-press.net\/cameroun\/economie\/covid-19-pertes-de-recettes-en-vue-suite-a-la-non-systematisation-du-test-pcr-pour-les-voyageurs-sortant-du-cameroun"},"author":{"name":"cfeditorfr","@id":"https:\/\/www.africa-press.net\/cameroun\/#\/schema\/person\/2b1cf3cd81a31e3cd26889ca66d677f1"},"headline":"Covid-19\u00a0: pertes de recettes en vue suite \u00e0 la non-syst\u00e9matisation du test PCR pour les voyageurs sortant du Cameroun","datePublished":"2022-10-03T18:56:33+00:00","dateModified":"2022-10-03T19:48:02+00:00","mainEntityOfPage":{"@id":"https:\/\/www.africa-press.net\/cameroun\/economie\/covid-19-pertes-de-recettes-en-vue-suite-a-la-non-systematisation-du-test-pcr-pour-les-voyageurs-sortant-du-cameroun"},"wordCount":349,"commentCount":0,"image":{"@id":"https:\/\/www.africa-press.net\/cameroun\/economie\/covid-19-pertes-de-recettes-en-vue-suite-a-la-non-systematisation-du-test-pcr-pour-les-voyageurs-sortant-du-cameroun#primaryimage"},"thumbnailUrl":"https:\/\/static.africa-press.net\/cameroun\/sites\/57\/2022\/10\/img-633b35bb89517.jpg","keywords":["Africa Press","Africa Press-Cameroun","Cameroun"],"articleSection":["\u00c9conomie","Toutes les actualit\u00e9s"],"inLanguage":"fr-FR","potentialAction":[{"@type":"CommentAction","name":"Comment","target":["https:\/\/www.africa-press.net\/cameroun\/economie\/covid-19-pertes-de-recettes-en-vue-suite-a-la-non-systematisation-du-test-pcr-pour-les-voyageurs-sortant-du-cameroun#respond"]}]},{"@type":"WebPage","@id":"https:\/\/www.africa-press.net\/cameroun\/economie\/covid-19-pertes-de-recettes-en-vue-suite-a-la-non-systematisation-du-test-pcr-pour-les-voyageurs-sortant-du-cameroun","url":"https:\/\/www.africa-press.net\/cameroun\/economie\/covid-19-pertes-de-recettes-en-vue-suite-a-la-non-systematisation-du-test-pcr-pour-les-voyageurs-sortant-du-cameroun","name":"Covid-19\u00a0: pertes de recettes en vue suite \u00e0 la non-syst\u00e9matisation du test PCR pour les voyageurs sortant du Cameroun - Cameroun","isPartOf":{"@id":"https:\/\/www.africa-press.net\/cameroun\/#website"},"primaryImageOfPage":{"@id":"https:\/\/www.africa-press.net\/cameroun\/economie\/covid-19-pertes-de-recettes-en-vue-suite-a-la-non-systematisation-du-test-pcr-pour-les-voyageurs-sortant-du-cameroun#primaryimage"},"image":{"@id":"https:\/\/www.africa-press.net\/cameroun\/economie\/covid-19-pertes-de-recettes-en-vue-suite-a-la-non-systematisation-du-test-pcr-pour-les-voyageurs-sortant-du-cameroun#primaryimage"},"thumbnailUrl":"https:\/\/static.africa-press.net\/cameroun\/sites\/57\/2022\/10\/img-633b35bb89517.jpg","datePublished":"2022-10-03T18:56:33+00:00","dateModified":"2022-10-03T19:48:02+00:00","author":{"@id":"https:\/\/www.africa-press.net\/cameroun\/#\/schema\/person\/2b1cf3cd81a31e3cd26889ca66d677f1"},"description":"Investir au Cameroun) - Dans une correspondance adresse\u0301e le 29 septembre 2022 a\u0300 son colle\u0300gue du ministe\u0300re des Transp ...","breadcrumb":{"@id":"https:\/\/www.africa-press.net\/cameroun\/economie\/covid-19-pertes-de-recettes-en-vue-suite-a-la-non-systematisation-du-test-pcr-pour-les-voyageurs-sortant-du-cameroun#breadcrumb"},"inLanguage":"fr-FR","potentialAction":[{"@type":"ReadAction","target":["https:\/\/www.africa-press.net\/cameroun\/economie\/covid-19-pertes-de-recettes-en-vue-suite-a-la-non-systematisation-du-test-pcr-pour-les-voyageurs-sortant-du-cameroun"]}]},{"@type":"ImageObject","inLanguage":"fr-FR","@id":"https:\/\/www.africa-press.net\/cameroun\/economie\/covid-19-pertes-de-recettes-en-vue-suite-a-la-non-systematisation-du-test-pcr-pour-les-voyageurs-sortant-du-cameroun#primaryimage","url":"https:\/\/static.africa-press.net\/cameroun\/sites\/57\/2022\/10\/img-633b35bb89517.jpg","contentUrl":"https:\/\/static.africa-press.net\/cameroun\/sites\/57\/2022\/10\/img-633b35bb89517.jpg","width":720,"height":479,"caption":"Covid-19\u00a0: pertes de recettes en vue suite \u00e0 la non-syst\u00e9matisation du test PCR pour les voyageurs sortant du Cameroun"},{"@type":"BreadcrumbList","@id":"https:\/\/www.africa-press.net\/cameroun\/economie\/covid-19-pertes-de-recettes-en-vue-suite-a-la-non-systematisation-du-test-pcr-pour-les-voyageurs-sortant-du-cameroun#breadcrumb","itemListElement":[{"@type":"ListItem","position":1,"name":"Accueil","item":"https:\/\/www.africa-press.net\/cameroun\/"},{"@type":"ListItem","position":2,"name":"Covid-19\u00a0: pertes de recettes en vue suite \u00e0 la non-syst\u00e9matisation du test PCR pour les voyageurs sortant du Cameroun"}]},{"@type":"WebSite","@id":"https:\/\/www.africa-press.net\/cameroun\/#website","url":"https:\/\/www.africa-press.net\/cameroun\/","name":"Cameroun","description":"Just another Africa News Agency Sites site","potentialAction":[{"@type":"SearchAction","target":{"@type":"EntryPoint","urlTemplate":"https:\/\/www.africa-press.net\/cameroun\/?s={search_term_string}"},"query-input":{"@type":"PropertyValueSpecification","valueRequired":true,"valueName":"search_term_string"}}],"inLanguage":"fr-FR"},{"@type":"Person","@id":"https:\/\/www.africa-press.net\/cameroun\/#\/schema\/person\/2b1cf3cd81a31e3cd26889ca66d677f1","name":"cfeditorfr"}]}},"_links":{"self":[{"href":"https:\/\/www.africa-press.net\/cameroun\/wp-json\/wp\/v2\/posts\/28678","targetHints":{"allow":["GET"]}}],"collection":[{"href":"https:\/\/www.africa-press.net\/cameroun\/wp-json\/wp\/v2\/posts"}],"about":[{"href":"https:\/\/www.africa-press.net\/cameroun\/wp-json\/wp\/v2\/types\/post"}],"author":[{"embeddable":true,"href":"https:\/\/www.africa-press.net\/cameroun\/wp-json\/wp\/v2\/users\/82"}],"replies":[{"embeddable":true,"href":"https:\/\/www.africa-press.net\/cameroun\/wp-json\/wp\/v2\/comments?post=28678"}],"version-history":[{"count":0,"href":"https:\/\/www.africa-press.net\/cameroun\/wp-json\/wp\/v2\/posts\/28678\/revisions"}],"wp:featuredmedia":[{"embeddable":true,"href":"https:\/\/www.africa-press.net\/cameroun\/wp-json\/wp\/v2\/media\/28677"}],"wp:attachment":[{"href":"https:\/\/www.africa-press.net\/cameroun\/wp-json\/wp\/v2\/media?parent=28678"}],"wp:term":[{"taxonomy":"category","embeddable":true,"href":"https:\/\/www.africa-press.net\/cameroun\/wp-json\/wp\/v2\/categories?post=28678"},{"taxonomy":"post_tag","embeddable":true,"href":"https:\/\/www.africa-press.net\/cameroun\/wp-json\/wp\/v2\/tags?post=28678"}],"curies":[{"name":"wp","href":"https:\/\/api.w.org\/{rel}","templated":true}]}}