{"id":28702,"date":"2022-10-04T20:43:45","date_gmt":"2022-10-04T20:43:45","guid":{"rendered":"https:\/\/www.africa-press.net\/cameroun\/politique\/actions-caritatives-le-ministre-achille-bassilekin-iii-retire-son-parrainage-a-lorganisation-du-prix-dexcellence-francoise-foning-institue-en-hommage-a-la-defunte-femme-da"},"modified":"2022-10-04T20:43:45","modified_gmt":"2022-10-04T20:43:45","slug":"actions-caritatives-le-ministre-achille-bassilekin-iii-retire-son-parrainage-a-lorganisation-du-prix-dexcellence-francoise-foning-institue-en-hommage-a-la-defunte-femme-da","status":"publish","type":"post","link":"https:\/\/www.africa-press.net\/cameroun\/toutes-les-actualites\/actions-caritatives-le-ministre-achille-bassilekin-iii-retire-son-parrainage-a-lorganisation-du-prix-dexcellence-francoise-foning-institue-en-hommage-a-la-defunte-femme-da","title":{"rendered":"Actions caritatives: Le ministre Achille Bassilekin III retire son parrainage \u00e0 l\u2019organisation du Prix d\u2019Excellence Fran\u00e7oise Foning, institu\u00e9 en hommage \u00e0 la d\u00e9funte femme d\u2019affaires"},"content":{"rendered":"<p><span style=\"color: #ff6600\"><strong>Africa-Press &#8211; Cameroun. <\/strong><\/span>Le torchon brule entre les fils et filles de la de\u0301funte maire, de\u0301pute\u0301e et femme politique d\u2019influence Franc\u0327oise Foning, au sujet de l\u2019institution d\u2019un \u00ab Prix d\u2019Excellence Franc\u0327oise Foning pour l\u2019entrepreneuriat fe\u0301minin et jeune \u00bb, en hommage a\u0300 la disparue. L\u2019ide\u0301e ne fait pas l\u2019unanimite\u0301 entre ses enfants, au point ou\u0300 leurs divergences ont e\u0301te\u0301 porte\u0301es a\u0300 la connaissance de certaines autorite\u0301s de la Re\u0301publique. En effet, Cendrine Foning, e\u0301pse Abbessolo Monefong, l\u2019une de ses filles, a\u0300 l\u2019initiative de ce prix, a re\u0301cemment obtenu le parrainage du ministre des petites et moyennes Entreprises, de l\u2019Economie sociale et de l\u2019Artisanat, Achille Bassilekin III, pour la tenue de cet e\u0301ve\u0301nement pre\u0301vu du 8 au 15 octobre 2022.<\/p>\n<p>Mais en raison des contestations e\u0301mises par l\u2019un des fils, le nomme\u0301 Salomon Tsobgny, le ministre a du\u0302 se re\u0301tracter, et l\u2019a fait savoir a\u0300 Cendrine Foning dans une lettre date\u0301e du lundi 3 octobre 2022. \u00ab Le 14 septembre 2022, j\u2019ai rec\u0327u de monsieur Tsobgny Salomon, fils ai\u0302ne\u0301 de feue l\u2019Honorable Franc\u0327oise Foning, une correspondance dans laquelle il se de\u0301solidarise de l\u2019initiative porte\u0301e en marge, qu\u2019il qualifie par ailleurs de vaste campagne d\u2019escroquerie et d\u2019ope\u0301ration d\u2019arnaque \u00bb, renseigne Achille Bassilekin III a\u0300 l\u2019initiatrice, avant d\u2019ajouter : \u00ab j\u2019ai le regret de vous informer que dans l\u2019attente de faire la lumie\u0300re sur cette de\u0301nonciation d\u2019une gravite\u0301 ave\u0301re\u0301e, mon de\u0301partement ministe\u0301riel se re\u0301serve le droit de surseoir son parrainage relativement a\u0300 l\u2019organisation du Prix d\u2019Excellence Franc\u0327oise Foning pour l\u2019entrepreneuriat fe\u0301minin et jeunes \u00bb.<\/p>\n<p>Une de\u0301cision qui fait naturellement suite aux dissensions entre les fils et filles de la de\u0301funte. Le fils ai\u0302ne\u0301 en question a toujours estime\u0301 que ses cadets ont organise\u0301 \u00ab une vaste campagne d\u2019escroquerie aupre\u0300s des autorite\u0301s publiques, entreprises et hommes d\u2019affaires, sous le fallacieux pre\u0301texte d\u2019un prix en son honneur \u00bb.<\/p>\n<p>Le 21 septembre dernier, au cours d\u2019une confe\u0301rence de presse a\u0300 Yaounde\u0301, Cendrine Foning a de\u0301clare\u0301 que \u00ab le projet est soutenu par quatre enfants donc la majorite\u0301. Dans toutes les familles il y a des divergences d\u2019opinions mais ce n\u2019est pas l\u2019objet de notre rencontre d\u2019aujourd\u2019hui \u00bb avait-elle relativise\u0301.<\/p>\n<p><strong>Pour plus d&rsquo;informations et d&rsquo;analyses sur la <a href=\"https:\/\/www.africa-press.net\/cameroun\">Cameroun<\/a>, suivez <a href=\"https:\/\/www.africa-press.net\/\">Africa-Press<\/a><\/strong><\/p>\n","protected":false},"excerpt":{"rendered":"<p>Africa-Press &#8211; Cameroun. Le torchon brule entre les fils et filles de la de\u0301funte maire, de\u0301pute\u0301e et femme politique d\u2019influence Franc\u0327oise Foning, au sujet de l\u2019institution d\u2019un \u00ab Prix d\u2019Excellence Franc\u0327oise Foning pour l\u2019entrepreneuriat fe\u0301minin et jeune \u00bb, en hommage a\u0300 la disparue. L\u2019ide\u0301e ne fait pas l\u2019unanimite\u0301 entre ses enfants, au point ou\u0300 leurs [&hellip;]<\/p>\n","protected":false},"author":82,"featured_media":28701,"comment_status":"open","ping_status":"closed","sticky":false,"template":"","format":"standard","meta":{"footnotes":""},"categories":[21,10],"tags":[36,50,49],"class_list":["post-28702","post","type-post","status-publish","format-standard","has-post-thumbnail","hentry","category-communaute","category-toutes-les-actualites","tag-africa-press","tag-africa-press-cameroun","tag-cameroun"],"yoast_head":"<!-- This site is optimized with the Yoast SEO Premium plugin v26.1 (Yoast SEO v27.0) - https:\/\/yoast.com\/product\/yoast-seo-premium-wordpress\/ -->\n<title>Actions caritatives: Le ministre Achille Bassilekin III retire son parrainage \u00e0 l\u2019organisation du Prix d\u2019Excellence Fran\u00e7oise Foning, institu\u00e9 en hommage \u00e0 la d\u00e9funte femme d\u2019affaires - Cameroun<\/title>\n<meta name=\"robots\" content=\"index, follow, max-snippet:-1, max-image-preview:large, max-video-preview:-1\" \/>\n<link rel=\"canonical\" href=\"https:\/\/www.africa-press.net\/cameroun\/politique\/actions-caritatives-le-ministre-achille-bassilekin-iii-retire-son-parrainage-a-lorganisation-du-prix-dexcellence-francoise-foning-institue-en-hommage-a-la-defunte-femme-da\" \/>\n<meta property=\"og:locale\" content=\"fr_FR\" \/>\n<meta property=\"og:type\" content=\"article\" \/>\n<meta property=\"og:title\" content=\"Actions caritatives: Le ministre Achille Bassilekin III retire son parrainage \u00e0 l\u2019organisation du Prix d\u2019Excellence Fran\u00e7oise Foning, institu\u00e9 en hommage \u00e0 la d\u00e9funte femme d\u2019affaires\" \/>\n<meta property=\"og:description\" content=\"Africa-Press &#8211; Cameroun. Le torchon brule entre les fils et filles de la de\u0301funte maire, de\u0301pute\u0301e et femme politique d\u2019influence Franc\u0327oise Foning, au sujet de l\u2019institution d\u2019un \u00ab Prix d\u2019Excellence Franc\u0327oise Foning pour l\u2019entrepreneuriat fe\u0301minin et jeune \u00bb, en hommage a\u0300 la disparue. L\u2019ide\u0301e ne fait pas l\u2019unanimite\u0301 entre ses enfants, au point ou\u0300 leurs [&hellip;]\" \/>\n<meta property=\"og:url\" content=\"https:\/\/www.africa-press.net\/cameroun\/politique\/actions-caritatives-le-ministre-achille-bassilekin-iii-retire-son-parrainage-a-lorganisation-du-prix-dexcellence-francoise-foning-institue-en-hommage-a-la-defunte-femme-da\" \/>\n<meta property=\"og:site_name\" content=\"Cameroun\" \/>\n<meta property=\"article:published_time\" content=\"2022-10-04T20:43:45+00:00\" \/>\n<meta name=\"author\" content=\"cfeditorfr\" \/>\n<meta name=\"twitter:card\" content=\"summary_large_image\" \/>\n<meta name=\"twitter:label1\" content=\"\u00c9crit par\" \/>\n\t<meta name=\"twitter:data1\" content=\"cfeditorfr\" \/>\n\t<meta name=\"twitter:label2\" content=\"Dur\u00e9e de lecture estim\u00e9e\" \/>\n\t<meta name=\"twitter:data2\" content=\"2 minutes\" \/>\n<script type=\"application\/ld+json\" class=\"yoast-schema-graph\">{\"@context\":\"https:\/\/schema.org\",\"@graph\":[{\"@type\":\"Article\",\"@id\":\"https:\/\/www.africa-press.net\/cameroun\/politique\/actions-caritatives-le-ministre-achille-bassilekin-iii-retire-son-parrainage-a-lorganisation-du-prix-dexcellence-francoise-foning-institue-en-hommage-a-la-defunte-femme-da#article\",\"isPartOf\":{\"@id\":\"https:\/\/www.africa-press.net\/cameroun\/politique\/actions-caritatives-le-ministre-achille-bassilekin-iii-retire-son-parrainage-a-lorganisation-du-prix-dexcellence-francoise-foning-institue-en-hommage-a-la-defunte-femme-da\"},\"author\":{\"name\":\"cfeditorfr\",\"@id\":\"https:\/\/www.africa-press.net\/cameroun\/#\/schema\/person\/2b1cf3cd81a31e3cd26889ca66d677f1\"},\"headline\":\"Actions caritatives: Le ministre Achille Bassilekin III retire son parrainage \u00e0 l\u2019organisation du Prix d\u2019Excellence Fran\u00e7oise Foning, institu\u00e9 en hommage \u00e0 la d\u00e9funte femme d\u2019affaires\",\"datePublished\":\"2022-10-04T20:43:45+00:00\",\"mainEntityOfPage\":{\"@id\":\"https:\/\/www.africa-press.net\/cameroun\/politique\/actions-caritatives-le-ministre-achille-bassilekin-iii-retire-son-parrainage-a-lorganisation-du-prix-dexcellence-francoise-foning-institue-en-hommage-a-la-defunte-femme-da\"},\"wordCount\":452,\"commentCount\":0,\"image\":{\"@id\":\"https:\/\/www.africa-press.net\/cameroun\/politique\/actions-caritatives-le-ministre-achille-bassilekin-iii-retire-son-parrainage-a-lorganisation-du-prix-dexcellence-francoise-foning-institue-en-hommage-a-la-defunte-femme-da#primaryimage\"},\"thumbnailUrl\":\"https:\/\/static.africa-press.net\/cameroun\/sites\/57\/2022\/10\/img-633c9acbb6620.jpg\",\"keywords\":[\"Africa Press\",\"Africa Press-Cameroun\",\"Cameroun\"],\"articleSection\":[\"Communaut\u00e9\",\"Toutes les actualit\u00e9s\"],\"inLanguage\":\"fr-FR\",\"potentialAction\":[{\"@type\":\"CommentAction\",\"name\":\"Comment\",\"target\":[\"https:\/\/www.africa-press.net\/cameroun\/politique\/actions-caritatives-le-ministre-achille-bassilekin-iii-retire-son-parrainage-a-lorganisation-du-prix-dexcellence-francoise-foning-institue-en-hommage-a-la-defunte-femme-da#respond\"]}]},{\"@type\":\"WebPage\",\"@id\":\"https:\/\/www.africa-press.net\/cameroun\/politique\/actions-caritatives-le-ministre-achille-bassilekin-iii-retire-son-parrainage-a-lorganisation-du-prix-dexcellence-francoise-foning-institue-en-hommage-a-la-defunte-femme-da\",\"url\":\"https:\/\/www.africa-press.net\/cameroun\/politique\/actions-caritatives-le-ministre-achille-bassilekin-iii-retire-son-parrainage-a-lorganisation-du-prix-dexcellence-francoise-foning-institue-en-hommage-a-la-defunte-femme-da\",\"name\":\"Actions caritatives: Le ministre Achille Bassilekin III retire son parrainage \u00e0 l\u2019organisation du Prix d\u2019Excellence Fran\u00e7oise Foning, institu\u00e9 en hommage \u00e0 la d\u00e9funte femme d\u2019affaires - Cameroun\",\"isPartOf\":{\"@id\":\"https:\/\/www.africa-press.net\/cameroun\/#website\"},\"primaryImageOfPage\":{\"@id\":\"https:\/\/www.africa-press.net\/cameroun\/politique\/actions-caritatives-le-ministre-achille-bassilekin-iii-retire-son-parrainage-a-lorganisation-du-prix-dexcellence-francoise-foning-institue-en-hommage-a-la-defunte-femme-da#primaryimage\"},\"image\":{\"@id\":\"https:\/\/www.africa-press.net\/cameroun\/politique\/actions-caritatives-le-ministre-achille-bassilekin-iii-retire-son-parrainage-a-lorganisation-du-prix-dexcellence-francoise-foning-institue-en-hommage-a-la-defunte-femme-da#primaryimage\"},\"thumbnailUrl\":\"https:\/\/static.africa-press.net\/cameroun\/sites\/57\/2022\/10\/img-633c9acbb6620.jpg\",\"datePublished\":\"2022-10-04T20:43:45+00:00\",\"author\":{\"@id\":\"https:\/\/www.africa-press.net\/cameroun\/#\/schema\/person\/2b1cf3cd81a31e3cd26889ca66d677f1\"},\"breadcrumb\":{\"@id\":\"https:\/\/www.africa-press.net\/cameroun\/politique\/actions-caritatives-le-ministre-achille-bassilekin-iii-retire-son-parrainage-a-lorganisation-du-prix-dexcellence-francoise-foning-institue-en-hommage-a-la-defunte-femme-da#breadcrumb\"},\"inLanguage\":\"fr-FR\",\"potentialAction\":[{\"@type\":\"ReadAction\",\"target\":[\"https:\/\/www.africa-press.net\/cameroun\/politique\/actions-caritatives-le-ministre-achille-bassilekin-iii-retire-son-parrainage-a-lorganisation-du-prix-dexcellence-francoise-foning-institue-en-hommage-a-la-defunte-femme-da\"]}]},{\"@type\":\"ImageObject\",\"inLanguage\":\"fr-FR\",\"@id\":\"https:\/\/www.africa-press.net\/cameroun\/politique\/actions-caritatives-le-ministre-achille-bassilekin-iii-retire-son-parrainage-a-lorganisation-du-prix-dexcellence-francoise-foning-institue-en-hommage-a-la-defunte-femme-da#primaryimage\",\"url\":\"https:\/\/static.africa-press.net\/cameroun\/sites\/57\/2022\/10\/img-633c9acbb6620.jpg\",\"contentUrl\":\"https:\/\/static.africa-press.net\/cameroun\/sites\/57\/2022\/10\/img-633c9acbb6620.jpg\",\"width\":800,\"height\":600,\"caption\":\"Actions caritatives: Le ministre Achille Bassilekin III retire son parrainage \u00e0 l\u2019organisation du Prix d\u2019Excellence Fran\u00e7oise Foning, institu\u00e9 en hommage \u00e0 la d\u00e9funte femme d\u2019affaires\"},{\"@type\":\"BreadcrumbList\",\"@id\":\"https:\/\/www.africa-press.net\/cameroun\/politique\/actions-caritatives-le-ministre-achille-bassilekin-iii-retire-son-parrainage-a-lorganisation-du-prix-dexcellence-francoise-foning-institue-en-hommage-a-la-defunte-femme-da#breadcrumb\",\"itemListElement\":[{\"@type\":\"ListItem\",\"position\":1,\"name\":\"Accueil\",\"item\":\"https:\/\/www.africa-press.net\/cameroun\/\"},{\"@type\":\"ListItem\",\"position\":2,\"name\":\"Actions caritatives: Le ministre Achille Bassilekin III retire son parrainage \u00e0 l\u2019organisation du Prix d\u2019Excellence Fran\u00e7oise Foning, institu\u00e9 en hommage \u00e0 la d\u00e9funte femme d\u2019affaires\"}]},{\"@type\":\"WebSite\",\"@id\":\"https:\/\/www.africa-press.net\/cameroun\/#website\",\"url\":\"https:\/\/www.africa-press.net\/cameroun\/\",\"name\":\"Cameroun\",\"description\":\"Just another Africa News Agency Sites site\",\"potentialAction\":[{\"@type\":\"SearchAction\",\"target\":{\"@type\":\"EntryPoint\",\"urlTemplate\":\"https:\/\/www.africa-press.net\/cameroun\/?s={search_term_string}\"},\"query-input\":{\"@type\":\"PropertyValueSpecification\",\"valueRequired\":true,\"valueName\":\"search_term_string\"}}],\"inLanguage\":\"fr-FR\"},{\"@type\":\"Person\",\"@id\":\"https:\/\/www.africa-press.net\/cameroun\/#\/schema\/person\/2b1cf3cd81a31e3cd26889ca66d677f1\",\"name\":\"cfeditorfr\"}]}<\/script>\n<!-- \/ Yoast SEO Premium plugin. -->","yoast_head_json":{"title":"Actions caritatives: Le ministre Achille Bassilekin III retire son parrainage \u00e0 l\u2019organisation du Prix d\u2019Excellence Fran\u00e7oise Foning, institu\u00e9 en hommage \u00e0 la d\u00e9funte femme d\u2019affaires - Cameroun","robots":{"index":"index","follow":"follow","max-snippet":"max-snippet:-1","max-image-preview":"max-image-preview:large","max-video-preview":"max-video-preview:-1"},"canonical":"https:\/\/www.africa-press.net\/cameroun\/politique\/actions-caritatives-le-ministre-achille-bassilekin-iii-retire-son-parrainage-a-lorganisation-du-prix-dexcellence-francoise-foning-institue-en-hommage-a-la-defunte-femme-da","og_locale":"fr_FR","og_type":"article","og_title":"Actions caritatives: Le ministre Achille Bassilekin III retire son parrainage \u00e0 l\u2019organisation du Prix d\u2019Excellence Fran\u00e7oise Foning, institu\u00e9 en hommage \u00e0 la d\u00e9funte femme d\u2019affaires","og_description":"Africa-Press &#8211; Cameroun. Le torchon brule entre les fils et filles de la de\u0301funte maire, de\u0301pute\u0301e et femme politique d\u2019influence Franc\u0327oise Foning, au sujet de l\u2019institution d\u2019un \u00ab Prix d\u2019Excellence Franc\u0327oise Foning pour l\u2019entrepreneuriat fe\u0301minin et jeune \u00bb, en hommage a\u0300 la disparue. L\u2019ide\u0301e ne fait pas l\u2019unanimite\u0301 entre ses enfants, au point ou\u0300 leurs [&hellip;]","og_url":"https:\/\/www.africa-press.net\/cameroun\/politique\/actions-caritatives-le-ministre-achille-bassilekin-iii-retire-son-parrainage-a-lorganisation-du-prix-dexcellence-francoise-foning-institue-en-hommage-a-la-defunte-femme-da","og_site_name":"Cameroun","article_published_time":"2022-10-04T20:43:45+00:00","author":"cfeditorfr","twitter_card":"summary_large_image","twitter_misc":{"\u00c9crit par":"cfeditorfr","Dur\u00e9e de lecture estim\u00e9e":"2 minutes"},"schema":{"@context":"https:\/\/schema.org","@graph":[{"@type":"Article","@id":"https:\/\/www.africa-press.net\/cameroun\/politique\/actions-caritatives-le-ministre-achille-bassilekin-iii-retire-son-parrainage-a-lorganisation-du-prix-dexcellence-francoise-foning-institue-en-hommage-a-la-defunte-femme-da#article","isPartOf":{"@id":"https:\/\/www.africa-press.net\/cameroun\/politique\/actions-caritatives-le-ministre-achille-bassilekin-iii-retire-son-parrainage-a-lorganisation-du-prix-dexcellence-francoise-foning-institue-en-hommage-a-la-defunte-femme-da"},"author":{"name":"cfeditorfr","@id":"https:\/\/www.africa-press.net\/cameroun\/#\/schema\/person\/2b1cf3cd81a31e3cd26889ca66d677f1"},"headline":"Actions caritatives: Le ministre Achille Bassilekin III retire son parrainage \u00e0 l\u2019organisation du Prix d\u2019Excellence Fran\u00e7oise Foning, institu\u00e9 en hommage \u00e0 la d\u00e9funte femme d\u2019affaires","datePublished":"2022-10-04T20:43:45+00:00","mainEntityOfPage":{"@id":"https:\/\/www.africa-press.net\/cameroun\/politique\/actions-caritatives-le-ministre-achille-bassilekin-iii-retire-son-parrainage-a-lorganisation-du-prix-dexcellence-francoise-foning-institue-en-hommage-a-la-defunte-femme-da"},"wordCount":452,"commentCount":0,"image":{"@id":"https:\/\/www.africa-press.net\/cameroun\/politique\/actions-caritatives-le-ministre-achille-bassilekin-iii-retire-son-parrainage-a-lorganisation-du-prix-dexcellence-francoise-foning-institue-en-hommage-a-la-defunte-femme-da#primaryimage"},"thumbnailUrl":"https:\/\/static.africa-press.net\/cameroun\/sites\/57\/2022\/10\/img-633c9acbb6620.jpg","keywords":["Africa Press","Africa Press-Cameroun","Cameroun"],"articleSection":["Communaut\u00e9","Toutes les actualit\u00e9s"],"inLanguage":"fr-FR","potentialAction":[{"@type":"CommentAction","name":"Comment","target":["https:\/\/www.africa-press.net\/cameroun\/politique\/actions-caritatives-le-ministre-achille-bassilekin-iii-retire-son-parrainage-a-lorganisation-du-prix-dexcellence-francoise-foning-institue-en-hommage-a-la-defunte-femme-da#respond"]}]},{"@type":"WebPage","@id":"https:\/\/www.africa-press.net\/cameroun\/politique\/actions-caritatives-le-ministre-achille-bassilekin-iii-retire-son-parrainage-a-lorganisation-du-prix-dexcellence-francoise-foning-institue-en-hommage-a-la-defunte-femme-da","url":"https:\/\/www.africa-press.net\/cameroun\/politique\/actions-caritatives-le-ministre-achille-bassilekin-iii-retire-son-parrainage-a-lorganisation-du-prix-dexcellence-francoise-foning-institue-en-hommage-a-la-defunte-femme-da","name":"Actions caritatives: Le ministre Achille Bassilekin III retire son parrainage \u00e0 l\u2019organisation du Prix d\u2019Excellence Fran\u00e7oise Foning, institu\u00e9 en hommage \u00e0 la d\u00e9funte femme d\u2019affaires - Cameroun","isPartOf":{"@id":"https:\/\/www.africa-press.net\/cameroun\/#website"},"primaryImageOfPage":{"@id":"https:\/\/www.africa-press.net\/cameroun\/politique\/actions-caritatives-le-ministre-achille-bassilekin-iii-retire-son-parrainage-a-lorganisation-du-prix-dexcellence-francoise-foning-institue-en-hommage-a-la-defunte-femme-da#primaryimage"},"image":{"@id":"https:\/\/www.africa-press.net\/cameroun\/politique\/actions-caritatives-le-ministre-achille-bassilekin-iii-retire-son-parrainage-a-lorganisation-du-prix-dexcellence-francoise-foning-institue-en-hommage-a-la-defunte-femme-da#primaryimage"},"thumbnailUrl":"https:\/\/static.africa-press.net\/cameroun\/sites\/57\/2022\/10\/img-633c9acbb6620.jpg","datePublished":"2022-10-04T20:43:45+00:00","author":{"@id":"https:\/\/www.africa-press.net\/cameroun\/#\/schema\/person\/2b1cf3cd81a31e3cd26889ca66d677f1"},"breadcrumb":{"@id":"https:\/\/www.africa-press.net\/cameroun\/politique\/actions-caritatives-le-ministre-achille-bassilekin-iii-retire-son-parrainage-a-lorganisation-du-prix-dexcellence-francoise-foning-institue-en-hommage-a-la-defunte-femme-da#breadcrumb"},"inLanguage":"fr-FR","potentialAction":[{"@type":"ReadAction","target":["https:\/\/www.africa-press.net\/cameroun\/politique\/actions-caritatives-le-ministre-achille-bassilekin-iii-retire-son-parrainage-a-lorganisation-du-prix-dexcellence-francoise-foning-institue-en-hommage-a-la-defunte-femme-da"]}]},{"@type":"ImageObject","inLanguage":"fr-FR","@id":"https:\/\/www.africa-press.net\/cameroun\/politique\/actions-caritatives-le-ministre-achille-bassilekin-iii-retire-son-parrainage-a-lorganisation-du-prix-dexcellence-francoise-foning-institue-en-hommage-a-la-defunte-femme-da#primaryimage","url":"https:\/\/static.africa-press.net\/cameroun\/sites\/57\/2022\/10\/img-633c9acbb6620.jpg","contentUrl":"https:\/\/static.africa-press.net\/cameroun\/sites\/57\/2022\/10\/img-633c9acbb6620.jpg","width":800,"height":600,"caption":"Actions caritatives: Le ministre Achille Bassilekin III retire son parrainage \u00e0 l\u2019organisation du Prix d\u2019Excellence Fran\u00e7oise Foning, institu\u00e9 en hommage \u00e0 la d\u00e9funte femme d\u2019affaires"},{"@type":"BreadcrumbList","@id":"https:\/\/www.africa-press.net\/cameroun\/politique\/actions-caritatives-le-ministre-achille-bassilekin-iii-retire-son-parrainage-a-lorganisation-du-prix-dexcellence-francoise-foning-institue-en-hommage-a-la-defunte-femme-da#breadcrumb","itemListElement":[{"@type":"ListItem","position":1,"name":"Accueil","item":"https:\/\/www.africa-press.net\/cameroun\/"},{"@type":"ListItem","position":2,"name":"Actions caritatives: Le ministre Achille Bassilekin III retire son parrainage \u00e0 l\u2019organisation du Prix d\u2019Excellence Fran\u00e7oise Foning, institu\u00e9 en hommage \u00e0 la d\u00e9funte femme d\u2019affaires"}]},{"@type":"WebSite","@id":"https:\/\/www.africa-press.net\/cameroun\/#website","url":"https:\/\/www.africa-press.net\/cameroun\/","name":"Cameroun","description":"Just another Africa News Agency Sites site","potentialAction":[{"@type":"SearchAction","target":{"@type":"EntryPoint","urlTemplate":"https:\/\/www.africa-press.net\/cameroun\/?s={search_term_string}"},"query-input":{"@type":"PropertyValueSpecification","valueRequired":true,"valueName":"search_term_string"}}],"inLanguage":"fr-FR"},{"@type":"Person","@id":"https:\/\/www.africa-press.net\/cameroun\/#\/schema\/person\/2b1cf3cd81a31e3cd26889ca66d677f1","name":"cfeditorfr"}]}},"_links":{"self":[{"href":"https:\/\/www.africa-press.net\/cameroun\/wp-json\/wp\/v2\/posts\/28702","targetHints":{"allow":["GET"]}}],"collection":[{"href":"https:\/\/www.africa-press.net\/cameroun\/wp-json\/wp\/v2\/posts"}],"about":[{"href":"https:\/\/www.africa-press.net\/cameroun\/wp-json\/wp\/v2\/types\/post"}],"author":[{"embeddable":true,"href":"https:\/\/www.africa-press.net\/cameroun\/wp-json\/wp\/v2\/users\/82"}],"replies":[{"embeddable":true,"href":"https:\/\/www.africa-press.net\/cameroun\/wp-json\/wp\/v2\/comments?post=28702"}],"version-history":[{"count":0,"href":"https:\/\/www.africa-press.net\/cameroun\/wp-json\/wp\/v2\/posts\/28702\/revisions"}],"wp:featuredmedia":[{"embeddable":true,"href":"https:\/\/www.africa-press.net\/cameroun\/wp-json\/wp\/v2\/media\/28701"}],"wp:attachment":[{"href":"https:\/\/www.africa-press.net\/cameroun\/wp-json\/wp\/v2\/media?parent=28702"}],"wp:term":[{"taxonomy":"category","embeddable":true,"href":"https:\/\/www.africa-press.net\/cameroun\/wp-json\/wp\/v2\/categories?post=28702"},{"taxonomy":"post_tag","embeddable":true,"href":"https:\/\/www.africa-press.net\/cameroun\/wp-json\/wp\/v2\/tags?post=28702"}],"curies":[{"name":"wp","href":"https:\/\/api.w.org\/{rel}","templated":true}]}}