{"id":28708,"date":"2022-10-04T18:10:25","date_gmt":"2022-10-04T18:10:25","guid":{"rendered":"https:\/\/www.africa-press.net\/cameroun\/politique\/boxe-le-cameroun-va-organiser-la-6e-coupe-dafrique-des-nations-en-juin-2023"},"modified":"2022-10-04T18:10:25","modified_gmt":"2022-10-04T18:10:25","slug":"boxe-le-cameroun-va-organiser-la-6e-coupe-dafrique-des-nations-en-juin-2023","status":"publish","type":"post","link":"https:\/\/www.africa-press.net\/cameroun\/sports\/boxe-le-cameroun-va-organiser-la-6e-coupe-dafrique-des-nations-en-juin-2023","title":{"rendered":"Boxe\u00a0: Le Cameroun va organiser la 6e Coupe d\u2019Afrique des Nations en juin 2023"},"content":{"rendered":"<p><span style=\"color: #ff6600\"><strong>Africa-Press &#8211; Cameroun. <\/strong><\/span>Le Cameroun est le pays ho\u0302te des 6e\u0300s championnats d\u2019Afrique des nations de boxe. Ainsi en a de\u0301cide\u0301 le conseil d\u2019administration de la Confe\u0301de\u0301ration africaine de boxe (AFBC), re\u0301uni il y a quelques jours a\u0300 Maputo. La ville de Yaounde\u0301 sera donc la capitale de la boxe africaine en juin 2023, a-t-on appris des services de la Communication de la Fe\u0301de\u0301ration Camerounaise de boxe, ce mardi 4 octobre 2022.<\/p>\n<p>L\u2019annonce a en effet e\u0301te\u0301 officialise\u0301e par le secre\u0301taire ge\u0301ne\u0301ral de la Confe\u0301de\u0301ration africaine de boxe, le Camerounais Andre\u0301 Basile Kalong. \u00ab Nous avons convenu a\u0300 l&rsquo;unanimite\u0301 que Yaounde\u0301, le sie\u0300ge de l&rsquo;AFBC accueillera le tournoi de la Coupe d&rsquo;Afrique des Nations l&rsquo;anne\u0301e prochaine. La Coupe d&rsquo;Afrique des Nations est conforme a\u0300 nos plans d&rsquo;organiser autant de tournois que possible pour s&rsquo;assurer que nos boxeurs sont occupe\u0301s et ame\u0301liorer nos standards de boxe \u00bb, a de\u0301clare\u0301 Kalong dans des propos publie\u0301s sur la plateforme WhatsApp de la fe\u0301de\u0301ration camerounaise.<\/p>\n<p>La confe\u0301de\u0301ration africaine, de\u0301sormais ge\u0301re\u0301e par le Camerounais Bertrand Magloire Mendouga, veut insuffler une nouvelle dynamique a\u0300 la boxe africaine, avec une multiplication des tournois. Ainsi, en plus de la Coupe d&rsquo;Afrique des Nations, Kalong a de\u0301clare\u0301 que les autres tournois pre\u0301vus pour l&rsquo;anne\u0301e prochaine sont les Championnats d&rsquo;Afrique des jeunes d&rsquo;e\u0301lite et les tournois de zone. Il importe de rappeler que la cinquie\u0300me e\u0301dition de la Coupe d&rsquo;Afrique s&rsquo;est de\u0301roule\u0301e a\u0300 East London, en Afrique du Sud, en 2014. L&rsquo;Alge\u0301rie en e\u0301tait sortie vainqueur du classement ge\u0301ne\u0301ral avec cinq me\u0301dailles d&rsquo;or, suivie de l&rsquo;ho\u0302te, l&rsquo;Afrique du Sud, avec quatre me\u0301dailles d&rsquo;or.<\/p>\n<p><strong>Pour plus d&rsquo;informations et d&rsquo;analyses sur la <a href=\"https:\/\/www.africa-press.net\/cameroun\">Cameroun<\/a>, suivez <a href=\"https:\/\/www.africa-press.net\/\">Africa-Press<\/a><\/strong><\/p>\n","protected":false},"excerpt":{"rendered":"<p>Africa-Press &#8211; Cameroun. Le Cameroun est le pays ho\u0302te des 6e\u0300s championnats d\u2019Afrique des nations de boxe. Ainsi en a de\u0301cide\u0301 le conseil d\u2019administration de la Confe\u0301de\u0301ration africaine de boxe (AFBC), re\u0301uni il y a quelques jours a\u0300 Maputo. La ville de Yaounde\u0301 sera donc la capitale de la boxe africaine en juin 2023, a-t-on [&hellip;]<\/p>\n","protected":false},"author":82,"featured_media":28707,"comment_status":"open","ping_status":"closed","sticky":false,"template":"","format":"standard","meta":{"footnotes":""},"categories":[6,10],"tags":[36,50,49],"class_list":["post-28708","post","type-post","status-publish","format-standard","has-post-thumbnail","hentry","category-sports","category-toutes-les-actualites","tag-africa-press","tag-africa-press-cameroun","tag-cameroun"],"yoast_head":"<!-- This site is optimized with the Yoast SEO Premium plugin v26.1 (Yoast SEO v27.0) - https:\/\/yoast.com\/product\/yoast-seo-premium-wordpress\/ -->\n<title>Boxe\u00a0: Le Cameroun va organiser la 6e Coupe d\u2019Afrique des Nations en juin 2023 - Cameroun<\/title>\n<meta name=\"robots\" content=\"index, follow, max-snippet:-1, max-image-preview:large, max-video-preview:-1\" \/>\n<link rel=\"canonical\" href=\"https:\/\/www.africa-press.net\/cameroun\/politique\/boxe-le-cameroun-va-organiser-la-6e-coupe-dafrique-des-nations-en-juin-2023\" \/>\n<meta property=\"og:locale\" content=\"fr_FR\" \/>\n<meta property=\"og:type\" content=\"article\" \/>\n<meta property=\"og:title\" content=\"Boxe\u00a0: Le Cameroun va organiser la 6e Coupe d\u2019Afrique des Nations en juin 2023\" \/>\n<meta property=\"og:description\" content=\"Africa-Press &#8211; Cameroun. Le Cameroun est le pays ho\u0302te des 6e\u0300s championnats d\u2019Afrique des nations de boxe. Ainsi en a de\u0301cide\u0301 le conseil d\u2019administration de la Confe\u0301de\u0301ration africaine de boxe (AFBC), re\u0301uni il y a quelques jours a\u0300 Maputo. La ville de Yaounde\u0301 sera donc la capitale de la boxe africaine en juin 2023, a-t-on [&hellip;]\" \/>\n<meta property=\"og:url\" content=\"https:\/\/www.africa-press.net\/cameroun\/politique\/boxe-le-cameroun-va-organiser-la-6e-coupe-dafrique-des-nations-en-juin-2023\" \/>\n<meta property=\"og:site_name\" content=\"Cameroun\" \/>\n<meta property=\"article:published_time\" content=\"2022-10-04T18:10:25+00:00\" \/>\n<meta name=\"author\" content=\"cfeditorfr\" \/>\n<meta name=\"twitter:card\" content=\"summary_large_image\" \/>\n<meta name=\"twitter:label1\" content=\"\u00c9crit par\" \/>\n\t<meta name=\"twitter:data1\" content=\"cfeditorfr\" \/>\n\t<meta name=\"twitter:label2\" content=\"Dur\u00e9e de lecture estim\u00e9e\" \/>\n\t<meta name=\"twitter:data2\" content=\"2 minutes\" \/>\n<script type=\"application\/ld+json\" class=\"yoast-schema-graph\">{\"@context\":\"https:\/\/schema.org\",\"@graph\":[{\"@type\":\"Article\",\"@id\":\"https:\/\/www.africa-press.net\/cameroun\/politique\/boxe-le-cameroun-va-organiser-la-6e-coupe-dafrique-des-nations-en-juin-2023#article\",\"isPartOf\":{\"@id\":\"https:\/\/www.africa-press.net\/cameroun\/politique\/boxe-le-cameroun-va-organiser-la-6e-coupe-dafrique-des-nations-en-juin-2023\"},\"author\":{\"name\":\"cfeditorfr\",\"@id\":\"https:\/\/www.africa-press.net\/cameroun\/#\/schema\/person\/2b1cf3cd81a31e3cd26889ca66d677f1\"},\"headline\":\"Boxe\u00a0: Le Cameroun va organiser la 6e Coupe d\u2019Afrique des Nations en juin 2023\",\"datePublished\":\"2022-10-04T18:10:25+00:00\",\"mainEntityOfPage\":{\"@id\":\"https:\/\/www.africa-press.net\/cameroun\/politique\/boxe-le-cameroun-va-organiser-la-6e-coupe-dafrique-des-nations-en-juin-2023\"},\"wordCount\":347,\"commentCount\":0,\"image\":{\"@id\":\"https:\/\/www.africa-press.net\/cameroun\/politique\/boxe-le-cameroun-va-organiser-la-6e-coupe-dafrique-des-nations-en-juin-2023#primaryimage\"},\"thumbnailUrl\":\"https:\/\/static.africa-press.net\/cameroun\/sites\/57\/2022\/10\/img-633c9c0a5af77.jpg\",\"keywords\":[\"Africa Press\",\"Africa Press-Cameroun\",\"Cameroun\"],\"articleSection\":[\"Sports\",\"Toutes les actualit\u00e9s\"],\"inLanguage\":\"fr-FR\",\"potentialAction\":[{\"@type\":\"CommentAction\",\"name\":\"Comment\",\"target\":[\"https:\/\/www.africa-press.net\/cameroun\/politique\/boxe-le-cameroun-va-organiser-la-6e-coupe-dafrique-des-nations-en-juin-2023#respond\"]}]},{\"@type\":\"WebPage\",\"@id\":\"https:\/\/www.africa-press.net\/cameroun\/politique\/boxe-le-cameroun-va-organiser-la-6e-coupe-dafrique-des-nations-en-juin-2023\",\"url\":\"https:\/\/www.africa-press.net\/cameroun\/politique\/boxe-le-cameroun-va-organiser-la-6e-coupe-dafrique-des-nations-en-juin-2023\",\"name\":\"Boxe\u00a0: Le Cameroun va organiser la 6e Coupe d\u2019Afrique des Nations en juin 2023 - Cameroun\",\"isPartOf\":{\"@id\":\"https:\/\/www.africa-press.net\/cameroun\/#website\"},\"primaryImageOfPage\":{\"@id\":\"https:\/\/www.africa-press.net\/cameroun\/politique\/boxe-le-cameroun-va-organiser-la-6e-coupe-dafrique-des-nations-en-juin-2023#primaryimage\"},\"image\":{\"@id\":\"https:\/\/www.africa-press.net\/cameroun\/politique\/boxe-le-cameroun-va-organiser-la-6e-coupe-dafrique-des-nations-en-juin-2023#primaryimage\"},\"thumbnailUrl\":\"https:\/\/static.africa-press.net\/cameroun\/sites\/57\/2022\/10\/img-633c9c0a5af77.jpg\",\"datePublished\":\"2022-10-04T18:10:25+00:00\",\"author\":{\"@id\":\"https:\/\/www.africa-press.net\/cameroun\/#\/schema\/person\/2b1cf3cd81a31e3cd26889ca66d677f1\"},\"breadcrumb\":{\"@id\":\"https:\/\/www.africa-press.net\/cameroun\/politique\/boxe-le-cameroun-va-organiser-la-6e-coupe-dafrique-des-nations-en-juin-2023#breadcrumb\"},\"inLanguage\":\"fr-FR\",\"potentialAction\":[{\"@type\":\"ReadAction\",\"target\":[\"https:\/\/www.africa-press.net\/cameroun\/politique\/boxe-le-cameroun-va-organiser-la-6e-coupe-dafrique-des-nations-en-juin-2023\"]}]},{\"@type\":\"ImageObject\",\"inLanguage\":\"fr-FR\",\"@id\":\"https:\/\/www.africa-press.net\/cameroun\/politique\/boxe-le-cameroun-va-organiser-la-6e-coupe-dafrique-des-nations-en-juin-2023#primaryimage\",\"url\":\"https:\/\/static.africa-press.net\/cameroun\/sites\/57\/2022\/10\/img-633c9c0a5af77.jpg\",\"contentUrl\":\"https:\/\/static.africa-press.net\/cameroun\/sites\/57\/2022\/10\/img-633c9c0a5af77.jpg\",\"width\":800,\"height\":528,\"caption\":\"Boxe\u00a0: Le Cameroun va organiser la 6e Coupe d\u2019Afrique des Nations en juin 2023\"},{\"@type\":\"BreadcrumbList\",\"@id\":\"https:\/\/www.africa-press.net\/cameroun\/politique\/boxe-le-cameroun-va-organiser-la-6e-coupe-dafrique-des-nations-en-juin-2023#breadcrumb\",\"itemListElement\":[{\"@type\":\"ListItem\",\"position\":1,\"name\":\"Accueil\",\"item\":\"https:\/\/www.africa-press.net\/cameroun\/\"},{\"@type\":\"ListItem\",\"position\":2,\"name\":\"Boxe\u00a0: Le Cameroun va organiser la 6e Coupe d\u2019Afrique des Nations en juin 2023\"}]},{\"@type\":\"WebSite\",\"@id\":\"https:\/\/www.africa-press.net\/cameroun\/#website\",\"url\":\"https:\/\/www.africa-press.net\/cameroun\/\",\"name\":\"Cameroun\",\"description\":\"Just another Africa News Agency Sites site\",\"potentialAction\":[{\"@type\":\"SearchAction\",\"target\":{\"@type\":\"EntryPoint\",\"urlTemplate\":\"https:\/\/www.africa-press.net\/cameroun\/?s={search_term_string}\"},\"query-input\":{\"@type\":\"PropertyValueSpecification\",\"valueRequired\":true,\"valueName\":\"search_term_string\"}}],\"inLanguage\":\"fr-FR\"},{\"@type\":\"Person\",\"@id\":\"https:\/\/www.africa-press.net\/cameroun\/#\/schema\/person\/2b1cf3cd81a31e3cd26889ca66d677f1\",\"name\":\"cfeditorfr\"}]}<\/script>\n<!-- \/ Yoast SEO Premium plugin. -->","yoast_head_json":{"title":"Boxe\u00a0: Le Cameroun va organiser la 6e Coupe d\u2019Afrique des Nations en juin 2023 - Cameroun","robots":{"index":"index","follow":"follow","max-snippet":"max-snippet:-1","max-image-preview":"max-image-preview:large","max-video-preview":"max-video-preview:-1"},"canonical":"https:\/\/www.africa-press.net\/cameroun\/politique\/boxe-le-cameroun-va-organiser-la-6e-coupe-dafrique-des-nations-en-juin-2023","og_locale":"fr_FR","og_type":"article","og_title":"Boxe\u00a0: Le Cameroun va organiser la 6e Coupe d\u2019Afrique des Nations en juin 2023","og_description":"Africa-Press &#8211; Cameroun. Le Cameroun est le pays ho\u0302te des 6e\u0300s championnats d\u2019Afrique des nations de boxe. Ainsi en a de\u0301cide\u0301 le conseil d\u2019administration de la Confe\u0301de\u0301ration africaine de boxe (AFBC), re\u0301uni il y a quelques jours a\u0300 Maputo. La ville de Yaounde\u0301 sera donc la capitale de la boxe africaine en juin 2023, a-t-on [&hellip;]","og_url":"https:\/\/www.africa-press.net\/cameroun\/politique\/boxe-le-cameroun-va-organiser-la-6e-coupe-dafrique-des-nations-en-juin-2023","og_site_name":"Cameroun","article_published_time":"2022-10-04T18:10:25+00:00","author":"cfeditorfr","twitter_card":"summary_large_image","twitter_misc":{"\u00c9crit par":"cfeditorfr","Dur\u00e9e de lecture estim\u00e9e":"2 minutes"},"schema":{"@context":"https:\/\/schema.org","@graph":[{"@type":"Article","@id":"https:\/\/www.africa-press.net\/cameroun\/politique\/boxe-le-cameroun-va-organiser-la-6e-coupe-dafrique-des-nations-en-juin-2023#article","isPartOf":{"@id":"https:\/\/www.africa-press.net\/cameroun\/politique\/boxe-le-cameroun-va-organiser-la-6e-coupe-dafrique-des-nations-en-juin-2023"},"author":{"name":"cfeditorfr","@id":"https:\/\/www.africa-press.net\/cameroun\/#\/schema\/person\/2b1cf3cd81a31e3cd26889ca66d677f1"},"headline":"Boxe\u00a0: Le Cameroun va organiser la 6e Coupe d\u2019Afrique des Nations en juin 2023","datePublished":"2022-10-04T18:10:25+00:00","mainEntityOfPage":{"@id":"https:\/\/www.africa-press.net\/cameroun\/politique\/boxe-le-cameroun-va-organiser-la-6e-coupe-dafrique-des-nations-en-juin-2023"},"wordCount":347,"commentCount":0,"image":{"@id":"https:\/\/www.africa-press.net\/cameroun\/politique\/boxe-le-cameroun-va-organiser-la-6e-coupe-dafrique-des-nations-en-juin-2023#primaryimage"},"thumbnailUrl":"https:\/\/static.africa-press.net\/cameroun\/sites\/57\/2022\/10\/img-633c9c0a5af77.jpg","keywords":["Africa Press","Africa Press-Cameroun","Cameroun"],"articleSection":["Sports","Toutes les actualit\u00e9s"],"inLanguage":"fr-FR","potentialAction":[{"@type":"CommentAction","name":"Comment","target":["https:\/\/www.africa-press.net\/cameroun\/politique\/boxe-le-cameroun-va-organiser-la-6e-coupe-dafrique-des-nations-en-juin-2023#respond"]}]},{"@type":"WebPage","@id":"https:\/\/www.africa-press.net\/cameroun\/politique\/boxe-le-cameroun-va-organiser-la-6e-coupe-dafrique-des-nations-en-juin-2023","url":"https:\/\/www.africa-press.net\/cameroun\/politique\/boxe-le-cameroun-va-organiser-la-6e-coupe-dafrique-des-nations-en-juin-2023","name":"Boxe\u00a0: Le Cameroun va organiser la 6e Coupe d\u2019Afrique des Nations en juin 2023 - Cameroun","isPartOf":{"@id":"https:\/\/www.africa-press.net\/cameroun\/#website"},"primaryImageOfPage":{"@id":"https:\/\/www.africa-press.net\/cameroun\/politique\/boxe-le-cameroun-va-organiser-la-6e-coupe-dafrique-des-nations-en-juin-2023#primaryimage"},"image":{"@id":"https:\/\/www.africa-press.net\/cameroun\/politique\/boxe-le-cameroun-va-organiser-la-6e-coupe-dafrique-des-nations-en-juin-2023#primaryimage"},"thumbnailUrl":"https:\/\/static.africa-press.net\/cameroun\/sites\/57\/2022\/10\/img-633c9c0a5af77.jpg","datePublished":"2022-10-04T18:10:25+00:00","author":{"@id":"https:\/\/www.africa-press.net\/cameroun\/#\/schema\/person\/2b1cf3cd81a31e3cd26889ca66d677f1"},"breadcrumb":{"@id":"https:\/\/www.africa-press.net\/cameroun\/politique\/boxe-le-cameroun-va-organiser-la-6e-coupe-dafrique-des-nations-en-juin-2023#breadcrumb"},"inLanguage":"fr-FR","potentialAction":[{"@type":"ReadAction","target":["https:\/\/www.africa-press.net\/cameroun\/politique\/boxe-le-cameroun-va-organiser-la-6e-coupe-dafrique-des-nations-en-juin-2023"]}]},{"@type":"ImageObject","inLanguage":"fr-FR","@id":"https:\/\/www.africa-press.net\/cameroun\/politique\/boxe-le-cameroun-va-organiser-la-6e-coupe-dafrique-des-nations-en-juin-2023#primaryimage","url":"https:\/\/static.africa-press.net\/cameroun\/sites\/57\/2022\/10\/img-633c9c0a5af77.jpg","contentUrl":"https:\/\/static.africa-press.net\/cameroun\/sites\/57\/2022\/10\/img-633c9c0a5af77.jpg","width":800,"height":528,"caption":"Boxe\u00a0: Le Cameroun va organiser la 6e Coupe d\u2019Afrique des Nations en juin 2023"},{"@type":"BreadcrumbList","@id":"https:\/\/www.africa-press.net\/cameroun\/politique\/boxe-le-cameroun-va-organiser-la-6e-coupe-dafrique-des-nations-en-juin-2023#breadcrumb","itemListElement":[{"@type":"ListItem","position":1,"name":"Accueil","item":"https:\/\/www.africa-press.net\/cameroun\/"},{"@type":"ListItem","position":2,"name":"Boxe\u00a0: Le Cameroun va organiser la 6e Coupe d\u2019Afrique des Nations en juin 2023"}]},{"@type":"WebSite","@id":"https:\/\/www.africa-press.net\/cameroun\/#website","url":"https:\/\/www.africa-press.net\/cameroun\/","name":"Cameroun","description":"Just another Africa News Agency Sites site","potentialAction":[{"@type":"SearchAction","target":{"@type":"EntryPoint","urlTemplate":"https:\/\/www.africa-press.net\/cameroun\/?s={search_term_string}"},"query-input":{"@type":"PropertyValueSpecification","valueRequired":true,"valueName":"search_term_string"}}],"inLanguage":"fr-FR"},{"@type":"Person","@id":"https:\/\/www.africa-press.net\/cameroun\/#\/schema\/person\/2b1cf3cd81a31e3cd26889ca66d677f1","name":"cfeditorfr"}]}},"_links":{"self":[{"href":"https:\/\/www.africa-press.net\/cameroun\/wp-json\/wp\/v2\/posts\/28708","targetHints":{"allow":["GET"]}}],"collection":[{"href":"https:\/\/www.africa-press.net\/cameroun\/wp-json\/wp\/v2\/posts"}],"about":[{"href":"https:\/\/www.africa-press.net\/cameroun\/wp-json\/wp\/v2\/types\/post"}],"author":[{"embeddable":true,"href":"https:\/\/www.africa-press.net\/cameroun\/wp-json\/wp\/v2\/users\/82"}],"replies":[{"embeddable":true,"href":"https:\/\/www.africa-press.net\/cameroun\/wp-json\/wp\/v2\/comments?post=28708"}],"version-history":[{"count":0,"href":"https:\/\/www.africa-press.net\/cameroun\/wp-json\/wp\/v2\/posts\/28708\/revisions"}],"wp:featuredmedia":[{"embeddable":true,"href":"https:\/\/www.africa-press.net\/cameroun\/wp-json\/wp\/v2\/media\/28707"}],"wp:attachment":[{"href":"https:\/\/www.africa-press.net\/cameroun\/wp-json\/wp\/v2\/media?parent=28708"}],"wp:term":[{"taxonomy":"category","embeddable":true,"href":"https:\/\/www.africa-press.net\/cameroun\/wp-json\/wp\/v2\/categories?post=28708"},{"taxonomy":"post_tag","embeddable":true,"href":"https:\/\/www.africa-press.net\/cameroun\/wp-json\/wp\/v2\/tags?post=28708"}],"curies":[{"name":"wp","href":"https:\/\/api.w.org\/{rel}","templated":true}]}}