{"id":28710,"date":"2022-10-04T18:20:05","date_gmt":"2022-10-04T18:20:05","guid":{"rendered":"https:\/\/www.africa-press.net\/cameroun\/politique\/serail-cavaye-yeguie-djibril-accuse-le-depute-kamssouloum-abba-kabir-de-trafic-darmes-de-guerre-a-la-frontiere-cameroun-tchad"},"modified":"2022-10-04T18:20:05","modified_gmt":"2022-10-04T18:20:05","slug":"serail-cavaye-yeguie-djibril-accuse-le-depute-kamssouloum-abba-kabir-de-trafic-darmes-de-guerre-a-la-frontiere-cameroun-tchad","status":"publish","type":"post","link":"https:\/\/www.africa-press.net\/cameroun\/politique\/serail-cavaye-yeguie-djibril-accuse-le-depute-kamssouloum-abba-kabir-de-trafic-darmes-de-guerre-a-la-frontiere-cameroun-tchad","title":{"rendered":"S\u00e9rail: Cavaye Yegui\u00e9 Djibril accuse le d\u00e9put\u00e9 Kamssouloum Abba Kabir de \u00abtrafic d\u2019armes de guerre\u00bb \u00e0 la fronti\u00e8re Cameroun-Tchad"},"content":{"rendered":"<p><span style=\"color: #ff6600\"><strong>Africa-Press &#8211; Cameroun. <\/strong><\/span>Le pre\u0301sident de l\u2019Assemble\u0301e nationale du Cameroun, le Tre\u0300s honorable Cavaye Yeguie\u0301 Djibril, accuse son camarade du parti et de\u0301pute\u0301 du Rassemblement De\u0301mocratique du Peuple Camerounais (RDPC), Kamssouloum Abba Kabir, de \u00ab trafic d\u2019armes de guerre \u00bb le long de la frontie\u0300re entre le Cameroun et le Tchad. Le patron de la chambre basse a en effet envoye\u0301 une lettre de de\u0301nonciation le 16 septembre 2022 au pre\u0301sident du Conseil militaire de Transition du Tchad, Mahamat Idriss Deby Itno.<\/p>\n<p>Dans ce document, le PAN indique par ailleurs que l\u2019appartenance sociologique du de\u0301pute\u0301 a\u0300 l\u2019ethnie Arabe Choa, a\u0300 cheval entre les deux pays, est un terreau fertile qui lui facilite la promotion de ces activite\u0301s juge\u0301es dangereuses, et qui ont re\u0301ve\u0301le\u0301 un visage hideux au plus fort de la guerre inter-ethnique entre Arabe Choa et Mousgoum l\u2019anne\u0301e dernie\u0300re dans la re\u0301gion de l\u2019Extre\u0302me-Nord.<\/p>\n<p>\u00ab Ce membre de bureau de notre auguste chambre, e\u0301lu du parti au pouvoir appartenant sociologiquement a\u0300 l\u2019ethnie Arabe Choa qui se trouve tant au Tchad qu\u2019au Cameroun profite de la complicite\u0301 de l\u2019ethnie a\u0300 laquelle il fait partie pour se livrer a\u0300 ces activite\u0301s criminelles qui menacent notre frontie\u0300re commune \u00bb, de\u0301taille Cavaye Yeguie\u0301 Djibril, qui sugge\u0300re par ailleurs au chef d\u2019Etat tchadien de \u00ab prendre toutes les mesures ne\u0301cessaires et utiles afin de mettre un terme a\u0300 ces activite\u0301s pour pre\u0301server la se\u0301curite\u0301 che\u0300res a\u0300 nos deux pays \u00bb.<\/p>\n<p>Il n\u2019est pas superflu de rappeler que Kamssouloum Abba Kabir, par ailleurs Questeur a\u0300 l\u2019Assemble\u0301e nationale, est le deuxie\u0300me de\u0301pute\u0301 de la re\u0301gion de l\u2019Extre\u0302me-Nord contre lequel le pre\u0301sident de l\u2019Assemble\u0301e nationale saisi les autorite\u0301s des pays e\u0301trangers.<\/p>\n<p>En de\u0301but septembre dernier, Cavaye Yeguie\u0301 Djibril a saisi son homologue de la Re\u0301publique Centrafricaine, Simplice Mathieu Sirandji, pour lui signifier que la chambre basse camerounaise n\u2019avait nullement mandate\u0301 le de\u0301pute\u0301 Salmana Amadou du Front pour la Salut National du Cameroun (FSNC), pour mener des activite\u0301s politiques dans ce pays voisin, en insistant que le chef de l\u2019Etat centrafricain en soit informe\u0301.<\/p>\n<p><strong>Pour plus d&rsquo;informations et d&rsquo;analyses sur la <a href=\"https:\/\/www.africa-press.net\/cameroun\">Cameroun<\/a>, suivez <a href=\"https:\/\/www.africa-press.net\/\">Africa-Press<\/a><\/strong><\/p>\n","protected":false},"excerpt":{"rendered":"<p>Africa-Press &#8211; Cameroun. Le pre\u0301sident de l\u2019Assemble\u0301e nationale du Cameroun, le Tre\u0300s honorable Cavaye Yeguie\u0301 Djibril, accuse son camarade du parti et de\u0301pute\u0301 du Rassemblement De\u0301mocratique du Peuple Camerounais (RDPC), Kamssouloum Abba Kabir, de \u00ab trafic d\u2019armes de guerre \u00bb le long de la frontie\u0300re entre le Cameroun et le Tchad. Le patron de la [&hellip;]<\/p>\n","protected":false},"author":82,"featured_media":28709,"comment_status":"open","ping_status":"closed","sticky":false,"template":"","format":"standard","meta":{"footnotes":""},"categories":[2,10],"tags":[36,50,49],"class_list":["post-28710","post","type-post","status-publish","format-standard","has-post-thumbnail","hentry","category-politique","category-toutes-les-actualites","tag-africa-press","tag-africa-press-cameroun","tag-cameroun"],"yoast_head":"<!-- This site is optimized with the Yoast SEO Premium plugin v26.1 (Yoast SEO v27.0) - https:\/\/yoast.com\/product\/yoast-seo-premium-wordpress\/ -->\n<title>S\u00e9rail: Cavaye Yegui\u00e9 Djibril accuse le d\u00e9put\u00e9 Kamssouloum Abba Kabir de \u00abtrafic d\u2019armes de guerre\u00bb \u00e0 la fronti\u00e8re Cameroun-Tchad - Cameroun<\/title>\n<meta name=\"robots\" content=\"index, follow, max-snippet:-1, max-image-preview:large, max-video-preview:-1\" \/>\n<link rel=\"canonical\" href=\"https:\/\/www.africa-press.net\/cameroun\/politique\/serail-cavaye-yeguie-djibril-accuse-le-depute-kamssouloum-abba-kabir-de-trafic-darmes-de-guerre-a-la-frontiere-cameroun-tchad\" \/>\n<meta property=\"og:locale\" content=\"fr_FR\" \/>\n<meta property=\"og:type\" content=\"article\" \/>\n<meta property=\"og:title\" content=\"S\u00e9rail: Cavaye Yegui\u00e9 Djibril accuse le d\u00e9put\u00e9 Kamssouloum Abba Kabir de \u00abtrafic d\u2019armes de guerre\u00bb \u00e0 la fronti\u00e8re Cameroun-Tchad\" \/>\n<meta property=\"og:description\" content=\"Africa-Press &#8211; Cameroun. Le pre\u0301sident de l\u2019Assemble\u0301e nationale du Cameroun, le Tre\u0300s honorable Cavaye Yeguie\u0301 Djibril, accuse son camarade du parti et de\u0301pute\u0301 du Rassemblement De\u0301mocratique du Peuple Camerounais (RDPC), Kamssouloum Abba Kabir, de \u00ab trafic d\u2019armes de guerre \u00bb le long de la frontie\u0300re entre le Cameroun et le Tchad. Le patron de la [&hellip;]\" \/>\n<meta property=\"og:url\" content=\"https:\/\/www.africa-press.net\/cameroun\/politique\/serail-cavaye-yeguie-djibril-accuse-le-depute-kamssouloum-abba-kabir-de-trafic-darmes-de-guerre-a-la-frontiere-cameroun-tchad\" \/>\n<meta property=\"og:site_name\" content=\"Cameroun\" \/>\n<meta property=\"article:published_time\" content=\"2022-10-04T18:20:05+00:00\" \/>\n<meta name=\"author\" content=\"cfeditorfr\" \/>\n<meta name=\"twitter:card\" content=\"summary_large_image\" \/>\n<meta name=\"twitter:label1\" content=\"\u00c9crit par\" \/>\n\t<meta name=\"twitter:data1\" content=\"cfeditorfr\" \/>\n\t<meta name=\"twitter:label2\" content=\"Dur\u00e9e de lecture estim\u00e9e\" \/>\n\t<meta name=\"twitter:data2\" content=\"2 minutes\" \/>\n<script type=\"application\/ld+json\" class=\"yoast-schema-graph\">{\"@context\":\"https:\/\/schema.org\",\"@graph\":[{\"@type\":\"Article\",\"@id\":\"https:\/\/www.africa-press.net\/cameroun\/politique\/serail-cavaye-yeguie-djibril-accuse-le-depute-kamssouloum-abba-kabir-de-trafic-darmes-de-guerre-a-la-frontiere-cameroun-tchad#article\",\"isPartOf\":{\"@id\":\"https:\/\/www.africa-press.net\/cameroun\/politique\/serail-cavaye-yeguie-djibril-accuse-le-depute-kamssouloum-abba-kabir-de-trafic-darmes-de-guerre-a-la-frontiere-cameroun-tchad\"},\"author\":{\"name\":\"cfeditorfr\",\"@id\":\"https:\/\/www.africa-press.net\/cameroun\/#\/schema\/person\/2b1cf3cd81a31e3cd26889ca66d677f1\"},\"headline\":\"S\u00e9rail: Cavaye Yegui\u00e9 Djibril accuse le d\u00e9put\u00e9 Kamssouloum Abba Kabir de \u00abtrafic d\u2019armes de guerre\u00bb \u00e0 la fronti\u00e8re Cameroun-Tchad\",\"datePublished\":\"2022-10-04T18:20:05+00:00\",\"mainEntityOfPage\":{\"@id\":\"https:\/\/www.africa-press.net\/cameroun\/politique\/serail-cavaye-yeguie-djibril-accuse-le-depute-kamssouloum-abba-kabir-de-trafic-darmes-de-guerre-a-la-frontiere-cameroun-tchad\"},\"wordCount\":418,\"commentCount\":0,\"image\":{\"@id\":\"https:\/\/www.africa-press.net\/cameroun\/politique\/serail-cavaye-yeguie-djibril-accuse-le-depute-kamssouloum-abba-kabir-de-trafic-darmes-de-guerre-a-la-frontiere-cameroun-tchad#primaryimage\"},\"thumbnailUrl\":\"https:\/\/static.africa-press.net\/cameroun\/sites\/57\/2022\/10\/img-633c9c6bf05b2.jpg\",\"keywords\":[\"Africa Press\",\"Africa Press-Cameroun\",\"Cameroun\"],\"articleSection\":[\"Politique\",\"Toutes les actualit\u00e9s\"],\"inLanguage\":\"fr-FR\",\"potentialAction\":[{\"@type\":\"CommentAction\",\"name\":\"Comment\",\"target\":[\"https:\/\/www.africa-press.net\/cameroun\/politique\/serail-cavaye-yeguie-djibril-accuse-le-depute-kamssouloum-abba-kabir-de-trafic-darmes-de-guerre-a-la-frontiere-cameroun-tchad#respond\"]}]},{\"@type\":\"WebPage\",\"@id\":\"https:\/\/www.africa-press.net\/cameroun\/politique\/serail-cavaye-yeguie-djibril-accuse-le-depute-kamssouloum-abba-kabir-de-trafic-darmes-de-guerre-a-la-frontiere-cameroun-tchad\",\"url\":\"https:\/\/www.africa-press.net\/cameroun\/politique\/serail-cavaye-yeguie-djibril-accuse-le-depute-kamssouloum-abba-kabir-de-trafic-darmes-de-guerre-a-la-frontiere-cameroun-tchad\",\"name\":\"S\u00e9rail: Cavaye Yegui\u00e9 Djibril accuse le d\u00e9put\u00e9 Kamssouloum Abba Kabir de \u00abtrafic d\u2019armes de guerre\u00bb \u00e0 la fronti\u00e8re Cameroun-Tchad - Cameroun\",\"isPartOf\":{\"@id\":\"https:\/\/www.africa-press.net\/cameroun\/#website\"},\"primaryImageOfPage\":{\"@id\":\"https:\/\/www.africa-press.net\/cameroun\/politique\/serail-cavaye-yeguie-djibril-accuse-le-depute-kamssouloum-abba-kabir-de-trafic-darmes-de-guerre-a-la-frontiere-cameroun-tchad#primaryimage\"},\"image\":{\"@id\":\"https:\/\/www.africa-press.net\/cameroun\/politique\/serail-cavaye-yeguie-djibril-accuse-le-depute-kamssouloum-abba-kabir-de-trafic-darmes-de-guerre-a-la-frontiere-cameroun-tchad#primaryimage\"},\"thumbnailUrl\":\"https:\/\/static.africa-press.net\/cameroun\/sites\/57\/2022\/10\/img-633c9c6bf05b2.jpg\",\"datePublished\":\"2022-10-04T18:20:05+00:00\",\"author\":{\"@id\":\"https:\/\/www.africa-press.net\/cameroun\/#\/schema\/person\/2b1cf3cd81a31e3cd26889ca66d677f1\"},\"breadcrumb\":{\"@id\":\"https:\/\/www.africa-press.net\/cameroun\/politique\/serail-cavaye-yeguie-djibril-accuse-le-depute-kamssouloum-abba-kabir-de-trafic-darmes-de-guerre-a-la-frontiere-cameroun-tchad#breadcrumb\"},\"inLanguage\":\"fr-FR\",\"potentialAction\":[{\"@type\":\"ReadAction\",\"target\":[\"https:\/\/www.africa-press.net\/cameroun\/politique\/serail-cavaye-yeguie-djibril-accuse-le-depute-kamssouloum-abba-kabir-de-trafic-darmes-de-guerre-a-la-frontiere-cameroun-tchad\"]}]},{\"@type\":\"ImageObject\",\"inLanguage\":\"fr-FR\",\"@id\":\"https:\/\/www.africa-press.net\/cameroun\/politique\/serail-cavaye-yeguie-djibril-accuse-le-depute-kamssouloum-abba-kabir-de-trafic-darmes-de-guerre-a-la-frontiere-cameroun-tchad#primaryimage\",\"url\":\"https:\/\/static.africa-press.net\/cameroun\/sites\/57\/2022\/10\/img-633c9c6bf05b2.jpg\",\"contentUrl\":\"https:\/\/static.africa-press.net\/cameroun\/sites\/57\/2022\/10\/img-633c9c6bf05b2.jpg\",\"width\":800,\"height\":509,\"caption\":\"S\u00e9rail: Cavaye Yegui\u00e9 Djibril accuse le d\u00e9put\u00e9 Kamssouloum Abba Kabir de \u00abtrafic d\u2019armes de guerre\u00bb \u00e0 la fronti\u00e8re Cameroun-Tchad\"},{\"@type\":\"BreadcrumbList\",\"@id\":\"https:\/\/www.africa-press.net\/cameroun\/politique\/serail-cavaye-yeguie-djibril-accuse-le-depute-kamssouloum-abba-kabir-de-trafic-darmes-de-guerre-a-la-frontiere-cameroun-tchad#breadcrumb\",\"itemListElement\":[{\"@type\":\"ListItem\",\"position\":1,\"name\":\"Accueil\",\"item\":\"https:\/\/www.africa-press.net\/cameroun\/\"},{\"@type\":\"ListItem\",\"position\":2,\"name\":\"S\u00e9rail: Cavaye Yegui\u00e9 Djibril accuse le d\u00e9put\u00e9 Kamssouloum Abba Kabir de \u00abtrafic d\u2019armes de guerre\u00bb \u00e0 la fronti\u00e8re Cameroun-Tchad\"}]},{\"@type\":\"WebSite\",\"@id\":\"https:\/\/www.africa-press.net\/cameroun\/#website\",\"url\":\"https:\/\/www.africa-press.net\/cameroun\/\",\"name\":\"Cameroun\",\"description\":\"Just another Africa News Agency Sites site\",\"potentialAction\":[{\"@type\":\"SearchAction\",\"target\":{\"@type\":\"EntryPoint\",\"urlTemplate\":\"https:\/\/www.africa-press.net\/cameroun\/?s={search_term_string}\"},\"query-input\":{\"@type\":\"PropertyValueSpecification\",\"valueRequired\":true,\"valueName\":\"search_term_string\"}}],\"inLanguage\":\"fr-FR\"},{\"@type\":\"Person\",\"@id\":\"https:\/\/www.africa-press.net\/cameroun\/#\/schema\/person\/2b1cf3cd81a31e3cd26889ca66d677f1\",\"name\":\"cfeditorfr\"}]}<\/script>\n<!-- \/ Yoast SEO Premium plugin. -->","yoast_head_json":{"title":"S\u00e9rail: Cavaye Yegui\u00e9 Djibril accuse le d\u00e9put\u00e9 Kamssouloum Abba Kabir de \u00abtrafic d\u2019armes de guerre\u00bb \u00e0 la fronti\u00e8re Cameroun-Tchad - Cameroun","robots":{"index":"index","follow":"follow","max-snippet":"max-snippet:-1","max-image-preview":"max-image-preview:large","max-video-preview":"max-video-preview:-1"},"canonical":"https:\/\/www.africa-press.net\/cameroun\/politique\/serail-cavaye-yeguie-djibril-accuse-le-depute-kamssouloum-abba-kabir-de-trafic-darmes-de-guerre-a-la-frontiere-cameroun-tchad","og_locale":"fr_FR","og_type":"article","og_title":"S\u00e9rail: Cavaye Yegui\u00e9 Djibril accuse le d\u00e9put\u00e9 Kamssouloum Abba Kabir de \u00abtrafic d\u2019armes de guerre\u00bb \u00e0 la fronti\u00e8re Cameroun-Tchad","og_description":"Africa-Press &#8211; Cameroun. Le pre\u0301sident de l\u2019Assemble\u0301e nationale du Cameroun, le Tre\u0300s honorable Cavaye Yeguie\u0301 Djibril, accuse son camarade du parti et de\u0301pute\u0301 du Rassemblement De\u0301mocratique du Peuple Camerounais (RDPC), Kamssouloum Abba Kabir, de \u00ab trafic d\u2019armes de guerre \u00bb le long de la frontie\u0300re entre le Cameroun et le Tchad. Le patron de la [&hellip;]","og_url":"https:\/\/www.africa-press.net\/cameroun\/politique\/serail-cavaye-yeguie-djibril-accuse-le-depute-kamssouloum-abba-kabir-de-trafic-darmes-de-guerre-a-la-frontiere-cameroun-tchad","og_site_name":"Cameroun","article_published_time":"2022-10-04T18:20:05+00:00","author":"cfeditorfr","twitter_card":"summary_large_image","twitter_misc":{"\u00c9crit par":"cfeditorfr","Dur\u00e9e de lecture estim\u00e9e":"2 minutes"},"schema":{"@context":"https:\/\/schema.org","@graph":[{"@type":"Article","@id":"https:\/\/www.africa-press.net\/cameroun\/politique\/serail-cavaye-yeguie-djibril-accuse-le-depute-kamssouloum-abba-kabir-de-trafic-darmes-de-guerre-a-la-frontiere-cameroun-tchad#article","isPartOf":{"@id":"https:\/\/www.africa-press.net\/cameroun\/politique\/serail-cavaye-yeguie-djibril-accuse-le-depute-kamssouloum-abba-kabir-de-trafic-darmes-de-guerre-a-la-frontiere-cameroun-tchad"},"author":{"name":"cfeditorfr","@id":"https:\/\/www.africa-press.net\/cameroun\/#\/schema\/person\/2b1cf3cd81a31e3cd26889ca66d677f1"},"headline":"S\u00e9rail: Cavaye Yegui\u00e9 Djibril accuse le d\u00e9put\u00e9 Kamssouloum Abba Kabir de \u00abtrafic d\u2019armes de guerre\u00bb \u00e0 la fronti\u00e8re Cameroun-Tchad","datePublished":"2022-10-04T18:20:05+00:00","mainEntityOfPage":{"@id":"https:\/\/www.africa-press.net\/cameroun\/politique\/serail-cavaye-yeguie-djibril-accuse-le-depute-kamssouloum-abba-kabir-de-trafic-darmes-de-guerre-a-la-frontiere-cameroun-tchad"},"wordCount":418,"commentCount":0,"image":{"@id":"https:\/\/www.africa-press.net\/cameroun\/politique\/serail-cavaye-yeguie-djibril-accuse-le-depute-kamssouloum-abba-kabir-de-trafic-darmes-de-guerre-a-la-frontiere-cameroun-tchad#primaryimage"},"thumbnailUrl":"https:\/\/static.africa-press.net\/cameroun\/sites\/57\/2022\/10\/img-633c9c6bf05b2.jpg","keywords":["Africa Press","Africa Press-Cameroun","Cameroun"],"articleSection":["Politique","Toutes les actualit\u00e9s"],"inLanguage":"fr-FR","potentialAction":[{"@type":"CommentAction","name":"Comment","target":["https:\/\/www.africa-press.net\/cameroun\/politique\/serail-cavaye-yeguie-djibril-accuse-le-depute-kamssouloum-abba-kabir-de-trafic-darmes-de-guerre-a-la-frontiere-cameroun-tchad#respond"]}]},{"@type":"WebPage","@id":"https:\/\/www.africa-press.net\/cameroun\/politique\/serail-cavaye-yeguie-djibril-accuse-le-depute-kamssouloum-abba-kabir-de-trafic-darmes-de-guerre-a-la-frontiere-cameroun-tchad","url":"https:\/\/www.africa-press.net\/cameroun\/politique\/serail-cavaye-yeguie-djibril-accuse-le-depute-kamssouloum-abba-kabir-de-trafic-darmes-de-guerre-a-la-frontiere-cameroun-tchad","name":"S\u00e9rail: Cavaye Yegui\u00e9 Djibril accuse le d\u00e9put\u00e9 Kamssouloum Abba Kabir de \u00abtrafic d\u2019armes de guerre\u00bb \u00e0 la fronti\u00e8re Cameroun-Tchad - Cameroun","isPartOf":{"@id":"https:\/\/www.africa-press.net\/cameroun\/#website"},"primaryImageOfPage":{"@id":"https:\/\/www.africa-press.net\/cameroun\/politique\/serail-cavaye-yeguie-djibril-accuse-le-depute-kamssouloum-abba-kabir-de-trafic-darmes-de-guerre-a-la-frontiere-cameroun-tchad#primaryimage"},"image":{"@id":"https:\/\/www.africa-press.net\/cameroun\/politique\/serail-cavaye-yeguie-djibril-accuse-le-depute-kamssouloum-abba-kabir-de-trafic-darmes-de-guerre-a-la-frontiere-cameroun-tchad#primaryimage"},"thumbnailUrl":"https:\/\/static.africa-press.net\/cameroun\/sites\/57\/2022\/10\/img-633c9c6bf05b2.jpg","datePublished":"2022-10-04T18:20:05+00:00","author":{"@id":"https:\/\/www.africa-press.net\/cameroun\/#\/schema\/person\/2b1cf3cd81a31e3cd26889ca66d677f1"},"breadcrumb":{"@id":"https:\/\/www.africa-press.net\/cameroun\/politique\/serail-cavaye-yeguie-djibril-accuse-le-depute-kamssouloum-abba-kabir-de-trafic-darmes-de-guerre-a-la-frontiere-cameroun-tchad#breadcrumb"},"inLanguage":"fr-FR","potentialAction":[{"@type":"ReadAction","target":["https:\/\/www.africa-press.net\/cameroun\/politique\/serail-cavaye-yeguie-djibril-accuse-le-depute-kamssouloum-abba-kabir-de-trafic-darmes-de-guerre-a-la-frontiere-cameroun-tchad"]}]},{"@type":"ImageObject","inLanguage":"fr-FR","@id":"https:\/\/www.africa-press.net\/cameroun\/politique\/serail-cavaye-yeguie-djibril-accuse-le-depute-kamssouloum-abba-kabir-de-trafic-darmes-de-guerre-a-la-frontiere-cameroun-tchad#primaryimage","url":"https:\/\/static.africa-press.net\/cameroun\/sites\/57\/2022\/10\/img-633c9c6bf05b2.jpg","contentUrl":"https:\/\/static.africa-press.net\/cameroun\/sites\/57\/2022\/10\/img-633c9c6bf05b2.jpg","width":800,"height":509,"caption":"S\u00e9rail: Cavaye Yegui\u00e9 Djibril accuse le d\u00e9put\u00e9 Kamssouloum Abba Kabir de \u00abtrafic d\u2019armes de guerre\u00bb \u00e0 la fronti\u00e8re Cameroun-Tchad"},{"@type":"BreadcrumbList","@id":"https:\/\/www.africa-press.net\/cameroun\/politique\/serail-cavaye-yeguie-djibril-accuse-le-depute-kamssouloum-abba-kabir-de-trafic-darmes-de-guerre-a-la-frontiere-cameroun-tchad#breadcrumb","itemListElement":[{"@type":"ListItem","position":1,"name":"Accueil","item":"https:\/\/www.africa-press.net\/cameroun\/"},{"@type":"ListItem","position":2,"name":"S\u00e9rail: Cavaye Yegui\u00e9 Djibril accuse le d\u00e9put\u00e9 Kamssouloum Abba Kabir de \u00abtrafic d\u2019armes de guerre\u00bb \u00e0 la fronti\u00e8re Cameroun-Tchad"}]},{"@type":"WebSite","@id":"https:\/\/www.africa-press.net\/cameroun\/#website","url":"https:\/\/www.africa-press.net\/cameroun\/","name":"Cameroun","description":"Just another Africa News Agency Sites site","potentialAction":[{"@type":"SearchAction","target":{"@type":"EntryPoint","urlTemplate":"https:\/\/www.africa-press.net\/cameroun\/?s={search_term_string}"},"query-input":{"@type":"PropertyValueSpecification","valueRequired":true,"valueName":"search_term_string"}}],"inLanguage":"fr-FR"},{"@type":"Person","@id":"https:\/\/www.africa-press.net\/cameroun\/#\/schema\/person\/2b1cf3cd81a31e3cd26889ca66d677f1","name":"cfeditorfr"}]}},"_links":{"self":[{"href":"https:\/\/www.africa-press.net\/cameroun\/wp-json\/wp\/v2\/posts\/28710","targetHints":{"allow":["GET"]}}],"collection":[{"href":"https:\/\/www.africa-press.net\/cameroun\/wp-json\/wp\/v2\/posts"}],"about":[{"href":"https:\/\/www.africa-press.net\/cameroun\/wp-json\/wp\/v2\/types\/post"}],"author":[{"embeddable":true,"href":"https:\/\/www.africa-press.net\/cameroun\/wp-json\/wp\/v2\/users\/82"}],"replies":[{"embeddable":true,"href":"https:\/\/www.africa-press.net\/cameroun\/wp-json\/wp\/v2\/comments?post=28710"}],"version-history":[{"count":0,"href":"https:\/\/www.africa-press.net\/cameroun\/wp-json\/wp\/v2\/posts\/28710\/revisions"}],"wp:featuredmedia":[{"embeddable":true,"href":"https:\/\/www.africa-press.net\/cameroun\/wp-json\/wp\/v2\/media\/28709"}],"wp:attachment":[{"href":"https:\/\/www.africa-press.net\/cameroun\/wp-json\/wp\/v2\/media?parent=28710"}],"wp:term":[{"taxonomy":"category","embeddable":true,"href":"https:\/\/www.africa-press.net\/cameroun\/wp-json\/wp\/v2\/categories?post=28710"},{"taxonomy":"post_tag","embeddable":true,"href":"https:\/\/www.africa-press.net\/cameroun\/wp-json\/wp\/v2\/tags?post=28710"}],"curies":[{"name":"wp","href":"https:\/\/api.w.org\/{rel}","templated":true}]}}