{"id":28720,"date":"2022-10-04T18:48:50","date_gmt":"2022-10-04T18:48:50","guid":{"rendered":"https:\/\/www.africa-press.net\/cameroun\/politique\/cholera-le-cameroun-enregistre-plus-de-45-deces-en-un-mois"},"modified":"2022-10-04T20:58:03","modified_gmt":"2022-10-04T20:58:03","slug":"cholera-le-cameroun-enregistre-plus-de-45-deces-en-un-mois","status":"publish","type":"post","link":"https:\/\/www.africa-press.net\/cameroun\/toutes-les-actualites\/cholera-le-cameroun-enregistre-plus-de-45-deces-en-un-mois","title":{"rendered":"Chol\u00e9ra : le Cameroun enregistre plus de 45 d\u00e9c\u00e8s en un mois"},"content":{"rendered":"<p><span style=\"color: #ff6600\"><strong>Africa-Press &#8211; Cameroun. <\/strong><\/span>L\u2019e\u0301pide\u0301mie de chole\u0301ra au Cameroun a de\u0301ja\u0300 fait 243 morts depuis octobre 2021 sur un total de 11 993 cas notifie\u0301s, selon les dernie\u0300res donne\u0301es re\u0301ve\u0301le\u0301es le 29 septembre 2022, par le ministre de la Sante\u0301 publique, Manaouda Malachie.<\/p>\n<p>Dans un communique\u0301 signe\u0301 le 29 septembre dernier a\u0300 la suite d\u2019un conseil de cabinet, le gouvernement indique \u00abla re\u0301ponse pour freiner la maladie est base\u0301e sur des enque\u0302tes approfondies, la de\u0301sinfection des me\u0301nages et des activite\u0301s de sensibilisation de la communaute\u0301. Paralle\u0300lement, la gratuite\u0301 des soins aux malades se poursuit ainsi que la vaccination dans certains districts sanitaires \u00bb. A la suite de cela, le Premier ministre, Joseph Dion Ngute, a instruit le ministe\u0300re de la Sante\u0301 publique, Malachie Manaouda, d\u2019ame\u0301liorer le taux de couverture vaccinale contre la maladie et d\u2019intensifier les activite\u0301s de sensibilisation communautaire face a\u0300 cette \u00ab urgence sanitaire \u00bb.<\/p>\n<p>Cette instruction intervient au moment ou\u0300 l\u2019Organisation mondiale de la sante\u0301 (OMS) tire la sonnette d\u2019alarme sur le <b>chole\u0301ra<\/b>. \u00ab Apre\u0300s des anne\u0301es de de\u0301clin, nous assistons a\u0300 une re\u0301surgence inquie\u0301tante des e\u0301pide\u0301mies de chole\u0301ra dans le monde au cours de l\u2019anne\u0301e e\u0301coule\u0301e. Non seulement il y a plus d\u2019e\u0301pide\u0301mies, mais les e\u0301pide\u0301mies elles-me\u0302mes sont plus importantes et plus mortelles \u00bb, a de\u0301clare\u0301 le chef d\u2019e\u0301quipe de l\u2019OMS pour le chole\u0301ra et les e\u0301pide\u0301mies diarrhe\u0301iques, Philippe Barboza, lors d\u2019un point de presse a\u0300 Gene\u0300ve.<\/p>\n<p>\u00abLes phe\u0301nome\u0300nes me\u0301te\u0301orologiques extre\u0302mes tels que les inondations, les cyclones et les se\u0301cheresses re\u0301duisent davantage l\u2019acce\u0300s a\u0300 l\u2019eau potable et cre\u0301ent un environnement ide\u0301al pour la propagation du chole\u0301ra. Alors que les effets du changement climatique s\u2019intensifient, nous pouvons nous attendre a\u0300 ce que la situation s\u2019aggrave si nous n\u2019agissons pas maintenant pour stimuler pre\u0301vention du chole\u0301ra\u00bb, a-t-il ajoute\u0301.<\/p>\n<p><strong>Pour plus d&rsquo;informations et d&rsquo;analyses sur la <a href=\"https:\/\/www.africa-press.net\/cameroun\">Cameroun<\/a>, suivez <a href=\"https:\/\/www.africa-press.net\/\">Africa-Press<\/a><\/strong><\/p>\n","protected":false},"excerpt":{"rendered":"<p>Africa-Press &#8211; Cameroun. L\u2019e\u0301pide\u0301mie de chole\u0301ra au Cameroun a de\u0301ja\u0300 fait 243 morts depuis octobre 2021 sur un total de 11 993 cas notifie\u0301s, selon les dernie\u0300res donne\u0301es re\u0301ve\u0301le\u0301es le 29 septembre 2022, par le ministre de la Sante\u0301 publique, Manaouda Malachie. Dans un communique\u0301 signe\u0301 le 29 septembre dernier a\u0300 la suite d\u2019un conseil [&hellip;]<\/p>\n","protected":false},"author":82,"featured_media":28719,"comment_status":"open","ping_status":"closed","sticky":false,"template":"","format":"standard","meta":{"footnotes":""},"categories":[21,10],"tags":[36,50,49],"class_list":["post-28720","post","type-post","status-publish","format-standard","has-post-thumbnail","hentry","category-communaute","category-toutes-les-actualites","tag-africa-press","tag-africa-press-cameroun","tag-cameroun"],"yoast_head":"<!-- This site is optimized with the Yoast SEO Premium plugin v26.1 (Yoast SEO v27.0) - https:\/\/yoast.com\/product\/yoast-seo-premium-wordpress\/ -->\n<title>Chol\u00e9ra : le Cameroun enregistre plus de 45 d\u00e9c\u00e8s en un mois - Cameroun<\/title>\n<meta name=\"description\" content=\"L\u2019e\u0301pide\u0301mie de chole\u0301ra au Cameroun a de\u0301ja\u0300 fait 243 morts depuis octobre 2021 sur un total de 11 993 cas notifie\u0301s, s ...\" \/>\n<meta name=\"robots\" content=\"index, follow, max-snippet:-1, max-image-preview:large, max-video-preview:-1\" \/>\n<link rel=\"canonical\" href=\"https:\/\/www.africa-press.net\/cameroun\/toutes-les-actualites\/cholera-le-cameroun-enregistre-plus-de-45-deces-en-un-mois\" \/>\n<meta property=\"og:locale\" content=\"fr_FR\" \/>\n<meta property=\"og:type\" content=\"article\" \/>\n<meta property=\"og:title\" content=\"Chol\u00e9ra : le Cameroun enregistre plus de 45 d\u00e9c\u00e8s en un mois\" \/>\n<meta property=\"og:description\" content=\"L\u2019e\u0301pide\u0301mie de chole\u0301ra au Cameroun a de\u0301ja\u0300 fait 243 morts depuis octobre 2021 sur un total de 11 993 cas notifie\u0301s, s ...\" \/>\n<meta property=\"og:url\" content=\"https:\/\/www.africa-press.net\/cameroun\/toutes-les-actualites\/cholera-le-cameroun-enregistre-plus-de-45-deces-en-un-mois\" \/>\n<meta property=\"og:site_name\" content=\"Cameroun\" \/>\n<meta property=\"article:published_time\" content=\"2022-10-04T18:48:50+00:00\" \/>\n<meta property=\"article:modified_time\" content=\"2022-10-04T20:58:03+00:00\" \/>\n<meta property=\"og:image\" content=\"https:\/\/static.africa-press.net\/cameroun\/sites\/57\/2022\/10\/img-633c9dffc73d8.jpg\" \/>\n\t<meta property=\"og:image:width\" content=\"1024\" \/>\n\t<meta property=\"og:image:height\" content=\"578\" \/>\n\t<meta property=\"og:image:type\" content=\"image\/jpeg\" \/>\n<meta name=\"author\" content=\"cfeditorfr\" \/>\n<meta name=\"twitter:card\" content=\"summary_large_image\" \/>\n<meta name=\"twitter:label1\" content=\"\u00c9crit par\" \/>\n\t<meta name=\"twitter:data1\" content=\"cfeditorfr\" \/>\n\t<meta name=\"twitter:label2\" content=\"Dur\u00e9e de lecture estim\u00e9e\" \/>\n\t<meta name=\"twitter:data2\" content=\"2 minutes\" \/>\n<script type=\"application\/ld+json\" class=\"yoast-schema-graph\">{\"@context\":\"https:\/\/schema.org\",\"@graph\":[{\"@type\":\"Article\",\"@id\":\"https:\/\/www.africa-press.net\/cameroun\/toutes-les-actualites\/cholera-le-cameroun-enregistre-plus-de-45-deces-en-un-mois#article\",\"isPartOf\":{\"@id\":\"https:\/\/www.africa-press.net\/cameroun\/toutes-les-actualites\/cholera-le-cameroun-enregistre-plus-de-45-deces-en-un-mois\"},\"author\":{\"name\":\"cfeditorfr\",\"@id\":\"https:\/\/www.africa-press.net\/cameroun\/#\/schema\/person\/2b1cf3cd81a31e3cd26889ca66d677f1\"},\"headline\":\"Chol\u00e9ra : le Cameroun enregistre plus de 45 d\u00e9c\u00e8s en un mois\",\"datePublished\":\"2022-10-04T18:48:50+00:00\",\"dateModified\":\"2022-10-04T20:58:03+00:00\",\"mainEntityOfPage\":{\"@id\":\"https:\/\/www.africa-press.net\/cameroun\/toutes-les-actualites\/cholera-le-cameroun-enregistre-plus-de-45-deces-en-un-mois\"},\"wordCount\":375,\"commentCount\":0,\"image\":{\"@id\":\"https:\/\/www.africa-press.net\/cameroun\/toutes-les-actualites\/cholera-le-cameroun-enregistre-plus-de-45-deces-en-un-mois#primaryimage\"},\"thumbnailUrl\":\"https:\/\/static.africa-press.net\/cameroun\/sites\/57\/2022\/10\/img-633c9dffc73d8.jpg\",\"keywords\":[\"Africa Press\",\"Africa Press-Cameroun\",\"Cameroun\"],\"articleSection\":[\"Communaut\u00e9\",\"Toutes les actualit\u00e9s\"],\"inLanguage\":\"fr-FR\",\"potentialAction\":[{\"@type\":\"CommentAction\",\"name\":\"Comment\",\"target\":[\"https:\/\/www.africa-press.net\/cameroun\/toutes-les-actualites\/cholera-le-cameroun-enregistre-plus-de-45-deces-en-un-mois#respond\"]}]},{\"@type\":\"WebPage\",\"@id\":\"https:\/\/www.africa-press.net\/cameroun\/toutes-les-actualites\/cholera-le-cameroun-enregistre-plus-de-45-deces-en-un-mois\",\"url\":\"https:\/\/www.africa-press.net\/cameroun\/toutes-les-actualites\/cholera-le-cameroun-enregistre-plus-de-45-deces-en-un-mois\",\"name\":\"Chol\u00e9ra : le Cameroun enregistre plus de 45 d\u00e9c\u00e8s en un mois - Cameroun\",\"isPartOf\":{\"@id\":\"https:\/\/www.africa-press.net\/cameroun\/#website\"},\"primaryImageOfPage\":{\"@id\":\"https:\/\/www.africa-press.net\/cameroun\/toutes-les-actualites\/cholera-le-cameroun-enregistre-plus-de-45-deces-en-un-mois#primaryimage\"},\"image\":{\"@id\":\"https:\/\/www.africa-press.net\/cameroun\/toutes-les-actualites\/cholera-le-cameroun-enregistre-plus-de-45-deces-en-un-mois#primaryimage\"},\"thumbnailUrl\":\"https:\/\/static.africa-press.net\/cameroun\/sites\/57\/2022\/10\/img-633c9dffc73d8.jpg\",\"datePublished\":\"2022-10-04T18:48:50+00:00\",\"dateModified\":\"2022-10-04T20:58:03+00:00\",\"author\":{\"@id\":\"https:\/\/www.africa-press.net\/cameroun\/#\/schema\/person\/2b1cf3cd81a31e3cd26889ca66d677f1\"},\"description\":\"L\u2019e\u0301pide\u0301mie de chole\u0301ra au Cameroun a de\u0301ja\u0300 fait 243 morts depuis octobre 2021 sur un total de 11 993 cas notifie\u0301s, s ...\",\"breadcrumb\":{\"@id\":\"https:\/\/www.africa-press.net\/cameroun\/toutes-les-actualites\/cholera-le-cameroun-enregistre-plus-de-45-deces-en-un-mois#breadcrumb\"},\"inLanguage\":\"fr-FR\",\"potentialAction\":[{\"@type\":\"ReadAction\",\"target\":[\"https:\/\/www.africa-press.net\/cameroun\/toutes-les-actualites\/cholera-le-cameroun-enregistre-plus-de-45-deces-en-un-mois\"]}]},{\"@type\":\"ImageObject\",\"inLanguage\":\"fr-FR\",\"@id\":\"https:\/\/www.africa-press.net\/cameroun\/toutes-les-actualites\/cholera-le-cameroun-enregistre-plus-de-45-deces-en-un-mois#primaryimage\",\"url\":\"https:\/\/static.africa-press.net\/cameroun\/sites\/57\/2022\/10\/img-633c9dffc73d8.jpg\",\"contentUrl\":\"https:\/\/static.africa-press.net\/cameroun\/sites\/57\/2022\/10\/img-633c9dffc73d8.jpg\",\"width\":1024,\"height\":578,\"caption\":\"Chol\u00e9ra : le Cameroun enregistre plus de 45 d\u00e9c\u00e8s en un mois\"},{\"@type\":\"BreadcrumbList\",\"@id\":\"https:\/\/www.africa-press.net\/cameroun\/toutes-les-actualites\/cholera-le-cameroun-enregistre-plus-de-45-deces-en-un-mois#breadcrumb\",\"itemListElement\":[{\"@type\":\"ListItem\",\"position\":1,\"name\":\"Accueil\",\"item\":\"https:\/\/www.africa-press.net\/cameroun\/\"},{\"@type\":\"ListItem\",\"position\":2,\"name\":\"Chol\u00e9ra : le Cameroun enregistre plus de 45 d\u00e9c\u00e8s en un mois\"}]},{\"@type\":\"WebSite\",\"@id\":\"https:\/\/www.africa-press.net\/cameroun\/#website\",\"url\":\"https:\/\/www.africa-press.net\/cameroun\/\",\"name\":\"Cameroun\",\"description\":\"Just another Africa News Agency Sites site\",\"potentialAction\":[{\"@type\":\"SearchAction\",\"target\":{\"@type\":\"EntryPoint\",\"urlTemplate\":\"https:\/\/www.africa-press.net\/cameroun\/?s={search_term_string}\"},\"query-input\":{\"@type\":\"PropertyValueSpecification\",\"valueRequired\":true,\"valueName\":\"search_term_string\"}}],\"inLanguage\":\"fr-FR\"},{\"@type\":\"Person\",\"@id\":\"https:\/\/www.africa-press.net\/cameroun\/#\/schema\/person\/2b1cf3cd81a31e3cd26889ca66d677f1\",\"name\":\"cfeditorfr\"}]}<\/script>\n<!-- \/ Yoast SEO Premium plugin. -->","yoast_head_json":{"title":"Chol\u00e9ra : le Cameroun enregistre plus de 45 d\u00e9c\u00e8s en un mois - Cameroun","description":"L\u2019e\u0301pide\u0301mie de chole\u0301ra au Cameroun a de\u0301ja\u0300 fait 243 morts depuis octobre 2021 sur un total de 11 993 cas notifie\u0301s, s ...","robots":{"index":"index","follow":"follow","max-snippet":"max-snippet:-1","max-image-preview":"max-image-preview:large","max-video-preview":"max-video-preview:-1"},"canonical":"https:\/\/www.africa-press.net\/cameroun\/toutes-les-actualites\/cholera-le-cameroun-enregistre-plus-de-45-deces-en-un-mois","og_locale":"fr_FR","og_type":"article","og_title":"Chol\u00e9ra : le Cameroun enregistre plus de 45 d\u00e9c\u00e8s en un mois","og_description":"L\u2019e\u0301pide\u0301mie de chole\u0301ra au Cameroun a de\u0301ja\u0300 fait 243 morts depuis octobre 2021 sur un total de 11 993 cas notifie\u0301s, s ...","og_url":"https:\/\/www.africa-press.net\/cameroun\/toutes-les-actualites\/cholera-le-cameroun-enregistre-plus-de-45-deces-en-un-mois","og_site_name":"Cameroun","article_published_time":"2022-10-04T18:48:50+00:00","article_modified_time":"2022-10-04T20:58:03+00:00","og_image":[{"width":1024,"height":578,"url":"https:\/\/static.africa-press.net\/cameroun\/sites\/57\/2022\/10\/img-633c9dffc73d8.jpg","type":"image\/jpeg"}],"author":"cfeditorfr","twitter_card":"summary_large_image","twitter_misc":{"\u00c9crit par":"cfeditorfr","Dur\u00e9e de lecture estim\u00e9e":"2 minutes"},"schema":{"@context":"https:\/\/schema.org","@graph":[{"@type":"Article","@id":"https:\/\/www.africa-press.net\/cameroun\/toutes-les-actualites\/cholera-le-cameroun-enregistre-plus-de-45-deces-en-un-mois#article","isPartOf":{"@id":"https:\/\/www.africa-press.net\/cameroun\/toutes-les-actualites\/cholera-le-cameroun-enregistre-plus-de-45-deces-en-un-mois"},"author":{"name":"cfeditorfr","@id":"https:\/\/www.africa-press.net\/cameroun\/#\/schema\/person\/2b1cf3cd81a31e3cd26889ca66d677f1"},"headline":"Chol\u00e9ra : le Cameroun enregistre plus de 45 d\u00e9c\u00e8s en un mois","datePublished":"2022-10-04T18:48:50+00:00","dateModified":"2022-10-04T20:58:03+00:00","mainEntityOfPage":{"@id":"https:\/\/www.africa-press.net\/cameroun\/toutes-les-actualites\/cholera-le-cameroun-enregistre-plus-de-45-deces-en-un-mois"},"wordCount":375,"commentCount":0,"image":{"@id":"https:\/\/www.africa-press.net\/cameroun\/toutes-les-actualites\/cholera-le-cameroun-enregistre-plus-de-45-deces-en-un-mois#primaryimage"},"thumbnailUrl":"https:\/\/static.africa-press.net\/cameroun\/sites\/57\/2022\/10\/img-633c9dffc73d8.jpg","keywords":["Africa Press","Africa Press-Cameroun","Cameroun"],"articleSection":["Communaut\u00e9","Toutes les actualit\u00e9s"],"inLanguage":"fr-FR","potentialAction":[{"@type":"CommentAction","name":"Comment","target":["https:\/\/www.africa-press.net\/cameroun\/toutes-les-actualites\/cholera-le-cameroun-enregistre-plus-de-45-deces-en-un-mois#respond"]}]},{"@type":"WebPage","@id":"https:\/\/www.africa-press.net\/cameroun\/toutes-les-actualites\/cholera-le-cameroun-enregistre-plus-de-45-deces-en-un-mois","url":"https:\/\/www.africa-press.net\/cameroun\/toutes-les-actualites\/cholera-le-cameroun-enregistre-plus-de-45-deces-en-un-mois","name":"Chol\u00e9ra : le Cameroun enregistre plus de 45 d\u00e9c\u00e8s en un mois - Cameroun","isPartOf":{"@id":"https:\/\/www.africa-press.net\/cameroun\/#website"},"primaryImageOfPage":{"@id":"https:\/\/www.africa-press.net\/cameroun\/toutes-les-actualites\/cholera-le-cameroun-enregistre-plus-de-45-deces-en-un-mois#primaryimage"},"image":{"@id":"https:\/\/www.africa-press.net\/cameroun\/toutes-les-actualites\/cholera-le-cameroun-enregistre-plus-de-45-deces-en-un-mois#primaryimage"},"thumbnailUrl":"https:\/\/static.africa-press.net\/cameroun\/sites\/57\/2022\/10\/img-633c9dffc73d8.jpg","datePublished":"2022-10-04T18:48:50+00:00","dateModified":"2022-10-04T20:58:03+00:00","author":{"@id":"https:\/\/www.africa-press.net\/cameroun\/#\/schema\/person\/2b1cf3cd81a31e3cd26889ca66d677f1"},"description":"L\u2019e\u0301pide\u0301mie de chole\u0301ra au Cameroun a de\u0301ja\u0300 fait 243 morts depuis octobre 2021 sur un total de 11 993 cas notifie\u0301s, s ...","breadcrumb":{"@id":"https:\/\/www.africa-press.net\/cameroun\/toutes-les-actualites\/cholera-le-cameroun-enregistre-plus-de-45-deces-en-un-mois#breadcrumb"},"inLanguage":"fr-FR","potentialAction":[{"@type":"ReadAction","target":["https:\/\/www.africa-press.net\/cameroun\/toutes-les-actualites\/cholera-le-cameroun-enregistre-plus-de-45-deces-en-un-mois"]}]},{"@type":"ImageObject","inLanguage":"fr-FR","@id":"https:\/\/www.africa-press.net\/cameroun\/toutes-les-actualites\/cholera-le-cameroun-enregistre-plus-de-45-deces-en-un-mois#primaryimage","url":"https:\/\/static.africa-press.net\/cameroun\/sites\/57\/2022\/10\/img-633c9dffc73d8.jpg","contentUrl":"https:\/\/static.africa-press.net\/cameroun\/sites\/57\/2022\/10\/img-633c9dffc73d8.jpg","width":1024,"height":578,"caption":"Chol\u00e9ra : le Cameroun enregistre plus de 45 d\u00e9c\u00e8s en un mois"},{"@type":"BreadcrumbList","@id":"https:\/\/www.africa-press.net\/cameroun\/toutes-les-actualites\/cholera-le-cameroun-enregistre-plus-de-45-deces-en-un-mois#breadcrumb","itemListElement":[{"@type":"ListItem","position":1,"name":"Accueil","item":"https:\/\/www.africa-press.net\/cameroun\/"},{"@type":"ListItem","position":2,"name":"Chol\u00e9ra : le Cameroun enregistre plus de 45 d\u00e9c\u00e8s en un mois"}]},{"@type":"WebSite","@id":"https:\/\/www.africa-press.net\/cameroun\/#website","url":"https:\/\/www.africa-press.net\/cameroun\/","name":"Cameroun","description":"Just another Africa News Agency Sites site","potentialAction":[{"@type":"SearchAction","target":{"@type":"EntryPoint","urlTemplate":"https:\/\/www.africa-press.net\/cameroun\/?s={search_term_string}"},"query-input":{"@type":"PropertyValueSpecification","valueRequired":true,"valueName":"search_term_string"}}],"inLanguage":"fr-FR"},{"@type":"Person","@id":"https:\/\/www.africa-press.net\/cameroun\/#\/schema\/person\/2b1cf3cd81a31e3cd26889ca66d677f1","name":"cfeditorfr"}]}},"_links":{"self":[{"href":"https:\/\/www.africa-press.net\/cameroun\/wp-json\/wp\/v2\/posts\/28720","targetHints":{"allow":["GET"]}}],"collection":[{"href":"https:\/\/www.africa-press.net\/cameroun\/wp-json\/wp\/v2\/posts"}],"about":[{"href":"https:\/\/www.africa-press.net\/cameroun\/wp-json\/wp\/v2\/types\/post"}],"author":[{"embeddable":true,"href":"https:\/\/www.africa-press.net\/cameroun\/wp-json\/wp\/v2\/users\/82"}],"replies":[{"embeddable":true,"href":"https:\/\/www.africa-press.net\/cameroun\/wp-json\/wp\/v2\/comments?post=28720"}],"version-history":[{"count":0,"href":"https:\/\/www.africa-press.net\/cameroun\/wp-json\/wp\/v2\/posts\/28720\/revisions"}],"wp:featuredmedia":[{"embeddable":true,"href":"https:\/\/www.africa-press.net\/cameroun\/wp-json\/wp\/v2\/media\/28719"}],"wp:attachment":[{"href":"https:\/\/www.africa-press.net\/cameroun\/wp-json\/wp\/v2\/media?parent=28720"}],"wp:term":[{"taxonomy":"category","embeddable":true,"href":"https:\/\/www.africa-press.net\/cameroun\/wp-json\/wp\/v2\/categories?post=28720"},{"taxonomy":"post_tag","embeddable":true,"href":"https:\/\/www.africa-press.net\/cameroun\/wp-json\/wp\/v2\/tags?post=28720"}],"curies":[{"name":"wp","href":"https:\/\/api.w.org\/{rel}","templated":true}]}}