{"id":28723,"date":"2022-10-04T18:58:33","date_gmt":"2022-10-04T18:58:33","guid":{"rendered":"https:\/\/www.africa-press.net\/cameroun\/politique\/affaires-le-quebec-en-quete-dopportunites-au-cameroun"},"modified":"2022-10-04T20:59:31","modified_gmt":"2022-10-04T20:59:31","slug":"affaires-le-quebec-en-quete-dopportunites-au-cameroun","status":"publish","type":"post","link":"https:\/\/www.africa-press.net\/cameroun\/economie\/affaires-le-quebec-en-quete-dopportunites-au-cameroun","title":{"rendered":"Affaires\u00a0: le Quebec en qu\u00eate d\u2019opportunit\u00e9s au Cameroun"},"content":{"rendered":"<p><span style=\"color: #ff6600\"><strong>Africa-Press &#8211; Cameroun. <\/strong><\/span>Depuis le 28 septembre 2022, la province francophone du Canada dispose d\u2019un Bureau e\u0301conomique a\u0300 Douala.<\/p>\n<p>Conque\u0301rir le marche\u0301 sous-re\u0301gional. C\u2019est le but de cette ope\u0301ration. Ce Bureau a pour objectif principal, d\u2019explorer et de promouvoir de nouvelles pistes de partenariat et opportunite\u0301s de business entre ces deux pays de la sous-re\u0301gion Cemac (Communaute\u0301 e\u0301conomique des E\u0301tats de l\u2019Afrique centrale) et le Que\u0301bec.<\/p>\n<p>Concre\u0300tement, il s\u2019agit de prospecter les marche\u0301s camerounais et gabonais afin de de\u0301nicher des de\u0301bouche\u0301s pour l\u2019expertise Que\u0301be\u0301coise. Expertise portant essentiellement sur le secteur minier, les infrastructures, les Ntics, les te\u0301le\u0301communications, l\u2019agro-industrie (volet transformation), les services, l\u2019e\u0301ducation, e\u0301lectrome\u0301canique, ou la me\u0301canique automobile et l\u2019e\u0301lectronique etc.<\/p>\n<p>\u00ab L\u2019expertise que\u0301be\u0301coise c\u2019est le secteur minier, l\u2019infrastructure, le nume\u0301rique, les te\u0301le\u0301coms. On cherche vraiment des partenariats avec des entreprises locales dans ces secteurs. Mon ro\u0302le c\u2019est d\u2019e\u0302tre le point de contact, le point focal, en aidant les entreprises que\u0301be\u0301coises qui veulent venir au Cameroun. Mon ro\u0302le c\u2019est aussi d\u2019aider les entreprises camerounaises en leur trouvant des partenaires fiables au Que\u0301bec \u00bb, a explique\u0301 Sandra Gouadjio (photo), l\u2019attache\u0301e aux affaires e\u0301conomiques de la nouvelle repre\u0301sentation.<\/p>\n<p>A\u0300 moyen terme, le Que\u0301bec va e\u0301galement e\u0301tendre son inte\u0301re\u0302t vers les quatre autres pays de la Cemac (Tchad, Rca, Congo et Guine\u0301e E\u0301quatoriale).<\/p>\n<p><strong>Pour plus d&rsquo;informations et d&rsquo;analyses sur la <a href=\"https:\/\/www.africa-press.net\/cameroun\">Cameroun<\/a>, suivez <a href=\"https:\/\/www.africa-press.net\/\">Africa-Press<\/a><\/strong><\/p>\n","protected":false},"excerpt":{"rendered":"<p>Africa-Press &#8211; Cameroun. Depuis le 28 septembre 2022, la province francophone du Canada dispose d\u2019un Bureau e\u0301conomique a\u0300 Douala. Conque\u0301rir le marche\u0301 sous-re\u0301gional. C\u2019est le but de cette ope\u0301ration. Ce Bureau a pour objectif principal, d\u2019explorer et de promouvoir de nouvelles pistes de partenariat et opportunite\u0301s de business entre ces deux pays de la sous-re\u0301gion [&hellip;]<\/p>\n","protected":false},"author":82,"featured_media":28722,"comment_status":"open","ping_status":"closed","sticky":false,"template":"","format":"standard","meta":{"footnotes":""},"categories":[3,10],"tags":[36,50,49],"class_list":["post-28723","post","type-post","status-publish","format-standard","has-post-thumbnail","hentry","category-economie","category-toutes-les-actualites","tag-africa-press","tag-africa-press-cameroun","tag-cameroun"],"yoast_head":"<!-- This site is optimized with the Yoast SEO Premium plugin v26.1 (Yoast SEO v27.0) - https:\/\/yoast.com\/product\/yoast-seo-premium-wordpress\/ -->\n<title>Affaires\u00a0: le Quebec en qu\u00eate d\u2019opportunit\u00e9s au Cameroun - Cameroun<\/title>\n<meta name=\"description\" content=\"Depuis le 28 septembre 2022, la province francophone du Canada dispose d\u2019un Bureau e\u0301conomique a\u0300 Douala. Conque\u0301ri ...\" \/>\n<meta name=\"robots\" content=\"index, follow, max-snippet:-1, max-image-preview:large, max-video-preview:-1\" \/>\n<link rel=\"canonical\" href=\"https:\/\/www.africa-press.net\/cameroun\/economie\/affaires-le-quebec-en-quete-dopportunites-au-cameroun\" \/>\n<meta property=\"og:locale\" content=\"fr_FR\" \/>\n<meta property=\"og:type\" content=\"article\" \/>\n<meta property=\"og:title\" content=\"Affaires\u00a0: le Quebec en qu\u00eate d\u2019opportunit\u00e9s au Cameroun\" \/>\n<meta property=\"og:description\" content=\"Depuis le 28 septembre 2022, la province francophone du Canada dispose d\u2019un Bureau e\u0301conomique a\u0300 Douala. Conque\u0301ri ...\" \/>\n<meta property=\"og:url\" content=\"https:\/\/www.africa-press.net\/cameroun\/economie\/affaires-le-quebec-en-quete-dopportunites-au-cameroun\" \/>\n<meta property=\"og:site_name\" content=\"Cameroun\" \/>\n<meta property=\"article:published_time\" content=\"2022-10-04T18:58:33+00:00\" \/>\n<meta property=\"article:modified_time\" content=\"2022-10-04T20:59:31+00:00\" \/>\n<meta property=\"og:image\" content=\"https:\/\/static.africa-press.net\/cameroun\/sites\/57\/2022\/10\/img-633c9e621cd6e.jpg\" \/>\n\t<meta property=\"og:image:width\" content=\"720\" \/>\n\t<meta property=\"og:image:height\" content=\"406\" \/>\n\t<meta property=\"og:image:type\" content=\"image\/jpeg\" \/>\n<meta name=\"author\" content=\"cfeditorfr\" \/>\n<meta name=\"twitter:card\" content=\"summary_large_image\" \/>\n<meta name=\"twitter:label1\" content=\"\u00c9crit par\" \/>\n\t<meta name=\"twitter:data1\" content=\"cfeditorfr\" \/>\n\t<meta name=\"twitter:label2\" content=\"Dur\u00e9e de lecture estim\u00e9e\" \/>\n\t<meta name=\"twitter:data2\" content=\"2 minutes\" \/>\n<script type=\"application\/ld+json\" class=\"yoast-schema-graph\">{\"@context\":\"https:\/\/schema.org\",\"@graph\":[{\"@type\":\"Article\",\"@id\":\"https:\/\/www.africa-press.net\/cameroun\/economie\/affaires-le-quebec-en-quete-dopportunites-au-cameroun#article\",\"isPartOf\":{\"@id\":\"https:\/\/www.africa-press.net\/cameroun\/economie\/affaires-le-quebec-en-quete-dopportunites-au-cameroun\"},\"author\":{\"name\":\"cfeditorfr\",\"@id\":\"https:\/\/www.africa-press.net\/cameroun\/#\/schema\/person\/2b1cf3cd81a31e3cd26889ca66d677f1\"},\"headline\":\"Affaires\u00a0: le Quebec en qu\u00eate d\u2019opportunit\u00e9s au Cameroun\",\"datePublished\":\"2022-10-04T18:58:33+00:00\",\"dateModified\":\"2022-10-04T20:59:31+00:00\",\"mainEntityOfPage\":{\"@id\":\"https:\/\/www.africa-press.net\/cameroun\/economie\/affaires-le-quebec-en-quete-dopportunites-au-cameroun\"},\"wordCount\":290,\"commentCount\":0,\"image\":{\"@id\":\"https:\/\/www.africa-press.net\/cameroun\/economie\/affaires-le-quebec-en-quete-dopportunites-au-cameroun#primaryimage\"},\"thumbnailUrl\":\"https:\/\/static.africa-press.net\/cameroun\/sites\/57\/2022\/10\/img-633c9e621cd6e.jpg\",\"keywords\":[\"Africa Press\",\"Africa Press-Cameroun\",\"Cameroun\"],\"articleSection\":[\"\u00c9conomie\",\"Toutes les actualit\u00e9s\"],\"inLanguage\":\"fr-FR\",\"potentialAction\":[{\"@type\":\"CommentAction\",\"name\":\"Comment\",\"target\":[\"https:\/\/www.africa-press.net\/cameroun\/economie\/affaires-le-quebec-en-quete-dopportunites-au-cameroun#respond\"]}]},{\"@type\":\"WebPage\",\"@id\":\"https:\/\/www.africa-press.net\/cameroun\/economie\/affaires-le-quebec-en-quete-dopportunites-au-cameroun\",\"url\":\"https:\/\/www.africa-press.net\/cameroun\/economie\/affaires-le-quebec-en-quete-dopportunites-au-cameroun\",\"name\":\"Affaires\u00a0: le Quebec en qu\u00eate d\u2019opportunit\u00e9s au Cameroun - Cameroun\",\"isPartOf\":{\"@id\":\"https:\/\/www.africa-press.net\/cameroun\/#website\"},\"primaryImageOfPage\":{\"@id\":\"https:\/\/www.africa-press.net\/cameroun\/economie\/affaires-le-quebec-en-quete-dopportunites-au-cameroun#primaryimage\"},\"image\":{\"@id\":\"https:\/\/www.africa-press.net\/cameroun\/economie\/affaires-le-quebec-en-quete-dopportunites-au-cameroun#primaryimage\"},\"thumbnailUrl\":\"https:\/\/static.africa-press.net\/cameroun\/sites\/57\/2022\/10\/img-633c9e621cd6e.jpg\",\"datePublished\":\"2022-10-04T18:58:33+00:00\",\"dateModified\":\"2022-10-04T20:59:31+00:00\",\"author\":{\"@id\":\"https:\/\/www.africa-press.net\/cameroun\/#\/schema\/person\/2b1cf3cd81a31e3cd26889ca66d677f1\"},\"description\":\"Depuis le 28 septembre 2022, la province francophone du Canada dispose d\u2019un Bureau e\u0301conomique a\u0300 Douala. Conque\u0301ri ...\",\"breadcrumb\":{\"@id\":\"https:\/\/www.africa-press.net\/cameroun\/economie\/affaires-le-quebec-en-quete-dopportunites-au-cameroun#breadcrumb\"},\"inLanguage\":\"fr-FR\",\"potentialAction\":[{\"@type\":\"ReadAction\",\"target\":[\"https:\/\/www.africa-press.net\/cameroun\/economie\/affaires-le-quebec-en-quete-dopportunites-au-cameroun\"]}]},{\"@type\":\"ImageObject\",\"inLanguage\":\"fr-FR\",\"@id\":\"https:\/\/www.africa-press.net\/cameroun\/economie\/affaires-le-quebec-en-quete-dopportunites-au-cameroun#primaryimage\",\"url\":\"https:\/\/static.africa-press.net\/cameroun\/sites\/57\/2022\/10\/img-633c9e621cd6e.jpg\",\"contentUrl\":\"https:\/\/static.africa-press.net\/cameroun\/sites\/57\/2022\/10\/img-633c9e621cd6e.jpg\",\"width\":720,\"height\":406,\"caption\":\"Affaires\u00a0: le Quebec en qu\u00eate d\u2019opportunit\u00e9s au Cameroun\"},{\"@type\":\"BreadcrumbList\",\"@id\":\"https:\/\/www.africa-press.net\/cameroun\/economie\/affaires-le-quebec-en-quete-dopportunites-au-cameroun#breadcrumb\",\"itemListElement\":[{\"@type\":\"ListItem\",\"position\":1,\"name\":\"Accueil\",\"item\":\"https:\/\/www.africa-press.net\/cameroun\/\"},{\"@type\":\"ListItem\",\"position\":2,\"name\":\"Affaires\u00a0: le Quebec en qu\u00eate d\u2019opportunit\u00e9s au Cameroun\"}]},{\"@type\":\"WebSite\",\"@id\":\"https:\/\/www.africa-press.net\/cameroun\/#website\",\"url\":\"https:\/\/www.africa-press.net\/cameroun\/\",\"name\":\"Cameroun\",\"description\":\"Just another Africa News Agency Sites site\",\"potentialAction\":[{\"@type\":\"SearchAction\",\"target\":{\"@type\":\"EntryPoint\",\"urlTemplate\":\"https:\/\/www.africa-press.net\/cameroun\/?s={search_term_string}\"},\"query-input\":{\"@type\":\"PropertyValueSpecification\",\"valueRequired\":true,\"valueName\":\"search_term_string\"}}],\"inLanguage\":\"fr-FR\"},{\"@type\":\"Person\",\"@id\":\"https:\/\/www.africa-press.net\/cameroun\/#\/schema\/person\/2b1cf3cd81a31e3cd26889ca66d677f1\",\"name\":\"cfeditorfr\"}]}<\/script>\n<!-- \/ Yoast SEO Premium plugin. -->","yoast_head_json":{"title":"Affaires\u00a0: le Quebec en qu\u00eate d\u2019opportunit\u00e9s au Cameroun - Cameroun","description":"Depuis le 28 septembre 2022, la province francophone du Canada dispose d\u2019un Bureau e\u0301conomique a\u0300 Douala. Conque\u0301ri ...","robots":{"index":"index","follow":"follow","max-snippet":"max-snippet:-1","max-image-preview":"max-image-preview:large","max-video-preview":"max-video-preview:-1"},"canonical":"https:\/\/www.africa-press.net\/cameroun\/economie\/affaires-le-quebec-en-quete-dopportunites-au-cameroun","og_locale":"fr_FR","og_type":"article","og_title":"Affaires\u00a0: le Quebec en qu\u00eate d\u2019opportunit\u00e9s au Cameroun","og_description":"Depuis le 28 septembre 2022, la province francophone du Canada dispose d\u2019un Bureau e\u0301conomique a\u0300 Douala. Conque\u0301ri ...","og_url":"https:\/\/www.africa-press.net\/cameroun\/economie\/affaires-le-quebec-en-quete-dopportunites-au-cameroun","og_site_name":"Cameroun","article_published_time":"2022-10-04T18:58:33+00:00","article_modified_time":"2022-10-04T20:59:31+00:00","og_image":[{"width":720,"height":406,"url":"https:\/\/static.africa-press.net\/cameroun\/sites\/57\/2022\/10\/img-633c9e621cd6e.jpg","type":"image\/jpeg"}],"author":"cfeditorfr","twitter_card":"summary_large_image","twitter_misc":{"\u00c9crit par":"cfeditorfr","Dur\u00e9e de lecture estim\u00e9e":"2 minutes"},"schema":{"@context":"https:\/\/schema.org","@graph":[{"@type":"Article","@id":"https:\/\/www.africa-press.net\/cameroun\/economie\/affaires-le-quebec-en-quete-dopportunites-au-cameroun#article","isPartOf":{"@id":"https:\/\/www.africa-press.net\/cameroun\/economie\/affaires-le-quebec-en-quete-dopportunites-au-cameroun"},"author":{"name":"cfeditorfr","@id":"https:\/\/www.africa-press.net\/cameroun\/#\/schema\/person\/2b1cf3cd81a31e3cd26889ca66d677f1"},"headline":"Affaires\u00a0: le Quebec en qu\u00eate d\u2019opportunit\u00e9s au Cameroun","datePublished":"2022-10-04T18:58:33+00:00","dateModified":"2022-10-04T20:59:31+00:00","mainEntityOfPage":{"@id":"https:\/\/www.africa-press.net\/cameroun\/economie\/affaires-le-quebec-en-quete-dopportunites-au-cameroun"},"wordCount":290,"commentCount":0,"image":{"@id":"https:\/\/www.africa-press.net\/cameroun\/economie\/affaires-le-quebec-en-quete-dopportunites-au-cameroun#primaryimage"},"thumbnailUrl":"https:\/\/static.africa-press.net\/cameroun\/sites\/57\/2022\/10\/img-633c9e621cd6e.jpg","keywords":["Africa Press","Africa Press-Cameroun","Cameroun"],"articleSection":["\u00c9conomie","Toutes les actualit\u00e9s"],"inLanguage":"fr-FR","potentialAction":[{"@type":"CommentAction","name":"Comment","target":["https:\/\/www.africa-press.net\/cameroun\/economie\/affaires-le-quebec-en-quete-dopportunites-au-cameroun#respond"]}]},{"@type":"WebPage","@id":"https:\/\/www.africa-press.net\/cameroun\/economie\/affaires-le-quebec-en-quete-dopportunites-au-cameroun","url":"https:\/\/www.africa-press.net\/cameroun\/economie\/affaires-le-quebec-en-quete-dopportunites-au-cameroun","name":"Affaires\u00a0: le Quebec en qu\u00eate d\u2019opportunit\u00e9s au Cameroun - Cameroun","isPartOf":{"@id":"https:\/\/www.africa-press.net\/cameroun\/#website"},"primaryImageOfPage":{"@id":"https:\/\/www.africa-press.net\/cameroun\/economie\/affaires-le-quebec-en-quete-dopportunites-au-cameroun#primaryimage"},"image":{"@id":"https:\/\/www.africa-press.net\/cameroun\/economie\/affaires-le-quebec-en-quete-dopportunites-au-cameroun#primaryimage"},"thumbnailUrl":"https:\/\/static.africa-press.net\/cameroun\/sites\/57\/2022\/10\/img-633c9e621cd6e.jpg","datePublished":"2022-10-04T18:58:33+00:00","dateModified":"2022-10-04T20:59:31+00:00","author":{"@id":"https:\/\/www.africa-press.net\/cameroun\/#\/schema\/person\/2b1cf3cd81a31e3cd26889ca66d677f1"},"description":"Depuis le 28 septembre 2022, la province francophone du Canada dispose d\u2019un Bureau e\u0301conomique a\u0300 Douala. Conque\u0301ri ...","breadcrumb":{"@id":"https:\/\/www.africa-press.net\/cameroun\/economie\/affaires-le-quebec-en-quete-dopportunites-au-cameroun#breadcrumb"},"inLanguage":"fr-FR","potentialAction":[{"@type":"ReadAction","target":["https:\/\/www.africa-press.net\/cameroun\/economie\/affaires-le-quebec-en-quete-dopportunites-au-cameroun"]}]},{"@type":"ImageObject","inLanguage":"fr-FR","@id":"https:\/\/www.africa-press.net\/cameroun\/economie\/affaires-le-quebec-en-quete-dopportunites-au-cameroun#primaryimage","url":"https:\/\/static.africa-press.net\/cameroun\/sites\/57\/2022\/10\/img-633c9e621cd6e.jpg","contentUrl":"https:\/\/static.africa-press.net\/cameroun\/sites\/57\/2022\/10\/img-633c9e621cd6e.jpg","width":720,"height":406,"caption":"Affaires\u00a0: le Quebec en qu\u00eate d\u2019opportunit\u00e9s au Cameroun"},{"@type":"BreadcrumbList","@id":"https:\/\/www.africa-press.net\/cameroun\/economie\/affaires-le-quebec-en-quete-dopportunites-au-cameroun#breadcrumb","itemListElement":[{"@type":"ListItem","position":1,"name":"Accueil","item":"https:\/\/www.africa-press.net\/cameroun\/"},{"@type":"ListItem","position":2,"name":"Affaires\u00a0: le Quebec en qu\u00eate d\u2019opportunit\u00e9s au Cameroun"}]},{"@type":"WebSite","@id":"https:\/\/www.africa-press.net\/cameroun\/#website","url":"https:\/\/www.africa-press.net\/cameroun\/","name":"Cameroun","description":"Just another Africa News Agency Sites site","potentialAction":[{"@type":"SearchAction","target":{"@type":"EntryPoint","urlTemplate":"https:\/\/www.africa-press.net\/cameroun\/?s={search_term_string}"},"query-input":{"@type":"PropertyValueSpecification","valueRequired":true,"valueName":"search_term_string"}}],"inLanguage":"fr-FR"},{"@type":"Person","@id":"https:\/\/www.africa-press.net\/cameroun\/#\/schema\/person\/2b1cf3cd81a31e3cd26889ca66d677f1","name":"cfeditorfr"}]}},"_links":{"self":[{"href":"https:\/\/www.africa-press.net\/cameroun\/wp-json\/wp\/v2\/posts\/28723","targetHints":{"allow":["GET"]}}],"collection":[{"href":"https:\/\/www.africa-press.net\/cameroun\/wp-json\/wp\/v2\/posts"}],"about":[{"href":"https:\/\/www.africa-press.net\/cameroun\/wp-json\/wp\/v2\/types\/post"}],"author":[{"embeddable":true,"href":"https:\/\/www.africa-press.net\/cameroun\/wp-json\/wp\/v2\/users\/82"}],"replies":[{"embeddable":true,"href":"https:\/\/www.africa-press.net\/cameroun\/wp-json\/wp\/v2\/comments?post=28723"}],"version-history":[{"count":0,"href":"https:\/\/www.africa-press.net\/cameroun\/wp-json\/wp\/v2\/posts\/28723\/revisions"}],"wp:featuredmedia":[{"embeddable":true,"href":"https:\/\/www.africa-press.net\/cameroun\/wp-json\/wp\/v2\/media\/28722"}],"wp:attachment":[{"href":"https:\/\/www.africa-press.net\/cameroun\/wp-json\/wp\/v2\/media?parent=28723"}],"wp:term":[{"taxonomy":"category","embeddable":true,"href":"https:\/\/www.africa-press.net\/cameroun\/wp-json\/wp\/v2\/categories?post=28723"},{"taxonomy":"post_tag","embeddable":true,"href":"https:\/\/www.africa-press.net\/cameroun\/wp-json\/wp\/v2\/tags?post=28723"}],"curies":[{"name":"wp","href":"https:\/\/api.w.org\/{rel}","templated":true}]}}