{"id":28729,"date":"2022-10-04T19:12:19","date_gmt":"2022-10-04T19:12:19","guid":{"rendered":"https:\/\/www.africa-press.net\/cameroun\/politique\/le-cameroun-abrite-la-7eme-conference-annuelle-kaizen-africa"},"modified":"2022-10-04T21:01:51","modified_gmt":"2022-10-04T21:01:51","slug":"le-cameroun-abrite-la-7eme-conference-annuelle-kaizen-africa","status":"publish","type":"post","link":"https:\/\/www.africa-press.net\/cameroun\/economie\/le-cameroun-abrite-la-7eme-conference-annuelle-kaizen-africa","title":{"rendered":"Le Cameroun abrite la 7\u00e8me Conf\u00e9rence Annuelle Kaizen Africa"},"content":{"rendered":"<p><span style=\"color: #ff6600\"><strong>Africa-Press &#8211; Cameroun. <\/strong><\/span>L\u2019e\u0301ve\u0300nement se tient les 04 et 05 octobre 2022 a\u0300 l\u2019ho\u0302tel Hilton de Yaounde\u0301.<\/p>\n<p>La 7e\u0300me e\u0301dition de la Confe\u0301rence Annuelle Kaizen Afrique 2022 (AKAC) porte sur la re\u0301vision des activite\u0301s de \u00ab l\u2019Initiative Kaizen Afrique \u00bb (AKI) en 2022, l\u2019exploration des me\u0301thodes pour les rationaliser avec les aspirations de l\u2019Agenda 2063, et en particulier sur les efforts de mise en \u0153uvre de la Zone de Libre-Echange Continentale Africaine (ZLECAf).<\/p>\n<p>Co-organise\u0301e par le Gouvernement du Cameroun, l\u2019Agence de De\u0301veloppement de l\u2019Union Africaine (AUDA-NEPAD) et l\u2019Agence Japonaise de Coope\u0301ration Internationale (JICA), la Confe\u0301rence a pour the\u0300me : \u00ab Rationaliser et renforcer les efforts en Kaizen\/AQP avec les aspirations et les objectifs de transformation des e\u0301conomies de l\u2019Afrique et en particulier les PME \u00bb.<\/p>\n<p>Plusieurs entreprises et cabinets de consultation, le Minpmeesa et l\u2019APME, praticiens e\u0301galement du KAIZEN, pre\u0301senteront dans la mini-foire exposition leurs produits et services, ainsi que leur pratique du Kaizen. Les pre\u0301paratifs relatifs au se\u0301minaire en ligne sur l\u2019incorporation du Kaizen dans les politiques de transformation des PME en vue du renforcement de l\u2019e\u0301tablissement de la Zone de Libre E\u0301change dans le Continent Africain (ZLECAf), ainsi qu\u2019a\u0300 la ce\u0301re\u0301monie de remise des prix des gagnants des Awards africains du Kaizen sont quasiment acheve\u0301s e\u0301galement.<\/p>\n<p>Il faut rappeler qu\u2019afin d\u2019acce\u0301le\u0301rer la concre\u0301tisation des impacts positifs du Kaizen en Afrique, la JICA et le Nouveau Partenariat pour le De\u0301veloppement de l\u2019Afrique-Agence de De\u0301veloppement de l\u2019Union Africaine (AUDA-NEPAD) ont lance\u0301 \u00ab l\u2019Initiative Kaizen Afrique \u00bb (AKI) en 2017 avec des strate\u0301gies cle\u0301s.<\/p>\n<p><strong>Pour plus d&rsquo;informations et d&rsquo;analyses sur la <a href=\"https:\/\/www.africa-press.net\/cameroun\">Cameroun<\/a>, suivez <a href=\"https:\/\/www.africa-press.net\/\">Africa-Press<\/a><\/strong><\/p>\n","protected":false},"excerpt":{"rendered":"<p>Africa-Press &#8211; Cameroun. L\u2019e\u0301ve\u0300nement se tient les 04 et 05 octobre 2022 a\u0300 l\u2019ho\u0302tel Hilton de Yaounde\u0301. La 7e\u0300me e\u0301dition de la Confe\u0301rence Annuelle Kaizen Afrique 2022 (AKAC) porte sur la re\u0301vision des activite\u0301s de \u00ab l\u2019Initiative Kaizen Afrique \u00bb (AKI) en 2022, l\u2019exploration des me\u0301thodes pour les rationaliser avec les aspirations de l\u2019Agenda 2063, [&hellip;]<\/p>\n","protected":false},"author":82,"featured_media":28728,"comment_status":"open","ping_status":"closed","sticky":false,"template":"","format":"standard","meta":{"footnotes":""},"categories":[3,10],"tags":[36,50,49],"class_list":["post-28729","post","type-post","status-publish","format-standard","has-post-thumbnail","hentry","category-economie","category-toutes-les-actualites","tag-africa-press","tag-africa-press-cameroun","tag-cameroun"],"yoast_head":"<!-- This site is optimized with the Yoast SEO Premium plugin v26.1 (Yoast SEO v27.0) - https:\/\/yoast.com\/product\/yoast-seo-premium-wordpress\/ -->\n<title>Le Cameroun abrite la 7\u00e8me Conf\u00e9rence Annuelle Kaizen Africa - Cameroun<\/title>\n<meta name=\"description\" content=\"L\u2019e\u0301ve\u0300nement se tient les 04 et 05 octobre 2022 a\u0300 l\u2019ho\u0302tel Hilton de Yaounde\u0301. La 7e\u0300me e\u0301dition de la Confe\u0301renc ...\" \/>\n<meta name=\"robots\" content=\"index, follow, max-snippet:-1, max-image-preview:large, max-video-preview:-1\" \/>\n<link rel=\"canonical\" href=\"https:\/\/www.africa-press.net\/cameroun\/economie\/le-cameroun-abrite-la-7eme-conference-annuelle-kaizen-africa\" \/>\n<meta property=\"og:locale\" content=\"fr_FR\" \/>\n<meta property=\"og:type\" content=\"article\" \/>\n<meta property=\"og:title\" content=\"Le Cameroun abrite la 7\u00e8me Conf\u00e9rence Annuelle Kaizen Africa\" \/>\n<meta property=\"og:description\" content=\"L\u2019e\u0301ve\u0300nement se tient les 04 et 05 octobre 2022 a\u0300 l\u2019ho\u0302tel Hilton de Yaounde\u0301. La 7e\u0300me e\u0301dition de la Confe\u0301renc ...\" \/>\n<meta property=\"og:url\" content=\"https:\/\/www.africa-press.net\/cameroun\/economie\/le-cameroun-abrite-la-7eme-conference-annuelle-kaizen-africa\" \/>\n<meta property=\"og:site_name\" content=\"Cameroun\" \/>\n<meta property=\"article:published_time\" content=\"2022-10-04T19:12:19+00:00\" \/>\n<meta property=\"article:modified_time\" content=\"2022-10-04T21:01:51+00:00\" \/>\n<meta property=\"og:image\" content=\"https:\/\/static.africa-press.net\/cameroun\/sites\/57\/2022\/10\/img-633c9f10103c7.jpg\" \/>\n\t<meta property=\"og:image:width\" content=\"750\" \/>\n\t<meta property=\"og:image:height\" content=\"488\" \/>\n\t<meta property=\"og:image:type\" content=\"image\/jpeg\" \/>\n<meta name=\"author\" content=\"cfeditorfr\" \/>\n<meta name=\"twitter:card\" content=\"summary_large_image\" \/>\n<meta name=\"twitter:label1\" content=\"\u00c9crit par\" \/>\n\t<meta name=\"twitter:data1\" content=\"cfeditorfr\" \/>\n\t<meta name=\"twitter:label2\" content=\"Dur\u00e9e de lecture estim\u00e9e\" \/>\n\t<meta name=\"twitter:data2\" content=\"2 minutes\" \/>\n<script type=\"application\/ld+json\" class=\"yoast-schema-graph\">{\"@context\":\"https:\/\/schema.org\",\"@graph\":[{\"@type\":\"Article\",\"@id\":\"https:\/\/www.africa-press.net\/cameroun\/economie\/le-cameroun-abrite-la-7eme-conference-annuelle-kaizen-africa#article\",\"isPartOf\":{\"@id\":\"https:\/\/www.africa-press.net\/cameroun\/economie\/le-cameroun-abrite-la-7eme-conference-annuelle-kaizen-africa\"},\"author\":{\"name\":\"cfeditorfr\",\"@id\":\"https:\/\/www.africa-press.net\/cameroun\/#\/schema\/person\/2b1cf3cd81a31e3cd26889ca66d677f1\"},\"headline\":\"Le Cameroun abrite la 7\u00e8me Conf\u00e9rence Annuelle Kaizen Africa\",\"datePublished\":\"2022-10-04T19:12:19+00:00\",\"dateModified\":\"2022-10-04T21:01:51+00:00\",\"mainEntityOfPage\":{\"@id\":\"https:\/\/www.africa-press.net\/cameroun\/economie\/le-cameroun-abrite-la-7eme-conference-annuelle-kaizen-africa\"},\"wordCount\":312,\"commentCount\":0,\"image\":{\"@id\":\"https:\/\/www.africa-press.net\/cameroun\/economie\/le-cameroun-abrite-la-7eme-conference-annuelle-kaizen-africa#primaryimage\"},\"thumbnailUrl\":\"https:\/\/static.africa-press.net\/cameroun\/sites\/57\/2022\/10\/img-633c9f10103c7.jpg\",\"keywords\":[\"Africa Press\",\"Africa Press-Cameroun\",\"Cameroun\"],\"articleSection\":[\"\u00c9conomie\",\"Toutes les actualit\u00e9s\"],\"inLanguage\":\"fr-FR\",\"potentialAction\":[{\"@type\":\"CommentAction\",\"name\":\"Comment\",\"target\":[\"https:\/\/www.africa-press.net\/cameroun\/economie\/le-cameroun-abrite-la-7eme-conference-annuelle-kaizen-africa#respond\"]}]},{\"@type\":\"WebPage\",\"@id\":\"https:\/\/www.africa-press.net\/cameroun\/economie\/le-cameroun-abrite-la-7eme-conference-annuelle-kaizen-africa\",\"url\":\"https:\/\/www.africa-press.net\/cameroun\/economie\/le-cameroun-abrite-la-7eme-conference-annuelle-kaizen-africa\",\"name\":\"Le Cameroun abrite la 7\u00e8me Conf\u00e9rence Annuelle Kaizen Africa - Cameroun\",\"isPartOf\":{\"@id\":\"https:\/\/www.africa-press.net\/cameroun\/#website\"},\"primaryImageOfPage\":{\"@id\":\"https:\/\/www.africa-press.net\/cameroun\/economie\/le-cameroun-abrite-la-7eme-conference-annuelle-kaizen-africa#primaryimage\"},\"image\":{\"@id\":\"https:\/\/www.africa-press.net\/cameroun\/economie\/le-cameroun-abrite-la-7eme-conference-annuelle-kaizen-africa#primaryimage\"},\"thumbnailUrl\":\"https:\/\/static.africa-press.net\/cameroun\/sites\/57\/2022\/10\/img-633c9f10103c7.jpg\",\"datePublished\":\"2022-10-04T19:12:19+00:00\",\"dateModified\":\"2022-10-04T21:01:51+00:00\",\"author\":{\"@id\":\"https:\/\/www.africa-press.net\/cameroun\/#\/schema\/person\/2b1cf3cd81a31e3cd26889ca66d677f1\"},\"description\":\"L\u2019e\u0301ve\u0300nement se tient les 04 et 05 octobre 2022 a\u0300 l\u2019ho\u0302tel Hilton de Yaounde\u0301. La 7e\u0300me e\u0301dition de la Confe\u0301renc ...\",\"breadcrumb\":{\"@id\":\"https:\/\/www.africa-press.net\/cameroun\/economie\/le-cameroun-abrite-la-7eme-conference-annuelle-kaizen-africa#breadcrumb\"},\"inLanguage\":\"fr-FR\",\"potentialAction\":[{\"@type\":\"ReadAction\",\"target\":[\"https:\/\/www.africa-press.net\/cameroun\/economie\/le-cameroun-abrite-la-7eme-conference-annuelle-kaizen-africa\"]}]},{\"@type\":\"ImageObject\",\"inLanguage\":\"fr-FR\",\"@id\":\"https:\/\/www.africa-press.net\/cameroun\/economie\/le-cameroun-abrite-la-7eme-conference-annuelle-kaizen-africa#primaryimage\",\"url\":\"https:\/\/static.africa-press.net\/cameroun\/sites\/57\/2022\/10\/img-633c9f10103c7.jpg\",\"contentUrl\":\"https:\/\/static.africa-press.net\/cameroun\/sites\/57\/2022\/10\/img-633c9f10103c7.jpg\",\"width\":750,\"height\":488,\"caption\":\"Le Cameroun abrite la 7\u00e8me Conf\u00e9rence Annuelle Kaizen Africa\"},{\"@type\":\"BreadcrumbList\",\"@id\":\"https:\/\/www.africa-press.net\/cameroun\/economie\/le-cameroun-abrite-la-7eme-conference-annuelle-kaizen-africa#breadcrumb\",\"itemListElement\":[{\"@type\":\"ListItem\",\"position\":1,\"name\":\"Accueil\",\"item\":\"https:\/\/www.africa-press.net\/cameroun\/\"},{\"@type\":\"ListItem\",\"position\":2,\"name\":\"Le Cameroun abrite la 7\u00e8me Conf\u00e9rence Annuelle Kaizen Africa\"}]},{\"@type\":\"WebSite\",\"@id\":\"https:\/\/www.africa-press.net\/cameroun\/#website\",\"url\":\"https:\/\/www.africa-press.net\/cameroun\/\",\"name\":\"Cameroun\",\"description\":\"Just another Africa News Agency Sites site\",\"potentialAction\":[{\"@type\":\"SearchAction\",\"target\":{\"@type\":\"EntryPoint\",\"urlTemplate\":\"https:\/\/www.africa-press.net\/cameroun\/?s={search_term_string}\"},\"query-input\":{\"@type\":\"PropertyValueSpecification\",\"valueRequired\":true,\"valueName\":\"search_term_string\"}}],\"inLanguage\":\"fr-FR\"},{\"@type\":\"Person\",\"@id\":\"https:\/\/www.africa-press.net\/cameroun\/#\/schema\/person\/2b1cf3cd81a31e3cd26889ca66d677f1\",\"name\":\"cfeditorfr\"}]}<\/script>\n<!-- \/ Yoast SEO Premium plugin. -->","yoast_head_json":{"title":"Le Cameroun abrite la 7\u00e8me Conf\u00e9rence Annuelle Kaizen Africa - Cameroun","description":"L\u2019e\u0301ve\u0300nement se tient les 04 et 05 octobre 2022 a\u0300 l\u2019ho\u0302tel Hilton de Yaounde\u0301. La 7e\u0300me e\u0301dition de la Confe\u0301renc ...","robots":{"index":"index","follow":"follow","max-snippet":"max-snippet:-1","max-image-preview":"max-image-preview:large","max-video-preview":"max-video-preview:-1"},"canonical":"https:\/\/www.africa-press.net\/cameroun\/economie\/le-cameroun-abrite-la-7eme-conference-annuelle-kaizen-africa","og_locale":"fr_FR","og_type":"article","og_title":"Le Cameroun abrite la 7\u00e8me Conf\u00e9rence Annuelle Kaizen Africa","og_description":"L\u2019e\u0301ve\u0300nement se tient les 04 et 05 octobre 2022 a\u0300 l\u2019ho\u0302tel Hilton de Yaounde\u0301. La 7e\u0300me e\u0301dition de la Confe\u0301renc ...","og_url":"https:\/\/www.africa-press.net\/cameroun\/economie\/le-cameroun-abrite-la-7eme-conference-annuelle-kaizen-africa","og_site_name":"Cameroun","article_published_time":"2022-10-04T19:12:19+00:00","article_modified_time":"2022-10-04T21:01:51+00:00","og_image":[{"width":750,"height":488,"url":"https:\/\/static.africa-press.net\/cameroun\/sites\/57\/2022\/10\/img-633c9f10103c7.jpg","type":"image\/jpeg"}],"author":"cfeditorfr","twitter_card":"summary_large_image","twitter_misc":{"\u00c9crit par":"cfeditorfr","Dur\u00e9e de lecture estim\u00e9e":"2 minutes"},"schema":{"@context":"https:\/\/schema.org","@graph":[{"@type":"Article","@id":"https:\/\/www.africa-press.net\/cameroun\/economie\/le-cameroun-abrite-la-7eme-conference-annuelle-kaizen-africa#article","isPartOf":{"@id":"https:\/\/www.africa-press.net\/cameroun\/economie\/le-cameroun-abrite-la-7eme-conference-annuelle-kaizen-africa"},"author":{"name":"cfeditorfr","@id":"https:\/\/www.africa-press.net\/cameroun\/#\/schema\/person\/2b1cf3cd81a31e3cd26889ca66d677f1"},"headline":"Le Cameroun abrite la 7\u00e8me Conf\u00e9rence Annuelle Kaizen Africa","datePublished":"2022-10-04T19:12:19+00:00","dateModified":"2022-10-04T21:01:51+00:00","mainEntityOfPage":{"@id":"https:\/\/www.africa-press.net\/cameroun\/economie\/le-cameroun-abrite-la-7eme-conference-annuelle-kaizen-africa"},"wordCount":312,"commentCount":0,"image":{"@id":"https:\/\/www.africa-press.net\/cameroun\/economie\/le-cameroun-abrite-la-7eme-conference-annuelle-kaizen-africa#primaryimage"},"thumbnailUrl":"https:\/\/static.africa-press.net\/cameroun\/sites\/57\/2022\/10\/img-633c9f10103c7.jpg","keywords":["Africa Press","Africa Press-Cameroun","Cameroun"],"articleSection":["\u00c9conomie","Toutes les actualit\u00e9s"],"inLanguage":"fr-FR","potentialAction":[{"@type":"CommentAction","name":"Comment","target":["https:\/\/www.africa-press.net\/cameroun\/economie\/le-cameroun-abrite-la-7eme-conference-annuelle-kaizen-africa#respond"]}]},{"@type":"WebPage","@id":"https:\/\/www.africa-press.net\/cameroun\/economie\/le-cameroun-abrite-la-7eme-conference-annuelle-kaizen-africa","url":"https:\/\/www.africa-press.net\/cameroun\/economie\/le-cameroun-abrite-la-7eme-conference-annuelle-kaizen-africa","name":"Le Cameroun abrite la 7\u00e8me Conf\u00e9rence Annuelle Kaizen Africa - Cameroun","isPartOf":{"@id":"https:\/\/www.africa-press.net\/cameroun\/#website"},"primaryImageOfPage":{"@id":"https:\/\/www.africa-press.net\/cameroun\/economie\/le-cameroun-abrite-la-7eme-conference-annuelle-kaizen-africa#primaryimage"},"image":{"@id":"https:\/\/www.africa-press.net\/cameroun\/economie\/le-cameroun-abrite-la-7eme-conference-annuelle-kaizen-africa#primaryimage"},"thumbnailUrl":"https:\/\/static.africa-press.net\/cameroun\/sites\/57\/2022\/10\/img-633c9f10103c7.jpg","datePublished":"2022-10-04T19:12:19+00:00","dateModified":"2022-10-04T21:01:51+00:00","author":{"@id":"https:\/\/www.africa-press.net\/cameroun\/#\/schema\/person\/2b1cf3cd81a31e3cd26889ca66d677f1"},"description":"L\u2019e\u0301ve\u0300nement se tient les 04 et 05 octobre 2022 a\u0300 l\u2019ho\u0302tel Hilton de Yaounde\u0301. La 7e\u0300me e\u0301dition de la Confe\u0301renc ...","breadcrumb":{"@id":"https:\/\/www.africa-press.net\/cameroun\/economie\/le-cameroun-abrite-la-7eme-conference-annuelle-kaizen-africa#breadcrumb"},"inLanguage":"fr-FR","potentialAction":[{"@type":"ReadAction","target":["https:\/\/www.africa-press.net\/cameroun\/economie\/le-cameroun-abrite-la-7eme-conference-annuelle-kaizen-africa"]}]},{"@type":"ImageObject","inLanguage":"fr-FR","@id":"https:\/\/www.africa-press.net\/cameroun\/economie\/le-cameroun-abrite-la-7eme-conference-annuelle-kaizen-africa#primaryimage","url":"https:\/\/static.africa-press.net\/cameroun\/sites\/57\/2022\/10\/img-633c9f10103c7.jpg","contentUrl":"https:\/\/static.africa-press.net\/cameroun\/sites\/57\/2022\/10\/img-633c9f10103c7.jpg","width":750,"height":488,"caption":"Le Cameroun abrite la 7\u00e8me Conf\u00e9rence Annuelle Kaizen Africa"},{"@type":"BreadcrumbList","@id":"https:\/\/www.africa-press.net\/cameroun\/economie\/le-cameroun-abrite-la-7eme-conference-annuelle-kaizen-africa#breadcrumb","itemListElement":[{"@type":"ListItem","position":1,"name":"Accueil","item":"https:\/\/www.africa-press.net\/cameroun\/"},{"@type":"ListItem","position":2,"name":"Le Cameroun abrite la 7\u00e8me Conf\u00e9rence Annuelle Kaizen Africa"}]},{"@type":"WebSite","@id":"https:\/\/www.africa-press.net\/cameroun\/#website","url":"https:\/\/www.africa-press.net\/cameroun\/","name":"Cameroun","description":"Just another Africa News Agency Sites site","potentialAction":[{"@type":"SearchAction","target":{"@type":"EntryPoint","urlTemplate":"https:\/\/www.africa-press.net\/cameroun\/?s={search_term_string}"},"query-input":{"@type":"PropertyValueSpecification","valueRequired":true,"valueName":"search_term_string"}}],"inLanguage":"fr-FR"},{"@type":"Person","@id":"https:\/\/www.africa-press.net\/cameroun\/#\/schema\/person\/2b1cf3cd81a31e3cd26889ca66d677f1","name":"cfeditorfr"}]}},"_links":{"self":[{"href":"https:\/\/www.africa-press.net\/cameroun\/wp-json\/wp\/v2\/posts\/28729","targetHints":{"allow":["GET"]}}],"collection":[{"href":"https:\/\/www.africa-press.net\/cameroun\/wp-json\/wp\/v2\/posts"}],"about":[{"href":"https:\/\/www.africa-press.net\/cameroun\/wp-json\/wp\/v2\/types\/post"}],"author":[{"embeddable":true,"href":"https:\/\/www.africa-press.net\/cameroun\/wp-json\/wp\/v2\/users\/82"}],"replies":[{"embeddable":true,"href":"https:\/\/www.africa-press.net\/cameroun\/wp-json\/wp\/v2\/comments?post=28729"}],"version-history":[{"count":0,"href":"https:\/\/www.africa-press.net\/cameroun\/wp-json\/wp\/v2\/posts\/28729\/revisions"}],"wp:featuredmedia":[{"embeddable":true,"href":"https:\/\/www.africa-press.net\/cameroun\/wp-json\/wp\/v2\/media\/28728"}],"wp:attachment":[{"href":"https:\/\/www.africa-press.net\/cameroun\/wp-json\/wp\/v2\/media?parent=28729"}],"wp:term":[{"taxonomy":"category","embeddable":true,"href":"https:\/\/www.africa-press.net\/cameroun\/wp-json\/wp\/v2\/categories?post=28729"},{"taxonomy":"post_tag","embeddable":true,"href":"https:\/\/www.africa-press.net\/cameroun\/wp-json\/wp\/v2\/tags?post=28729"}],"curies":[{"name":"wp","href":"https:\/\/api.w.org\/{rel}","templated":true}]}}