{"id":2873,"date":"2021-04-30T19:34:50","date_gmt":"2021-04-30T19:34:50","guid":{"rendered":"https:\/\/www.africa-press.net\/cameroun\/politique\/cameroun-climat-securitaire-quatre-militaires-tues-dans-lattaque-dun-poste-de-securite-de-larmee-dans-larrondissement-de-galim-ouest"},"modified":"2021-04-30T21:17:02","modified_gmt":"2021-04-30T21:17:02","slug":"cameroun-climat-securitaire-quatre-militaires-tues-dans-lattaque-dun-poste-de-securite-de-larmee-dans-larrondissement-de-galim-ouest","status":"publish","type":"post","link":"https:\/\/www.africa-press.net\/cameroun\/toutes-les-actualites\/cameroun-climat-securitaire-quatre-militaires-tues-dans-lattaque-dun-poste-de-securite-de-larmee-dans-larrondissement-de-galim-ouest","title":{"rendered":"Cameroun\u00a0&#8211; Climat s\u00e9curitaire: Quatre militaires tu\u00e9s dans l\u2019attaque d\u2019un poste de s\u00e9curit\u00e9 de l\u2019arm\u00e9e dans l\u2019arrondissement de Galim (Ouest)"},"content":{"rendered":"<p><span style=\"color: #ff6600\"><strong><a href=\"https:\/\/www.africa-press.net\/\">Africa-Press<\/a> &#8211; <a href=\"https:\/\/www.africa-press.net\/cameroun\">Cameroun<\/a>. <\/strong><\/span>Selon des sources cr\u00e9dibles, c\u2019est dans la nuit du jeudi 29 avril \u00e0 ce vendredi 30 avril 2021, qu\u2019une cinquantaine d\u2019hommes arm\u00e9s ont lanc\u00e9 un assaut contre un poste de s\u00e9curit\u00e9 de l\u2019arm\u00e9e \u00e0 Menfoung, une localit\u00e9 de l\u2019arrondissement de Galim dans la R\u00e9gion de l\u2019Ouest.<\/p>\n<p>Les assaillants seraient partis de Bambalang, un village de la Commune de Ndop, dans la R\u00e9gion du Nord-Ouest en proie \u00e0 une guerre d\u2019ind\u00e9pendance. Ils ont tir\u00e9 des coups de feu en rafale avant de fondre dans la nature.<\/p>\n<p><b>\u00abSelon les informations que nous avons re\u00e7ues, ces hommes \u00e9taient en bande bien organis\u00e9e. Au bout du compte, nous avons perdu quatre militaires et un bless\u00e9 grave\u00bb, <\/b>a indiqu\u00e9 le Pr\u00e9fet du d\u00e9partement des Bamboutos, Fran\u00e7ois Etapa, \u00e0 l\u2019issue d\u2019une r\u00e9union de crise tenue en fin de matin\u00e9e ce vendredi 30 avril, avec les autorit\u00e9s traditionnelles et administratives de l\u2019arrondissement de Galim.<\/p>\n<p><b>\u00abJe voudrais regretter cet incident malheureux qui une fois encore endeuille des familles. Je ne peux pas vous dire ce que nous allons faire pour l\u2019avenir, mais, je vais vous dire que l\u2019Etat ne laissera pas les populations en d\u00e9tresse. Les forces de l\u2019ordre sont en ce moment en train de ratisser tout ce village et des actions fortes sont en train d\u2019\u00eatre men\u00e9es\u00bb, <\/b>a conclu le Chef de terre.<\/p>\n<p><b>Ci-dessous, Vid\u00e9o R\u00e9action du Pr\u00e9fet Fran\u00e7ois Etapa<\/b><\/p>\n","protected":false},"excerpt":{"rendered":"<p>Africa-Press &#8211; Cameroun. Selon des sources cr\u00e9dibles, c\u2019est dans la nuit du jeudi 29 avril \u00e0 ce vendredi 30 avril 2021, qu\u2019une cinquantaine d\u2019hommes arm\u00e9s ont lanc\u00e9 un assaut contre un poste de s\u00e9curit\u00e9 de l\u2019arm\u00e9e \u00e0 Menfoung, une localit\u00e9 de l\u2019arrondissement de Galim dans la R\u00e9gion de l\u2019Ouest. Les assaillants seraient partis de Bambalang, [&hellip;]<\/p>\n","protected":false},"author":82,"featured_media":2872,"comment_status":"open","ping_status":"closed","sticky":false,"template":"","format":"standard","meta":{"footnotes":""},"categories":[21,11,10],"tags":[36,50,49],"class_list":["post-2873","post","type-post","status-publish","format-standard","has-post-thumbnail","hentry","category-communaute","category-homepage-french","category-toutes-les-actualites","tag-africa-press","tag-africa-press-cameroun","tag-cameroun"],"yoast_head":"<!-- This site is optimized with the Yoast SEO Premium plugin v26.1 (Yoast SEO v27.0) - https:\/\/yoast.com\/product\/yoast-seo-premium-wordpress\/ -->\n<title>Cameroun\u00a0- Climat s\u00e9curitaire: Quatre militaires tu\u00e9s dans l\u2019attaque d\u2019un poste de s\u00e9curit\u00e9 de l\u2019arm\u00e9e dans l\u2019arrondissement de Galim (Ouest) - Cameroun<\/title>\n<meta name=\"description\" content=\"Selon des sources cr\u00e9dibles, c\u2019est dans la nuit du jeudi 29 avril \u00e0 ce vendredi 30 avril 2021, qu\u2019une cinquantaine d\u2019hom ...\" \/>\n<meta name=\"robots\" content=\"index, follow, max-snippet:-1, max-image-preview:large, max-video-preview:-1\" \/>\n<link rel=\"canonical\" href=\"https:\/\/www.africa-press.net\/cameroun\/toutes-les-actualites\/cameroun-climat-securitaire-quatre-militaires-tues-dans-lattaque-dun-poste-de-securite-de-larmee-dans-larrondissement-de-galim-ouest\" \/>\n<meta property=\"og:locale\" content=\"fr_FR\" \/>\n<meta property=\"og:type\" content=\"article\" \/>\n<meta property=\"og:title\" content=\"Cameroun\u00a0- Climat s\u00e9curitaire: Quatre militaires tu\u00e9s dans l\u2019attaque d\u2019un poste de s\u00e9curit\u00e9 de l\u2019arm\u00e9e dans l\u2019arrondissement de Galim (Ouest)\" \/>\n<meta property=\"og:description\" content=\"Selon des sources cr\u00e9dibles, c\u2019est dans la nuit du jeudi 29 avril \u00e0 ce vendredi 30 avril 2021, qu\u2019une cinquantaine d\u2019hom ...\" \/>\n<meta property=\"og:url\" content=\"https:\/\/www.africa-press.net\/cameroun\/toutes-les-actualites\/cameroun-climat-securitaire-quatre-militaires-tues-dans-lattaque-dun-poste-de-securite-de-larmee-dans-larrondissement-de-galim-ouest\" \/>\n<meta property=\"og:site_name\" content=\"Cameroun\" \/>\n<meta property=\"article:published_time\" content=\"2021-04-30T19:34:50+00:00\" \/>\n<meta property=\"article:modified_time\" content=\"2021-04-30T21:17:02+00:00\" \/>\n<meta property=\"og:image\" content=\"https:\/\/static.africa-press.net\/cameroun\/sites\/57\/2021\/04\/img-608c730320c83.jpg\" \/>\n\t<meta property=\"og:image:width\" content=\"800\" \/>\n\t<meta property=\"og:image:height\" content=\"720\" \/>\n\t<meta property=\"og:image:type\" content=\"image\/jpeg\" \/>\n<meta name=\"author\" content=\"cfeditorfr\" \/>\n<meta name=\"twitter:card\" content=\"summary_large_image\" \/>\n<meta name=\"twitter:label1\" content=\"\u00c9crit par\" \/>\n\t<meta name=\"twitter:data1\" content=\"cfeditorfr\" \/>\n\t<meta name=\"twitter:label2\" content=\"Dur\u00e9e de lecture estim\u00e9e\" \/>\n\t<meta name=\"twitter:data2\" content=\"1 minute\" \/>\n<script type=\"application\/ld+json\" class=\"yoast-schema-graph\">{\"@context\":\"https:\/\/schema.org\",\"@graph\":[{\"@type\":\"Article\",\"@id\":\"https:\/\/www.africa-press.net\/cameroun\/toutes-les-actualites\/cameroun-climat-securitaire-quatre-militaires-tues-dans-lattaque-dun-poste-de-securite-de-larmee-dans-larrondissement-de-galim-ouest#article\",\"isPartOf\":{\"@id\":\"https:\/\/www.africa-press.net\/cameroun\/toutes-les-actualites\/cameroun-climat-securitaire-quatre-militaires-tues-dans-lattaque-dun-poste-de-securite-de-larmee-dans-larrondissement-de-galim-ouest\"},\"author\":{\"name\":\"cfeditorfr\",\"@id\":\"https:\/\/www.africa-press.net\/cameroun\/#\/schema\/person\/2b1cf3cd81a31e3cd26889ca66d677f1\"},\"headline\":\"Cameroun\u00a0&#8211; Climat s\u00e9curitaire: Quatre militaires tu\u00e9s dans l\u2019attaque d\u2019un poste de s\u00e9curit\u00e9 de l\u2019arm\u00e9e dans l\u2019arrondissement de Galim (Ouest)\",\"datePublished\":\"2021-04-30T19:34:50+00:00\",\"dateModified\":\"2021-04-30T21:17:02+00:00\",\"mainEntityOfPage\":{\"@id\":\"https:\/\/www.africa-press.net\/cameroun\/toutes-les-actualites\/cameroun-climat-securitaire-quatre-militaires-tues-dans-lattaque-dun-poste-de-securite-de-larmee-dans-larrondissement-de-galim-ouest\"},\"wordCount\":282,\"commentCount\":0,\"image\":{\"@id\":\"https:\/\/www.africa-press.net\/cameroun\/toutes-les-actualites\/cameroun-climat-securitaire-quatre-militaires-tues-dans-lattaque-dun-poste-de-securite-de-larmee-dans-larrondissement-de-galim-ouest#primaryimage\"},\"thumbnailUrl\":\"https:\/\/static.africa-press.net\/cameroun\/sites\/57\/2021\/04\/img-608c730320c83.jpg\",\"keywords\":[\"Africa Press\",\"Africa Press-Cameroun\",\"Cameroun\"],\"articleSection\":[\"Communaut\u00e9\",\"homepage-french\",\"Toutes les actualit\u00e9s\"],\"inLanguage\":\"fr-FR\",\"potentialAction\":[{\"@type\":\"CommentAction\",\"name\":\"Comment\",\"target\":[\"https:\/\/www.africa-press.net\/cameroun\/toutes-les-actualites\/cameroun-climat-securitaire-quatre-militaires-tues-dans-lattaque-dun-poste-de-securite-de-larmee-dans-larrondissement-de-galim-ouest#respond\"]}]},{\"@type\":\"WebPage\",\"@id\":\"https:\/\/www.africa-press.net\/cameroun\/toutes-les-actualites\/cameroun-climat-securitaire-quatre-militaires-tues-dans-lattaque-dun-poste-de-securite-de-larmee-dans-larrondissement-de-galim-ouest\",\"url\":\"https:\/\/www.africa-press.net\/cameroun\/toutes-les-actualites\/cameroun-climat-securitaire-quatre-militaires-tues-dans-lattaque-dun-poste-de-securite-de-larmee-dans-larrondissement-de-galim-ouest\",\"name\":\"Cameroun\u00a0- Climat s\u00e9curitaire: Quatre militaires tu\u00e9s dans l\u2019attaque d\u2019un poste de s\u00e9curit\u00e9 de l\u2019arm\u00e9e dans l\u2019arrondissement de Galim (Ouest) - Cameroun\",\"isPartOf\":{\"@id\":\"https:\/\/www.africa-press.net\/cameroun\/#website\"},\"primaryImageOfPage\":{\"@id\":\"https:\/\/www.africa-press.net\/cameroun\/toutes-les-actualites\/cameroun-climat-securitaire-quatre-militaires-tues-dans-lattaque-dun-poste-de-securite-de-larmee-dans-larrondissement-de-galim-ouest#primaryimage\"},\"image\":{\"@id\":\"https:\/\/www.africa-press.net\/cameroun\/toutes-les-actualites\/cameroun-climat-securitaire-quatre-militaires-tues-dans-lattaque-dun-poste-de-securite-de-larmee-dans-larrondissement-de-galim-ouest#primaryimage\"},\"thumbnailUrl\":\"https:\/\/static.africa-press.net\/cameroun\/sites\/57\/2021\/04\/img-608c730320c83.jpg\",\"datePublished\":\"2021-04-30T19:34:50+00:00\",\"dateModified\":\"2021-04-30T21:17:02+00:00\",\"author\":{\"@id\":\"https:\/\/www.africa-press.net\/cameroun\/#\/schema\/person\/2b1cf3cd81a31e3cd26889ca66d677f1\"},\"description\":\"Selon des sources cr\u00e9dibles, c\u2019est dans la nuit du jeudi 29 avril \u00e0 ce vendredi 30 avril 2021, qu\u2019une cinquantaine d\u2019hom ...\",\"breadcrumb\":{\"@id\":\"https:\/\/www.africa-press.net\/cameroun\/toutes-les-actualites\/cameroun-climat-securitaire-quatre-militaires-tues-dans-lattaque-dun-poste-de-securite-de-larmee-dans-larrondissement-de-galim-ouest#breadcrumb\"},\"inLanguage\":\"fr-FR\",\"potentialAction\":[{\"@type\":\"ReadAction\",\"target\":[\"https:\/\/www.africa-press.net\/cameroun\/toutes-les-actualites\/cameroun-climat-securitaire-quatre-militaires-tues-dans-lattaque-dun-poste-de-securite-de-larmee-dans-larrondissement-de-galim-ouest\"]}]},{\"@type\":\"ImageObject\",\"inLanguage\":\"fr-FR\",\"@id\":\"https:\/\/www.africa-press.net\/cameroun\/toutes-les-actualites\/cameroun-climat-securitaire-quatre-militaires-tues-dans-lattaque-dun-poste-de-securite-de-larmee-dans-larrondissement-de-galim-ouest#primaryimage\",\"url\":\"https:\/\/static.africa-press.net\/cameroun\/sites\/57\/2021\/04\/img-608c730320c83.jpg\",\"contentUrl\":\"https:\/\/static.africa-press.net\/cameroun\/sites\/57\/2021\/04\/img-608c730320c83.jpg\",\"width\":800,\"height\":720,\"caption\":\"Cameroun\u00a0- Climat s\u00e9curitaire: Quatre militaires tu\u00e9s dans l\u2019attaque d\u2019un poste de s\u00e9curit\u00e9 de l\u2019arm\u00e9e dans l\u2019arrondissement de Galim (Ouest)\"},{\"@type\":\"BreadcrumbList\",\"@id\":\"https:\/\/www.africa-press.net\/cameroun\/toutes-les-actualites\/cameroun-climat-securitaire-quatre-militaires-tues-dans-lattaque-dun-poste-de-securite-de-larmee-dans-larrondissement-de-galim-ouest#breadcrumb\",\"itemListElement\":[{\"@type\":\"ListItem\",\"position\":1,\"name\":\"Accueil\",\"item\":\"https:\/\/www.africa-press.net\/cameroun\/\"},{\"@type\":\"ListItem\",\"position\":2,\"name\":\"Cameroun\u00a0&#8211; Climat s\u00e9curitaire: Quatre militaires tu\u00e9s dans l\u2019attaque d\u2019un poste de s\u00e9curit\u00e9 de l\u2019arm\u00e9e dans l\u2019arrondissement de Galim (Ouest)\"}]},{\"@type\":\"WebSite\",\"@id\":\"https:\/\/www.africa-press.net\/cameroun\/#website\",\"url\":\"https:\/\/www.africa-press.net\/cameroun\/\",\"name\":\"Cameroun\",\"description\":\"Just another Africa News Agency Sites site\",\"potentialAction\":[{\"@type\":\"SearchAction\",\"target\":{\"@type\":\"EntryPoint\",\"urlTemplate\":\"https:\/\/www.africa-press.net\/cameroun\/?s={search_term_string}\"},\"query-input\":{\"@type\":\"PropertyValueSpecification\",\"valueRequired\":true,\"valueName\":\"search_term_string\"}}],\"inLanguage\":\"fr-FR\"},{\"@type\":\"Person\",\"@id\":\"https:\/\/www.africa-press.net\/cameroun\/#\/schema\/person\/2b1cf3cd81a31e3cd26889ca66d677f1\",\"name\":\"cfeditorfr\"}]}<\/script>\n<!-- \/ Yoast SEO Premium plugin. -->","yoast_head_json":{"title":"Cameroun\u00a0- Climat s\u00e9curitaire: Quatre militaires tu\u00e9s dans l\u2019attaque d\u2019un poste de s\u00e9curit\u00e9 de l\u2019arm\u00e9e dans l\u2019arrondissement de Galim (Ouest) - Cameroun","description":"Selon des sources cr\u00e9dibles, c\u2019est dans la nuit du jeudi 29 avril \u00e0 ce vendredi 30 avril 2021, qu\u2019une cinquantaine d\u2019hom ...","robots":{"index":"index","follow":"follow","max-snippet":"max-snippet:-1","max-image-preview":"max-image-preview:large","max-video-preview":"max-video-preview:-1"},"canonical":"https:\/\/www.africa-press.net\/cameroun\/toutes-les-actualites\/cameroun-climat-securitaire-quatre-militaires-tues-dans-lattaque-dun-poste-de-securite-de-larmee-dans-larrondissement-de-galim-ouest","og_locale":"fr_FR","og_type":"article","og_title":"Cameroun\u00a0- Climat s\u00e9curitaire: Quatre militaires tu\u00e9s dans l\u2019attaque d\u2019un poste de s\u00e9curit\u00e9 de l\u2019arm\u00e9e dans l\u2019arrondissement de Galim (Ouest)","og_description":"Selon des sources cr\u00e9dibles, c\u2019est dans la nuit du jeudi 29 avril \u00e0 ce vendredi 30 avril 2021, qu\u2019une cinquantaine d\u2019hom ...","og_url":"https:\/\/www.africa-press.net\/cameroun\/toutes-les-actualites\/cameroun-climat-securitaire-quatre-militaires-tues-dans-lattaque-dun-poste-de-securite-de-larmee-dans-larrondissement-de-galim-ouest","og_site_name":"Cameroun","article_published_time":"2021-04-30T19:34:50+00:00","article_modified_time":"2021-04-30T21:17:02+00:00","og_image":[{"width":800,"height":720,"url":"https:\/\/static.africa-press.net\/cameroun\/sites\/57\/2021\/04\/img-608c730320c83.jpg","type":"image\/jpeg"}],"author":"cfeditorfr","twitter_card":"summary_large_image","twitter_misc":{"\u00c9crit par":"cfeditorfr","Dur\u00e9e de lecture estim\u00e9e":"1 minute"},"schema":{"@context":"https:\/\/schema.org","@graph":[{"@type":"Article","@id":"https:\/\/www.africa-press.net\/cameroun\/toutes-les-actualites\/cameroun-climat-securitaire-quatre-militaires-tues-dans-lattaque-dun-poste-de-securite-de-larmee-dans-larrondissement-de-galim-ouest#article","isPartOf":{"@id":"https:\/\/www.africa-press.net\/cameroun\/toutes-les-actualites\/cameroun-climat-securitaire-quatre-militaires-tues-dans-lattaque-dun-poste-de-securite-de-larmee-dans-larrondissement-de-galim-ouest"},"author":{"name":"cfeditorfr","@id":"https:\/\/www.africa-press.net\/cameroun\/#\/schema\/person\/2b1cf3cd81a31e3cd26889ca66d677f1"},"headline":"Cameroun\u00a0&#8211; Climat s\u00e9curitaire: Quatre militaires tu\u00e9s dans l\u2019attaque d\u2019un poste de s\u00e9curit\u00e9 de l\u2019arm\u00e9e dans l\u2019arrondissement de Galim (Ouest)","datePublished":"2021-04-30T19:34:50+00:00","dateModified":"2021-04-30T21:17:02+00:00","mainEntityOfPage":{"@id":"https:\/\/www.africa-press.net\/cameroun\/toutes-les-actualites\/cameroun-climat-securitaire-quatre-militaires-tues-dans-lattaque-dun-poste-de-securite-de-larmee-dans-larrondissement-de-galim-ouest"},"wordCount":282,"commentCount":0,"image":{"@id":"https:\/\/www.africa-press.net\/cameroun\/toutes-les-actualites\/cameroun-climat-securitaire-quatre-militaires-tues-dans-lattaque-dun-poste-de-securite-de-larmee-dans-larrondissement-de-galim-ouest#primaryimage"},"thumbnailUrl":"https:\/\/static.africa-press.net\/cameroun\/sites\/57\/2021\/04\/img-608c730320c83.jpg","keywords":["Africa Press","Africa Press-Cameroun","Cameroun"],"articleSection":["Communaut\u00e9","homepage-french","Toutes les actualit\u00e9s"],"inLanguage":"fr-FR","potentialAction":[{"@type":"CommentAction","name":"Comment","target":["https:\/\/www.africa-press.net\/cameroun\/toutes-les-actualites\/cameroun-climat-securitaire-quatre-militaires-tues-dans-lattaque-dun-poste-de-securite-de-larmee-dans-larrondissement-de-galim-ouest#respond"]}]},{"@type":"WebPage","@id":"https:\/\/www.africa-press.net\/cameroun\/toutes-les-actualites\/cameroun-climat-securitaire-quatre-militaires-tues-dans-lattaque-dun-poste-de-securite-de-larmee-dans-larrondissement-de-galim-ouest","url":"https:\/\/www.africa-press.net\/cameroun\/toutes-les-actualites\/cameroun-climat-securitaire-quatre-militaires-tues-dans-lattaque-dun-poste-de-securite-de-larmee-dans-larrondissement-de-galim-ouest","name":"Cameroun\u00a0- Climat s\u00e9curitaire: Quatre militaires tu\u00e9s dans l\u2019attaque d\u2019un poste de s\u00e9curit\u00e9 de l\u2019arm\u00e9e dans l\u2019arrondissement de Galim (Ouest) - Cameroun","isPartOf":{"@id":"https:\/\/www.africa-press.net\/cameroun\/#website"},"primaryImageOfPage":{"@id":"https:\/\/www.africa-press.net\/cameroun\/toutes-les-actualites\/cameroun-climat-securitaire-quatre-militaires-tues-dans-lattaque-dun-poste-de-securite-de-larmee-dans-larrondissement-de-galim-ouest#primaryimage"},"image":{"@id":"https:\/\/www.africa-press.net\/cameroun\/toutes-les-actualites\/cameroun-climat-securitaire-quatre-militaires-tues-dans-lattaque-dun-poste-de-securite-de-larmee-dans-larrondissement-de-galim-ouest#primaryimage"},"thumbnailUrl":"https:\/\/static.africa-press.net\/cameroun\/sites\/57\/2021\/04\/img-608c730320c83.jpg","datePublished":"2021-04-30T19:34:50+00:00","dateModified":"2021-04-30T21:17:02+00:00","author":{"@id":"https:\/\/www.africa-press.net\/cameroun\/#\/schema\/person\/2b1cf3cd81a31e3cd26889ca66d677f1"},"description":"Selon des sources cr\u00e9dibles, c\u2019est dans la nuit du jeudi 29 avril \u00e0 ce vendredi 30 avril 2021, qu\u2019une cinquantaine d\u2019hom ...","breadcrumb":{"@id":"https:\/\/www.africa-press.net\/cameroun\/toutes-les-actualites\/cameroun-climat-securitaire-quatre-militaires-tues-dans-lattaque-dun-poste-de-securite-de-larmee-dans-larrondissement-de-galim-ouest#breadcrumb"},"inLanguage":"fr-FR","potentialAction":[{"@type":"ReadAction","target":["https:\/\/www.africa-press.net\/cameroun\/toutes-les-actualites\/cameroun-climat-securitaire-quatre-militaires-tues-dans-lattaque-dun-poste-de-securite-de-larmee-dans-larrondissement-de-galim-ouest"]}]},{"@type":"ImageObject","inLanguage":"fr-FR","@id":"https:\/\/www.africa-press.net\/cameroun\/toutes-les-actualites\/cameroun-climat-securitaire-quatre-militaires-tues-dans-lattaque-dun-poste-de-securite-de-larmee-dans-larrondissement-de-galim-ouest#primaryimage","url":"https:\/\/static.africa-press.net\/cameroun\/sites\/57\/2021\/04\/img-608c730320c83.jpg","contentUrl":"https:\/\/static.africa-press.net\/cameroun\/sites\/57\/2021\/04\/img-608c730320c83.jpg","width":800,"height":720,"caption":"Cameroun\u00a0- Climat s\u00e9curitaire: Quatre militaires tu\u00e9s dans l\u2019attaque d\u2019un poste de s\u00e9curit\u00e9 de l\u2019arm\u00e9e dans l\u2019arrondissement de Galim (Ouest)"},{"@type":"BreadcrumbList","@id":"https:\/\/www.africa-press.net\/cameroun\/toutes-les-actualites\/cameroun-climat-securitaire-quatre-militaires-tues-dans-lattaque-dun-poste-de-securite-de-larmee-dans-larrondissement-de-galim-ouest#breadcrumb","itemListElement":[{"@type":"ListItem","position":1,"name":"Accueil","item":"https:\/\/www.africa-press.net\/cameroun\/"},{"@type":"ListItem","position":2,"name":"Cameroun\u00a0&#8211; Climat s\u00e9curitaire: Quatre militaires tu\u00e9s dans l\u2019attaque d\u2019un poste de s\u00e9curit\u00e9 de l\u2019arm\u00e9e dans l\u2019arrondissement de Galim (Ouest)"}]},{"@type":"WebSite","@id":"https:\/\/www.africa-press.net\/cameroun\/#website","url":"https:\/\/www.africa-press.net\/cameroun\/","name":"Cameroun","description":"Just another Africa News Agency Sites site","potentialAction":[{"@type":"SearchAction","target":{"@type":"EntryPoint","urlTemplate":"https:\/\/www.africa-press.net\/cameroun\/?s={search_term_string}"},"query-input":{"@type":"PropertyValueSpecification","valueRequired":true,"valueName":"search_term_string"}}],"inLanguage":"fr-FR"},{"@type":"Person","@id":"https:\/\/www.africa-press.net\/cameroun\/#\/schema\/person\/2b1cf3cd81a31e3cd26889ca66d677f1","name":"cfeditorfr"}]}},"_links":{"self":[{"href":"https:\/\/www.africa-press.net\/cameroun\/wp-json\/wp\/v2\/posts\/2873","targetHints":{"allow":["GET"]}}],"collection":[{"href":"https:\/\/www.africa-press.net\/cameroun\/wp-json\/wp\/v2\/posts"}],"about":[{"href":"https:\/\/www.africa-press.net\/cameroun\/wp-json\/wp\/v2\/types\/post"}],"author":[{"embeddable":true,"href":"https:\/\/www.africa-press.net\/cameroun\/wp-json\/wp\/v2\/users\/82"}],"replies":[{"embeddable":true,"href":"https:\/\/www.africa-press.net\/cameroun\/wp-json\/wp\/v2\/comments?post=2873"}],"version-history":[{"count":0,"href":"https:\/\/www.africa-press.net\/cameroun\/wp-json\/wp\/v2\/posts\/2873\/revisions"}],"wp:featuredmedia":[{"embeddable":true,"href":"https:\/\/www.africa-press.net\/cameroun\/wp-json\/wp\/v2\/media\/2872"}],"wp:attachment":[{"href":"https:\/\/www.africa-press.net\/cameroun\/wp-json\/wp\/v2\/media?parent=2873"}],"wp:term":[{"taxonomy":"category","embeddable":true,"href":"https:\/\/www.africa-press.net\/cameroun\/wp-json\/wp\/v2\/categories?post=2873"},{"taxonomy":"post_tag","embeddable":true,"href":"https:\/\/www.africa-press.net\/cameroun\/wp-json\/wp\/v2\/tags?post=2873"}],"curies":[{"name":"wp","href":"https:\/\/api.w.org\/{rel}","templated":true}]}}