{"id":28735,"date":"2022-10-04T19:31:44","date_gmt":"2022-10-04T19:31:44","guid":{"rendered":"https:\/\/www.africa-press.net\/cameroun\/politique\/cameroun-paul-biya-nomme-les-membres-du-conseil-dadministration-de-la-caa"},"modified":"2022-10-04T21:03:07","modified_gmt":"2022-10-04T21:03:07","slug":"cameroun-paul-biya-nomme-les-membres-du-conseil-dadministration-de-la-caa","status":"publish","type":"post","link":"https:\/\/www.africa-press.net\/cameroun\/politique\/cameroun-paul-biya-nomme-les-membres-du-conseil-dadministration-de-la-caa","title":{"rendered":"Cameroun : Paul Biya nomme les membres du conseil d\u2019administration de la CAA"},"content":{"rendered":"<p><span style=\"color: #ff6600\"><strong>Africa-Press &#8211; Cameroun. <\/strong><\/span><b>Le pre\u0301sident de la Re\u0301publique vient de proce\u0301der a\u0300 la nomination des personnalite\u0301s par un acte administratif signe\u0301 ce jour.<\/b><\/p>\n<p>Il s\u2019agit du <b>de\u0301cret N\u00b02022\/467 du 04 octobre 2022<\/b> portant nomination des membres du conseil d\u2019administration de la Caisse autonome d\u2019amortissement (Caa) pour un mandat de trois ans renouvelable une fois. Il s\u2019agit de pre\u0300s d\u2019une dizaine de personnalite\u0301s repre\u0301sentant diverses administrations. Voici le de\u0301cret pre\u0301sidentiel lu au journal de 17h au poste national de la Crtv ce 4 octobre 2022.<\/p>\n<p>NOMINATION CAA<\/p>\n<p>decret_n_2022_467_du_04.10.2022<\/p>\n<p><strong>Pour plus d&rsquo;informations et d&rsquo;analyses sur la <a href=\"https:\/\/www.africa-press.net\/cameroun\">Cameroun<\/a>, suivez <a href=\"https:\/\/www.africa-press.net\/\">Africa-Press<\/a><\/strong><\/p>\n","protected":false},"excerpt":{"rendered":"<p>Africa-Press &#8211; Cameroun. Le pre\u0301sident de la Re\u0301publique vient de proce\u0301der a\u0300 la nomination des personnalite\u0301s par un acte administratif signe\u0301 ce jour. Il s\u2019agit du de\u0301cret N\u00b02022\/467 du 04 octobre 2022 portant nomination des membres du conseil d\u2019administration de la Caisse autonome d\u2019amortissement (Caa) pour un mandat de trois ans renouvelable une fois. Il [&hellip;]<\/p>\n","protected":false},"author":82,"featured_media":28734,"comment_status":"open","ping_status":"closed","sticky":false,"template":"","format":"standard","meta":{"footnotes":""},"categories":[2,10],"tags":[36,50,49],"class_list":["post-28735","post","type-post","status-publish","format-standard","has-post-thumbnail","hentry","category-politique","category-toutes-les-actualites","tag-africa-press","tag-africa-press-cameroun","tag-cameroun"],"yoast_head":"<!-- This site is optimized with the Yoast SEO Premium plugin v26.1 (Yoast SEO v27.0) - https:\/\/yoast.com\/product\/yoast-seo-premium-wordpress\/ -->\n<title>Cameroun : Paul Biya nomme les membres du conseil d\u2019administration de la CAA - Cameroun<\/title>\n<meta name=\"description\" content=\"Le pre\u0301sident de la Re\u0301publique vient de proce\u0301der a\u0300 la nomination des personnalite\u0301s par un acte administratif sign ...\" \/>\n<meta name=\"robots\" content=\"index, follow, max-snippet:-1, max-image-preview:large, max-video-preview:-1\" \/>\n<link rel=\"canonical\" href=\"https:\/\/www.africa-press.net\/cameroun\/politique\/cameroun-paul-biya-nomme-les-membres-du-conseil-dadministration-de-la-caa\" \/>\n<meta property=\"og:locale\" content=\"fr_FR\" \/>\n<meta property=\"og:type\" content=\"article\" \/>\n<meta property=\"og:title\" content=\"Cameroun : Paul Biya nomme les membres du conseil d\u2019administration de la CAA\" \/>\n<meta property=\"og:description\" content=\"Le pre\u0301sident de la Re\u0301publique vient de proce\u0301der a\u0300 la nomination des personnalite\u0301s par un acte administratif sign ...\" \/>\n<meta property=\"og:url\" content=\"https:\/\/www.africa-press.net\/cameroun\/politique\/cameroun-paul-biya-nomme-les-membres-du-conseil-dadministration-de-la-caa\" \/>\n<meta property=\"og:site_name\" content=\"Cameroun\" \/>\n<meta property=\"article:published_time\" content=\"2022-10-04T19:31:44+00:00\" \/>\n<meta property=\"article:modified_time\" content=\"2022-10-04T21:03:07+00:00\" \/>\n<meta property=\"og:image\" content=\"https:\/\/static.africa-press.net\/cameroun\/sites\/57\/2022\/10\/img-633c9f6a5ba24.jpg\" \/>\n\t<meta property=\"og:image:width\" content=\"770\" \/>\n\t<meta property=\"og:image:height\" content=\"440\" \/>\n\t<meta property=\"og:image:type\" content=\"image\/jpeg\" \/>\n<meta name=\"author\" content=\"cfeditorfr\" \/>\n<meta name=\"twitter:card\" content=\"summary_large_image\" \/>\n<meta name=\"twitter:label1\" content=\"\u00c9crit par\" \/>\n\t<meta name=\"twitter:data1\" content=\"cfeditorfr\" \/>\n\t<meta name=\"twitter:label2\" content=\"Dur\u00e9e de lecture estim\u00e9e\" \/>\n\t<meta name=\"twitter:data2\" content=\"1 minute\" \/>\n<script type=\"application\/ld+json\" class=\"yoast-schema-graph\">{\"@context\":\"https:\/\/schema.org\",\"@graph\":[{\"@type\":\"Article\",\"@id\":\"https:\/\/www.africa-press.net\/cameroun\/politique\/cameroun-paul-biya-nomme-les-membres-du-conseil-dadministration-de-la-caa#article\",\"isPartOf\":{\"@id\":\"https:\/\/www.africa-press.net\/cameroun\/politique\/cameroun-paul-biya-nomme-les-membres-du-conseil-dadministration-de-la-caa\"},\"author\":{\"name\":\"cfeditorfr\",\"@id\":\"https:\/\/www.africa-press.net\/cameroun\/#\/schema\/person\/2b1cf3cd81a31e3cd26889ca66d677f1\"},\"headline\":\"Cameroun : Paul Biya nomme les membres du conseil d\u2019administration de la CAA\",\"datePublished\":\"2022-10-04T19:31:44+00:00\",\"dateModified\":\"2022-10-04T21:03:07+00:00\",\"mainEntityOfPage\":{\"@id\":\"https:\/\/www.africa-press.net\/cameroun\/politique\/cameroun-paul-biya-nomme-les-membres-du-conseil-dadministration-de-la-caa\"},\"wordCount\":125,\"commentCount\":0,\"image\":{\"@id\":\"https:\/\/www.africa-press.net\/cameroun\/politique\/cameroun-paul-biya-nomme-les-membres-du-conseil-dadministration-de-la-caa#primaryimage\"},\"thumbnailUrl\":\"https:\/\/static.africa-press.net\/cameroun\/sites\/57\/2022\/10\/img-633c9f6a5ba24.jpg\",\"keywords\":[\"Africa Press\",\"Africa Press-Cameroun\",\"Cameroun\"],\"articleSection\":[\"Politique\",\"Toutes les actualit\u00e9s\"],\"inLanguage\":\"fr-FR\",\"potentialAction\":[{\"@type\":\"CommentAction\",\"name\":\"Comment\",\"target\":[\"https:\/\/www.africa-press.net\/cameroun\/politique\/cameroun-paul-biya-nomme-les-membres-du-conseil-dadministration-de-la-caa#respond\"]}]},{\"@type\":\"WebPage\",\"@id\":\"https:\/\/www.africa-press.net\/cameroun\/politique\/cameroun-paul-biya-nomme-les-membres-du-conseil-dadministration-de-la-caa\",\"url\":\"https:\/\/www.africa-press.net\/cameroun\/politique\/cameroun-paul-biya-nomme-les-membres-du-conseil-dadministration-de-la-caa\",\"name\":\"Cameroun : Paul Biya nomme les membres du conseil d\u2019administration de la CAA - Cameroun\",\"isPartOf\":{\"@id\":\"https:\/\/www.africa-press.net\/cameroun\/#website\"},\"primaryImageOfPage\":{\"@id\":\"https:\/\/www.africa-press.net\/cameroun\/politique\/cameroun-paul-biya-nomme-les-membres-du-conseil-dadministration-de-la-caa#primaryimage\"},\"image\":{\"@id\":\"https:\/\/www.africa-press.net\/cameroun\/politique\/cameroun-paul-biya-nomme-les-membres-du-conseil-dadministration-de-la-caa#primaryimage\"},\"thumbnailUrl\":\"https:\/\/static.africa-press.net\/cameroun\/sites\/57\/2022\/10\/img-633c9f6a5ba24.jpg\",\"datePublished\":\"2022-10-04T19:31:44+00:00\",\"dateModified\":\"2022-10-04T21:03:07+00:00\",\"author\":{\"@id\":\"https:\/\/www.africa-press.net\/cameroun\/#\/schema\/person\/2b1cf3cd81a31e3cd26889ca66d677f1\"},\"description\":\"Le pre\u0301sident de la Re\u0301publique vient de proce\u0301der a\u0300 la nomination des personnalite\u0301s par un acte administratif sign ...\",\"breadcrumb\":{\"@id\":\"https:\/\/www.africa-press.net\/cameroun\/politique\/cameroun-paul-biya-nomme-les-membres-du-conseil-dadministration-de-la-caa#breadcrumb\"},\"inLanguage\":\"fr-FR\",\"potentialAction\":[{\"@type\":\"ReadAction\",\"target\":[\"https:\/\/www.africa-press.net\/cameroun\/politique\/cameroun-paul-biya-nomme-les-membres-du-conseil-dadministration-de-la-caa\"]}]},{\"@type\":\"ImageObject\",\"inLanguage\":\"fr-FR\",\"@id\":\"https:\/\/www.africa-press.net\/cameroun\/politique\/cameroun-paul-biya-nomme-les-membres-du-conseil-dadministration-de-la-caa#primaryimage\",\"url\":\"https:\/\/static.africa-press.net\/cameroun\/sites\/57\/2022\/10\/img-633c9f6a5ba24.jpg\",\"contentUrl\":\"https:\/\/static.africa-press.net\/cameroun\/sites\/57\/2022\/10\/img-633c9f6a5ba24.jpg\",\"width\":770,\"height\":440,\"caption\":\"Cameroun : Paul Biya nomme les membres du conseil d\u2019administration de la CAA\"},{\"@type\":\"BreadcrumbList\",\"@id\":\"https:\/\/www.africa-press.net\/cameroun\/politique\/cameroun-paul-biya-nomme-les-membres-du-conseil-dadministration-de-la-caa#breadcrumb\",\"itemListElement\":[{\"@type\":\"ListItem\",\"position\":1,\"name\":\"Accueil\",\"item\":\"https:\/\/www.africa-press.net\/cameroun\/\"},{\"@type\":\"ListItem\",\"position\":2,\"name\":\"Cameroun : Paul Biya nomme les membres du conseil d\u2019administration de la CAA\"}]},{\"@type\":\"WebSite\",\"@id\":\"https:\/\/www.africa-press.net\/cameroun\/#website\",\"url\":\"https:\/\/www.africa-press.net\/cameroun\/\",\"name\":\"Cameroun\",\"description\":\"Just another Africa News Agency Sites site\",\"potentialAction\":[{\"@type\":\"SearchAction\",\"target\":{\"@type\":\"EntryPoint\",\"urlTemplate\":\"https:\/\/www.africa-press.net\/cameroun\/?s={search_term_string}\"},\"query-input\":{\"@type\":\"PropertyValueSpecification\",\"valueRequired\":true,\"valueName\":\"search_term_string\"}}],\"inLanguage\":\"fr-FR\"},{\"@type\":\"Person\",\"@id\":\"https:\/\/www.africa-press.net\/cameroun\/#\/schema\/person\/2b1cf3cd81a31e3cd26889ca66d677f1\",\"name\":\"cfeditorfr\"}]}<\/script>\n<!-- \/ Yoast SEO Premium plugin. -->","yoast_head_json":{"title":"Cameroun : Paul Biya nomme les membres du conseil d\u2019administration de la CAA - Cameroun","description":"Le pre\u0301sident de la Re\u0301publique vient de proce\u0301der a\u0300 la nomination des personnalite\u0301s par un acte administratif sign ...","robots":{"index":"index","follow":"follow","max-snippet":"max-snippet:-1","max-image-preview":"max-image-preview:large","max-video-preview":"max-video-preview:-1"},"canonical":"https:\/\/www.africa-press.net\/cameroun\/politique\/cameroun-paul-biya-nomme-les-membres-du-conseil-dadministration-de-la-caa","og_locale":"fr_FR","og_type":"article","og_title":"Cameroun : Paul Biya nomme les membres du conseil d\u2019administration de la CAA","og_description":"Le pre\u0301sident de la Re\u0301publique vient de proce\u0301der a\u0300 la nomination des personnalite\u0301s par un acte administratif sign ...","og_url":"https:\/\/www.africa-press.net\/cameroun\/politique\/cameroun-paul-biya-nomme-les-membres-du-conseil-dadministration-de-la-caa","og_site_name":"Cameroun","article_published_time":"2022-10-04T19:31:44+00:00","article_modified_time":"2022-10-04T21:03:07+00:00","og_image":[{"width":770,"height":440,"url":"https:\/\/static.africa-press.net\/cameroun\/sites\/57\/2022\/10\/img-633c9f6a5ba24.jpg","type":"image\/jpeg"}],"author":"cfeditorfr","twitter_card":"summary_large_image","twitter_misc":{"\u00c9crit par":"cfeditorfr","Dur\u00e9e de lecture estim\u00e9e":"1 minute"},"schema":{"@context":"https:\/\/schema.org","@graph":[{"@type":"Article","@id":"https:\/\/www.africa-press.net\/cameroun\/politique\/cameroun-paul-biya-nomme-les-membres-du-conseil-dadministration-de-la-caa#article","isPartOf":{"@id":"https:\/\/www.africa-press.net\/cameroun\/politique\/cameroun-paul-biya-nomme-les-membres-du-conseil-dadministration-de-la-caa"},"author":{"name":"cfeditorfr","@id":"https:\/\/www.africa-press.net\/cameroun\/#\/schema\/person\/2b1cf3cd81a31e3cd26889ca66d677f1"},"headline":"Cameroun : Paul Biya nomme les membres du conseil d\u2019administration de la CAA","datePublished":"2022-10-04T19:31:44+00:00","dateModified":"2022-10-04T21:03:07+00:00","mainEntityOfPage":{"@id":"https:\/\/www.africa-press.net\/cameroun\/politique\/cameroun-paul-biya-nomme-les-membres-du-conseil-dadministration-de-la-caa"},"wordCount":125,"commentCount":0,"image":{"@id":"https:\/\/www.africa-press.net\/cameroun\/politique\/cameroun-paul-biya-nomme-les-membres-du-conseil-dadministration-de-la-caa#primaryimage"},"thumbnailUrl":"https:\/\/static.africa-press.net\/cameroun\/sites\/57\/2022\/10\/img-633c9f6a5ba24.jpg","keywords":["Africa Press","Africa Press-Cameroun","Cameroun"],"articleSection":["Politique","Toutes les actualit\u00e9s"],"inLanguage":"fr-FR","potentialAction":[{"@type":"CommentAction","name":"Comment","target":["https:\/\/www.africa-press.net\/cameroun\/politique\/cameroun-paul-biya-nomme-les-membres-du-conseil-dadministration-de-la-caa#respond"]}]},{"@type":"WebPage","@id":"https:\/\/www.africa-press.net\/cameroun\/politique\/cameroun-paul-biya-nomme-les-membres-du-conseil-dadministration-de-la-caa","url":"https:\/\/www.africa-press.net\/cameroun\/politique\/cameroun-paul-biya-nomme-les-membres-du-conseil-dadministration-de-la-caa","name":"Cameroun : Paul Biya nomme les membres du conseil d\u2019administration de la CAA - Cameroun","isPartOf":{"@id":"https:\/\/www.africa-press.net\/cameroun\/#website"},"primaryImageOfPage":{"@id":"https:\/\/www.africa-press.net\/cameroun\/politique\/cameroun-paul-biya-nomme-les-membres-du-conseil-dadministration-de-la-caa#primaryimage"},"image":{"@id":"https:\/\/www.africa-press.net\/cameroun\/politique\/cameroun-paul-biya-nomme-les-membres-du-conseil-dadministration-de-la-caa#primaryimage"},"thumbnailUrl":"https:\/\/static.africa-press.net\/cameroun\/sites\/57\/2022\/10\/img-633c9f6a5ba24.jpg","datePublished":"2022-10-04T19:31:44+00:00","dateModified":"2022-10-04T21:03:07+00:00","author":{"@id":"https:\/\/www.africa-press.net\/cameroun\/#\/schema\/person\/2b1cf3cd81a31e3cd26889ca66d677f1"},"description":"Le pre\u0301sident de la Re\u0301publique vient de proce\u0301der a\u0300 la nomination des personnalite\u0301s par un acte administratif sign ...","breadcrumb":{"@id":"https:\/\/www.africa-press.net\/cameroun\/politique\/cameroun-paul-biya-nomme-les-membres-du-conseil-dadministration-de-la-caa#breadcrumb"},"inLanguage":"fr-FR","potentialAction":[{"@type":"ReadAction","target":["https:\/\/www.africa-press.net\/cameroun\/politique\/cameroun-paul-biya-nomme-les-membres-du-conseil-dadministration-de-la-caa"]}]},{"@type":"ImageObject","inLanguage":"fr-FR","@id":"https:\/\/www.africa-press.net\/cameroun\/politique\/cameroun-paul-biya-nomme-les-membres-du-conseil-dadministration-de-la-caa#primaryimage","url":"https:\/\/static.africa-press.net\/cameroun\/sites\/57\/2022\/10\/img-633c9f6a5ba24.jpg","contentUrl":"https:\/\/static.africa-press.net\/cameroun\/sites\/57\/2022\/10\/img-633c9f6a5ba24.jpg","width":770,"height":440,"caption":"Cameroun : Paul Biya nomme les membres du conseil d\u2019administration de la CAA"},{"@type":"BreadcrumbList","@id":"https:\/\/www.africa-press.net\/cameroun\/politique\/cameroun-paul-biya-nomme-les-membres-du-conseil-dadministration-de-la-caa#breadcrumb","itemListElement":[{"@type":"ListItem","position":1,"name":"Accueil","item":"https:\/\/www.africa-press.net\/cameroun\/"},{"@type":"ListItem","position":2,"name":"Cameroun : Paul Biya nomme les membres du conseil d\u2019administration de la CAA"}]},{"@type":"WebSite","@id":"https:\/\/www.africa-press.net\/cameroun\/#website","url":"https:\/\/www.africa-press.net\/cameroun\/","name":"Cameroun","description":"Just another Africa News Agency Sites site","potentialAction":[{"@type":"SearchAction","target":{"@type":"EntryPoint","urlTemplate":"https:\/\/www.africa-press.net\/cameroun\/?s={search_term_string}"},"query-input":{"@type":"PropertyValueSpecification","valueRequired":true,"valueName":"search_term_string"}}],"inLanguage":"fr-FR"},{"@type":"Person","@id":"https:\/\/www.africa-press.net\/cameroun\/#\/schema\/person\/2b1cf3cd81a31e3cd26889ca66d677f1","name":"cfeditorfr"}]}},"_links":{"self":[{"href":"https:\/\/www.africa-press.net\/cameroun\/wp-json\/wp\/v2\/posts\/28735","targetHints":{"allow":["GET"]}}],"collection":[{"href":"https:\/\/www.africa-press.net\/cameroun\/wp-json\/wp\/v2\/posts"}],"about":[{"href":"https:\/\/www.africa-press.net\/cameroun\/wp-json\/wp\/v2\/types\/post"}],"author":[{"embeddable":true,"href":"https:\/\/www.africa-press.net\/cameroun\/wp-json\/wp\/v2\/users\/82"}],"replies":[{"embeddable":true,"href":"https:\/\/www.africa-press.net\/cameroun\/wp-json\/wp\/v2\/comments?post=28735"}],"version-history":[{"count":0,"href":"https:\/\/www.africa-press.net\/cameroun\/wp-json\/wp\/v2\/posts\/28735\/revisions"}],"wp:featuredmedia":[{"embeddable":true,"href":"https:\/\/www.africa-press.net\/cameroun\/wp-json\/wp\/v2\/media\/28734"}],"wp:attachment":[{"href":"https:\/\/www.africa-press.net\/cameroun\/wp-json\/wp\/v2\/media?parent=28735"}],"wp:term":[{"taxonomy":"category","embeddable":true,"href":"https:\/\/www.africa-press.net\/cameroun\/wp-json\/wp\/v2\/categories?post=28735"},{"taxonomy":"post_tag","embeddable":true,"href":"https:\/\/www.africa-press.net\/cameroun\/wp-json\/wp\/v2\/tags?post=28735"}],"curies":[{"name":"wp","href":"https:\/\/api.w.org\/{rel}","templated":true}]}}