{"id":28738,"date":"2022-10-04T19:39:20","date_gmt":"2022-10-04T19:39:20","guid":{"rendered":"https:\/\/www.africa-press.net\/cameroun\/politique\/cameroun-baisse-du-volume-des-importations-de-66"},"modified":"2022-10-04T21:24:55","modified_gmt":"2022-10-04T21:24:55","slug":"cameroun-baisse-du-volume-des-importations-de-66","status":"publish","type":"post","link":"https:\/\/www.africa-press.net\/cameroun\/economie\/cameroun-baisse-du-volume-des-importations-de-66","title":{"rendered":"Cameroun : baisse du volume des importations de 6,6%"},"content":{"rendered":"<p><span style=\"color: #ff6600\"><strong>Africa-Press &#8211; Cameroun. <\/strong><\/span><b>Cette baisse des importations a induit une embellie de la balance commerciale au premier trimestre de l\u2019anne\u0301e 2022. Elle demeure cependant a\u0300 0,5% du Produit inte\u0301rieur brut.<\/b><\/p>\n<p>Selon le journal Inte\u0301gration, le de\u0301ficit du solde de la balance commerciale s\u2019est re\u0301duit au cours du premier trimestre 2022 me\u0302me si cette dernie\u0300re reste fixe\u0301e a\u0300 0,5% du PIB. L\u2019e\u0301nonce\u0301 est de l\u2019Institut national de statistique (INS) qui a publie\u0301 le 26 septembre, les Comptes nationaux pour la pe\u0301riode cite\u0301e. Il en ressort que comparativement a\u0300 la me\u0302me pe\u0301riode en 2021, l\u2019e\u0301conomie nationale enregistre au cours du premier trimestre 2022, une baisse prononce\u0301e du volume des importations de 6,6%. Ce qui repre\u0301sente concre\u0300tement un repli de 6,8% de l\u2019achat des biens et 5,5% des services e\u0301trangers.<\/p>\n<p>\u00abLa chute des importations de biens re\u0301sulte de la baisse de la demande des produits importe\u0301s issus de l\u2019industrie de la transformation agricole, de l\u2019industrie de fabrication des boissons, de l\u2019industrie chimique, de l\u2019industrie textile et de l\u2019industrie de fabrication des meubles\u00bb, soulignait l\u2019INS.<\/p>\n<p>Le volume des exportations connai\u0302t a\u0300 contrario une hausse de 5,4%. Ce qui contribue de ce fait pour 0,9 point a\u0300 la croissance du Produit inte\u0301rieur Brut (PIB). Ces re\u0301sultats, apprends-t-on, sont dus a\u0300 une embellie des exportations \u2013 du bois scie\u0301s, du pe\u0301trole brut et gaz naturel et des produits de l\u2019industrie de la transformation agricole \u2013 de biens de 5,7% et de celles des services de 4,9%.<\/p>\n<p>\u00abPar contre, le repli des exportations de bois grume, de certains produits (cafe\u0301, bananes plantains) issus de l\u2019agriculture d\u2019exportation, et des autres biens a contribue\u0301 a\u0300 freiner le dynamisme du niveau global des exportations\u00bb, indique l\u2019INS. Les exportations de biens e\u0301voluent de 4,6% hors pe\u0301trole brut et gaz naturel.<\/p>\n<p><strong>Pour plus d&rsquo;informations et d&rsquo;analyses sur la <a href=\"https:\/\/www.africa-press.net\/cameroun\">Cameroun<\/a>, suivez <a href=\"https:\/\/www.africa-press.net\/\">Africa-Press<\/a><\/strong><\/p>\n","protected":false},"excerpt":{"rendered":"<p>Africa-Press &#8211; Cameroun. Cette baisse des importations a induit une embellie de la balance commerciale au premier trimestre de l\u2019anne\u0301e 2022. Elle demeure cependant a\u0300 0,5% du Produit inte\u0301rieur brut. Selon le journal Inte\u0301gration, le de\u0301ficit du solde de la balance commerciale s\u2019est re\u0301duit au cours du premier trimestre 2022 me\u0302me si cette dernie\u0300re reste [&hellip;]<\/p>\n","protected":false},"author":82,"featured_media":28737,"comment_status":"open","ping_status":"closed","sticky":false,"template":"","format":"standard","meta":{"footnotes":""},"categories":[3,10],"tags":[36,50,49],"class_list":["post-28738","post","type-post","status-publish","format-standard","has-post-thumbnail","hentry","category-economie","category-toutes-les-actualites","tag-africa-press","tag-africa-press-cameroun","tag-cameroun"],"yoast_head":"<!-- This site is optimized with the Yoast SEO Premium plugin v26.1 (Yoast SEO v27.0) - https:\/\/yoast.com\/product\/yoast-seo-premium-wordpress\/ -->\n<title>Cameroun : baisse du volume des importations de 6,6% - Cameroun<\/title>\n<meta name=\"description\" content=\"Cette baisse des importations a induit une embellie de la balance commerciale au premier trimestre de l\u2019anne\u0301e 2022. ...\" \/>\n<meta name=\"robots\" content=\"index, follow, max-snippet:-1, max-image-preview:large, max-video-preview:-1\" \/>\n<link rel=\"canonical\" href=\"https:\/\/www.africa-press.net\/cameroun\/economie\/cameroun-baisse-du-volume-des-importations-de-66\" \/>\n<meta property=\"og:locale\" content=\"fr_FR\" \/>\n<meta property=\"og:type\" content=\"article\" \/>\n<meta property=\"og:title\" content=\"Cameroun : baisse du volume des importations de 6,6%\" \/>\n<meta property=\"og:description\" content=\"Cette baisse des importations a induit une embellie de la balance commerciale au premier trimestre de l\u2019anne\u0301e 2022. ...\" \/>\n<meta property=\"og:url\" content=\"https:\/\/www.africa-press.net\/cameroun\/economie\/cameroun-baisse-du-volume-des-importations-de-66\" \/>\n<meta property=\"og:site_name\" content=\"Cameroun\" \/>\n<meta property=\"article:published_time\" content=\"2022-10-04T19:39:20+00:00\" \/>\n<meta property=\"article:modified_time\" content=\"2022-10-04T21:24:55+00:00\" \/>\n<meta property=\"og:image\" content=\"https:\/\/static.africa-press.net\/cameroun\/sites\/57\/2022\/10\/img-633c9f90373c6.jpg\" \/>\n\t<meta property=\"og:image:width\" content=\"720\" \/>\n\t<meta property=\"og:image:height\" content=\"432\" \/>\n\t<meta property=\"og:image:type\" content=\"image\/jpeg\" \/>\n<meta name=\"author\" content=\"cfeditorfr\" \/>\n<meta name=\"twitter:card\" content=\"summary_large_image\" \/>\n<meta name=\"twitter:label1\" content=\"\u00c9crit par\" \/>\n\t<meta name=\"twitter:data1\" content=\"cfeditorfr\" \/>\n\t<meta name=\"twitter:label2\" content=\"Dur\u00e9e de lecture estim\u00e9e\" \/>\n\t<meta name=\"twitter:data2\" content=\"2 minutes\" \/>\n<script type=\"application\/ld+json\" class=\"yoast-schema-graph\">{\"@context\":\"https:\/\/schema.org\",\"@graph\":[{\"@type\":\"Article\",\"@id\":\"https:\/\/www.africa-press.net\/cameroun\/economie\/cameroun-baisse-du-volume-des-importations-de-66#article\",\"isPartOf\":{\"@id\":\"https:\/\/www.africa-press.net\/cameroun\/economie\/cameroun-baisse-du-volume-des-importations-de-66\"},\"author\":{\"name\":\"cfeditorfr\",\"@id\":\"https:\/\/www.africa-press.net\/cameroun\/#\/schema\/person\/2b1cf3cd81a31e3cd26889ca66d677f1\"},\"headline\":\"Cameroun : baisse du volume des importations de 6,6%\",\"datePublished\":\"2022-10-04T19:39:20+00:00\",\"dateModified\":\"2022-10-04T21:24:55+00:00\",\"mainEntityOfPage\":{\"@id\":\"https:\/\/www.africa-press.net\/cameroun\/economie\/cameroun-baisse-du-volume-des-importations-de-66\"},\"wordCount\":334,\"commentCount\":0,\"image\":{\"@id\":\"https:\/\/www.africa-press.net\/cameroun\/economie\/cameroun-baisse-du-volume-des-importations-de-66#primaryimage\"},\"thumbnailUrl\":\"https:\/\/static.africa-press.net\/cameroun\/sites\/57\/2022\/10\/img-633c9f90373c6.jpg\",\"keywords\":[\"Africa Press\",\"Africa Press-Cameroun\",\"Cameroun\"],\"articleSection\":[\"\u00c9conomie\",\"Toutes les actualit\u00e9s\"],\"inLanguage\":\"fr-FR\",\"potentialAction\":[{\"@type\":\"CommentAction\",\"name\":\"Comment\",\"target\":[\"https:\/\/www.africa-press.net\/cameroun\/economie\/cameroun-baisse-du-volume-des-importations-de-66#respond\"]}]},{\"@type\":\"WebPage\",\"@id\":\"https:\/\/www.africa-press.net\/cameroun\/economie\/cameroun-baisse-du-volume-des-importations-de-66\",\"url\":\"https:\/\/www.africa-press.net\/cameroun\/economie\/cameroun-baisse-du-volume-des-importations-de-66\",\"name\":\"Cameroun : baisse du volume des importations de 6,6% - Cameroun\",\"isPartOf\":{\"@id\":\"https:\/\/www.africa-press.net\/cameroun\/#website\"},\"primaryImageOfPage\":{\"@id\":\"https:\/\/www.africa-press.net\/cameroun\/economie\/cameroun-baisse-du-volume-des-importations-de-66#primaryimage\"},\"image\":{\"@id\":\"https:\/\/www.africa-press.net\/cameroun\/economie\/cameroun-baisse-du-volume-des-importations-de-66#primaryimage\"},\"thumbnailUrl\":\"https:\/\/static.africa-press.net\/cameroun\/sites\/57\/2022\/10\/img-633c9f90373c6.jpg\",\"datePublished\":\"2022-10-04T19:39:20+00:00\",\"dateModified\":\"2022-10-04T21:24:55+00:00\",\"author\":{\"@id\":\"https:\/\/www.africa-press.net\/cameroun\/#\/schema\/person\/2b1cf3cd81a31e3cd26889ca66d677f1\"},\"description\":\"Cette baisse des importations a induit une embellie de la balance commerciale au premier trimestre de l\u2019anne\u0301e 2022. ...\",\"breadcrumb\":{\"@id\":\"https:\/\/www.africa-press.net\/cameroun\/economie\/cameroun-baisse-du-volume-des-importations-de-66#breadcrumb\"},\"inLanguage\":\"fr-FR\",\"potentialAction\":[{\"@type\":\"ReadAction\",\"target\":[\"https:\/\/www.africa-press.net\/cameroun\/economie\/cameroun-baisse-du-volume-des-importations-de-66\"]}]},{\"@type\":\"ImageObject\",\"inLanguage\":\"fr-FR\",\"@id\":\"https:\/\/www.africa-press.net\/cameroun\/economie\/cameroun-baisse-du-volume-des-importations-de-66#primaryimage\",\"url\":\"https:\/\/static.africa-press.net\/cameroun\/sites\/57\/2022\/10\/img-633c9f90373c6.jpg\",\"contentUrl\":\"https:\/\/static.africa-press.net\/cameroun\/sites\/57\/2022\/10\/img-633c9f90373c6.jpg\",\"width\":720,\"height\":432,\"caption\":\"Cameroun : baisse du volume des importations de 6,6%\"},{\"@type\":\"BreadcrumbList\",\"@id\":\"https:\/\/www.africa-press.net\/cameroun\/economie\/cameroun-baisse-du-volume-des-importations-de-66#breadcrumb\",\"itemListElement\":[{\"@type\":\"ListItem\",\"position\":1,\"name\":\"Accueil\",\"item\":\"https:\/\/www.africa-press.net\/cameroun\/\"},{\"@type\":\"ListItem\",\"position\":2,\"name\":\"Cameroun : baisse du volume des importations de 6,6%\"}]},{\"@type\":\"WebSite\",\"@id\":\"https:\/\/www.africa-press.net\/cameroun\/#website\",\"url\":\"https:\/\/www.africa-press.net\/cameroun\/\",\"name\":\"Cameroun\",\"description\":\"Just another Africa News Agency Sites site\",\"potentialAction\":[{\"@type\":\"SearchAction\",\"target\":{\"@type\":\"EntryPoint\",\"urlTemplate\":\"https:\/\/www.africa-press.net\/cameroun\/?s={search_term_string}\"},\"query-input\":{\"@type\":\"PropertyValueSpecification\",\"valueRequired\":true,\"valueName\":\"search_term_string\"}}],\"inLanguage\":\"fr-FR\"},{\"@type\":\"Person\",\"@id\":\"https:\/\/www.africa-press.net\/cameroun\/#\/schema\/person\/2b1cf3cd81a31e3cd26889ca66d677f1\",\"name\":\"cfeditorfr\"}]}<\/script>\n<!-- \/ Yoast SEO Premium plugin. -->","yoast_head_json":{"title":"Cameroun : baisse du volume des importations de 6,6% - Cameroun","description":"Cette baisse des importations a induit une embellie de la balance commerciale au premier trimestre de l\u2019anne\u0301e 2022. ...","robots":{"index":"index","follow":"follow","max-snippet":"max-snippet:-1","max-image-preview":"max-image-preview:large","max-video-preview":"max-video-preview:-1"},"canonical":"https:\/\/www.africa-press.net\/cameroun\/economie\/cameroun-baisse-du-volume-des-importations-de-66","og_locale":"fr_FR","og_type":"article","og_title":"Cameroun : baisse du volume des importations de 6,6%","og_description":"Cette baisse des importations a induit une embellie de la balance commerciale au premier trimestre de l\u2019anne\u0301e 2022. ...","og_url":"https:\/\/www.africa-press.net\/cameroun\/economie\/cameroun-baisse-du-volume-des-importations-de-66","og_site_name":"Cameroun","article_published_time":"2022-10-04T19:39:20+00:00","article_modified_time":"2022-10-04T21:24:55+00:00","og_image":[{"width":720,"height":432,"url":"https:\/\/static.africa-press.net\/cameroun\/sites\/57\/2022\/10\/img-633c9f90373c6.jpg","type":"image\/jpeg"}],"author":"cfeditorfr","twitter_card":"summary_large_image","twitter_misc":{"\u00c9crit par":"cfeditorfr","Dur\u00e9e de lecture estim\u00e9e":"2 minutes"},"schema":{"@context":"https:\/\/schema.org","@graph":[{"@type":"Article","@id":"https:\/\/www.africa-press.net\/cameroun\/economie\/cameroun-baisse-du-volume-des-importations-de-66#article","isPartOf":{"@id":"https:\/\/www.africa-press.net\/cameroun\/economie\/cameroun-baisse-du-volume-des-importations-de-66"},"author":{"name":"cfeditorfr","@id":"https:\/\/www.africa-press.net\/cameroun\/#\/schema\/person\/2b1cf3cd81a31e3cd26889ca66d677f1"},"headline":"Cameroun : baisse du volume des importations de 6,6%","datePublished":"2022-10-04T19:39:20+00:00","dateModified":"2022-10-04T21:24:55+00:00","mainEntityOfPage":{"@id":"https:\/\/www.africa-press.net\/cameroun\/economie\/cameroun-baisse-du-volume-des-importations-de-66"},"wordCount":334,"commentCount":0,"image":{"@id":"https:\/\/www.africa-press.net\/cameroun\/economie\/cameroun-baisse-du-volume-des-importations-de-66#primaryimage"},"thumbnailUrl":"https:\/\/static.africa-press.net\/cameroun\/sites\/57\/2022\/10\/img-633c9f90373c6.jpg","keywords":["Africa Press","Africa Press-Cameroun","Cameroun"],"articleSection":["\u00c9conomie","Toutes les actualit\u00e9s"],"inLanguage":"fr-FR","potentialAction":[{"@type":"CommentAction","name":"Comment","target":["https:\/\/www.africa-press.net\/cameroun\/economie\/cameroun-baisse-du-volume-des-importations-de-66#respond"]}]},{"@type":"WebPage","@id":"https:\/\/www.africa-press.net\/cameroun\/economie\/cameroun-baisse-du-volume-des-importations-de-66","url":"https:\/\/www.africa-press.net\/cameroun\/economie\/cameroun-baisse-du-volume-des-importations-de-66","name":"Cameroun : baisse du volume des importations de 6,6% - Cameroun","isPartOf":{"@id":"https:\/\/www.africa-press.net\/cameroun\/#website"},"primaryImageOfPage":{"@id":"https:\/\/www.africa-press.net\/cameroun\/economie\/cameroun-baisse-du-volume-des-importations-de-66#primaryimage"},"image":{"@id":"https:\/\/www.africa-press.net\/cameroun\/economie\/cameroun-baisse-du-volume-des-importations-de-66#primaryimage"},"thumbnailUrl":"https:\/\/static.africa-press.net\/cameroun\/sites\/57\/2022\/10\/img-633c9f90373c6.jpg","datePublished":"2022-10-04T19:39:20+00:00","dateModified":"2022-10-04T21:24:55+00:00","author":{"@id":"https:\/\/www.africa-press.net\/cameroun\/#\/schema\/person\/2b1cf3cd81a31e3cd26889ca66d677f1"},"description":"Cette baisse des importations a induit une embellie de la balance commerciale au premier trimestre de l\u2019anne\u0301e 2022. ...","breadcrumb":{"@id":"https:\/\/www.africa-press.net\/cameroun\/economie\/cameroun-baisse-du-volume-des-importations-de-66#breadcrumb"},"inLanguage":"fr-FR","potentialAction":[{"@type":"ReadAction","target":["https:\/\/www.africa-press.net\/cameroun\/economie\/cameroun-baisse-du-volume-des-importations-de-66"]}]},{"@type":"ImageObject","inLanguage":"fr-FR","@id":"https:\/\/www.africa-press.net\/cameroun\/economie\/cameroun-baisse-du-volume-des-importations-de-66#primaryimage","url":"https:\/\/static.africa-press.net\/cameroun\/sites\/57\/2022\/10\/img-633c9f90373c6.jpg","contentUrl":"https:\/\/static.africa-press.net\/cameroun\/sites\/57\/2022\/10\/img-633c9f90373c6.jpg","width":720,"height":432,"caption":"Cameroun : baisse du volume des importations de 6,6%"},{"@type":"BreadcrumbList","@id":"https:\/\/www.africa-press.net\/cameroun\/economie\/cameroun-baisse-du-volume-des-importations-de-66#breadcrumb","itemListElement":[{"@type":"ListItem","position":1,"name":"Accueil","item":"https:\/\/www.africa-press.net\/cameroun\/"},{"@type":"ListItem","position":2,"name":"Cameroun : baisse du volume des importations de 6,6%"}]},{"@type":"WebSite","@id":"https:\/\/www.africa-press.net\/cameroun\/#website","url":"https:\/\/www.africa-press.net\/cameroun\/","name":"Cameroun","description":"Just another Africa News Agency Sites site","potentialAction":[{"@type":"SearchAction","target":{"@type":"EntryPoint","urlTemplate":"https:\/\/www.africa-press.net\/cameroun\/?s={search_term_string}"},"query-input":{"@type":"PropertyValueSpecification","valueRequired":true,"valueName":"search_term_string"}}],"inLanguage":"fr-FR"},{"@type":"Person","@id":"https:\/\/www.africa-press.net\/cameroun\/#\/schema\/person\/2b1cf3cd81a31e3cd26889ca66d677f1","name":"cfeditorfr"}]}},"_links":{"self":[{"href":"https:\/\/www.africa-press.net\/cameroun\/wp-json\/wp\/v2\/posts\/28738","targetHints":{"allow":["GET"]}}],"collection":[{"href":"https:\/\/www.africa-press.net\/cameroun\/wp-json\/wp\/v2\/posts"}],"about":[{"href":"https:\/\/www.africa-press.net\/cameroun\/wp-json\/wp\/v2\/types\/post"}],"author":[{"embeddable":true,"href":"https:\/\/www.africa-press.net\/cameroun\/wp-json\/wp\/v2\/users\/82"}],"replies":[{"embeddable":true,"href":"https:\/\/www.africa-press.net\/cameroun\/wp-json\/wp\/v2\/comments?post=28738"}],"version-history":[{"count":0,"href":"https:\/\/www.africa-press.net\/cameroun\/wp-json\/wp\/v2\/posts\/28738\/revisions"}],"wp:featuredmedia":[{"embeddable":true,"href":"https:\/\/www.africa-press.net\/cameroun\/wp-json\/wp\/v2\/media\/28737"}],"wp:attachment":[{"href":"https:\/\/www.africa-press.net\/cameroun\/wp-json\/wp\/v2\/media?parent=28738"}],"wp:term":[{"taxonomy":"category","embeddable":true,"href":"https:\/\/www.africa-press.net\/cameroun\/wp-json\/wp\/v2\/categories?post=28738"},{"taxonomy":"post_tag","embeddable":true,"href":"https:\/\/www.africa-press.net\/cameroun\/wp-json\/wp\/v2\/tags?post=28738"}],"curies":[{"name":"wp","href":"https:\/\/api.w.org\/{rel}","templated":true}]}}