{"id":28775,"date":"2022-10-05T20:49:48","date_gmt":"2022-10-05T20:49:48","guid":{"rendered":"https:\/\/www.africa-press.net\/cameroun\/politique\/dementi-cavaye-yeguie-djibril-declare-quil-nest-pas-lauteur-de-correspondances-qui-lui-sont-attribuees"},"modified":"2022-10-05T20:50:04","modified_gmt":"2022-10-05T20:50:04","slug":"dementi-cavaye-yeguie-djibril-declare-quil-nest-pas-lauteur-de-correspondances-qui-lui-sont-attribuees","status":"publish","type":"post","link":"https:\/\/www.africa-press.net\/cameroun\/politique\/dementi-cavaye-yeguie-djibril-declare-quil-nest-pas-lauteur-de-correspondances-qui-lui-sont-attribuees","title":{"rendered":"D\u00e9menti: Cavaye Y\u00e9gui\u00e9 Djibril d\u00e9clare qu\u2019il n\u2019est pas  l\u2019auteur de correspondances qui lui sont attribu\u00e9es"},"content":{"rendered":"<p><span style=\"color: #ff6600\"><strong>Africa-Press &#8211; Cameroun. <\/strong><\/span>Ces dernie\u0300res semaines, des correspondances portant le nom et la signature du pre\u0301sident de l\u2019Assemble\u0301e ont circule\u0301 sur les re\u0301seaux sociaux. La dernie\u0300re est apparue ce 4 Octobre 2022. On pouvait y lire qu\u2019en date du 15 Septembre 2022, Cavaye Ye\u0301guie\u0301 Djibril accuse son camarade du parti et de\u0301pute\u0301 du Rassemblement De\u0301mocratique du Peuple Camerounais (RDPC), Kamssouloum Abba Kabir, de \u00ab trafic d\u2019armes de guerre \u00bb le long de la frontie\u0300re entre le Cameroun et le Tchad. La lettre contenant ces graves accusations e\u0301tait adresse\u0301e au pre\u0301sident du Tchad Mahamat Idriss Deby Itno.<\/p>\n<p>Le directeur de cabinet du pre\u0301sident de l\u2019Assemble\u0301e Nationale a pris sa plume pour de\u0301noncer des actions e\u0301manant de personnes mal intentionne\u0301es. Boukar Abdourahim rele\u0300ve que \u00ab depuis un certain temps, des individus sans foi ni loi font circuler des informations sans fondement, dans les re\u0301seaux sociaux pour ternir l\u2019image du Tre\u0300s Honorable Pre\u0301sident de l\u2019Assemble\u0301e Nationale, son entourage et ses collaborateurs dans le but inavoue\u0301 de de\u0301stabiliser ladite personnalite\u0301 \u00bb<\/p>\n<p>Le directeur de cabinet de Cavaye Ye\u0301guie\u0301 se montre alarme\u0301 par la dernie\u0300re correspondance attribue\u0301e a\u0300 son patron. \u00ab Aussi, convient-il de souligner pour le de\u0301plorer que ces mises en sce\u0300ne ont franchi un nouveau palier, depuis la publication d\u2019une correspondance mettant en cause un personnage soupc\u0327onne\u0301 des pratiques mafieuses tant a\u0300 l\u2019inte\u0301rieur qu\u2019a\u0300 l\u2019exte\u0301rieur du Cameroun \u00bb, peut-on lire. Mais Boukar Abdourahim ne s\u2019arre\u0302te pas la\u0300. Il envisage des actions re\u0301pressives. Il indique, citant Cavaye Ye\u0301guie\u0301 que \u00ab sous ce rapport, il tient a\u0300 rappeler qu\u2019au regard de la gravite\u0301 des faits sus e\u0301voque\u0301s, les instances approprie\u0301es viennent d\u2019e\u0302tre saisies pour faire toute la lumie\u0300re sur ces alle\u0301gations mensonge\u0300res a\u0300 l\u2019effet de mettre hors d\u2019e\u0301tat de nuire ces criminels tapis dans l\u2019ombre afin que force reste a\u0300 la loi \u00bb.<\/p>\n<p><strong>Pour plus d&rsquo;informations et d&rsquo;analyses sur la <a href=\"https:\/\/www.africa-press.net\/cameroun\">Cameroun<\/a>, suivez <a href=\"https:\/\/www.africa-press.net\/\">Africa-Press<\/a><\/strong><\/p>\n","protected":false},"excerpt":{"rendered":"<p>Africa-Press &#8211; Cameroun. Ces dernie\u0300res semaines, des correspondances portant le nom et la signature du pre\u0301sident de l\u2019Assemble\u0301e ont circule\u0301 sur les re\u0301seaux sociaux. La dernie\u0300re est apparue ce 4 Octobre 2022. On pouvait y lire qu\u2019en date du 15 Septembre 2022, Cavaye Ye\u0301guie\u0301 Djibril accuse son camarade du parti et de\u0301pute\u0301 du Rassemblement De\u0301mocratique [&hellip;]<\/p>\n","protected":false},"author":82,"featured_media":28774,"comment_status":"open","ping_status":"closed","sticky":false,"template":"","format":"standard","meta":{"footnotes":""},"categories":[2,10],"tags":[36,50,49],"class_list":["post-28775","post","type-post","status-publish","format-standard","has-post-thumbnail","hentry","category-politique","category-toutes-les-actualites","tag-africa-press","tag-africa-press-cameroun","tag-cameroun"],"yoast_head":"<!-- This site is optimized with the Yoast SEO Premium plugin v26.1 (Yoast SEO v27.0) - https:\/\/yoast.com\/product\/yoast-seo-premium-wordpress\/ -->\n<title>D\u00e9menti: Cavaye Y\u00e9gui\u00e9 Djibril d\u00e9clare qu\u2019il n\u2019est pas l\u2019auteur de correspondances qui lui sont attribu\u00e9es - Cameroun<\/title>\n<meta name=\"description\" content=\"Ces dernie\u0300res semaines, des correspondances portant le nom et la signature du pre\u0301sident de l\u2019Assemble\u0301e ont circule\u0301 s ...\" \/>\n<meta name=\"robots\" content=\"index, follow, max-snippet:-1, max-image-preview:large, max-video-preview:-1\" \/>\n<link rel=\"canonical\" href=\"https:\/\/www.africa-press.net\/cameroun\/politique\/dementi-cavaye-yeguie-djibril-declare-quil-nest-pas-lauteur-de-correspondances-qui-lui-sont-attribuees\" \/>\n<meta property=\"og:locale\" content=\"fr_FR\" \/>\n<meta property=\"og:type\" content=\"article\" \/>\n<meta property=\"og:title\" content=\"D\u00e9menti: Cavaye Y\u00e9gui\u00e9 Djibril d\u00e9clare qu\u2019il n\u2019est pas l\u2019auteur de correspondances qui lui sont attribu\u00e9es\" \/>\n<meta property=\"og:description\" content=\"Ces dernie\u0300res semaines, des correspondances portant le nom et la signature du pre\u0301sident de l\u2019Assemble\u0301e ont circule\u0301 s ...\" \/>\n<meta property=\"og:url\" content=\"https:\/\/www.africa-press.net\/cameroun\/politique\/dementi-cavaye-yeguie-djibril-declare-quil-nest-pas-lauteur-de-correspondances-qui-lui-sont-attribuees\" \/>\n<meta property=\"og:site_name\" content=\"Cameroun\" \/>\n<meta property=\"article:published_time\" content=\"2022-10-05T20:49:48+00:00\" \/>\n<meta property=\"article:modified_time\" content=\"2022-10-05T20:50:04+00:00\" \/>\n<meta property=\"og:image\" content=\"https:\/\/static.africa-press.net\/cameroun\/sites\/57\/2022\/10\/img-633dede3ce2cc.jpg\" \/>\n\t<meta property=\"og:image:width\" content=\"800\" \/>\n\t<meta property=\"og:image:height\" content=\"618\" \/>\n\t<meta property=\"og:image:type\" content=\"image\/jpeg\" \/>\n<meta name=\"author\" content=\"cfeditorfr\" \/>\n<meta name=\"twitter:card\" content=\"summary_large_image\" \/>\n<meta name=\"twitter:label1\" content=\"\u00c9crit par\" \/>\n\t<meta name=\"twitter:data1\" content=\"cfeditorfr\" \/>\n\t<meta name=\"twitter:label2\" content=\"Dur\u00e9e de lecture estim\u00e9e\" \/>\n\t<meta name=\"twitter:data2\" content=\"2 minutes\" \/>\n<script type=\"application\/ld+json\" class=\"yoast-schema-graph\">{\"@context\":\"https:\/\/schema.org\",\"@graph\":[{\"@type\":\"Article\",\"@id\":\"https:\/\/www.africa-press.net\/cameroun\/politique\/dementi-cavaye-yeguie-djibril-declare-quil-nest-pas-lauteur-de-correspondances-qui-lui-sont-attribuees#article\",\"isPartOf\":{\"@id\":\"https:\/\/www.africa-press.net\/cameroun\/politique\/dementi-cavaye-yeguie-djibril-declare-quil-nest-pas-lauteur-de-correspondances-qui-lui-sont-attribuees\"},\"author\":{\"name\":\"cfeditorfr\",\"@id\":\"https:\/\/www.africa-press.net\/cameroun\/#\/schema\/person\/2b1cf3cd81a31e3cd26889ca66d677f1\"},\"headline\":\"D\u00e9menti: Cavaye Y\u00e9gui\u00e9 Djibril d\u00e9clare qu\u2019il n\u2019est pas l\u2019auteur de correspondances qui lui sont attribu\u00e9es\",\"datePublished\":\"2022-10-05T20:49:48+00:00\",\"dateModified\":\"2022-10-05T20:50:04+00:00\",\"mainEntityOfPage\":{\"@id\":\"https:\/\/www.africa-press.net\/cameroun\/politique\/dementi-cavaye-yeguie-djibril-declare-quil-nest-pas-lauteur-de-correspondances-qui-lui-sont-attribuees\"},\"wordCount\":378,\"commentCount\":0,\"image\":{\"@id\":\"https:\/\/www.africa-press.net\/cameroun\/politique\/dementi-cavaye-yeguie-djibril-declare-quil-nest-pas-lauteur-de-correspondances-qui-lui-sont-attribuees#primaryimage\"},\"thumbnailUrl\":\"https:\/\/static.africa-press.net\/cameroun\/sites\/57\/2022\/10\/img-633dede3ce2cc.jpg\",\"keywords\":[\"Africa Press\",\"Africa Press-Cameroun\",\"Cameroun\"],\"articleSection\":[\"Politique\",\"Toutes les actualit\u00e9s\"],\"inLanguage\":\"fr-FR\",\"potentialAction\":[{\"@type\":\"CommentAction\",\"name\":\"Comment\",\"target\":[\"https:\/\/www.africa-press.net\/cameroun\/politique\/dementi-cavaye-yeguie-djibril-declare-quil-nest-pas-lauteur-de-correspondances-qui-lui-sont-attribuees#respond\"]}]},{\"@type\":\"WebPage\",\"@id\":\"https:\/\/www.africa-press.net\/cameroun\/politique\/dementi-cavaye-yeguie-djibril-declare-quil-nest-pas-lauteur-de-correspondances-qui-lui-sont-attribuees\",\"url\":\"https:\/\/www.africa-press.net\/cameroun\/politique\/dementi-cavaye-yeguie-djibril-declare-quil-nest-pas-lauteur-de-correspondances-qui-lui-sont-attribuees\",\"name\":\"D\u00e9menti: Cavaye Y\u00e9gui\u00e9 Djibril d\u00e9clare qu\u2019il n\u2019est pas l\u2019auteur de correspondances qui lui sont attribu\u00e9es - Cameroun\",\"isPartOf\":{\"@id\":\"https:\/\/www.africa-press.net\/cameroun\/#website\"},\"primaryImageOfPage\":{\"@id\":\"https:\/\/www.africa-press.net\/cameroun\/politique\/dementi-cavaye-yeguie-djibril-declare-quil-nest-pas-lauteur-de-correspondances-qui-lui-sont-attribuees#primaryimage\"},\"image\":{\"@id\":\"https:\/\/www.africa-press.net\/cameroun\/politique\/dementi-cavaye-yeguie-djibril-declare-quil-nest-pas-lauteur-de-correspondances-qui-lui-sont-attribuees#primaryimage\"},\"thumbnailUrl\":\"https:\/\/static.africa-press.net\/cameroun\/sites\/57\/2022\/10\/img-633dede3ce2cc.jpg\",\"datePublished\":\"2022-10-05T20:49:48+00:00\",\"dateModified\":\"2022-10-05T20:50:04+00:00\",\"author\":{\"@id\":\"https:\/\/www.africa-press.net\/cameroun\/#\/schema\/person\/2b1cf3cd81a31e3cd26889ca66d677f1\"},\"description\":\"Ces dernie\u0300res semaines, des correspondances portant le nom et la signature du pre\u0301sident de l\u2019Assemble\u0301e ont circule\u0301 s ...\",\"breadcrumb\":{\"@id\":\"https:\/\/www.africa-press.net\/cameroun\/politique\/dementi-cavaye-yeguie-djibril-declare-quil-nest-pas-lauteur-de-correspondances-qui-lui-sont-attribuees#breadcrumb\"},\"inLanguage\":\"fr-FR\",\"potentialAction\":[{\"@type\":\"ReadAction\",\"target\":[\"https:\/\/www.africa-press.net\/cameroun\/politique\/dementi-cavaye-yeguie-djibril-declare-quil-nest-pas-lauteur-de-correspondances-qui-lui-sont-attribuees\"]}]},{\"@type\":\"ImageObject\",\"inLanguage\":\"fr-FR\",\"@id\":\"https:\/\/www.africa-press.net\/cameroun\/politique\/dementi-cavaye-yeguie-djibril-declare-quil-nest-pas-lauteur-de-correspondances-qui-lui-sont-attribuees#primaryimage\",\"url\":\"https:\/\/static.africa-press.net\/cameroun\/sites\/57\/2022\/10\/img-633dede3ce2cc.jpg\",\"contentUrl\":\"https:\/\/static.africa-press.net\/cameroun\/sites\/57\/2022\/10\/img-633dede3ce2cc.jpg\",\"width\":800,\"height\":618,\"caption\":\"D\u00e9menti: Cavaye Y\u00e9gui\u00e9 Djibril d\u00e9clare qu\u2019il n\u2019est pas l\u2019auteur de correspondances qui lui sont attribu\u00e9es\"},{\"@type\":\"BreadcrumbList\",\"@id\":\"https:\/\/www.africa-press.net\/cameroun\/politique\/dementi-cavaye-yeguie-djibril-declare-quil-nest-pas-lauteur-de-correspondances-qui-lui-sont-attribuees#breadcrumb\",\"itemListElement\":[{\"@type\":\"ListItem\",\"position\":1,\"name\":\"Accueil\",\"item\":\"https:\/\/www.africa-press.net\/cameroun\/\"},{\"@type\":\"ListItem\",\"position\":2,\"name\":\"D\u00e9menti: Cavaye Y\u00e9gui\u00e9 Djibril d\u00e9clare qu\u2019il n\u2019est pas l\u2019auteur de correspondances qui lui sont attribu\u00e9es\"}]},{\"@type\":\"WebSite\",\"@id\":\"https:\/\/www.africa-press.net\/cameroun\/#website\",\"url\":\"https:\/\/www.africa-press.net\/cameroun\/\",\"name\":\"Cameroun\",\"description\":\"Just another Africa News Agency Sites site\",\"potentialAction\":[{\"@type\":\"SearchAction\",\"target\":{\"@type\":\"EntryPoint\",\"urlTemplate\":\"https:\/\/www.africa-press.net\/cameroun\/?s={search_term_string}\"},\"query-input\":{\"@type\":\"PropertyValueSpecification\",\"valueRequired\":true,\"valueName\":\"search_term_string\"}}],\"inLanguage\":\"fr-FR\"},{\"@type\":\"Person\",\"@id\":\"https:\/\/www.africa-press.net\/cameroun\/#\/schema\/person\/2b1cf3cd81a31e3cd26889ca66d677f1\",\"name\":\"cfeditorfr\"}]}<\/script>\n<!-- \/ Yoast SEO Premium plugin. -->","yoast_head_json":{"title":"D\u00e9menti: Cavaye Y\u00e9gui\u00e9 Djibril d\u00e9clare qu\u2019il n\u2019est pas l\u2019auteur de correspondances qui lui sont attribu\u00e9es - Cameroun","description":"Ces dernie\u0300res semaines, des correspondances portant le nom et la signature du pre\u0301sident de l\u2019Assemble\u0301e ont circule\u0301 s ...","robots":{"index":"index","follow":"follow","max-snippet":"max-snippet:-1","max-image-preview":"max-image-preview:large","max-video-preview":"max-video-preview:-1"},"canonical":"https:\/\/www.africa-press.net\/cameroun\/politique\/dementi-cavaye-yeguie-djibril-declare-quil-nest-pas-lauteur-de-correspondances-qui-lui-sont-attribuees","og_locale":"fr_FR","og_type":"article","og_title":"D\u00e9menti: Cavaye Y\u00e9gui\u00e9 Djibril d\u00e9clare qu\u2019il n\u2019est pas l\u2019auteur de correspondances qui lui sont attribu\u00e9es","og_description":"Ces dernie\u0300res semaines, des correspondances portant le nom et la signature du pre\u0301sident de l\u2019Assemble\u0301e ont circule\u0301 s ...","og_url":"https:\/\/www.africa-press.net\/cameroun\/politique\/dementi-cavaye-yeguie-djibril-declare-quil-nest-pas-lauteur-de-correspondances-qui-lui-sont-attribuees","og_site_name":"Cameroun","article_published_time":"2022-10-05T20:49:48+00:00","article_modified_time":"2022-10-05T20:50:04+00:00","og_image":[{"width":800,"height":618,"url":"https:\/\/static.africa-press.net\/cameroun\/sites\/57\/2022\/10\/img-633dede3ce2cc.jpg","type":"image\/jpeg"}],"author":"cfeditorfr","twitter_card":"summary_large_image","twitter_misc":{"\u00c9crit par":"cfeditorfr","Dur\u00e9e de lecture estim\u00e9e":"2 minutes"},"schema":{"@context":"https:\/\/schema.org","@graph":[{"@type":"Article","@id":"https:\/\/www.africa-press.net\/cameroun\/politique\/dementi-cavaye-yeguie-djibril-declare-quil-nest-pas-lauteur-de-correspondances-qui-lui-sont-attribuees#article","isPartOf":{"@id":"https:\/\/www.africa-press.net\/cameroun\/politique\/dementi-cavaye-yeguie-djibril-declare-quil-nest-pas-lauteur-de-correspondances-qui-lui-sont-attribuees"},"author":{"name":"cfeditorfr","@id":"https:\/\/www.africa-press.net\/cameroun\/#\/schema\/person\/2b1cf3cd81a31e3cd26889ca66d677f1"},"headline":"D\u00e9menti: Cavaye Y\u00e9gui\u00e9 Djibril d\u00e9clare qu\u2019il n\u2019est pas l\u2019auteur de correspondances qui lui sont attribu\u00e9es","datePublished":"2022-10-05T20:49:48+00:00","dateModified":"2022-10-05T20:50:04+00:00","mainEntityOfPage":{"@id":"https:\/\/www.africa-press.net\/cameroun\/politique\/dementi-cavaye-yeguie-djibril-declare-quil-nest-pas-lauteur-de-correspondances-qui-lui-sont-attribuees"},"wordCount":378,"commentCount":0,"image":{"@id":"https:\/\/www.africa-press.net\/cameroun\/politique\/dementi-cavaye-yeguie-djibril-declare-quil-nest-pas-lauteur-de-correspondances-qui-lui-sont-attribuees#primaryimage"},"thumbnailUrl":"https:\/\/static.africa-press.net\/cameroun\/sites\/57\/2022\/10\/img-633dede3ce2cc.jpg","keywords":["Africa Press","Africa Press-Cameroun","Cameroun"],"articleSection":["Politique","Toutes les actualit\u00e9s"],"inLanguage":"fr-FR","potentialAction":[{"@type":"CommentAction","name":"Comment","target":["https:\/\/www.africa-press.net\/cameroun\/politique\/dementi-cavaye-yeguie-djibril-declare-quil-nest-pas-lauteur-de-correspondances-qui-lui-sont-attribuees#respond"]}]},{"@type":"WebPage","@id":"https:\/\/www.africa-press.net\/cameroun\/politique\/dementi-cavaye-yeguie-djibril-declare-quil-nest-pas-lauteur-de-correspondances-qui-lui-sont-attribuees","url":"https:\/\/www.africa-press.net\/cameroun\/politique\/dementi-cavaye-yeguie-djibril-declare-quil-nest-pas-lauteur-de-correspondances-qui-lui-sont-attribuees","name":"D\u00e9menti: Cavaye Y\u00e9gui\u00e9 Djibril d\u00e9clare qu\u2019il n\u2019est pas l\u2019auteur de correspondances qui lui sont attribu\u00e9es - Cameroun","isPartOf":{"@id":"https:\/\/www.africa-press.net\/cameroun\/#website"},"primaryImageOfPage":{"@id":"https:\/\/www.africa-press.net\/cameroun\/politique\/dementi-cavaye-yeguie-djibril-declare-quil-nest-pas-lauteur-de-correspondances-qui-lui-sont-attribuees#primaryimage"},"image":{"@id":"https:\/\/www.africa-press.net\/cameroun\/politique\/dementi-cavaye-yeguie-djibril-declare-quil-nest-pas-lauteur-de-correspondances-qui-lui-sont-attribuees#primaryimage"},"thumbnailUrl":"https:\/\/static.africa-press.net\/cameroun\/sites\/57\/2022\/10\/img-633dede3ce2cc.jpg","datePublished":"2022-10-05T20:49:48+00:00","dateModified":"2022-10-05T20:50:04+00:00","author":{"@id":"https:\/\/www.africa-press.net\/cameroun\/#\/schema\/person\/2b1cf3cd81a31e3cd26889ca66d677f1"},"description":"Ces dernie\u0300res semaines, des correspondances portant le nom et la signature du pre\u0301sident de l\u2019Assemble\u0301e ont circule\u0301 s ...","breadcrumb":{"@id":"https:\/\/www.africa-press.net\/cameroun\/politique\/dementi-cavaye-yeguie-djibril-declare-quil-nest-pas-lauteur-de-correspondances-qui-lui-sont-attribuees#breadcrumb"},"inLanguage":"fr-FR","potentialAction":[{"@type":"ReadAction","target":["https:\/\/www.africa-press.net\/cameroun\/politique\/dementi-cavaye-yeguie-djibril-declare-quil-nest-pas-lauteur-de-correspondances-qui-lui-sont-attribuees"]}]},{"@type":"ImageObject","inLanguage":"fr-FR","@id":"https:\/\/www.africa-press.net\/cameroun\/politique\/dementi-cavaye-yeguie-djibril-declare-quil-nest-pas-lauteur-de-correspondances-qui-lui-sont-attribuees#primaryimage","url":"https:\/\/static.africa-press.net\/cameroun\/sites\/57\/2022\/10\/img-633dede3ce2cc.jpg","contentUrl":"https:\/\/static.africa-press.net\/cameroun\/sites\/57\/2022\/10\/img-633dede3ce2cc.jpg","width":800,"height":618,"caption":"D\u00e9menti: Cavaye Y\u00e9gui\u00e9 Djibril d\u00e9clare qu\u2019il n\u2019est pas l\u2019auteur de correspondances qui lui sont attribu\u00e9es"},{"@type":"BreadcrumbList","@id":"https:\/\/www.africa-press.net\/cameroun\/politique\/dementi-cavaye-yeguie-djibril-declare-quil-nest-pas-lauteur-de-correspondances-qui-lui-sont-attribuees#breadcrumb","itemListElement":[{"@type":"ListItem","position":1,"name":"Accueil","item":"https:\/\/www.africa-press.net\/cameroun\/"},{"@type":"ListItem","position":2,"name":"D\u00e9menti: Cavaye Y\u00e9gui\u00e9 Djibril d\u00e9clare qu\u2019il n\u2019est pas l\u2019auteur de correspondances qui lui sont attribu\u00e9es"}]},{"@type":"WebSite","@id":"https:\/\/www.africa-press.net\/cameroun\/#website","url":"https:\/\/www.africa-press.net\/cameroun\/","name":"Cameroun","description":"Just another Africa News Agency Sites site","potentialAction":[{"@type":"SearchAction","target":{"@type":"EntryPoint","urlTemplate":"https:\/\/www.africa-press.net\/cameroun\/?s={search_term_string}"},"query-input":{"@type":"PropertyValueSpecification","valueRequired":true,"valueName":"search_term_string"}}],"inLanguage":"fr-FR"},{"@type":"Person","@id":"https:\/\/www.africa-press.net\/cameroun\/#\/schema\/person\/2b1cf3cd81a31e3cd26889ca66d677f1","name":"cfeditorfr"}]}},"_links":{"self":[{"href":"https:\/\/www.africa-press.net\/cameroun\/wp-json\/wp\/v2\/posts\/28775","targetHints":{"allow":["GET"]}}],"collection":[{"href":"https:\/\/www.africa-press.net\/cameroun\/wp-json\/wp\/v2\/posts"}],"about":[{"href":"https:\/\/www.africa-press.net\/cameroun\/wp-json\/wp\/v2\/types\/post"}],"author":[{"embeddable":true,"href":"https:\/\/www.africa-press.net\/cameroun\/wp-json\/wp\/v2\/users\/82"}],"replies":[{"embeddable":true,"href":"https:\/\/www.africa-press.net\/cameroun\/wp-json\/wp\/v2\/comments?post=28775"}],"version-history":[{"count":0,"href":"https:\/\/www.africa-press.net\/cameroun\/wp-json\/wp\/v2\/posts\/28775\/revisions"}],"wp:featuredmedia":[{"embeddable":true,"href":"https:\/\/www.africa-press.net\/cameroun\/wp-json\/wp\/v2\/media\/28774"}],"wp:attachment":[{"href":"https:\/\/www.africa-press.net\/cameroun\/wp-json\/wp\/v2\/media?parent=28775"}],"wp:term":[{"taxonomy":"category","embeddable":true,"href":"https:\/\/www.africa-press.net\/cameroun\/wp-json\/wp\/v2\/categories?post=28775"},{"taxonomy":"post_tag","embeddable":true,"href":"https:\/\/www.africa-press.net\/cameroun\/wp-json\/wp\/v2\/tags?post=28775"}],"curies":[{"name":"wp","href":"https:\/\/api.w.org\/{rel}","templated":true}]}}