{"id":28781,"date":"2022-10-05T18:09:59","date_gmt":"2022-10-05T18:09:59","guid":{"rendered":"https:\/\/www.africa-press.net\/cameroun\/politique\/grogne-les-ex-combattants-separatistes-manifestent-a-buea-sud-ouest"},"modified":"2022-10-05T20:51:13","modified_gmt":"2022-10-05T20:51:13","slug":"grogne-les-ex-combattants-separatistes-manifestent-a-buea-sud-ouest","status":"publish","type":"post","link":"https:\/\/www.africa-press.net\/cameroun\/politique\/grogne-les-ex-combattants-separatistes-manifestent-a-buea-sud-ouest","title":{"rendered":"Grogne: Les ex combattants s\u00e9paratistes  manifestent \u00e0 Buea (Sud-Ouest)"},"content":{"rendered":"<p><span style=\"color: #ff6600\"><strong>Africa-Press &#8211; Cameroun. <\/strong><\/span>Nouvel acce\u0300s de cole\u0300re chez les anciens combattants se\u0301paratistes regroupe\u0301s au centre re\u0301gional du comite\u0301 national de de\u0301sarmement, de de\u0301mobilisation et de re\u0301inte\u0301gration antenne de Buea depuis trois ans. Ils ont manifeste\u0301 mardi matin devant leur logis pour protester notamment contre la lenteur du processus de re\u0301insertion sociale dont ils doivent be\u0301ne\u0301ficier.<\/p>\n<p>\u00ab Entre temps c\u0327a ne nous arrange pas au Centre. Le proble\u0300me n\u2019est pas l\u2019argent, mais la dure\u0301e de notre se\u0301jour au centre est a\u0300 l\u2019exce\u0300s. Les ex combattants du DDR de Buea veulent leur re\u0301inte\u0301gration dans la socie\u0301te\u0301. Nous sommes fatigue\u0301s de rester dans ce milieu pendant tout ce temps, toutes ces anne\u0301es apre\u0300s le Grand Dialogue National. \u00bb, explique Nguni Ce\u0301lestin Yannick au micro d\u2019Equinoxe Te\u0301le\u0301vision. Ils se disent me\u0301contents de savoir que l\u2019on pense plus au budget alloue\u0301 a\u0300 l\u2019entretien de leur centre (130 millions de FCFA selon Nguni) qu\u2019a\u0300 leur re\u0301insertion.<\/p>\n<p>Ce n\u2019est pas la premie\u0300re fois que les pensionnaires du centre DDR de Buea font du bruit. En 2021, ils avaient manifeste\u0301 a\u0300 trois reprises en trois mois. Ils re\u0301clamaient par exemple l\u2019ame\u0301lioration de leurs conditions de vie. La cre\u0301ation de nouveaux centres multifonctionnels, annonce\u0301e dans la foule\u0301e devait permettre aux repentis issus des groupes arme\u0301s d\u2019apprendre un me\u0301tier afin de se re\u0301inse\u0301rer dans la socie\u0301te\u0301.<\/p>\n<p>Le Comite\u0301 national de de\u0301sarmement, de\u0301mobilisation et re\u0301inte\u0301gration (CNDDR) a e\u0301te\u0301 cre\u0301e\u0301 par de\u0301cret du pre\u0301sident de la Re\u0301publique du Cameroun le 30 novembre 2018. Place\u0301 sous l&rsquo;autorite\u0301 du Premier ministre, il a son sie\u0300ge a\u0300 Yaounde\u0301. Ses premiers Centres re\u0301gionaux ont e\u0301te\u0301 cre\u0301e\u0301s a\u0300 Bamenda, Bue\u0301a et Mora. Le Comite\u0301 a pour mission d&rsquo;organiser, d&rsquo;encadrer et de ge\u0301rer le de\u0301sarmement, la de\u0301mobilisation et la re\u0301inte\u0301gration des ex-combattants du Boko Haram et des groupes arme\u0301s des Re\u0301gions du Nord-Ouest et du Sud-Ouest de\u0301sireux de re\u0301pondre favorablement a\u0300 l&rsquo;offre de paix du Chef de l&rsquo;Etat en de\u0301posant les armes. II est dirige\u0301 par l\u2019ancien gouverneur Fai\u0308 Yengo Francis.<\/p>\n<p><strong>Pour plus d&rsquo;informations et d&rsquo;analyses sur la <a href=\"https:\/\/www.africa-press.net\/cameroun\">Cameroun<\/a>, suivez <a href=\"https:\/\/www.africa-press.net\/\">Africa-Press<\/a><\/strong><\/p>\n","protected":false},"excerpt":{"rendered":"<p>Africa-Press &#8211; Cameroun. Nouvel acce\u0300s de cole\u0300re chez les anciens combattants se\u0301paratistes regroupe\u0301s au centre re\u0301gional du comite\u0301 national de de\u0301sarmement, de de\u0301mobilisation et de re\u0301inte\u0301gration antenne de Buea depuis trois ans. Ils ont manifeste\u0301 mardi matin devant leur logis pour protester notamment contre la lenteur du processus de re\u0301insertion sociale dont ils doivent be\u0301ne\u0301ficier. [&hellip;]<\/p>\n","protected":false},"author":82,"featured_media":28780,"comment_status":"open","ping_status":"closed","sticky":false,"template":"","format":"standard","meta":{"footnotes":""},"categories":[2,10],"tags":[36,50,49],"class_list":["post-28781","post","type-post","status-publish","format-standard","has-post-thumbnail","hentry","category-politique","category-toutes-les-actualites","tag-africa-press","tag-africa-press-cameroun","tag-cameroun"],"yoast_head":"<!-- This site is optimized with the Yoast SEO Premium plugin v26.1 (Yoast SEO v27.0) - https:\/\/yoast.com\/product\/yoast-seo-premium-wordpress\/ -->\n<title>Grogne: Les ex combattants s\u00e9paratistes manifestent \u00e0 Buea (Sud-Ouest) - Cameroun<\/title>\n<meta name=\"description\" content=\"Nouvel acce\u0300s de cole\u0300re chez les anciens combattants se\u0301paratistes regroupe\u0301s au centre re\u0301gional du comite\u0301 national d ...\" \/>\n<meta name=\"robots\" content=\"index, follow, max-snippet:-1, max-image-preview:large, max-video-preview:-1\" \/>\n<link rel=\"canonical\" href=\"https:\/\/www.africa-press.net\/cameroun\/politique\/grogne-les-ex-combattants-separatistes-manifestent-a-buea-sud-ouest\" \/>\n<meta property=\"og:locale\" content=\"fr_FR\" \/>\n<meta property=\"og:type\" content=\"article\" \/>\n<meta property=\"og:title\" content=\"Grogne: Les ex combattants s\u00e9paratistes manifestent \u00e0 Buea (Sud-Ouest)\" \/>\n<meta property=\"og:description\" content=\"Nouvel acce\u0300s de cole\u0300re chez les anciens combattants se\u0301paratistes regroupe\u0301s au centre re\u0301gional du comite\u0301 national d ...\" \/>\n<meta property=\"og:url\" content=\"https:\/\/www.africa-press.net\/cameroun\/politique\/grogne-les-ex-combattants-separatistes-manifestent-a-buea-sud-ouest\" \/>\n<meta property=\"og:site_name\" content=\"Cameroun\" \/>\n<meta property=\"article:published_time\" content=\"2022-10-05T18:09:59+00:00\" \/>\n<meta property=\"article:modified_time\" content=\"2022-10-05T20:51:13+00:00\" \/>\n<meta property=\"og:image\" content=\"https:\/\/static.africa-press.net\/cameroun\/sites\/57\/2022\/10\/img-633dee2a6a3c6.jpg\" \/>\n\t<meta property=\"og:image:width\" content=\"800\" \/>\n\t<meta property=\"og:image:height\" content=\"440\" \/>\n\t<meta property=\"og:image:type\" content=\"image\/jpeg\" \/>\n<meta name=\"author\" content=\"cfeditorfr\" \/>\n<meta name=\"twitter:card\" content=\"summary_large_image\" \/>\n<meta name=\"twitter:label1\" content=\"\u00c9crit par\" \/>\n\t<meta name=\"twitter:data1\" content=\"cfeditorfr\" \/>\n\t<meta name=\"twitter:label2\" content=\"Dur\u00e9e de lecture estim\u00e9e\" \/>\n\t<meta name=\"twitter:data2\" content=\"2 minutes\" \/>\n<script type=\"application\/ld+json\" class=\"yoast-schema-graph\">{\"@context\":\"https:\/\/schema.org\",\"@graph\":[{\"@type\":\"Article\",\"@id\":\"https:\/\/www.africa-press.net\/cameroun\/politique\/grogne-les-ex-combattants-separatistes-manifestent-a-buea-sud-ouest#article\",\"isPartOf\":{\"@id\":\"https:\/\/www.africa-press.net\/cameroun\/politique\/grogne-les-ex-combattants-separatistes-manifestent-a-buea-sud-ouest\"},\"author\":{\"name\":\"cfeditorfr\",\"@id\":\"https:\/\/www.africa-press.net\/cameroun\/#\/schema\/person\/2b1cf3cd81a31e3cd26889ca66d677f1\"},\"headline\":\"Grogne: Les ex combattants s\u00e9paratistes manifestent \u00e0 Buea (Sud-Ouest)\",\"datePublished\":\"2022-10-05T18:09:59+00:00\",\"dateModified\":\"2022-10-05T20:51:13+00:00\",\"mainEntityOfPage\":{\"@id\":\"https:\/\/www.africa-press.net\/cameroun\/politique\/grogne-les-ex-combattants-separatistes-manifestent-a-buea-sud-ouest\"},\"wordCount\":418,\"commentCount\":0,\"image\":{\"@id\":\"https:\/\/www.africa-press.net\/cameroun\/politique\/grogne-les-ex-combattants-separatistes-manifestent-a-buea-sud-ouest#primaryimage\"},\"thumbnailUrl\":\"https:\/\/static.africa-press.net\/cameroun\/sites\/57\/2022\/10\/img-633dee2a6a3c6.jpg\",\"keywords\":[\"Africa Press\",\"Africa Press-Cameroun\",\"Cameroun\"],\"articleSection\":[\"Politique\",\"Toutes les actualit\u00e9s\"],\"inLanguage\":\"fr-FR\",\"potentialAction\":[{\"@type\":\"CommentAction\",\"name\":\"Comment\",\"target\":[\"https:\/\/www.africa-press.net\/cameroun\/politique\/grogne-les-ex-combattants-separatistes-manifestent-a-buea-sud-ouest#respond\"]}]},{\"@type\":\"WebPage\",\"@id\":\"https:\/\/www.africa-press.net\/cameroun\/politique\/grogne-les-ex-combattants-separatistes-manifestent-a-buea-sud-ouest\",\"url\":\"https:\/\/www.africa-press.net\/cameroun\/politique\/grogne-les-ex-combattants-separatistes-manifestent-a-buea-sud-ouest\",\"name\":\"Grogne: Les ex combattants s\u00e9paratistes manifestent \u00e0 Buea (Sud-Ouest) - Cameroun\",\"isPartOf\":{\"@id\":\"https:\/\/www.africa-press.net\/cameroun\/#website\"},\"primaryImageOfPage\":{\"@id\":\"https:\/\/www.africa-press.net\/cameroun\/politique\/grogne-les-ex-combattants-separatistes-manifestent-a-buea-sud-ouest#primaryimage\"},\"image\":{\"@id\":\"https:\/\/www.africa-press.net\/cameroun\/politique\/grogne-les-ex-combattants-separatistes-manifestent-a-buea-sud-ouest#primaryimage\"},\"thumbnailUrl\":\"https:\/\/static.africa-press.net\/cameroun\/sites\/57\/2022\/10\/img-633dee2a6a3c6.jpg\",\"datePublished\":\"2022-10-05T18:09:59+00:00\",\"dateModified\":\"2022-10-05T20:51:13+00:00\",\"author\":{\"@id\":\"https:\/\/www.africa-press.net\/cameroun\/#\/schema\/person\/2b1cf3cd81a31e3cd26889ca66d677f1\"},\"description\":\"Nouvel acce\u0300s de cole\u0300re chez les anciens combattants se\u0301paratistes regroupe\u0301s au centre re\u0301gional du comite\u0301 national d ...\",\"breadcrumb\":{\"@id\":\"https:\/\/www.africa-press.net\/cameroun\/politique\/grogne-les-ex-combattants-separatistes-manifestent-a-buea-sud-ouest#breadcrumb\"},\"inLanguage\":\"fr-FR\",\"potentialAction\":[{\"@type\":\"ReadAction\",\"target\":[\"https:\/\/www.africa-press.net\/cameroun\/politique\/grogne-les-ex-combattants-separatistes-manifestent-a-buea-sud-ouest\"]}]},{\"@type\":\"ImageObject\",\"inLanguage\":\"fr-FR\",\"@id\":\"https:\/\/www.africa-press.net\/cameroun\/politique\/grogne-les-ex-combattants-separatistes-manifestent-a-buea-sud-ouest#primaryimage\",\"url\":\"https:\/\/static.africa-press.net\/cameroun\/sites\/57\/2022\/10\/img-633dee2a6a3c6.jpg\",\"contentUrl\":\"https:\/\/static.africa-press.net\/cameroun\/sites\/57\/2022\/10\/img-633dee2a6a3c6.jpg\",\"width\":800,\"height\":440,\"caption\":\"Grogne: Les ex combattants s\u00e9paratistes manifestent \u00e0 Buea (Sud-Ouest)\"},{\"@type\":\"BreadcrumbList\",\"@id\":\"https:\/\/www.africa-press.net\/cameroun\/politique\/grogne-les-ex-combattants-separatistes-manifestent-a-buea-sud-ouest#breadcrumb\",\"itemListElement\":[{\"@type\":\"ListItem\",\"position\":1,\"name\":\"Accueil\",\"item\":\"https:\/\/www.africa-press.net\/cameroun\/\"},{\"@type\":\"ListItem\",\"position\":2,\"name\":\"Grogne: Les ex combattants s\u00e9paratistes manifestent \u00e0 Buea (Sud-Ouest)\"}]},{\"@type\":\"WebSite\",\"@id\":\"https:\/\/www.africa-press.net\/cameroun\/#website\",\"url\":\"https:\/\/www.africa-press.net\/cameroun\/\",\"name\":\"Cameroun\",\"description\":\"Just another Africa News Agency Sites site\",\"potentialAction\":[{\"@type\":\"SearchAction\",\"target\":{\"@type\":\"EntryPoint\",\"urlTemplate\":\"https:\/\/www.africa-press.net\/cameroun\/?s={search_term_string}\"},\"query-input\":{\"@type\":\"PropertyValueSpecification\",\"valueRequired\":true,\"valueName\":\"search_term_string\"}}],\"inLanguage\":\"fr-FR\"},{\"@type\":\"Person\",\"@id\":\"https:\/\/www.africa-press.net\/cameroun\/#\/schema\/person\/2b1cf3cd81a31e3cd26889ca66d677f1\",\"name\":\"cfeditorfr\"}]}<\/script>\n<!-- \/ Yoast SEO Premium plugin. -->","yoast_head_json":{"title":"Grogne: Les ex combattants s\u00e9paratistes manifestent \u00e0 Buea (Sud-Ouest) - Cameroun","description":"Nouvel acce\u0300s de cole\u0300re chez les anciens combattants se\u0301paratistes regroupe\u0301s au centre re\u0301gional du comite\u0301 national d ...","robots":{"index":"index","follow":"follow","max-snippet":"max-snippet:-1","max-image-preview":"max-image-preview:large","max-video-preview":"max-video-preview:-1"},"canonical":"https:\/\/www.africa-press.net\/cameroun\/politique\/grogne-les-ex-combattants-separatistes-manifestent-a-buea-sud-ouest","og_locale":"fr_FR","og_type":"article","og_title":"Grogne: Les ex combattants s\u00e9paratistes manifestent \u00e0 Buea (Sud-Ouest)","og_description":"Nouvel acce\u0300s de cole\u0300re chez les anciens combattants se\u0301paratistes regroupe\u0301s au centre re\u0301gional du comite\u0301 national d ...","og_url":"https:\/\/www.africa-press.net\/cameroun\/politique\/grogne-les-ex-combattants-separatistes-manifestent-a-buea-sud-ouest","og_site_name":"Cameroun","article_published_time":"2022-10-05T18:09:59+00:00","article_modified_time":"2022-10-05T20:51:13+00:00","og_image":[{"width":800,"height":440,"url":"https:\/\/static.africa-press.net\/cameroun\/sites\/57\/2022\/10\/img-633dee2a6a3c6.jpg","type":"image\/jpeg"}],"author":"cfeditorfr","twitter_card":"summary_large_image","twitter_misc":{"\u00c9crit par":"cfeditorfr","Dur\u00e9e de lecture estim\u00e9e":"2 minutes"},"schema":{"@context":"https:\/\/schema.org","@graph":[{"@type":"Article","@id":"https:\/\/www.africa-press.net\/cameroun\/politique\/grogne-les-ex-combattants-separatistes-manifestent-a-buea-sud-ouest#article","isPartOf":{"@id":"https:\/\/www.africa-press.net\/cameroun\/politique\/grogne-les-ex-combattants-separatistes-manifestent-a-buea-sud-ouest"},"author":{"name":"cfeditorfr","@id":"https:\/\/www.africa-press.net\/cameroun\/#\/schema\/person\/2b1cf3cd81a31e3cd26889ca66d677f1"},"headline":"Grogne: Les ex combattants s\u00e9paratistes manifestent \u00e0 Buea (Sud-Ouest)","datePublished":"2022-10-05T18:09:59+00:00","dateModified":"2022-10-05T20:51:13+00:00","mainEntityOfPage":{"@id":"https:\/\/www.africa-press.net\/cameroun\/politique\/grogne-les-ex-combattants-separatistes-manifestent-a-buea-sud-ouest"},"wordCount":418,"commentCount":0,"image":{"@id":"https:\/\/www.africa-press.net\/cameroun\/politique\/grogne-les-ex-combattants-separatistes-manifestent-a-buea-sud-ouest#primaryimage"},"thumbnailUrl":"https:\/\/static.africa-press.net\/cameroun\/sites\/57\/2022\/10\/img-633dee2a6a3c6.jpg","keywords":["Africa Press","Africa Press-Cameroun","Cameroun"],"articleSection":["Politique","Toutes les actualit\u00e9s"],"inLanguage":"fr-FR","potentialAction":[{"@type":"CommentAction","name":"Comment","target":["https:\/\/www.africa-press.net\/cameroun\/politique\/grogne-les-ex-combattants-separatistes-manifestent-a-buea-sud-ouest#respond"]}]},{"@type":"WebPage","@id":"https:\/\/www.africa-press.net\/cameroun\/politique\/grogne-les-ex-combattants-separatistes-manifestent-a-buea-sud-ouest","url":"https:\/\/www.africa-press.net\/cameroun\/politique\/grogne-les-ex-combattants-separatistes-manifestent-a-buea-sud-ouest","name":"Grogne: Les ex combattants s\u00e9paratistes manifestent \u00e0 Buea (Sud-Ouest) - Cameroun","isPartOf":{"@id":"https:\/\/www.africa-press.net\/cameroun\/#website"},"primaryImageOfPage":{"@id":"https:\/\/www.africa-press.net\/cameroun\/politique\/grogne-les-ex-combattants-separatistes-manifestent-a-buea-sud-ouest#primaryimage"},"image":{"@id":"https:\/\/www.africa-press.net\/cameroun\/politique\/grogne-les-ex-combattants-separatistes-manifestent-a-buea-sud-ouest#primaryimage"},"thumbnailUrl":"https:\/\/static.africa-press.net\/cameroun\/sites\/57\/2022\/10\/img-633dee2a6a3c6.jpg","datePublished":"2022-10-05T18:09:59+00:00","dateModified":"2022-10-05T20:51:13+00:00","author":{"@id":"https:\/\/www.africa-press.net\/cameroun\/#\/schema\/person\/2b1cf3cd81a31e3cd26889ca66d677f1"},"description":"Nouvel acce\u0300s de cole\u0300re chez les anciens combattants se\u0301paratistes regroupe\u0301s au centre re\u0301gional du comite\u0301 national d ...","breadcrumb":{"@id":"https:\/\/www.africa-press.net\/cameroun\/politique\/grogne-les-ex-combattants-separatistes-manifestent-a-buea-sud-ouest#breadcrumb"},"inLanguage":"fr-FR","potentialAction":[{"@type":"ReadAction","target":["https:\/\/www.africa-press.net\/cameroun\/politique\/grogne-les-ex-combattants-separatistes-manifestent-a-buea-sud-ouest"]}]},{"@type":"ImageObject","inLanguage":"fr-FR","@id":"https:\/\/www.africa-press.net\/cameroun\/politique\/grogne-les-ex-combattants-separatistes-manifestent-a-buea-sud-ouest#primaryimage","url":"https:\/\/static.africa-press.net\/cameroun\/sites\/57\/2022\/10\/img-633dee2a6a3c6.jpg","contentUrl":"https:\/\/static.africa-press.net\/cameroun\/sites\/57\/2022\/10\/img-633dee2a6a3c6.jpg","width":800,"height":440,"caption":"Grogne: Les ex combattants s\u00e9paratistes manifestent \u00e0 Buea (Sud-Ouest)"},{"@type":"BreadcrumbList","@id":"https:\/\/www.africa-press.net\/cameroun\/politique\/grogne-les-ex-combattants-separatistes-manifestent-a-buea-sud-ouest#breadcrumb","itemListElement":[{"@type":"ListItem","position":1,"name":"Accueil","item":"https:\/\/www.africa-press.net\/cameroun\/"},{"@type":"ListItem","position":2,"name":"Grogne: Les ex combattants s\u00e9paratistes manifestent \u00e0 Buea (Sud-Ouest)"}]},{"@type":"WebSite","@id":"https:\/\/www.africa-press.net\/cameroun\/#website","url":"https:\/\/www.africa-press.net\/cameroun\/","name":"Cameroun","description":"Just another Africa News Agency Sites site","potentialAction":[{"@type":"SearchAction","target":{"@type":"EntryPoint","urlTemplate":"https:\/\/www.africa-press.net\/cameroun\/?s={search_term_string}"},"query-input":{"@type":"PropertyValueSpecification","valueRequired":true,"valueName":"search_term_string"}}],"inLanguage":"fr-FR"},{"@type":"Person","@id":"https:\/\/www.africa-press.net\/cameroun\/#\/schema\/person\/2b1cf3cd81a31e3cd26889ca66d677f1","name":"cfeditorfr"}]}},"_links":{"self":[{"href":"https:\/\/www.africa-press.net\/cameroun\/wp-json\/wp\/v2\/posts\/28781","targetHints":{"allow":["GET"]}}],"collection":[{"href":"https:\/\/www.africa-press.net\/cameroun\/wp-json\/wp\/v2\/posts"}],"about":[{"href":"https:\/\/www.africa-press.net\/cameroun\/wp-json\/wp\/v2\/types\/post"}],"author":[{"embeddable":true,"href":"https:\/\/www.africa-press.net\/cameroun\/wp-json\/wp\/v2\/users\/82"}],"replies":[{"embeddable":true,"href":"https:\/\/www.africa-press.net\/cameroun\/wp-json\/wp\/v2\/comments?post=28781"}],"version-history":[{"count":0,"href":"https:\/\/www.africa-press.net\/cameroun\/wp-json\/wp\/v2\/posts\/28781\/revisions"}],"wp:featuredmedia":[{"embeddable":true,"href":"https:\/\/www.africa-press.net\/cameroun\/wp-json\/wp\/v2\/media\/28780"}],"wp:attachment":[{"href":"https:\/\/www.africa-press.net\/cameroun\/wp-json\/wp\/v2\/media?parent=28781"}],"wp:term":[{"taxonomy":"category","embeddable":true,"href":"https:\/\/www.africa-press.net\/cameroun\/wp-json\/wp\/v2\/categories?post=28781"},{"taxonomy":"post_tag","embeddable":true,"href":"https:\/\/www.africa-press.net\/cameroun\/wp-json\/wp\/v2\/tags?post=28781"}],"curies":[{"name":"wp","href":"https:\/\/api.w.org\/{rel}","templated":true}]}}