{"id":2879,"date":"2021-04-30T19:46:59","date_gmt":"2021-04-30T19:46:59","guid":{"rendered":"https:\/\/www.africa-press.net\/cameroun\/politique\/cameroun-covid-19-plus-de-1100-morts-deja-enregistres-au-cameroun"},"modified":"2021-04-30T21:15:10","modified_gmt":"2021-04-30T21:15:10","slug":"cameroun-covid-19-plus-de-1100-morts-deja-enregistres-au-cameroun","status":"publish","type":"post","link":"https:\/\/www.africa-press.net\/cameroun\/toutes-les-actualites\/cameroun-covid-19-plus-de-1100-morts-deja-enregistres-au-cameroun","title":{"rendered":"Cameroun  &#8211; COVID-19: Plus de 1100 morts d\u00e9j\u00e0 enregistr\u00e9s au Cameroun !"},"content":{"rendered":"<p><span style=\"color: #ff6600\"><strong><a href=\"https:\/\/www.africa-press.net\/\">Africa-Press<\/a> &#8211; <a href=\"https:\/\/www.africa-press.net\/cameroun\">Cameroun<\/a>. <\/strong><\/span>Selon les derniers chiffres publi\u00e9s au cours d\u2019un Conseil de Cabinet, tenu le 29 avril 2021 \u00e0 Yaound\u00e9, 1107 personnes sont mortes des suites de COVID-19 au Cameroun depuis le premier cas dans notre pays en mars 2020.<\/p>\n<p>La situation \u00e9pid\u00e9miologique \u00e0 date fait \u00e9tat de 72 200 cas d\u00e9clar\u00e9s, dont 3518 malades actifs. 142 malades sont actuellement pris en charge dans les centres agr\u00e9\u00e9s, parmi lesquels 89 sous oxyg\u00e9nation. Le Centre, le Littoral et l\u2019Ouest restent les r\u00e9gions les plus touch\u00e9es.<\/p>\n<p><b>Baisse des d\u00e9c\u00e8s<\/b><\/p>\n<p>Au terme du Conseil de Cabinet sus \u00e9voqu\u00e9, le ministre de la Sant\u00e9 Publique s\u2019est voulu rassurant, indiquant une diminution du nombre de d\u00e9c\u00e8s depuis quelques jours.<\/p>\n<p><b>\u00abLe taux de positivit\u00e9 que nous avions un peu plus haut il y a trois semaines a baiss\u00e9. Les d\u00e9c\u00e8s ont baiss\u00e9 et donc nous constatons sur l\u2019ensemble du territoire, une sorte de stabilisation de la situation. Pour nous qui sommes les plus optimistes, nous disons m\u00eame que nous descendons m\u00eame un peu dans cette 2e vague\u00bb<\/b><\/p>\n<p>, a d\u00e9clar\u00e9 Malachie Manaouda \u00e0 l\u2019issue de la r\u00e9union.<\/p>\n<p>Illustration de cette baisse, l\u2019affluence au d\u00e9sormais tristement c\u00e9l\u00e8bre centre Orca \u00e0 Yaound\u00e9. \u00abNous sommes partis de 250-260 \u00e0 aujourd\u2019hui 53 personnes intern\u00e9es \u00e0 Orca\u00bb, s\u2019est r\u00e9joui le ministre de la Sant\u00e9 Publique.<\/p>\n<p>Ces nouvelles rassurantes interviennent alors que le Cameroun a r\u00e9cemment lanc\u00e9 une campagne de vaccination contre la maladie. A en croire M. Manaouda, plus de 11 000 personnes ont d\u00e9j\u00e0 re\u00e7u une dose de l\u2019un des trois vaccins valid\u00e9s par les autorit\u00e9s. Notamment Sinopharm, AstraZeneca et Spoutnik 5.<\/p>\n<p>Toutefois, le MINSANTE appelle au maintien de la vigilance. \u00abNous voulons \u00eatre un peu plus vigilant. Nos \u00e9quipes sur le terrain continuent \u00e0 renforcer la surveillance \u00e9pid\u00e9miologique des cas, \u00e0 renforcer la formation pour une prise en charge optimale des cas s\u00e9v\u00e8res et critiques\u00bb a dit le membre du gouvernement.<\/p>\n","protected":false},"excerpt":{"rendered":"<p>Africa-Press &#8211; Cameroun. Selon les derniers chiffres publi\u00e9s au cours d\u2019un Conseil de Cabinet, tenu le 29 avril 2021 \u00e0 Yaound\u00e9, 1107 personnes sont mortes des suites de COVID-19 au Cameroun depuis le premier cas dans notre pays en mars 2020. La situation \u00e9pid\u00e9miologique \u00e0 date fait \u00e9tat de 72 200 cas d\u00e9clar\u00e9s, dont 3518 [&hellip;]<\/p>\n","protected":false},"author":82,"featured_media":2878,"comment_status":"open","ping_status":"closed","sticky":false,"template":"","format":"standard","meta":{"footnotes":""},"categories":[21,11,20,10],"tags":[36,50,49],"class_list":["post-2879","post","type-post","status-publish","format-standard","has-post-thumbnail","hentry","category-communaute","category-homepage-french","category-top-nouvelles","category-toutes-les-actualites","tag-africa-press","tag-africa-press-cameroun","tag-cameroun"],"yoast_head":"<!-- This site is optimized with the Yoast SEO Premium plugin v26.1 (Yoast SEO v27.0) - https:\/\/yoast.com\/product\/yoast-seo-premium-wordpress\/ -->\n<title>Cameroun - COVID-19: Plus de 1100 morts d\u00e9j\u00e0 enregistr\u00e9s au Cameroun ! - Cameroun<\/title>\n<meta name=\"description\" content=\"Selon les derniers chiffres publi\u00e9s au cours d\u2019un Conseil de Cabinet, tenu le 29 avril 2021 \u00e0 Yaound\u00e9, 1107 personnes so ...\" \/>\n<meta name=\"robots\" content=\"index, follow, max-snippet:-1, max-image-preview:large, max-video-preview:-1\" \/>\n<link rel=\"canonical\" href=\"https:\/\/www.africa-press.net\/cameroun\/toutes-les-actualites\/cameroun-covid-19-plus-de-1100-morts-deja-enregistres-au-cameroun\" \/>\n<meta property=\"og:locale\" content=\"fr_FR\" \/>\n<meta property=\"og:type\" content=\"article\" \/>\n<meta property=\"og:title\" content=\"Cameroun - COVID-19: Plus de 1100 morts d\u00e9j\u00e0 enregistr\u00e9s au Cameroun !\" \/>\n<meta property=\"og:description\" content=\"Selon les derniers chiffres publi\u00e9s au cours d\u2019un Conseil de Cabinet, tenu le 29 avril 2021 \u00e0 Yaound\u00e9, 1107 personnes so ...\" \/>\n<meta property=\"og:url\" content=\"https:\/\/www.africa-press.net\/cameroun\/toutes-les-actualites\/cameroun-covid-19-plus-de-1100-morts-deja-enregistres-au-cameroun\" \/>\n<meta property=\"og:site_name\" content=\"Cameroun\" \/>\n<meta property=\"article:published_time\" content=\"2021-04-30T19:46:59+00:00\" \/>\n<meta property=\"article:modified_time\" content=\"2021-04-30T21:15:10+00:00\" \/>\n<meta property=\"og:image\" content=\"https:\/\/static.africa-press.net\/cameroun\/sites\/57\/2021\/04\/img-608c73480e32a.jpg\" \/>\n\t<meta property=\"og:image:width\" content=\"800\" \/>\n\t<meta property=\"og:image:height\" content=\"515\" \/>\n\t<meta property=\"og:image:type\" content=\"image\/jpeg\" \/>\n<meta name=\"author\" content=\"cfeditorfr\" \/>\n<meta name=\"twitter:card\" content=\"summary_large_image\" \/>\n<meta name=\"twitter:label1\" content=\"\u00c9crit par\" \/>\n\t<meta name=\"twitter:data1\" content=\"cfeditorfr\" \/>\n\t<meta name=\"twitter:label2\" content=\"Dur\u00e9e de lecture estim\u00e9e\" \/>\n\t<meta name=\"twitter:data2\" content=\"2 minutes\" \/>\n<script type=\"application\/ld+json\" class=\"yoast-schema-graph\">{\"@context\":\"https:\/\/schema.org\",\"@graph\":[{\"@type\":\"Article\",\"@id\":\"https:\/\/www.africa-press.net\/cameroun\/toutes-les-actualites\/cameroun-covid-19-plus-de-1100-morts-deja-enregistres-au-cameroun#article\",\"isPartOf\":{\"@id\":\"https:\/\/www.africa-press.net\/cameroun\/toutes-les-actualites\/cameroun-covid-19-plus-de-1100-morts-deja-enregistres-au-cameroun\"},\"author\":{\"name\":\"cfeditorfr\",\"@id\":\"https:\/\/www.africa-press.net\/cameroun\/#\/schema\/person\/2b1cf3cd81a31e3cd26889ca66d677f1\"},\"headline\":\"Cameroun &#8211; COVID-19: Plus de 1100 morts d\u00e9j\u00e0 enregistr\u00e9s au Cameroun !\",\"datePublished\":\"2021-04-30T19:46:59+00:00\",\"dateModified\":\"2021-04-30T21:15:10+00:00\",\"mainEntityOfPage\":{\"@id\":\"https:\/\/www.africa-press.net\/cameroun\/toutes-les-actualites\/cameroun-covid-19-plus-de-1100-morts-deja-enregistres-au-cameroun\"},\"wordCount\":343,\"commentCount\":0,\"image\":{\"@id\":\"https:\/\/www.africa-press.net\/cameroun\/toutes-les-actualites\/cameroun-covid-19-plus-de-1100-morts-deja-enregistres-au-cameroun#primaryimage\"},\"thumbnailUrl\":\"https:\/\/static.africa-press.net\/cameroun\/sites\/57\/2021\/04\/img-608c73480e32a.jpg\",\"keywords\":[\"Africa Press\",\"Africa Press-Cameroun\",\"Cameroun\"],\"articleSection\":[\"Communaut\u00e9\",\"homepage-french\",\"Top Nouvelles\",\"Toutes les actualit\u00e9s\"],\"inLanguage\":\"fr-FR\",\"potentialAction\":[{\"@type\":\"CommentAction\",\"name\":\"Comment\",\"target\":[\"https:\/\/www.africa-press.net\/cameroun\/toutes-les-actualites\/cameroun-covid-19-plus-de-1100-morts-deja-enregistres-au-cameroun#respond\"]}]},{\"@type\":\"WebPage\",\"@id\":\"https:\/\/www.africa-press.net\/cameroun\/toutes-les-actualites\/cameroun-covid-19-plus-de-1100-morts-deja-enregistres-au-cameroun\",\"url\":\"https:\/\/www.africa-press.net\/cameroun\/toutes-les-actualites\/cameroun-covid-19-plus-de-1100-morts-deja-enregistres-au-cameroun\",\"name\":\"Cameroun - COVID-19: Plus de 1100 morts d\u00e9j\u00e0 enregistr\u00e9s au Cameroun ! - Cameroun\",\"isPartOf\":{\"@id\":\"https:\/\/www.africa-press.net\/cameroun\/#website\"},\"primaryImageOfPage\":{\"@id\":\"https:\/\/www.africa-press.net\/cameroun\/toutes-les-actualites\/cameroun-covid-19-plus-de-1100-morts-deja-enregistres-au-cameroun#primaryimage\"},\"image\":{\"@id\":\"https:\/\/www.africa-press.net\/cameroun\/toutes-les-actualites\/cameroun-covid-19-plus-de-1100-morts-deja-enregistres-au-cameroun#primaryimage\"},\"thumbnailUrl\":\"https:\/\/static.africa-press.net\/cameroun\/sites\/57\/2021\/04\/img-608c73480e32a.jpg\",\"datePublished\":\"2021-04-30T19:46:59+00:00\",\"dateModified\":\"2021-04-30T21:15:10+00:00\",\"author\":{\"@id\":\"https:\/\/www.africa-press.net\/cameroun\/#\/schema\/person\/2b1cf3cd81a31e3cd26889ca66d677f1\"},\"description\":\"Selon les derniers chiffres publi\u00e9s au cours d\u2019un Conseil de Cabinet, tenu le 29 avril 2021 \u00e0 Yaound\u00e9, 1107 personnes so ...\",\"breadcrumb\":{\"@id\":\"https:\/\/www.africa-press.net\/cameroun\/toutes-les-actualites\/cameroun-covid-19-plus-de-1100-morts-deja-enregistres-au-cameroun#breadcrumb\"},\"inLanguage\":\"fr-FR\",\"potentialAction\":[{\"@type\":\"ReadAction\",\"target\":[\"https:\/\/www.africa-press.net\/cameroun\/toutes-les-actualites\/cameroun-covid-19-plus-de-1100-morts-deja-enregistres-au-cameroun\"]}]},{\"@type\":\"ImageObject\",\"inLanguage\":\"fr-FR\",\"@id\":\"https:\/\/www.africa-press.net\/cameroun\/toutes-les-actualites\/cameroun-covid-19-plus-de-1100-morts-deja-enregistres-au-cameroun#primaryimage\",\"url\":\"https:\/\/static.africa-press.net\/cameroun\/sites\/57\/2021\/04\/img-608c73480e32a.jpg\",\"contentUrl\":\"https:\/\/static.africa-press.net\/cameroun\/sites\/57\/2021\/04\/img-608c73480e32a.jpg\",\"width\":800,\"height\":515,\"caption\":\"Cameroun - COVID-19: Plus de 1100 morts d\u00e9j\u00e0 enregistr\u00e9s au Cameroun !\"},{\"@type\":\"BreadcrumbList\",\"@id\":\"https:\/\/www.africa-press.net\/cameroun\/toutes-les-actualites\/cameroun-covid-19-plus-de-1100-morts-deja-enregistres-au-cameroun#breadcrumb\",\"itemListElement\":[{\"@type\":\"ListItem\",\"position\":1,\"name\":\"Accueil\",\"item\":\"https:\/\/www.africa-press.net\/cameroun\/\"},{\"@type\":\"ListItem\",\"position\":2,\"name\":\"Cameroun &#8211; COVID-19: Plus de 1100 morts d\u00e9j\u00e0 enregistr\u00e9s au Cameroun !\"}]},{\"@type\":\"WebSite\",\"@id\":\"https:\/\/www.africa-press.net\/cameroun\/#website\",\"url\":\"https:\/\/www.africa-press.net\/cameroun\/\",\"name\":\"Cameroun\",\"description\":\"Just another Africa News Agency Sites site\",\"potentialAction\":[{\"@type\":\"SearchAction\",\"target\":{\"@type\":\"EntryPoint\",\"urlTemplate\":\"https:\/\/www.africa-press.net\/cameroun\/?s={search_term_string}\"},\"query-input\":{\"@type\":\"PropertyValueSpecification\",\"valueRequired\":true,\"valueName\":\"search_term_string\"}}],\"inLanguage\":\"fr-FR\"},{\"@type\":\"Person\",\"@id\":\"https:\/\/www.africa-press.net\/cameroun\/#\/schema\/person\/2b1cf3cd81a31e3cd26889ca66d677f1\",\"name\":\"cfeditorfr\"}]}<\/script>\n<!-- \/ Yoast SEO Premium plugin. -->","yoast_head_json":{"title":"Cameroun - COVID-19: Plus de 1100 morts d\u00e9j\u00e0 enregistr\u00e9s au Cameroun ! - Cameroun","description":"Selon les derniers chiffres publi\u00e9s au cours d\u2019un Conseil de Cabinet, tenu le 29 avril 2021 \u00e0 Yaound\u00e9, 1107 personnes so ...","robots":{"index":"index","follow":"follow","max-snippet":"max-snippet:-1","max-image-preview":"max-image-preview:large","max-video-preview":"max-video-preview:-1"},"canonical":"https:\/\/www.africa-press.net\/cameroun\/toutes-les-actualites\/cameroun-covid-19-plus-de-1100-morts-deja-enregistres-au-cameroun","og_locale":"fr_FR","og_type":"article","og_title":"Cameroun - COVID-19: Plus de 1100 morts d\u00e9j\u00e0 enregistr\u00e9s au Cameroun !","og_description":"Selon les derniers chiffres publi\u00e9s au cours d\u2019un Conseil de Cabinet, tenu le 29 avril 2021 \u00e0 Yaound\u00e9, 1107 personnes so ...","og_url":"https:\/\/www.africa-press.net\/cameroun\/toutes-les-actualites\/cameroun-covid-19-plus-de-1100-morts-deja-enregistres-au-cameroun","og_site_name":"Cameroun","article_published_time":"2021-04-30T19:46:59+00:00","article_modified_time":"2021-04-30T21:15:10+00:00","og_image":[{"width":800,"height":515,"url":"https:\/\/static.africa-press.net\/cameroun\/sites\/57\/2021\/04\/img-608c73480e32a.jpg","type":"image\/jpeg"}],"author":"cfeditorfr","twitter_card":"summary_large_image","twitter_misc":{"\u00c9crit par":"cfeditorfr","Dur\u00e9e de lecture estim\u00e9e":"2 minutes"},"schema":{"@context":"https:\/\/schema.org","@graph":[{"@type":"Article","@id":"https:\/\/www.africa-press.net\/cameroun\/toutes-les-actualites\/cameroun-covid-19-plus-de-1100-morts-deja-enregistres-au-cameroun#article","isPartOf":{"@id":"https:\/\/www.africa-press.net\/cameroun\/toutes-les-actualites\/cameroun-covid-19-plus-de-1100-morts-deja-enregistres-au-cameroun"},"author":{"name":"cfeditorfr","@id":"https:\/\/www.africa-press.net\/cameroun\/#\/schema\/person\/2b1cf3cd81a31e3cd26889ca66d677f1"},"headline":"Cameroun &#8211; COVID-19: Plus de 1100 morts d\u00e9j\u00e0 enregistr\u00e9s au Cameroun !","datePublished":"2021-04-30T19:46:59+00:00","dateModified":"2021-04-30T21:15:10+00:00","mainEntityOfPage":{"@id":"https:\/\/www.africa-press.net\/cameroun\/toutes-les-actualites\/cameroun-covid-19-plus-de-1100-morts-deja-enregistres-au-cameroun"},"wordCount":343,"commentCount":0,"image":{"@id":"https:\/\/www.africa-press.net\/cameroun\/toutes-les-actualites\/cameroun-covid-19-plus-de-1100-morts-deja-enregistres-au-cameroun#primaryimage"},"thumbnailUrl":"https:\/\/static.africa-press.net\/cameroun\/sites\/57\/2021\/04\/img-608c73480e32a.jpg","keywords":["Africa Press","Africa Press-Cameroun","Cameroun"],"articleSection":["Communaut\u00e9","homepage-french","Top Nouvelles","Toutes les actualit\u00e9s"],"inLanguage":"fr-FR","potentialAction":[{"@type":"CommentAction","name":"Comment","target":["https:\/\/www.africa-press.net\/cameroun\/toutes-les-actualites\/cameroun-covid-19-plus-de-1100-morts-deja-enregistres-au-cameroun#respond"]}]},{"@type":"WebPage","@id":"https:\/\/www.africa-press.net\/cameroun\/toutes-les-actualites\/cameroun-covid-19-plus-de-1100-morts-deja-enregistres-au-cameroun","url":"https:\/\/www.africa-press.net\/cameroun\/toutes-les-actualites\/cameroun-covid-19-plus-de-1100-morts-deja-enregistres-au-cameroun","name":"Cameroun - COVID-19: Plus de 1100 morts d\u00e9j\u00e0 enregistr\u00e9s au Cameroun ! - Cameroun","isPartOf":{"@id":"https:\/\/www.africa-press.net\/cameroun\/#website"},"primaryImageOfPage":{"@id":"https:\/\/www.africa-press.net\/cameroun\/toutes-les-actualites\/cameroun-covid-19-plus-de-1100-morts-deja-enregistres-au-cameroun#primaryimage"},"image":{"@id":"https:\/\/www.africa-press.net\/cameroun\/toutes-les-actualites\/cameroun-covid-19-plus-de-1100-morts-deja-enregistres-au-cameroun#primaryimage"},"thumbnailUrl":"https:\/\/static.africa-press.net\/cameroun\/sites\/57\/2021\/04\/img-608c73480e32a.jpg","datePublished":"2021-04-30T19:46:59+00:00","dateModified":"2021-04-30T21:15:10+00:00","author":{"@id":"https:\/\/www.africa-press.net\/cameroun\/#\/schema\/person\/2b1cf3cd81a31e3cd26889ca66d677f1"},"description":"Selon les derniers chiffres publi\u00e9s au cours d\u2019un Conseil de Cabinet, tenu le 29 avril 2021 \u00e0 Yaound\u00e9, 1107 personnes so ...","breadcrumb":{"@id":"https:\/\/www.africa-press.net\/cameroun\/toutes-les-actualites\/cameroun-covid-19-plus-de-1100-morts-deja-enregistres-au-cameroun#breadcrumb"},"inLanguage":"fr-FR","potentialAction":[{"@type":"ReadAction","target":["https:\/\/www.africa-press.net\/cameroun\/toutes-les-actualites\/cameroun-covid-19-plus-de-1100-morts-deja-enregistres-au-cameroun"]}]},{"@type":"ImageObject","inLanguage":"fr-FR","@id":"https:\/\/www.africa-press.net\/cameroun\/toutes-les-actualites\/cameroun-covid-19-plus-de-1100-morts-deja-enregistres-au-cameroun#primaryimage","url":"https:\/\/static.africa-press.net\/cameroun\/sites\/57\/2021\/04\/img-608c73480e32a.jpg","contentUrl":"https:\/\/static.africa-press.net\/cameroun\/sites\/57\/2021\/04\/img-608c73480e32a.jpg","width":800,"height":515,"caption":"Cameroun - COVID-19: Plus de 1100 morts d\u00e9j\u00e0 enregistr\u00e9s au Cameroun !"},{"@type":"BreadcrumbList","@id":"https:\/\/www.africa-press.net\/cameroun\/toutes-les-actualites\/cameroun-covid-19-plus-de-1100-morts-deja-enregistres-au-cameroun#breadcrumb","itemListElement":[{"@type":"ListItem","position":1,"name":"Accueil","item":"https:\/\/www.africa-press.net\/cameroun\/"},{"@type":"ListItem","position":2,"name":"Cameroun &#8211; COVID-19: Plus de 1100 morts d\u00e9j\u00e0 enregistr\u00e9s au Cameroun !"}]},{"@type":"WebSite","@id":"https:\/\/www.africa-press.net\/cameroun\/#website","url":"https:\/\/www.africa-press.net\/cameroun\/","name":"Cameroun","description":"Just another Africa News Agency Sites site","potentialAction":[{"@type":"SearchAction","target":{"@type":"EntryPoint","urlTemplate":"https:\/\/www.africa-press.net\/cameroun\/?s={search_term_string}"},"query-input":{"@type":"PropertyValueSpecification","valueRequired":true,"valueName":"search_term_string"}}],"inLanguage":"fr-FR"},{"@type":"Person","@id":"https:\/\/www.africa-press.net\/cameroun\/#\/schema\/person\/2b1cf3cd81a31e3cd26889ca66d677f1","name":"cfeditorfr"}]}},"_links":{"self":[{"href":"https:\/\/www.africa-press.net\/cameroun\/wp-json\/wp\/v2\/posts\/2879","targetHints":{"allow":["GET"]}}],"collection":[{"href":"https:\/\/www.africa-press.net\/cameroun\/wp-json\/wp\/v2\/posts"}],"about":[{"href":"https:\/\/www.africa-press.net\/cameroun\/wp-json\/wp\/v2\/types\/post"}],"author":[{"embeddable":true,"href":"https:\/\/www.africa-press.net\/cameroun\/wp-json\/wp\/v2\/users\/82"}],"replies":[{"embeddable":true,"href":"https:\/\/www.africa-press.net\/cameroun\/wp-json\/wp\/v2\/comments?post=2879"}],"version-history":[{"count":0,"href":"https:\/\/www.africa-press.net\/cameroun\/wp-json\/wp\/v2\/posts\/2879\/revisions"}],"wp:featuredmedia":[{"embeddable":true,"href":"https:\/\/www.africa-press.net\/cameroun\/wp-json\/wp\/v2\/media\/2878"}],"wp:attachment":[{"href":"https:\/\/www.africa-press.net\/cameroun\/wp-json\/wp\/v2\/media?parent=2879"}],"wp:term":[{"taxonomy":"category","embeddable":true,"href":"https:\/\/www.africa-press.net\/cameroun\/wp-json\/wp\/v2\/categories?post=2879"},{"taxonomy":"post_tag","embeddable":true,"href":"https:\/\/www.africa-press.net\/cameroun\/wp-json\/wp\/v2\/tags?post=2879"}],"curies":[{"name":"wp","href":"https:\/\/api.w.org\/{rel}","templated":true}]}}