{"id":28793,"date":"2022-10-05T18:37:14","date_gmt":"2022-10-05T18:37:14","guid":{"rendered":"https:\/\/www.africa-press.net\/cameroun\/politique\/education-celebration-de-la-journee-mondiale-des-enseignants-ce-5-octobre-2022-sur-fond-de-revendications-multiformes"},"modified":"2022-10-05T20:53:28","modified_gmt":"2022-10-05T20:53:28","slug":"education-celebration-de-la-journee-mondiale-des-enseignants-ce-5-octobre-2022-sur-fond-de-revendications-multiformes","status":"publish","type":"post","link":"https:\/\/www.africa-press.net\/cameroun\/toutes-les-actualites\/education-celebration-de-la-journee-mondiale-des-enseignants-ce-5-octobre-2022-sur-fond-de-revendications-multiformes","title":{"rendered":"Education: C\u00e9l\u00e9bration de la journ\u00e9e mondiale des enseignants ce 5 octobre 2022 sur fond de revendications multiformes"},"content":{"rendered":"<p><span style=\"color: #ff6600\"><strong>Africa-Press &#8211; Cameroun. <\/strong><\/span>La journe\u0301e mondiale des enseignants se ce\u0301le\u0300bre ce mercredi 5 octobre 2022 a\u0300 travers le monde sous le the\u0300me : \u00ab La transformation de l&rsquo;e\u0301ducation commence avec les enseignants \u00bb. Cette the\u0301matique est assez re\u0301ve\u0301latrice du ro\u0302le capital que joue l\u2019enseignant dans la chaine d\u2019e\u0301ducation de l\u2019homme. Mais au Cameroun, cet e\u0301ducateur n\u2019est pas traite\u0301 avec les e\u0301gards dus a\u0300 sa stature. De\u0300s lors, la ce\u0301le\u0301bration de cette journe\u0301e est empreinte de revendications a\u0300 n\u2019en plus finir, relatives a\u0300 l\u2019ame\u0301lioration des conditions socioprofessionnelles des enseignants camerounais. Il re\u0301clame entre autres un statut particulier, le paiement des avancements et autres indemnite\u0301s, ainsi que la tenue du forum national de l\u2019e\u0301ducation, entre autres.<\/p>\n<p>Peu avant cette journe\u0301e, le 1er octobre dernier notamment, des mouvements syndicaux, en l\u2019occurrence les collectifs OTS (On a trop supporte\u0301 ; OTA (On a trop attendu) et d\u2019autres syndicats, ont une nouvelle fois fait entendre leurs voix, pour exiger l\u2019imple\u0301mentation des mesures annonce\u0301es par le gouvernement au plus fort des de\u0301brayages observe\u0301s lors de l\u2019anne\u0301e scolaire 2021-2022. D\u2019ailleurs, ces syndicats annoncent de nouveaux de\u0301brayages a\u0300 compter du 15 octobre en re\u0301ponse au \u00ab mutisme du gouvernement \u00bb.<\/p>\n<p>\u00ab C\u2019est dans la me\u0301lancolie que nous travaillons a\u0300 la veille de la ce\u0301le\u0301bration qui nous est de\u0301die\u0301e. L\u2019enseignant camerounais se trouve dans une situation pre\u0301caire. Fe\u0302ter le 05 octobre devient donc inutile pour plusieurs d\u2019entre nous. Seuls les peureux de la hie\u0301rarchie iront de\u0301filer. Personne n&rsquo;ira la\u0300-bas parce qu&rsquo;il est fier d&rsquo;e\u0302tre enseignant \u00bb, a confie\u0301 Daniel Waye, instituteur a\u0300 l\u2019Ecole publique d\u2019application de Zokok a\u0300 Maroua, re\u0301gion de l\u2019Extre\u0302me-Nord, dans les colonnes du journal Le Jour de ce mercredi 5 octobre 2022. Il renche\u0301rit : \u00ab Aucun enseignant au Cameroun n&rsquo;est a\u0300 jour dans son salaire : soit il n&rsquo;a pas encore ses avancements, ses allocations familiales, la prime de non logement, telle prime qui manque, et pour obtenir quoi que ce soit, des re\u0301seaux mafieux sont installe\u0301s dans les ministe\u0300res avec des ramifications partout dans l&rsquo;arrie\u0300re-pays, il faut ce\u0301der 15 voire 40% du montant pour be\u0301ne\u0301ficier de ce qui te revient \u00bb.<\/p>\n<p><strong>Pour plus d&rsquo;informations et d&rsquo;analyses sur la <a href=\"https:\/\/www.africa-press.net\/cameroun\">Cameroun<\/a>, suivez <a href=\"https:\/\/www.africa-press.net\/\">Africa-Press<\/a><\/strong><\/p>\n","protected":false},"excerpt":{"rendered":"<p>Africa-Press &#8211; Cameroun. La journe\u0301e mondiale des enseignants se ce\u0301le\u0300bre ce mercredi 5 octobre 2022 a\u0300 travers le monde sous le the\u0300me : \u00ab La transformation de l&rsquo;e\u0301ducation commence avec les enseignants \u00bb. Cette the\u0301matique est assez re\u0301ve\u0301latrice du ro\u0302le capital que joue l\u2019enseignant dans la chaine d\u2019e\u0301ducation de l\u2019homme. Mais au Cameroun, cet e\u0301ducateur [&hellip;]<\/p>\n","protected":false},"author":82,"featured_media":28792,"comment_status":"open","ping_status":"closed","sticky":false,"template":"","format":"standard","meta":{"footnotes":""},"categories":[21,10],"tags":[36,50,49],"class_list":["post-28793","post","type-post","status-publish","format-standard","has-post-thumbnail","hentry","category-communaute","category-toutes-les-actualites","tag-africa-press","tag-africa-press-cameroun","tag-cameroun"],"yoast_head":"<!-- This site is optimized with the Yoast SEO Premium plugin v26.1 (Yoast SEO v27.0) - https:\/\/yoast.com\/product\/yoast-seo-premium-wordpress\/ -->\n<title>Education: C\u00e9l\u00e9bration de la journ\u00e9e mondiale des enseignants ce 5 octobre 2022 sur fond de revendications multiformes - Cameroun<\/title>\n<meta name=\"description\" content=\"La journe\u0301e mondiale des enseignants se ce\u0301le\u0300bre ce mercredi 5 octobre 2022 a\u0300 travers le monde sous le the\u0300me : \u00ab La t ...\" \/>\n<meta name=\"robots\" content=\"index, follow, max-snippet:-1, max-image-preview:large, max-video-preview:-1\" \/>\n<link rel=\"canonical\" href=\"https:\/\/www.africa-press.net\/cameroun\/toutes-les-actualites\/education-celebration-de-la-journee-mondiale-des-enseignants-ce-5-octobre-2022-sur-fond-de-revendications-multiformes\" \/>\n<meta property=\"og:locale\" content=\"fr_FR\" \/>\n<meta property=\"og:type\" content=\"article\" \/>\n<meta property=\"og:title\" content=\"Education: C\u00e9l\u00e9bration de la journ\u00e9e mondiale des enseignants ce 5 octobre 2022 sur fond de revendications multiformes\" \/>\n<meta property=\"og:description\" content=\"La journe\u0301e mondiale des enseignants se ce\u0301le\u0300bre ce mercredi 5 octobre 2022 a\u0300 travers le monde sous le the\u0300me : \u00ab La t ...\" \/>\n<meta property=\"og:url\" content=\"https:\/\/www.africa-press.net\/cameroun\/toutes-les-actualites\/education-celebration-de-la-journee-mondiale-des-enseignants-ce-5-octobre-2022-sur-fond-de-revendications-multiformes\" \/>\n<meta property=\"og:site_name\" content=\"Cameroun\" \/>\n<meta property=\"article:published_time\" content=\"2022-10-05T18:37:14+00:00\" \/>\n<meta property=\"article:modified_time\" content=\"2022-10-05T20:53:28+00:00\" \/>\n<meta property=\"og:image\" content=\"https:\/\/static.africa-press.net\/cameroun\/sites\/57\/2022\/10\/img-633deeb1eac83.jpg\" \/>\n\t<meta property=\"og:image:width\" content=\"800\" \/>\n\t<meta property=\"og:image:height\" content=\"356\" \/>\n\t<meta property=\"og:image:type\" content=\"image\/jpeg\" \/>\n<meta name=\"author\" content=\"cfeditorfr\" \/>\n<meta name=\"twitter:card\" content=\"summary_large_image\" \/>\n<meta name=\"twitter:label1\" content=\"\u00c9crit par\" \/>\n\t<meta name=\"twitter:data1\" content=\"cfeditorfr\" \/>\n\t<meta name=\"twitter:label2\" content=\"Dur\u00e9e de lecture estim\u00e9e\" \/>\n\t<meta name=\"twitter:data2\" content=\"2 minutes\" \/>\n<script type=\"application\/ld+json\" class=\"yoast-schema-graph\">{\"@context\":\"https:\/\/schema.org\",\"@graph\":[{\"@type\":\"Article\",\"@id\":\"https:\/\/www.africa-press.net\/cameroun\/toutes-les-actualites\/education-celebration-de-la-journee-mondiale-des-enseignants-ce-5-octobre-2022-sur-fond-de-revendications-multiformes#article\",\"isPartOf\":{\"@id\":\"https:\/\/www.africa-press.net\/cameroun\/toutes-les-actualites\/education-celebration-de-la-journee-mondiale-des-enseignants-ce-5-octobre-2022-sur-fond-de-revendications-multiformes\"},\"author\":{\"name\":\"cfeditorfr\",\"@id\":\"https:\/\/www.africa-press.net\/cameroun\/#\/schema\/person\/2b1cf3cd81a31e3cd26889ca66d677f1\"},\"headline\":\"Education: C\u00e9l\u00e9bration de la journ\u00e9e mondiale des enseignants ce 5 octobre 2022 sur fond de revendications multiformes\",\"datePublished\":\"2022-10-05T18:37:14+00:00\",\"dateModified\":\"2022-10-05T20:53:28+00:00\",\"mainEntityOfPage\":{\"@id\":\"https:\/\/www.africa-press.net\/cameroun\/toutes-les-actualites\/education-celebration-de-la-journee-mondiale-des-enseignants-ce-5-octobre-2022-sur-fond-de-revendications-multiformes\"},\"wordCount\":431,\"commentCount\":0,\"image\":{\"@id\":\"https:\/\/www.africa-press.net\/cameroun\/toutes-les-actualites\/education-celebration-de-la-journee-mondiale-des-enseignants-ce-5-octobre-2022-sur-fond-de-revendications-multiformes#primaryimage\"},\"thumbnailUrl\":\"https:\/\/static.africa-press.net\/cameroun\/sites\/57\/2022\/10\/img-633deeb1eac83.jpg\",\"keywords\":[\"Africa Press\",\"Africa Press-Cameroun\",\"Cameroun\"],\"articleSection\":[\"Communaut\u00e9\",\"Toutes les actualit\u00e9s\"],\"inLanguage\":\"fr-FR\",\"potentialAction\":[{\"@type\":\"CommentAction\",\"name\":\"Comment\",\"target\":[\"https:\/\/www.africa-press.net\/cameroun\/toutes-les-actualites\/education-celebration-de-la-journee-mondiale-des-enseignants-ce-5-octobre-2022-sur-fond-de-revendications-multiformes#respond\"]}]},{\"@type\":\"WebPage\",\"@id\":\"https:\/\/www.africa-press.net\/cameroun\/toutes-les-actualites\/education-celebration-de-la-journee-mondiale-des-enseignants-ce-5-octobre-2022-sur-fond-de-revendications-multiformes\",\"url\":\"https:\/\/www.africa-press.net\/cameroun\/toutes-les-actualites\/education-celebration-de-la-journee-mondiale-des-enseignants-ce-5-octobre-2022-sur-fond-de-revendications-multiformes\",\"name\":\"Education: C\u00e9l\u00e9bration de la journ\u00e9e mondiale des enseignants ce 5 octobre 2022 sur fond de revendications multiformes - Cameroun\",\"isPartOf\":{\"@id\":\"https:\/\/www.africa-press.net\/cameroun\/#website\"},\"primaryImageOfPage\":{\"@id\":\"https:\/\/www.africa-press.net\/cameroun\/toutes-les-actualites\/education-celebration-de-la-journee-mondiale-des-enseignants-ce-5-octobre-2022-sur-fond-de-revendications-multiformes#primaryimage\"},\"image\":{\"@id\":\"https:\/\/www.africa-press.net\/cameroun\/toutes-les-actualites\/education-celebration-de-la-journee-mondiale-des-enseignants-ce-5-octobre-2022-sur-fond-de-revendications-multiformes#primaryimage\"},\"thumbnailUrl\":\"https:\/\/static.africa-press.net\/cameroun\/sites\/57\/2022\/10\/img-633deeb1eac83.jpg\",\"datePublished\":\"2022-10-05T18:37:14+00:00\",\"dateModified\":\"2022-10-05T20:53:28+00:00\",\"author\":{\"@id\":\"https:\/\/www.africa-press.net\/cameroun\/#\/schema\/person\/2b1cf3cd81a31e3cd26889ca66d677f1\"},\"description\":\"La journe\u0301e mondiale des enseignants se ce\u0301le\u0300bre ce mercredi 5 octobre 2022 a\u0300 travers le monde sous le the\u0300me : \u00ab La t ...\",\"breadcrumb\":{\"@id\":\"https:\/\/www.africa-press.net\/cameroun\/toutes-les-actualites\/education-celebration-de-la-journee-mondiale-des-enseignants-ce-5-octobre-2022-sur-fond-de-revendications-multiformes#breadcrumb\"},\"inLanguage\":\"fr-FR\",\"potentialAction\":[{\"@type\":\"ReadAction\",\"target\":[\"https:\/\/www.africa-press.net\/cameroun\/toutes-les-actualites\/education-celebration-de-la-journee-mondiale-des-enseignants-ce-5-octobre-2022-sur-fond-de-revendications-multiformes\"]}]},{\"@type\":\"ImageObject\",\"inLanguage\":\"fr-FR\",\"@id\":\"https:\/\/www.africa-press.net\/cameroun\/toutes-les-actualites\/education-celebration-de-la-journee-mondiale-des-enseignants-ce-5-octobre-2022-sur-fond-de-revendications-multiformes#primaryimage\",\"url\":\"https:\/\/static.africa-press.net\/cameroun\/sites\/57\/2022\/10\/img-633deeb1eac83.jpg\",\"contentUrl\":\"https:\/\/static.africa-press.net\/cameroun\/sites\/57\/2022\/10\/img-633deeb1eac83.jpg\",\"width\":800,\"height\":356,\"caption\":\"Education: C\u00e9l\u00e9bration de la journ\u00e9e mondiale des enseignants ce 5 octobre 2022 sur fond de revendications multiformes\"},{\"@type\":\"BreadcrumbList\",\"@id\":\"https:\/\/www.africa-press.net\/cameroun\/toutes-les-actualites\/education-celebration-de-la-journee-mondiale-des-enseignants-ce-5-octobre-2022-sur-fond-de-revendications-multiformes#breadcrumb\",\"itemListElement\":[{\"@type\":\"ListItem\",\"position\":1,\"name\":\"Accueil\",\"item\":\"https:\/\/www.africa-press.net\/cameroun\/\"},{\"@type\":\"ListItem\",\"position\":2,\"name\":\"Education: C\u00e9l\u00e9bration de la journ\u00e9e mondiale des enseignants ce 5 octobre 2022 sur fond de revendications multiformes\"}]},{\"@type\":\"WebSite\",\"@id\":\"https:\/\/www.africa-press.net\/cameroun\/#website\",\"url\":\"https:\/\/www.africa-press.net\/cameroun\/\",\"name\":\"Cameroun\",\"description\":\"Just another Africa News Agency Sites site\",\"potentialAction\":[{\"@type\":\"SearchAction\",\"target\":{\"@type\":\"EntryPoint\",\"urlTemplate\":\"https:\/\/www.africa-press.net\/cameroun\/?s={search_term_string}\"},\"query-input\":{\"@type\":\"PropertyValueSpecification\",\"valueRequired\":true,\"valueName\":\"search_term_string\"}}],\"inLanguage\":\"fr-FR\"},{\"@type\":\"Person\",\"@id\":\"https:\/\/www.africa-press.net\/cameroun\/#\/schema\/person\/2b1cf3cd81a31e3cd26889ca66d677f1\",\"name\":\"cfeditorfr\"}]}<\/script>\n<!-- \/ Yoast SEO Premium plugin. -->","yoast_head_json":{"title":"Education: C\u00e9l\u00e9bration de la journ\u00e9e mondiale des enseignants ce 5 octobre 2022 sur fond de revendications multiformes - Cameroun","description":"La journe\u0301e mondiale des enseignants se ce\u0301le\u0300bre ce mercredi 5 octobre 2022 a\u0300 travers le monde sous le the\u0300me : \u00ab La t ...","robots":{"index":"index","follow":"follow","max-snippet":"max-snippet:-1","max-image-preview":"max-image-preview:large","max-video-preview":"max-video-preview:-1"},"canonical":"https:\/\/www.africa-press.net\/cameroun\/toutes-les-actualites\/education-celebration-de-la-journee-mondiale-des-enseignants-ce-5-octobre-2022-sur-fond-de-revendications-multiformes","og_locale":"fr_FR","og_type":"article","og_title":"Education: C\u00e9l\u00e9bration de la journ\u00e9e mondiale des enseignants ce 5 octobre 2022 sur fond de revendications multiformes","og_description":"La journe\u0301e mondiale des enseignants se ce\u0301le\u0300bre ce mercredi 5 octobre 2022 a\u0300 travers le monde sous le the\u0300me : \u00ab La t ...","og_url":"https:\/\/www.africa-press.net\/cameroun\/toutes-les-actualites\/education-celebration-de-la-journee-mondiale-des-enseignants-ce-5-octobre-2022-sur-fond-de-revendications-multiformes","og_site_name":"Cameroun","article_published_time":"2022-10-05T18:37:14+00:00","article_modified_time":"2022-10-05T20:53:28+00:00","og_image":[{"width":800,"height":356,"url":"https:\/\/static.africa-press.net\/cameroun\/sites\/57\/2022\/10\/img-633deeb1eac83.jpg","type":"image\/jpeg"}],"author":"cfeditorfr","twitter_card":"summary_large_image","twitter_misc":{"\u00c9crit par":"cfeditorfr","Dur\u00e9e de lecture estim\u00e9e":"2 minutes"},"schema":{"@context":"https:\/\/schema.org","@graph":[{"@type":"Article","@id":"https:\/\/www.africa-press.net\/cameroun\/toutes-les-actualites\/education-celebration-de-la-journee-mondiale-des-enseignants-ce-5-octobre-2022-sur-fond-de-revendications-multiformes#article","isPartOf":{"@id":"https:\/\/www.africa-press.net\/cameroun\/toutes-les-actualites\/education-celebration-de-la-journee-mondiale-des-enseignants-ce-5-octobre-2022-sur-fond-de-revendications-multiformes"},"author":{"name":"cfeditorfr","@id":"https:\/\/www.africa-press.net\/cameroun\/#\/schema\/person\/2b1cf3cd81a31e3cd26889ca66d677f1"},"headline":"Education: C\u00e9l\u00e9bration de la journ\u00e9e mondiale des enseignants ce 5 octobre 2022 sur fond de revendications multiformes","datePublished":"2022-10-05T18:37:14+00:00","dateModified":"2022-10-05T20:53:28+00:00","mainEntityOfPage":{"@id":"https:\/\/www.africa-press.net\/cameroun\/toutes-les-actualites\/education-celebration-de-la-journee-mondiale-des-enseignants-ce-5-octobre-2022-sur-fond-de-revendications-multiformes"},"wordCount":431,"commentCount":0,"image":{"@id":"https:\/\/www.africa-press.net\/cameroun\/toutes-les-actualites\/education-celebration-de-la-journee-mondiale-des-enseignants-ce-5-octobre-2022-sur-fond-de-revendications-multiformes#primaryimage"},"thumbnailUrl":"https:\/\/static.africa-press.net\/cameroun\/sites\/57\/2022\/10\/img-633deeb1eac83.jpg","keywords":["Africa Press","Africa Press-Cameroun","Cameroun"],"articleSection":["Communaut\u00e9","Toutes les actualit\u00e9s"],"inLanguage":"fr-FR","potentialAction":[{"@type":"CommentAction","name":"Comment","target":["https:\/\/www.africa-press.net\/cameroun\/toutes-les-actualites\/education-celebration-de-la-journee-mondiale-des-enseignants-ce-5-octobre-2022-sur-fond-de-revendications-multiformes#respond"]}]},{"@type":"WebPage","@id":"https:\/\/www.africa-press.net\/cameroun\/toutes-les-actualites\/education-celebration-de-la-journee-mondiale-des-enseignants-ce-5-octobre-2022-sur-fond-de-revendications-multiformes","url":"https:\/\/www.africa-press.net\/cameroun\/toutes-les-actualites\/education-celebration-de-la-journee-mondiale-des-enseignants-ce-5-octobre-2022-sur-fond-de-revendications-multiformes","name":"Education: C\u00e9l\u00e9bration de la journ\u00e9e mondiale des enseignants ce 5 octobre 2022 sur fond de revendications multiformes - Cameroun","isPartOf":{"@id":"https:\/\/www.africa-press.net\/cameroun\/#website"},"primaryImageOfPage":{"@id":"https:\/\/www.africa-press.net\/cameroun\/toutes-les-actualites\/education-celebration-de-la-journee-mondiale-des-enseignants-ce-5-octobre-2022-sur-fond-de-revendications-multiformes#primaryimage"},"image":{"@id":"https:\/\/www.africa-press.net\/cameroun\/toutes-les-actualites\/education-celebration-de-la-journee-mondiale-des-enseignants-ce-5-octobre-2022-sur-fond-de-revendications-multiformes#primaryimage"},"thumbnailUrl":"https:\/\/static.africa-press.net\/cameroun\/sites\/57\/2022\/10\/img-633deeb1eac83.jpg","datePublished":"2022-10-05T18:37:14+00:00","dateModified":"2022-10-05T20:53:28+00:00","author":{"@id":"https:\/\/www.africa-press.net\/cameroun\/#\/schema\/person\/2b1cf3cd81a31e3cd26889ca66d677f1"},"description":"La journe\u0301e mondiale des enseignants se ce\u0301le\u0300bre ce mercredi 5 octobre 2022 a\u0300 travers le monde sous le the\u0300me : \u00ab La t ...","breadcrumb":{"@id":"https:\/\/www.africa-press.net\/cameroun\/toutes-les-actualites\/education-celebration-de-la-journee-mondiale-des-enseignants-ce-5-octobre-2022-sur-fond-de-revendications-multiformes#breadcrumb"},"inLanguage":"fr-FR","potentialAction":[{"@type":"ReadAction","target":["https:\/\/www.africa-press.net\/cameroun\/toutes-les-actualites\/education-celebration-de-la-journee-mondiale-des-enseignants-ce-5-octobre-2022-sur-fond-de-revendications-multiformes"]}]},{"@type":"ImageObject","inLanguage":"fr-FR","@id":"https:\/\/www.africa-press.net\/cameroun\/toutes-les-actualites\/education-celebration-de-la-journee-mondiale-des-enseignants-ce-5-octobre-2022-sur-fond-de-revendications-multiformes#primaryimage","url":"https:\/\/static.africa-press.net\/cameroun\/sites\/57\/2022\/10\/img-633deeb1eac83.jpg","contentUrl":"https:\/\/static.africa-press.net\/cameroun\/sites\/57\/2022\/10\/img-633deeb1eac83.jpg","width":800,"height":356,"caption":"Education: C\u00e9l\u00e9bration de la journ\u00e9e mondiale des enseignants ce 5 octobre 2022 sur fond de revendications multiformes"},{"@type":"BreadcrumbList","@id":"https:\/\/www.africa-press.net\/cameroun\/toutes-les-actualites\/education-celebration-de-la-journee-mondiale-des-enseignants-ce-5-octobre-2022-sur-fond-de-revendications-multiformes#breadcrumb","itemListElement":[{"@type":"ListItem","position":1,"name":"Accueil","item":"https:\/\/www.africa-press.net\/cameroun\/"},{"@type":"ListItem","position":2,"name":"Education: C\u00e9l\u00e9bration de la journ\u00e9e mondiale des enseignants ce 5 octobre 2022 sur fond de revendications multiformes"}]},{"@type":"WebSite","@id":"https:\/\/www.africa-press.net\/cameroun\/#website","url":"https:\/\/www.africa-press.net\/cameroun\/","name":"Cameroun","description":"Just another Africa News Agency Sites site","potentialAction":[{"@type":"SearchAction","target":{"@type":"EntryPoint","urlTemplate":"https:\/\/www.africa-press.net\/cameroun\/?s={search_term_string}"},"query-input":{"@type":"PropertyValueSpecification","valueRequired":true,"valueName":"search_term_string"}}],"inLanguage":"fr-FR"},{"@type":"Person","@id":"https:\/\/www.africa-press.net\/cameroun\/#\/schema\/person\/2b1cf3cd81a31e3cd26889ca66d677f1","name":"cfeditorfr"}]}},"_links":{"self":[{"href":"https:\/\/www.africa-press.net\/cameroun\/wp-json\/wp\/v2\/posts\/28793","targetHints":{"allow":["GET"]}}],"collection":[{"href":"https:\/\/www.africa-press.net\/cameroun\/wp-json\/wp\/v2\/posts"}],"about":[{"href":"https:\/\/www.africa-press.net\/cameroun\/wp-json\/wp\/v2\/types\/post"}],"author":[{"embeddable":true,"href":"https:\/\/www.africa-press.net\/cameroun\/wp-json\/wp\/v2\/users\/82"}],"replies":[{"embeddable":true,"href":"https:\/\/www.africa-press.net\/cameroun\/wp-json\/wp\/v2\/comments?post=28793"}],"version-history":[{"count":0,"href":"https:\/\/www.africa-press.net\/cameroun\/wp-json\/wp\/v2\/posts\/28793\/revisions"}],"wp:featuredmedia":[{"embeddable":true,"href":"https:\/\/www.africa-press.net\/cameroun\/wp-json\/wp\/v2\/media\/28792"}],"wp:attachment":[{"href":"https:\/\/www.africa-press.net\/cameroun\/wp-json\/wp\/v2\/media?parent=28793"}],"wp:term":[{"taxonomy":"category","embeddable":true,"href":"https:\/\/www.africa-press.net\/cameroun\/wp-json\/wp\/v2\/categories?post=28793"},{"taxonomy":"post_tag","embeddable":true,"href":"https:\/\/www.africa-press.net\/cameroun\/wp-json\/wp\/v2\/tags?post=28793"}],"curies":[{"name":"wp","href":"https:\/\/api.w.org\/{rel}","templated":true}]}}