{"id":28796,"date":"2022-10-05T18:44:46","date_gmt":"2022-10-05T18:44:46","guid":{"rendered":"https:\/\/www.africa-press.net\/cameroun\/politique\/cameroun-une-convention-de-29-milliards-fcfa-signee-hier-lundi-04-octobre-2022-a-yaounde-entre-le-cameroun-et-lunion-europeenne"},"modified":"2022-10-05T20:54:01","modified_gmt":"2022-10-05T20:54:01","slug":"cameroun-une-convention-de-29-milliards-fcfa-signee-hier-lundi-04-octobre-2022-a-yaounde-entre-le-cameroun-et-lunion-europeenne","status":"publish","type":"post","link":"https:\/\/www.africa-press.net\/cameroun\/economie\/cameroun-une-convention-de-29-milliards-fcfa-signee-hier-lundi-04-octobre-2022-a-yaounde-entre-le-cameroun-et-lunion-europeenne","title":{"rendered":"Cameroun: Une convention de 29 milliards FCFA sign\u00e9e hier lundi 04 octobre 2022 \u00e0 Yaound\u00e9 entre le  Cameroun et l\u2019Union europ\u00e9enne"},"content":{"rendered":"<p><span style=\"color: #ff6600\"><strong>Africa-Press &#8211; Cameroun. <\/strong><\/span>Hier mardi 04 octobre 2022 a\u0300 Yaounde\u0301, Alamine Ousmane Mey, ministe\u0300re camerounais de l\u2019Economie, de la planification et de l\u2019ame\u0301nagement du territoire (Minepat) et Philippe Van Damme, ambassadeur chef de la de\u0301le\u0301gation de l\u2019Union europe\u0301enne (UE) au Cameroun ont signe\u0301 des conventions portant sur le financement de deux initiatives dont l\u2019objectif est de soutenir les efforts du Cameroun vers un de\u0301veloppement plus vert, plus durable pour les populations et l\u2019emploi, tout en contribuant a\u0300 l\u2019ame\u0301lioration de la gouvernance urbaine au Cameroun.<\/p>\n<p>En partenariat avec ses Etats membres (Team Europe), l\u2019UE et le Cameroun vont agir pour un de\u0301veloppement territorial re\u0301silient dans les trois re\u0301gions septentrionales du Cameroun, de sorte a\u0300 permettre aux populations de faire face a\u0300 des vulne\u0301rabilite\u0301s profondes. Base\u0301e sur une gouvernance inclusive et pacifique des territoires, cette approche se de\u0301cline aussi par le de\u0301veloppement d\u2019infrastructures de mobilite\u0301 et des investissements dans l\u2019ame\u0301lioration de la qualite\u0301 de vie, notamment dans les villes de Yaounde\u0301, Douala et Maroua.<\/p>\n<p>Philippe Van Damme, chef de de\u0301le\u0301gation de l\u2019Union europe\u0301enne au Cameroun a explique\u0301 que ces deux initiatives entrent en droite ligne des orientations du Pacte-Vert adopte\u0301 par l\u2019UE et de ses Etats membres, et qui vise a\u0300 promouvoir des mesures susceptibles d\u2019engager le continent europe\u0301en et le monde sur la voie de la transformation e\u0301cologique, l\u2019objectif ultime e\u0301tant d\u2019atteindre la neutralite\u0301 climatique a\u0300 l\u2019horizon 2050.<\/p>\n<p>Pour l\u2019Union europe\u0301enne, il s\u2019agit d\u2019un choix ultime, qui a pour objectif d\u2019atteindre un de\u0301veloppement durable et cre\u0301ateur d\u2019emplois jeunes et de\u0301cents. Avec une enveloppe estime\u0301e a\u0300 29 milliards FCFA, le don de l\u2019UE permettra de re\u0301concilier les inte\u0301re\u0302ts des agriculteurs et e\u0301leveurs, tout en pre\u0301servant les e\u0301cosyste\u0300mes indispensables a\u0300 la lutte contre la de\u0301sertification et le changement climatique. En favorisant un de\u0301veloppement urbain mai\u0302trise\u0301, toutes les actions pre\u0301vues a\u0300 cet effet entrent dans le cadre de l\u2019appui europe\u0301en a\u0300 la mise en \u0153uvre effective de la de\u0301centralisation au Cameroun.<\/p>\n<p><b>Jean Daniel Obama<\/b><\/p>\n<p><strong>Pour plus d&rsquo;informations et d&rsquo;analyses sur la <a href=\"https:\/\/www.africa-press.net\/cameroun\">Cameroun<\/a>, suivez <a href=\"https:\/\/www.africa-press.net\/\">Africa-Press<\/a><\/strong><\/p>\n","protected":false},"excerpt":{"rendered":"<p>Africa-Press &#8211; Cameroun. Hier mardi 04 octobre 2022 a\u0300 Yaounde\u0301, Alamine Ousmane Mey, ministe\u0300re camerounais de l\u2019Economie, de la planification et de l\u2019ame\u0301nagement du territoire (Minepat) et Philippe Van Damme, ambassadeur chef de la de\u0301le\u0301gation de l\u2019Union europe\u0301enne (UE) au Cameroun ont signe\u0301 des conventions portant sur le financement de deux initiatives dont l\u2019objectif est [&hellip;]<\/p>\n","protected":false},"author":82,"featured_media":28795,"comment_status":"open","ping_status":"closed","sticky":false,"template":"","format":"standard","meta":{"footnotes":""},"categories":[3,10],"tags":[36,50,49],"class_list":["post-28796","post","type-post","status-publish","format-standard","has-post-thumbnail","hentry","category-economie","category-toutes-les-actualites","tag-africa-press","tag-africa-press-cameroun","tag-cameroun"],"yoast_head":"<!-- This site is optimized with the Yoast SEO Premium plugin v26.1 (Yoast SEO v27.0) - https:\/\/yoast.com\/product\/yoast-seo-premium-wordpress\/ -->\n<title>Cameroun: Une convention de 29 milliards FCFA sign\u00e9e hier lundi 04 octobre 2022 \u00e0 Yaound\u00e9 entre le Cameroun et l\u2019Union europ\u00e9enne - Cameroun<\/title>\n<meta name=\"description\" content=\"Hier mardi 04 octobre 2022 a\u0300 Yaounde\u0301, Alamine Ousmane Mey, ministe\u0300re camerounais de l\u2019Economie, de la planification e ...\" \/>\n<meta name=\"robots\" content=\"index, follow, max-snippet:-1, max-image-preview:large, max-video-preview:-1\" \/>\n<link rel=\"canonical\" href=\"https:\/\/www.africa-press.net\/cameroun\/economie\/cameroun-une-convention-de-29-milliards-fcfa-signee-hier-lundi-04-octobre-2022-a-yaounde-entre-le-cameroun-et-lunion-europeenne\" \/>\n<meta property=\"og:locale\" content=\"fr_FR\" \/>\n<meta property=\"og:type\" content=\"article\" \/>\n<meta property=\"og:title\" content=\"Cameroun: Une convention de 29 milliards FCFA sign\u00e9e hier lundi 04 octobre 2022 \u00e0 Yaound\u00e9 entre le Cameroun et l\u2019Union europ\u00e9enne\" \/>\n<meta property=\"og:description\" content=\"Hier mardi 04 octobre 2022 a\u0300 Yaounde\u0301, Alamine Ousmane Mey, ministe\u0300re camerounais de l\u2019Economie, de la planification e ...\" \/>\n<meta property=\"og:url\" content=\"https:\/\/www.africa-press.net\/cameroun\/economie\/cameroun-une-convention-de-29-milliards-fcfa-signee-hier-lundi-04-octobre-2022-a-yaounde-entre-le-cameroun-et-lunion-europeenne\" \/>\n<meta property=\"og:site_name\" content=\"Cameroun\" \/>\n<meta property=\"article:published_time\" content=\"2022-10-05T18:44:46+00:00\" \/>\n<meta property=\"article:modified_time\" content=\"2022-10-05T20:54:01+00:00\" \/>\n<meta property=\"og:image\" content=\"https:\/\/static.africa-press.net\/cameroun\/sites\/57\/2022\/10\/img-633deed1d4b8a.jpg\" \/>\n\t<meta property=\"og:image:width\" content=\"800\" \/>\n\t<meta property=\"og:image:height\" content=\"532\" \/>\n\t<meta property=\"og:image:type\" content=\"image\/jpeg\" \/>\n<meta name=\"author\" content=\"cfeditorfr\" \/>\n<meta name=\"twitter:card\" content=\"summary_large_image\" \/>\n<meta name=\"twitter:label1\" content=\"\u00c9crit par\" \/>\n\t<meta name=\"twitter:data1\" content=\"cfeditorfr\" \/>\n\t<meta name=\"twitter:label2\" content=\"Dur\u00e9e de lecture estim\u00e9e\" \/>\n\t<meta name=\"twitter:data2\" content=\"2 minutes\" \/>\n<script type=\"application\/ld+json\" class=\"yoast-schema-graph\">{\"@context\":\"https:\/\/schema.org\",\"@graph\":[{\"@type\":\"Article\",\"@id\":\"https:\/\/www.africa-press.net\/cameroun\/economie\/cameroun-une-convention-de-29-milliards-fcfa-signee-hier-lundi-04-octobre-2022-a-yaounde-entre-le-cameroun-et-lunion-europeenne#article\",\"isPartOf\":{\"@id\":\"https:\/\/www.africa-press.net\/cameroun\/economie\/cameroun-une-convention-de-29-milliards-fcfa-signee-hier-lundi-04-octobre-2022-a-yaounde-entre-le-cameroun-et-lunion-europeenne\"},\"author\":{\"name\":\"cfeditorfr\",\"@id\":\"https:\/\/www.africa-press.net\/cameroun\/#\/schema\/person\/2b1cf3cd81a31e3cd26889ca66d677f1\"},\"headline\":\"Cameroun: Une convention de 29 milliards FCFA sign\u00e9e hier lundi 04 octobre 2022 \u00e0 Yaound\u00e9 entre le Cameroun et l\u2019Union europ\u00e9enne\",\"datePublished\":\"2022-10-05T18:44:46+00:00\",\"dateModified\":\"2022-10-05T20:54:01+00:00\",\"mainEntityOfPage\":{\"@id\":\"https:\/\/www.africa-press.net\/cameroun\/economie\/cameroun-une-convention-de-29-milliards-fcfa-signee-hier-lundi-04-octobre-2022-a-yaounde-entre-le-cameroun-et-lunion-europeenne\"},\"wordCount\":410,\"commentCount\":0,\"image\":{\"@id\":\"https:\/\/www.africa-press.net\/cameroun\/economie\/cameroun-une-convention-de-29-milliards-fcfa-signee-hier-lundi-04-octobre-2022-a-yaounde-entre-le-cameroun-et-lunion-europeenne#primaryimage\"},\"thumbnailUrl\":\"https:\/\/static.africa-press.net\/cameroun\/sites\/57\/2022\/10\/img-633deed1d4b8a.jpg\",\"keywords\":[\"Africa Press\",\"Africa Press-Cameroun\",\"Cameroun\"],\"articleSection\":[\"\u00c9conomie\",\"Toutes les actualit\u00e9s\"],\"inLanguage\":\"fr-FR\",\"potentialAction\":[{\"@type\":\"CommentAction\",\"name\":\"Comment\",\"target\":[\"https:\/\/www.africa-press.net\/cameroun\/economie\/cameroun-une-convention-de-29-milliards-fcfa-signee-hier-lundi-04-octobre-2022-a-yaounde-entre-le-cameroun-et-lunion-europeenne#respond\"]}]},{\"@type\":\"WebPage\",\"@id\":\"https:\/\/www.africa-press.net\/cameroun\/economie\/cameroun-une-convention-de-29-milliards-fcfa-signee-hier-lundi-04-octobre-2022-a-yaounde-entre-le-cameroun-et-lunion-europeenne\",\"url\":\"https:\/\/www.africa-press.net\/cameroun\/economie\/cameroun-une-convention-de-29-milliards-fcfa-signee-hier-lundi-04-octobre-2022-a-yaounde-entre-le-cameroun-et-lunion-europeenne\",\"name\":\"Cameroun: Une convention de 29 milliards FCFA sign\u00e9e hier lundi 04 octobre 2022 \u00e0 Yaound\u00e9 entre le Cameroun et l\u2019Union europ\u00e9enne - Cameroun\",\"isPartOf\":{\"@id\":\"https:\/\/www.africa-press.net\/cameroun\/#website\"},\"primaryImageOfPage\":{\"@id\":\"https:\/\/www.africa-press.net\/cameroun\/economie\/cameroun-une-convention-de-29-milliards-fcfa-signee-hier-lundi-04-octobre-2022-a-yaounde-entre-le-cameroun-et-lunion-europeenne#primaryimage\"},\"image\":{\"@id\":\"https:\/\/www.africa-press.net\/cameroun\/economie\/cameroun-une-convention-de-29-milliards-fcfa-signee-hier-lundi-04-octobre-2022-a-yaounde-entre-le-cameroun-et-lunion-europeenne#primaryimage\"},\"thumbnailUrl\":\"https:\/\/static.africa-press.net\/cameroun\/sites\/57\/2022\/10\/img-633deed1d4b8a.jpg\",\"datePublished\":\"2022-10-05T18:44:46+00:00\",\"dateModified\":\"2022-10-05T20:54:01+00:00\",\"author\":{\"@id\":\"https:\/\/www.africa-press.net\/cameroun\/#\/schema\/person\/2b1cf3cd81a31e3cd26889ca66d677f1\"},\"description\":\"Hier mardi 04 octobre 2022 a\u0300 Yaounde\u0301, Alamine Ousmane Mey, ministe\u0300re camerounais de l\u2019Economie, de la planification e ...\",\"breadcrumb\":{\"@id\":\"https:\/\/www.africa-press.net\/cameroun\/economie\/cameroun-une-convention-de-29-milliards-fcfa-signee-hier-lundi-04-octobre-2022-a-yaounde-entre-le-cameroun-et-lunion-europeenne#breadcrumb\"},\"inLanguage\":\"fr-FR\",\"potentialAction\":[{\"@type\":\"ReadAction\",\"target\":[\"https:\/\/www.africa-press.net\/cameroun\/economie\/cameroun-une-convention-de-29-milliards-fcfa-signee-hier-lundi-04-octobre-2022-a-yaounde-entre-le-cameroun-et-lunion-europeenne\"]}]},{\"@type\":\"ImageObject\",\"inLanguage\":\"fr-FR\",\"@id\":\"https:\/\/www.africa-press.net\/cameroun\/economie\/cameroun-une-convention-de-29-milliards-fcfa-signee-hier-lundi-04-octobre-2022-a-yaounde-entre-le-cameroun-et-lunion-europeenne#primaryimage\",\"url\":\"https:\/\/static.africa-press.net\/cameroun\/sites\/57\/2022\/10\/img-633deed1d4b8a.jpg\",\"contentUrl\":\"https:\/\/static.africa-press.net\/cameroun\/sites\/57\/2022\/10\/img-633deed1d4b8a.jpg\",\"width\":800,\"height\":532,\"caption\":\"Cameroun: Une convention de 29 milliards FCFA sign\u00e9e hier lundi 04 octobre 2022 \u00e0 Yaound\u00e9 entre le Cameroun et l\u2019Union europ\u00e9enne\"},{\"@type\":\"BreadcrumbList\",\"@id\":\"https:\/\/www.africa-press.net\/cameroun\/economie\/cameroun-une-convention-de-29-milliards-fcfa-signee-hier-lundi-04-octobre-2022-a-yaounde-entre-le-cameroun-et-lunion-europeenne#breadcrumb\",\"itemListElement\":[{\"@type\":\"ListItem\",\"position\":1,\"name\":\"Accueil\",\"item\":\"https:\/\/www.africa-press.net\/cameroun\/\"},{\"@type\":\"ListItem\",\"position\":2,\"name\":\"Cameroun: Une convention de 29 milliards FCFA sign\u00e9e hier lundi 04 octobre 2022 \u00e0 Yaound\u00e9 entre le Cameroun et l\u2019Union europ\u00e9enne\"}]},{\"@type\":\"WebSite\",\"@id\":\"https:\/\/www.africa-press.net\/cameroun\/#website\",\"url\":\"https:\/\/www.africa-press.net\/cameroun\/\",\"name\":\"Cameroun\",\"description\":\"Just another Africa News Agency Sites site\",\"potentialAction\":[{\"@type\":\"SearchAction\",\"target\":{\"@type\":\"EntryPoint\",\"urlTemplate\":\"https:\/\/www.africa-press.net\/cameroun\/?s={search_term_string}\"},\"query-input\":{\"@type\":\"PropertyValueSpecification\",\"valueRequired\":true,\"valueName\":\"search_term_string\"}}],\"inLanguage\":\"fr-FR\"},{\"@type\":\"Person\",\"@id\":\"https:\/\/www.africa-press.net\/cameroun\/#\/schema\/person\/2b1cf3cd81a31e3cd26889ca66d677f1\",\"name\":\"cfeditorfr\"}]}<\/script>\n<!-- \/ Yoast SEO Premium plugin. -->","yoast_head_json":{"title":"Cameroun: Une convention de 29 milliards FCFA sign\u00e9e hier lundi 04 octobre 2022 \u00e0 Yaound\u00e9 entre le Cameroun et l\u2019Union europ\u00e9enne - Cameroun","description":"Hier mardi 04 octobre 2022 a\u0300 Yaounde\u0301, Alamine Ousmane Mey, ministe\u0300re camerounais de l\u2019Economie, de la planification e ...","robots":{"index":"index","follow":"follow","max-snippet":"max-snippet:-1","max-image-preview":"max-image-preview:large","max-video-preview":"max-video-preview:-1"},"canonical":"https:\/\/www.africa-press.net\/cameroun\/economie\/cameroun-une-convention-de-29-milliards-fcfa-signee-hier-lundi-04-octobre-2022-a-yaounde-entre-le-cameroun-et-lunion-europeenne","og_locale":"fr_FR","og_type":"article","og_title":"Cameroun: Une convention de 29 milliards FCFA sign\u00e9e hier lundi 04 octobre 2022 \u00e0 Yaound\u00e9 entre le Cameroun et l\u2019Union europ\u00e9enne","og_description":"Hier mardi 04 octobre 2022 a\u0300 Yaounde\u0301, Alamine Ousmane Mey, ministe\u0300re camerounais de l\u2019Economie, de la planification e ...","og_url":"https:\/\/www.africa-press.net\/cameroun\/economie\/cameroun-une-convention-de-29-milliards-fcfa-signee-hier-lundi-04-octobre-2022-a-yaounde-entre-le-cameroun-et-lunion-europeenne","og_site_name":"Cameroun","article_published_time":"2022-10-05T18:44:46+00:00","article_modified_time":"2022-10-05T20:54:01+00:00","og_image":[{"width":800,"height":532,"url":"https:\/\/static.africa-press.net\/cameroun\/sites\/57\/2022\/10\/img-633deed1d4b8a.jpg","type":"image\/jpeg"}],"author":"cfeditorfr","twitter_card":"summary_large_image","twitter_misc":{"\u00c9crit par":"cfeditorfr","Dur\u00e9e de lecture estim\u00e9e":"2 minutes"},"schema":{"@context":"https:\/\/schema.org","@graph":[{"@type":"Article","@id":"https:\/\/www.africa-press.net\/cameroun\/economie\/cameroun-une-convention-de-29-milliards-fcfa-signee-hier-lundi-04-octobre-2022-a-yaounde-entre-le-cameroun-et-lunion-europeenne#article","isPartOf":{"@id":"https:\/\/www.africa-press.net\/cameroun\/economie\/cameroun-une-convention-de-29-milliards-fcfa-signee-hier-lundi-04-octobre-2022-a-yaounde-entre-le-cameroun-et-lunion-europeenne"},"author":{"name":"cfeditorfr","@id":"https:\/\/www.africa-press.net\/cameroun\/#\/schema\/person\/2b1cf3cd81a31e3cd26889ca66d677f1"},"headline":"Cameroun: Une convention de 29 milliards FCFA sign\u00e9e hier lundi 04 octobre 2022 \u00e0 Yaound\u00e9 entre le Cameroun et l\u2019Union europ\u00e9enne","datePublished":"2022-10-05T18:44:46+00:00","dateModified":"2022-10-05T20:54:01+00:00","mainEntityOfPage":{"@id":"https:\/\/www.africa-press.net\/cameroun\/economie\/cameroun-une-convention-de-29-milliards-fcfa-signee-hier-lundi-04-octobre-2022-a-yaounde-entre-le-cameroun-et-lunion-europeenne"},"wordCount":410,"commentCount":0,"image":{"@id":"https:\/\/www.africa-press.net\/cameroun\/economie\/cameroun-une-convention-de-29-milliards-fcfa-signee-hier-lundi-04-octobre-2022-a-yaounde-entre-le-cameroun-et-lunion-europeenne#primaryimage"},"thumbnailUrl":"https:\/\/static.africa-press.net\/cameroun\/sites\/57\/2022\/10\/img-633deed1d4b8a.jpg","keywords":["Africa Press","Africa Press-Cameroun","Cameroun"],"articleSection":["\u00c9conomie","Toutes les actualit\u00e9s"],"inLanguage":"fr-FR","potentialAction":[{"@type":"CommentAction","name":"Comment","target":["https:\/\/www.africa-press.net\/cameroun\/economie\/cameroun-une-convention-de-29-milliards-fcfa-signee-hier-lundi-04-octobre-2022-a-yaounde-entre-le-cameroun-et-lunion-europeenne#respond"]}]},{"@type":"WebPage","@id":"https:\/\/www.africa-press.net\/cameroun\/economie\/cameroun-une-convention-de-29-milliards-fcfa-signee-hier-lundi-04-octobre-2022-a-yaounde-entre-le-cameroun-et-lunion-europeenne","url":"https:\/\/www.africa-press.net\/cameroun\/economie\/cameroun-une-convention-de-29-milliards-fcfa-signee-hier-lundi-04-octobre-2022-a-yaounde-entre-le-cameroun-et-lunion-europeenne","name":"Cameroun: Une convention de 29 milliards FCFA sign\u00e9e hier lundi 04 octobre 2022 \u00e0 Yaound\u00e9 entre le Cameroun et l\u2019Union europ\u00e9enne - Cameroun","isPartOf":{"@id":"https:\/\/www.africa-press.net\/cameroun\/#website"},"primaryImageOfPage":{"@id":"https:\/\/www.africa-press.net\/cameroun\/economie\/cameroun-une-convention-de-29-milliards-fcfa-signee-hier-lundi-04-octobre-2022-a-yaounde-entre-le-cameroun-et-lunion-europeenne#primaryimage"},"image":{"@id":"https:\/\/www.africa-press.net\/cameroun\/economie\/cameroun-une-convention-de-29-milliards-fcfa-signee-hier-lundi-04-octobre-2022-a-yaounde-entre-le-cameroun-et-lunion-europeenne#primaryimage"},"thumbnailUrl":"https:\/\/static.africa-press.net\/cameroun\/sites\/57\/2022\/10\/img-633deed1d4b8a.jpg","datePublished":"2022-10-05T18:44:46+00:00","dateModified":"2022-10-05T20:54:01+00:00","author":{"@id":"https:\/\/www.africa-press.net\/cameroun\/#\/schema\/person\/2b1cf3cd81a31e3cd26889ca66d677f1"},"description":"Hier mardi 04 octobre 2022 a\u0300 Yaounde\u0301, Alamine Ousmane Mey, ministe\u0300re camerounais de l\u2019Economie, de la planification e ...","breadcrumb":{"@id":"https:\/\/www.africa-press.net\/cameroun\/economie\/cameroun-une-convention-de-29-milliards-fcfa-signee-hier-lundi-04-octobre-2022-a-yaounde-entre-le-cameroun-et-lunion-europeenne#breadcrumb"},"inLanguage":"fr-FR","potentialAction":[{"@type":"ReadAction","target":["https:\/\/www.africa-press.net\/cameroun\/economie\/cameroun-une-convention-de-29-milliards-fcfa-signee-hier-lundi-04-octobre-2022-a-yaounde-entre-le-cameroun-et-lunion-europeenne"]}]},{"@type":"ImageObject","inLanguage":"fr-FR","@id":"https:\/\/www.africa-press.net\/cameroun\/economie\/cameroun-une-convention-de-29-milliards-fcfa-signee-hier-lundi-04-octobre-2022-a-yaounde-entre-le-cameroun-et-lunion-europeenne#primaryimage","url":"https:\/\/static.africa-press.net\/cameroun\/sites\/57\/2022\/10\/img-633deed1d4b8a.jpg","contentUrl":"https:\/\/static.africa-press.net\/cameroun\/sites\/57\/2022\/10\/img-633deed1d4b8a.jpg","width":800,"height":532,"caption":"Cameroun: Une convention de 29 milliards FCFA sign\u00e9e hier lundi 04 octobre 2022 \u00e0 Yaound\u00e9 entre le Cameroun et l\u2019Union europ\u00e9enne"},{"@type":"BreadcrumbList","@id":"https:\/\/www.africa-press.net\/cameroun\/economie\/cameroun-une-convention-de-29-milliards-fcfa-signee-hier-lundi-04-octobre-2022-a-yaounde-entre-le-cameroun-et-lunion-europeenne#breadcrumb","itemListElement":[{"@type":"ListItem","position":1,"name":"Accueil","item":"https:\/\/www.africa-press.net\/cameroun\/"},{"@type":"ListItem","position":2,"name":"Cameroun: Une convention de 29 milliards FCFA sign\u00e9e hier lundi 04 octobre 2022 \u00e0 Yaound\u00e9 entre le Cameroun et l\u2019Union europ\u00e9enne"}]},{"@type":"WebSite","@id":"https:\/\/www.africa-press.net\/cameroun\/#website","url":"https:\/\/www.africa-press.net\/cameroun\/","name":"Cameroun","description":"Just another Africa News Agency Sites site","potentialAction":[{"@type":"SearchAction","target":{"@type":"EntryPoint","urlTemplate":"https:\/\/www.africa-press.net\/cameroun\/?s={search_term_string}"},"query-input":{"@type":"PropertyValueSpecification","valueRequired":true,"valueName":"search_term_string"}}],"inLanguage":"fr-FR"},{"@type":"Person","@id":"https:\/\/www.africa-press.net\/cameroun\/#\/schema\/person\/2b1cf3cd81a31e3cd26889ca66d677f1","name":"cfeditorfr"}]}},"_links":{"self":[{"href":"https:\/\/www.africa-press.net\/cameroun\/wp-json\/wp\/v2\/posts\/28796","targetHints":{"allow":["GET"]}}],"collection":[{"href":"https:\/\/www.africa-press.net\/cameroun\/wp-json\/wp\/v2\/posts"}],"about":[{"href":"https:\/\/www.africa-press.net\/cameroun\/wp-json\/wp\/v2\/types\/post"}],"author":[{"embeddable":true,"href":"https:\/\/www.africa-press.net\/cameroun\/wp-json\/wp\/v2\/users\/82"}],"replies":[{"embeddable":true,"href":"https:\/\/www.africa-press.net\/cameroun\/wp-json\/wp\/v2\/comments?post=28796"}],"version-history":[{"count":0,"href":"https:\/\/www.africa-press.net\/cameroun\/wp-json\/wp\/v2\/posts\/28796\/revisions"}],"wp:featuredmedia":[{"embeddable":true,"href":"https:\/\/www.africa-press.net\/cameroun\/wp-json\/wp\/v2\/media\/28795"}],"wp:attachment":[{"href":"https:\/\/www.africa-press.net\/cameroun\/wp-json\/wp\/v2\/media?parent=28796"}],"wp:term":[{"taxonomy":"category","embeddable":true,"href":"https:\/\/www.africa-press.net\/cameroun\/wp-json\/wp\/v2\/categories?post=28796"},{"taxonomy":"post_tag","embeddable":true,"href":"https:\/\/www.africa-press.net\/cameroun\/wp-json\/wp\/v2\/tags?post=28796"}],"curies":[{"name":"wp","href":"https:\/\/api.w.org\/{rel}","templated":true}]}}