{"id":28811,"date":"2022-10-05T19:24:55","date_gmt":"2022-10-05T19:24:55","guid":{"rendered":"https:\/\/www.africa-press.net\/cameroun\/politique\/cameroun-amadou-ali-decore-a-titre-posthume"},"modified":"2022-10-05T20:57:10","modified_gmt":"2022-10-05T20:57:10","slug":"cameroun-amadou-ali-decore-a-titre-posthume","status":"publish","type":"post","link":"https:\/\/www.africa-press.net\/cameroun\/toutes-les-actualites\/cameroun-amadou-ali-decore-a-titre-posthume","title":{"rendered":"Cameroun : Amadou Ali d\u00e9cor\u00e9 \u00e0 titre posthume"},"content":{"rendered":"<p><span style=\"color: #ff6600\"><strong>Africa-Press &#8211; Cameroun. <\/strong><\/span>Le pre\u0301sident de la Re\u0301publique Paul Biya a e\u0301leve\u0301 l\u2019ancien Premier ministre de\u0301ce\u0301de\u0301 le 27 septembre dernier a\u0300 la dignite\u0301 de Grand cordon du me\u0301rite camerounais.<\/p>\n<p>De\u0301ce\u0301de\u0301 le 27 septembre 2022 a\u0300 l\u2019a\u0302ge de 79 ans et inhume\u0301 le 28 dans le respect de la tradition musulmane, Amadou Ali au eu droit aux obse\u0300ques religieuses le 4 octobre 2022. Cette ce\u0301re\u0301monie a eu lieu dans son Kolofata natal, de\u0301partement du Mayo Sava, re\u0301gion de l\u2019Extre\u0302me-Nord. Le pre\u0301sident de la Re\u0301publique a de\u0301pe\u0302che\u0301 le ministre de\u0301le\u0301gue\u0301 a\u0300 la pre\u0301sidence charge\u0301 de la De\u0301fense pour le repre\u0301senter.<\/p>\n<p>A l\u2019occasion, Joseph Beti Assomo au nom du chef de l\u2019Etat et des pouvoirs qui lui ont e\u0301te\u0301 confe\u0301re\u0301s, a e\u0301leve\u0301 le disparu a\u0300 la dignite\u0301 de Grand cordon du me\u0301rite camerounais a\u0300 titre posthume. Le Mindef a par la suite remis la distinction a\u0300 la veuve de celui qui a occupe\u0301 son fauteuil entre 1997 et 2001, de l\u2019ancien ministre en charge des Relations avec les assemble\u0301es, Agne\u0300s Ali.<\/p>\n<p>L\u2019autre symbole de la reconnaissance de la nation a\u0300 l\u2019endroit celui qui aura servi les administrations pendant 58 ans c\u2019est cette gerbe de fleurs du couple pre\u0301sidentiel Paul et Chantal Biya. Le ministre de\u0301le\u0301gue\u0301 en charge de la De\u0301fense l\u2019a pose\u0301e sur la tombe d\u2019Amadou Ali. Mais bien avant, le pre\u0301fet du Mayo Sava Roger Saffo a proce\u0301de\u0301 a\u0300 la lecture du message de condole\u0301ance du chef de l\u2019Etat adresse\u0301 a\u0300 la veuve de l\u2019ex-secre\u0301taire ge\u0301ne\u0301ral de la pre\u0301sidence de la Re\u0301publique. De nombreux pre\u0301dicateurs et Imams ont e\u0301leve\u0301 des prie\u0300res pour le repos de l\u2019a\u0302me de l\u2019ancien commis de l\u2019Etat.<\/p>\n<p><strong>Pour plus d&rsquo;informations et d&rsquo;analyses sur la <a href=\"https:\/\/www.africa-press.net\/cameroun\">Cameroun<\/a>, suivez <a href=\"https:\/\/www.africa-press.net\/\">Africa-Press<\/a><\/strong><\/p>\n","protected":false},"excerpt":{"rendered":"<p>Africa-Press &#8211; Cameroun. Le pre\u0301sident de la Re\u0301publique Paul Biya a e\u0301leve\u0301 l\u2019ancien Premier ministre de\u0301ce\u0301de\u0301 le 27 septembre dernier a\u0300 la dignite\u0301 de Grand cordon du me\u0301rite camerounais. De\u0301ce\u0301de\u0301 le 27 septembre 2022 a\u0300 l\u2019a\u0302ge de 79 ans et inhume\u0301 le 28 dans le respect de la tradition musulmane, Amadou Ali au eu droit [&hellip;]<\/p>\n","protected":false},"author":82,"featured_media":28810,"comment_status":"open","ping_status":"closed","sticky":false,"template":"","format":"standard","meta":{"footnotes":""},"categories":[21,10],"tags":[36,50,49],"class_list":["post-28811","post","type-post","status-publish","format-standard","has-post-thumbnail","hentry","category-communaute","category-toutes-les-actualites","tag-africa-press","tag-africa-press-cameroun","tag-cameroun"],"yoast_head":"<!-- This site is optimized with the Yoast SEO Premium plugin v26.1 (Yoast SEO v27.0) - https:\/\/yoast.com\/product\/yoast-seo-premium-wordpress\/ -->\n<title>Cameroun : Amadou Ali d\u00e9cor\u00e9 \u00e0 titre posthume - Cameroun<\/title>\n<meta name=\"description\" content=\"Le pre\u0301sident de la Re\u0301publique Paul Biya a e\u0301leve\u0301 l\u2019ancien Premier ministre de\u0301ce\u0301de\u0301 le 27 septembre dernier a\u0300 la di ...\" \/>\n<meta name=\"robots\" content=\"index, follow, max-snippet:-1, max-image-preview:large, max-video-preview:-1\" \/>\n<link rel=\"canonical\" href=\"https:\/\/www.africa-press.net\/cameroun\/toutes-les-actualites\/cameroun-amadou-ali-decore-a-titre-posthume\" \/>\n<meta property=\"og:locale\" content=\"fr_FR\" \/>\n<meta property=\"og:type\" content=\"article\" \/>\n<meta property=\"og:title\" content=\"Cameroun : Amadou Ali d\u00e9cor\u00e9 \u00e0 titre posthume\" \/>\n<meta property=\"og:description\" content=\"Le pre\u0301sident de la Re\u0301publique Paul Biya a e\u0301leve\u0301 l\u2019ancien Premier ministre de\u0301ce\u0301de\u0301 le 27 septembre dernier a\u0300 la di ...\" \/>\n<meta property=\"og:url\" content=\"https:\/\/www.africa-press.net\/cameroun\/toutes-les-actualites\/cameroun-amadou-ali-decore-a-titre-posthume\" \/>\n<meta property=\"og:site_name\" content=\"Cameroun\" \/>\n<meta property=\"article:published_time\" content=\"2022-10-05T19:24:55+00:00\" \/>\n<meta property=\"article:modified_time\" content=\"2022-10-05T20:57:10+00:00\" \/>\n<meta property=\"og:image\" content=\"https:\/\/static.africa-press.net\/cameroun\/sites\/57\/2022\/10\/img-633def8d17e8e.jpg\" \/>\n\t<meta property=\"og:image:width\" content=\"720\" \/>\n\t<meta property=\"og:image:height\" content=\"501\" \/>\n\t<meta property=\"og:image:type\" content=\"image\/jpeg\" \/>\n<meta name=\"author\" content=\"cfeditorfr\" \/>\n<meta name=\"twitter:card\" content=\"summary_large_image\" \/>\n<meta name=\"twitter:label1\" content=\"\u00c9crit par\" \/>\n\t<meta name=\"twitter:data1\" content=\"cfeditorfr\" \/>\n\t<meta name=\"twitter:label2\" content=\"Dur\u00e9e de lecture estim\u00e9e\" \/>\n\t<meta name=\"twitter:data2\" content=\"2 minutes\" \/>\n<script type=\"application\/ld+json\" class=\"yoast-schema-graph\">{\"@context\":\"https:\/\/schema.org\",\"@graph\":[{\"@type\":\"Article\",\"@id\":\"https:\/\/www.africa-press.net\/cameroun\/toutes-les-actualites\/cameroun-amadou-ali-decore-a-titre-posthume#article\",\"isPartOf\":{\"@id\":\"https:\/\/www.africa-press.net\/cameroun\/toutes-les-actualites\/cameroun-amadou-ali-decore-a-titre-posthume\"},\"author\":{\"name\":\"cfeditorfr\",\"@id\":\"https:\/\/www.africa-press.net\/cameroun\/#\/schema\/person\/2b1cf3cd81a31e3cd26889ca66d677f1\"},\"headline\":\"Cameroun : Amadou Ali d\u00e9cor\u00e9 \u00e0 titre posthume\",\"datePublished\":\"2022-10-05T19:24:55+00:00\",\"dateModified\":\"2022-10-05T20:57:10+00:00\",\"mainEntityOfPage\":{\"@id\":\"https:\/\/www.africa-press.net\/cameroun\/toutes-les-actualites\/cameroun-amadou-ali-decore-a-titre-posthume\"},\"wordCount\":342,\"commentCount\":0,\"image\":{\"@id\":\"https:\/\/www.africa-press.net\/cameroun\/toutes-les-actualites\/cameroun-amadou-ali-decore-a-titre-posthume#primaryimage\"},\"thumbnailUrl\":\"https:\/\/static.africa-press.net\/cameroun\/sites\/57\/2022\/10\/img-633def8d17e8e.jpg\",\"keywords\":[\"Africa Press\",\"Africa Press-Cameroun\",\"Cameroun\"],\"articleSection\":[\"Communaut\u00e9\",\"Toutes les actualit\u00e9s\"],\"inLanguage\":\"fr-FR\",\"potentialAction\":[{\"@type\":\"CommentAction\",\"name\":\"Comment\",\"target\":[\"https:\/\/www.africa-press.net\/cameroun\/toutes-les-actualites\/cameroun-amadou-ali-decore-a-titre-posthume#respond\"]}]},{\"@type\":\"WebPage\",\"@id\":\"https:\/\/www.africa-press.net\/cameroun\/toutes-les-actualites\/cameroun-amadou-ali-decore-a-titre-posthume\",\"url\":\"https:\/\/www.africa-press.net\/cameroun\/toutes-les-actualites\/cameroun-amadou-ali-decore-a-titre-posthume\",\"name\":\"Cameroun : Amadou Ali d\u00e9cor\u00e9 \u00e0 titre posthume - Cameroun\",\"isPartOf\":{\"@id\":\"https:\/\/www.africa-press.net\/cameroun\/#website\"},\"primaryImageOfPage\":{\"@id\":\"https:\/\/www.africa-press.net\/cameroun\/toutes-les-actualites\/cameroun-amadou-ali-decore-a-titre-posthume#primaryimage\"},\"image\":{\"@id\":\"https:\/\/www.africa-press.net\/cameroun\/toutes-les-actualites\/cameroun-amadou-ali-decore-a-titre-posthume#primaryimage\"},\"thumbnailUrl\":\"https:\/\/static.africa-press.net\/cameroun\/sites\/57\/2022\/10\/img-633def8d17e8e.jpg\",\"datePublished\":\"2022-10-05T19:24:55+00:00\",\"dateModified\":\"2022-10-05T20:57:10+00:00\",\"author\":{\"@id\":\"https:\/\/www.africa-press.net\/cameroun\/#\/schema\/person\/2b1cf3cd81a31e3cd26889ca66d677f1\"},\"description\":\"Le pre\u0301sident de la Re\u0301publique Paul Biya a e\u0301leve\u0301 l\u2019ancien Premier ministre de\u0301ce\u0301de\u0301 le 27 septembre dernier a\u0300 la di ...\",\"breadcrumb\":{\"@id\":\"https:\/\/www.africa-press.net\/cameroun\/toutes-les-actualites\/cameroun-amadou-ali-decore-a-titre-posthume#breadcrumb\"},\"inLanguage\":\"fr-FR\",\"potentialAction\":[{\"@type\":\"ReadAction\",\"target\":[\"https:\/\/www.africa-press.net\/cameroun\/toutes-les-actualites\/cameroun-amadou-ali-decore-a-titre-posthume\"]}]},{\"@type\":\"ImageObject\",\"inLanguage\":\"fr-FR\",\"@id\":\"https:\/\/www.africa-press.net\/cameroun\/toutes-les-actualites\/cameroun-amadou-ali-decore-a-titre-posthume#primaryimage\",\"url\":\"https:\/\/static.africa-press.net\/cameroun\/sites\/57\/2022\/10\/img-633def8d17e8e.jpg\",\"contentUrl\":\"https:\/\/static.africa-press.net\/cameroun\/sites\/57\/2022\/10\/img-633def8d17e8e.jpg\",\"width\":720,\"height\":501,\"caption\":\"Cameroun : Amadou Ali d\u00e9cor\u00e9 \u00e0 titre posthume\"},{\"@type\":\"BreadcrumbList\",\"@id\":\"https:\/\/www.africa-press.net\/cameroun\/toutes-les-actualites\/cameroun-amadou-ali-decore-a-titre-posthume#breadcrumb\",\"itemListElement\":[{\"@type\":\"ListItem\",\"position\":1,\"name\":\"Accueil\",\"item\":\"https:\/\/www.africa-press.net\/cameroun\/\"},{\"@type\":\"ListItem\",\"position\":2,\"name\":\"Cameroun : Amadou Ali d\u00e9cor\u00e9 \u00e0 titre posthume\"}]},{\"@type\":\"WebSite\",\"@id\":\"https:\/\/www.africa-press.net\/cameroun\/#website\",\"url\":\"https:\/\/www.africa-press.net\/cameroun\/\",\"name\":\"Cameroun\",\"description\":\"Just another Africa News Agency Sites site\",\"potentialAction\":[{\"@type\":\"SearchAction\",\"target\":{\"@type\":\"EntryPoint\",\"urlTemplate\":\"https:\/\/www.africa-press.net\/cameroun\/?s={search_term_string}\"},\"query-input\":{\"@type\":\"PropertyValueSpecification\",\"valueRequired\":true,\"valueName\":\"search_term_string\"}}],\"inLanguage\":\"fr-FR\"},{\"@type\":\"Person\",\"@id\":\"https:\/\/www.africa-press.net\/cameroun\/#\/schema\/person\/2b1cf3cd81a31e3cd26889ca66d677f1\",\"name\":\"cfeditorfr\"}]}<\/script>\n<!-- \/ Yoast SEO Premium plugin. -->","yoast_head_json":{"title":"Cameroun : Amadou Ali d\u00e9cor\u00e9 \u00e0 titre posthume - Cameroun","description":"Le pre\u0301sident de la Re\u0301publique Paul Biya a e\u0301leve\u0301 l\u2019ancien Premier ministre de\u0301ce\u0301de\u0301 le 27 septembre dernier a\u0300 la di ...","robots":{"index":"index","follow":"follow","max-snippet":"max-snippet:-1","max-image-preview":"max-image-preview:large","max-video-preview":"max-video-preview:-1"},"canonical":"https:\/\/www.africa-press.net\/cameroun\/toutes-les-actualites\/cameroun-amadou-ali-decore-a-titre-posthume","og_locale":"fr_FR","og_type":"article","og_title":"Cameroun : Amadou Ali d\u00e9cor\u00e9 \u00e0 titre posthume","og_description":"Le pre\u0301sident de la Re\u0301publique Paul Biya a e\u0301leve\u0301 l\u2019ancien Premier ministre de\u0301ce\u0301de\u0301 le 27 septembre dernier a\u0300 la di ...","og_url":"https:\/\/www.africa-press.net\/cameroun\/toutes-les-actualites\/cameroun-amadou-ali-decore-a-titre-posthume","og_site_name":"Cameroun","article_published_time":"2022-10-05T19:24:55+00:00","article_modified_time":"2022-10-05T20:57:10+00:00","og_image":[{"width":720,"height":501,"url":"https:\/\/static.africa-press.net\/cameroun\/sites\/57\/2022\/10\/img-633def8d17e8e.jpg","type":"image\/jpeg"}],"author":"cfeditorfr","twitter_card":"summary_large_image","twitter_misc":{"\u00c9crit par":"cfeditorfr","Dur\u00e9e de lecture estim\u00e9e":"2 minutes"},"schema":{"@context":"https:\/\/schema.org","@graph":[{"@type":"Article","@id":"https:\/\/www.africa-press.net\/cameroun\/toutes-les-actualites\/cameroun-amadou-ali-decore-a-titre-posthume#article","isPartOf":{"@id":"https:\/\/www.africa-press.net\/cameroun\/toutes-les-actualites\/cameroun-amadou-ali-decore-a-titre-posthume"},"author":{"name":"cfeditorfr","@id":"https:\/\/www.africa-press.net\/cameroun\/#\/schema\/person\/2b1cf3cd81a31e3cd26889ca66d677f1"},"headline":"Cameroun : Amadou Ali d\u00e9cor\u00e9 \u00e0 titre posthume","datePublished":"2022-10-05T19:24:55+00:00","dateModified":"2022-10-05T20:57:10+00:00","mainEntityOfPage":{"@id":"https:\/\/www.africa-press.net\/cameroun\/toutes-les-actualites\/cameroun-amadou-ali-decore-a-titre-posthume"},"wordCount":342,"commentCount":0,"image":{"@id":"https:\/\/www.africa-press.net\/cameroun\/toutes-les-actualites\/cameroun-amadou-ali-decore-a-titre-posthume#primaryimage"},"thumbnailUrl":"https:\/\/static.africa-press.net\/cameroun\/sites\/57\/2022\/10\/img-633def8d17e8e.jpg","keywords":["Africa Press","Africa Press-Cameroun","Cameroun"],"articleSection":["Communaut\u00e9","Toutes les actualit\u00e9s"],"inLanguage":"fr-FR","potentialAction":[{"@type":"CommentAction","name":"Comment","target":["https:\/\/www.africa-press.net\/cameroun\/toutes-les-actualites\/cameroun-amadou-ali-decore-a-titre-posthume#respond"]}]},{"@type":"WebPage","@id":"https:\/\/www.africa-press.net\/cameroun\/toutes-les-actualites\/cameroun-amadou-ali-decore-a-titre-posthume","url":"https:\/\/www.africa-press.net\/cameroun\/toutes-les-actualites\/cameroun-amadou-ali-decore-a-titre-posthume","name":"Cameroun : Amadou Ali d\u00e9cor\u00e9 \u00e0 titre posthume - Cameroun","isPartOf":{"@id":"https:\/\/www.africa-press.net\/cameroun\/#website"},"primaryImageOfPage":{"@id":"https:\/\/www.africa-press.net\/cameroun\/toutes-les-actualites\/cameroun-amadou-ali-decore-a-titre-posthume#primaryimage"},"image":{"@id":"https:\/\/www.africa-press.net\/cameroun\/toutes-les-actualites\/cameroun-amadou-ali-decore-a-titre-posthume#primaryimage"},"thumbnailUrl":"https:\/\/static.africa-press.net\/cameroun\/sites\/57\/2022\/10\/img-633def8d17e8e.jpg","datePublished":"2022-10-05T19:24:55+00:00","dateModified":"2022-10-05T20:57:10+00:00","author":{"@id":"https:\/\/www.africa-press.net\/cameroun\/#\/schema\/person\/2b1cf3cd81a31e3cd26889ca66d677f1"},"description":"Le pre\u0301sident de la Re\u0301publique Paul Biya a e\u0301leve\u0301 l\u2019ancien Premier ministre de\u0301ce\u0301de\u0301 le 27 septembre dernier a\u0300 la di ...","breadcrumb":{"@id":"https:\/\/www.africa-press.net\/cameroun\/toutes-les-actualites\/cameroun-amadou-ali-decore-a-titre-posthume#breadcrumb"},"inLanguage":"fr-FR","potentialAction":[{"@type":"ReadAction","target":["https:\/\/www.africa-press.net\/cameroun\/toutes-les-actualites\/cameroun-amadou-ali-decore-a-titre-posthume"]}]},{"@type":"ImageObject","inLanguage":"fr-FR","@id":"https:\/\/www.africa-press.net\/cameroun\/toutes-les-actualites\/cameroun-amadou-ali-decore-a-titre-posthume#primaryimage","url":"https:\/\/static.africa-press.net\/cameroun\/sites\/57\/2022\/10\/img-633def8d17e8e.jpg","contentUrl":"https:\/\/static.africa-press.net\/cameroun\/sites\/57\/2022\/10\/img-633def8d17e8e.jpg","width":720,"height":501,"caption":"Cameroun : Amadou Ali d\u00e9cor\u00e9 \u00e0 titre posthume"},{"@type":"BreadcrumbList","@id":"https:\/\/www.africa-press.net\/cameroun\/toutes-les-actualites\/cameroun-amadou-ali-decore-a-titre-posthume#breadcrumb","itemListElement":[{"@type":"ListItem","position":1,"name":"Accueil","item":"https:\/\/www.africa-press.net\/cameroun\/"},{"@type":"ListItem","position":2,"name":"Cameroun : Amadou Ali d\u00e9cor\u00e9 \u00e0 titre posthume"}]},{"@type":"WebSite","@id":"https:\/\/www.africa-press.net\/cameroun\/#website","url":"https:\/\/www.africa-press.net\/cameroun\/","name":"Cameroun","description":"Just another Africa News Agency Sites site","potentialAction":[{"@type":"SearchAction","target":{"@type":"EntryPoint","urlTemplate":"https:\/\/www.africa-press.net\/cameroun\/?s={search_term_string}"},"query-input":{"@type":"PropertyValueSpecification","valueRequired":true,"valueName":"search_term_string"}}],"inLanguage":"fr-FR"},{"@type":"Person","@id":"https:\/\/www.africa-press.net\/cameroun\/#\/schema\/person\/2b1cf3cd81a31e3cd26889ca66d677f1","name":"cfeditorfr"}]}},"_links":{"self":[{"href":"https:\/\/www.africa-press.net\/cameroun\/wp-json\/wp\/v2\/posts\/28811","targetHints":{"allow":["GET"]}}],"collection":[{"href":"https:\/\/www.africa-press.net\/cameroun\/wp-json\/wp\/v2\/posts"}],"about":[{"href":"https:\/\/www.africa-press.net\/cameroun\/wp-json\/wp\/v2\/types\/post"}],"author":[{"embeddable":true,"href":"https:\/\/www.africa-press.net\/cameroun\/wp-json\/wp\/v2\/users\/82"}],"replies":[{"embeddable":true,"href":"https:\/\/www.africa-press.net\/cameroun\/wp-json\/wp\/v2\/comments?post=28811"}],"version-history":[{"count":0,"href":"https:\/\/www.africa-press.net\/cameroun\/wp-json\/wp\/v2\/posts\/28811\/revisions"}],"wp:featuredmedia":[{"embeddable":true,"href":"https:\/\/www.africa-press.net\/cameroun\/wp-json\/wp\/v2\/media\/28810"}],"wp:attachment":[{"href":"https:\/\/www.africa-press.net\/cameroun\/wp-json\/wp\/v2\/media?parent=28811"}],"wp:term":[{"taxonomy":"category","embeddable":true,"href":"https:\/\/www.africa-press.net\/cameroun\/wp-json\/wp\/v2\/categories?post=28811"},{"taxonomy":"post_tag","embeddable":true,"href":"https:\/\/www.africa-press.net\/cameroun\/wp-json\/wp\/v2\/tags?post=28811"}],"curies":[{"name":"wp","href":"https:\/\/api.w.org\/{rel}","templated":true}]}}