{"id":28814,"date":"2022-10-05T19:32:31","date_gmt":"2022-10-05T19:32:31","guid":{"rendered":"https:\/\/www.africa-press.net\/cameroun\/politique\/cameroun-lunion-europeenne-met-29-milliards-de-fcfa-pour-soutenir-le-developpement-durable"},"modified":"2022-10-05T20:57:49","modified_gmt":"2022-10-05T20:57:49","slug":"cameroun-lunion-europeenne-met-29-milliards-de-fcfa-pour-soutenir-le-developpement-durable","status":"publish","type":"post","link":"https:\/\/www.africa-press.net\/cameroun\/economie\/cameroun-lunion-europeenne-met-29-milliards-de-fcfa-pour-soutenir-le-developpement-durable","title":{"rendered":"Cameroun\u00a0: l\u2019Union Europ\u00e9enne met 29 milliards de FCFA pour soutenir le d\u00e9veloppement durable"},"content":{"rendered":"<p><span style=\"color: #ff6600\"><strong>Africa-Press &#8211; Cameroun. <\/strong><\/span>Deux conventions de financement relatives aux actions \u00ab Cameroun : Villes vertes, inclusives et durables \u00bb et \u00ab Cameroun : Septentrion vert et re\u0301silient \u00bb, ont e\u0301te\u0301 signe\u0301es ce mardi 04 octobre 2022 a\u0300 Yaounde\u0301.<\/p>\n<p>Alamine Ousmane Mey et S.E Philippe VAN DAMME respectivement ministe\u0300re de l\u2019Economie, de la Planification et de l\u2019Ame\u0301nagement du Territoire et Ambassadeur, Chef de De\u0301le\u0301gation de l\u2019Union Europe\u0301enne au Cameroun ont signe\u0301 deux conventions de financement hier.<\/p>\n<p>\u00ab Ces deux conventions sont aligne\u0301es sur les objectifs de de\u0301veloppement durable des Nations Unies et de la Strate\u0301gie Nationale de De\u0301veloppement 2020-2030 du Cameroun \u00bb, a fait savoir le Chef de De\u0301le\u0301gation de l\u2019UE au Cameroun. Selon Philippe VAN DAMME, elles constituent un soutien concret a\u0300 la re\u0301alisation de la \u00ab Contribution De\u0301termine\u0301e au Niveau National du Cameroun \u00bb a\u0300 la lutte contre le changement climatique.<\/p>\n<p>A travers ces accords, \u00ab l\u2019UE propose une approche inclusive et inte\u0301gre\u0301e combinant la conservation de la biodiversite\u0301 et le de\u0301veloppement socio-e\u0301conomique \u00bb, a de\u0301clare\u0301 le diplomate europe\u0301en.<\/p>\n<p>Pour sa part, le Minepat a indique\u0301 que les deux actions finance\u0301es marquent l\u2019entre\u0301e effective du Cameroun dans l\u2019e\u0300re de l\u2019Instrument de Voisinage de De\u0301veloppement et de Coope\u0301ration Internationale (NDICI). Elles interviennent apre\u0300s le lancement du PIM en fe\u0301vrier 2022 a\u0300 Garoua ; programme issu des consultations multipartites riches et denses ayant associe\u0301 l\u2019Exe\u0301cutif, le Parlement, le secteur prive\u0301, la socie\u0301te\u0301 civile et les partenaires europe\u0301ens.<\/p>\n<p>L\u2019action \u00ab Cameroun : Villes vertes, inclusives et durables \u00bb est fonde\u0301e sur une approche inte\u0301gre\u0301e du de\u0301veloppement humain. Dote\u0301e d\u2019une enveloppe de 15 742 000 000 de FCFA, cette action contribuera a\u0300 l\u2019atteinte du troisie\u0300me domaine prioritaire du Programme Indicatif Multi-annuel 2021-2027(PIM), axe\u0301 sur \u00ab Pacte vert : de\u0301veloppement durable et action climatique \u00bb. Elle vient en appui a\u0300 la gouvernance urbaine et a\u0300 la mise en \u0153uvre du processus de de\u0301centralisation au Cameroun.<\/p>\n<p>Cette action cible trois villes camerounaises : Yaounde\u0301, Douala et Maroua. Concre\u0300tement, l\u2019UE va soutenir la mobilite\u0301 de la ville de Yaounde\u0301 en accompagnant le de\u0301veloppement du BRT (Bus Rapide de Transit) et en financ\u0327ant les mesures d\u2019accompagnement telles que la re\u0301forme du transport artisanal et l\u2019ame\u0301lioration de la mobilite\u0301 au centre-ville.<\/p>\n<p>A Maroua, en comple\u0301ment avec les actions de l\u2019Agence Franc\u0327aise de De\u0301veloppement et de la Banque mondiale, l\u2019UE renforcera le de\u0301veloppement participatif de la ville, en accompagnant la population et les Mairies dans leur volonte\u0301 d\u2019avoir plus d\u2019espaces verts et publics, permettant une meilleure qualite\u0301 de vie et une meilleure re\u0301silience au changement climatique. A Douala, l\u2019UE va accompagner la Banque Europe\u0301enne d\u2019Investissement dans un projet de gestion des de\u0301chets.<\/p>\n<p>En ce qui concerne l\u2019action \u00ab Cameroun : Septentrion vert et re\u0301silient \u00bb, celle-ci fait partie de la Team Europe Initiative \u00ab Pacte vert et re\u0301silience dans le septentrion au Cameroun. Avec une allocation financie\u0300re de 13 119 000 000 FCFA, cette action propose une approche \u00ab paysage \u00bb dans l\u2019optique de la protection de la nature dans les aires prote\u0301ge\u0301es prioritaires et l\u2019e\u0301conomie verte pour les populations environnantes.<\/p>\n<p>Ainsi, cette action permettra de relier les sites prote\u0301ge\u0301s par des zones de restauration forestie\u0300re aux pratiques agricoles et pastorales adapte\u0301es et durables, qui tiennent e\u0301galement compte des risques de conflits dans les communaute\u0301s. Elle repose sur trois composantes : la consolidation de la gouvernance de\u0301centralise\u0301e et la coordination des initiatives des partenaires europe\u0301ens ; la promotion de la gestion agro-sylvo-pastorale intelligente face au climat et a\u0300 la rare\u0301faction des terres exploitables par les activite\u0301s pastorales ; l\u2019appui des acteurs de la conservation dans la protection et la valorisation durables de leurs zones de chasse et parcs nationaux.<\/p>\n<p>Il convient de noter que la ce\u0301re\u0301monie de signature des deux conventions e\u0301tait pre\u0301ce\u0301de\u0301e de la re\u0301union semestrielle de suivi du portefeuille de coope\u0301ration Cameroun-UE pour le compte de l\u2019anne\u0301e 2022. Au cours de cette rencontre, les deux parties ont passe\u0301 en revue l\u2019ensemble du portefeuille et ont propose\u0301 des mesures visant a\u0300 renforcer le partenariat entre le Cameroun et l\u2019Union Europe\u0301enne.<\/p>\n<p><strong>Pour plus d&rsquo;informations et d&rsquo;analyses sur la <a href=\"https:\/\/www.africa-press.net\/cameroun\">Cameroun<\/a>, suivez <a href=\"https:\/\/www.africa-press.net\/\">Africa-Press<\/a><\/strong><\/p>\n","protected":false},"excerpt":{"rendered":"<p>Africa-Press &#8211; Cameroun. Deux conventions de financement relatives aux actions \u00ab Cameroun : Villes vertes, inclusives et durables \u00bb et \u00ab Cameroun : Septentrion vert et re\u0301silient \u00bb, ont e\u0301te\u0301 signe\u0301es ce mardi 04 octobre 2022 a\u0300 Yaounde\u0301. Alamine Ousmane Mey et S.E Philippe VAN DAMME respectivement ministe\u0300re de l\u2019Economie, de la Planification et de [&hellip;]<\/p>\n","protected":false},"author":82,"featured_media":28813,"comment_status":"open","ping_status":"closed","sticky":false,"template":"","format":"standard","meta":{"footnotes":""},"categories":[3,20,10],"tags":[36,50,49],"class_list":["post-28814","post","type-post","status-publish","format-standard","has-post-thumbnail","hentry","category-economie","category-top-nouvelles","category-toutes-les-actualites","tag-africa-press","tag-africa-press-cameroun","tag-cameroun"],"yoast_head":"<!-- This site is optimized with the Yoast SEO Premium plugin v26.1 (Yoast SEO v27.0) - https:\/\/yoast.com\/product\/yoast-seo-premium-wordpress\/ -->\n<title>Cameroun\u00a0: l\u2019Union Europ\u00e9enne met 29 milliards de FCFA pour soutenir le d\u00e9veloppement durable - Cameroun<\/title>\n<meta name=\"description\" content=\"Deux conventions de financement relatives aux actions \u00ab Cameroun : Villes vertes, inclusives et durables \u00bb et \u00ab Cameroun ...\" \/>\n<meta name=\"robots\" content=\"index, follow, max-snippet:-1, max-image-preview:large, max-video-preview:-1\" \/>\n<link rel=\"canonical\" href=\"https:\/\/www.africa-press.net\/cameroun\/economie\/cameroun-lunion-europeenne-met-29-milliards-de-fcfa-pour-soutenir-le-developpement-durable\" \/>\n<meta property=\"og:locale\" content=\"fr_FR\" \/>\n<meta property=\"og:type\" content=\"article\" \/>\n<meta property=\"og:title\" content=\"Cameroun\u00a0: l\u2019Union Europ\u00e9enne met 29 milliards de FCFA pour soutenir le d\u00e9veloppement durable\" \/>\n<meta property=\"og:description\" content=\"Deux conventions de financement relatives aux actions \u00ab Cameroun : Villes vertes, inclusives et durables \u00bb et \u00ab Cameroun ...\" \/>\n<meta property=\"og:url\" content=\"https:\/\/www.africa-press.net\/cameroun\/economie\/cameroun-lunion-europeenne-met-29-milliards-de-fcfa-pour-soutenir-le-developpement-durable\" \/>\n<meta property=\"og:site_name\" content=\"Cameroun\" \/>\n<meta property=\"article:published_time\" content=\"2022-10-05T19:32:31+00:00\" \/>\n<meta property=\"article:modified_time\" content=\"2022-10-05T20:57:49+00:00\" \/>\n<meta property=\"og:image\" content=\"https:\/\/static.africa-press.net\/cameroun\/sites\/57\/2022\/10\/img-633defae5d32e.jpg\" \/>\n\t<meta property=\"og:image:width\" content=\"1125\" \/>\n\t<meta property=\"og:image:height\" content=\"750\" \/>\n\t<meta property=\"og:image:type\" content=\"image\/jpeg\" \/>\n<meta name=\"author\" content=\"cfeditorfr\" \/>\n<meta name=\"twitter:card\" content=\"summary_large_image\" \/>\n<meta name=\"twitter:label1\" content=\"\u00c9crit par\" \/>\n\t<meta name=\"twitter:data1\" content=\"cfeditorfr\" \/>\n\t<meta name=\"twitter:label2\" content=\"Dur\u00e9e de lecture estim\u00e9e\" \/>\n\t<meta name=\"twitter:data2\" content=\"4 minutes\" \/>\n<script type=\"application\/ld+json\" class=\"yoast-schema-graph\">{\"@context\":\"https:\/\/schema.org\",\"@graph\":[{\"@type\":\"Article\",\"@id\":\"https:\/\/www.africa-press.net\/cameroun\/economie\/cameroun-lunion-europeenne-met-29-milliards-de-fcfa-pour-soutenir-le-developpement-durable#article\",\"isPartOf\":{\"@id\":\"https:\/\/www.africa-press.net\/cameroun\/economie\/cameroun-lunion-europeenne-met-29-milliards-de-fcfa-pour-soutenir-le-developpement-durable\"},\"author\":{\"name\":\"cfeditorfr\",\"@id\":\"https:\/\/www.africa-press.net\/cameroun\/#\/schema\/person\/2b1cf3cd81a31e3cd26889ca66d677f1\"},\"headline\":\"Cameroun\u00a0: l\u2019Union Europ\u00e9enne met 29 milliards de FCFA pour soutenir le d\u00e9veloppement durable\",\"datePublished\":\"2022-10-05T19:32:31+00:00\",\"dateModified\":\"2022-10-05T20:57:49+00:00\",\"mainEntityOfPage\":{\"@id\":\"https:\/\/www.africa-press.net\/cameroun\/economie\/cameroun-lunion-europeenne-met-29-milliards-de-fcfa-pour-soutenir-le-developpement-durable\"},\"wordCount\":758,\"commentCount\":0,\"image\":{\"@id\":\"https:\/\/www.africa-press.net\/cameroun\/economie\/cameroun-lunion-europeenne-met-29-milliards-de-fcfa-pour-soutenir-le-developpement-durable#primaryimage\"},\"thumbnailUrl\":\"https:\/\/static.africa-press.net\/cameroun\/sites\/57\/2022\/10\/img-633defae5d32e.jpg\",\"keywords\":[\"Africa Press\",\"Africa Press-Cameroun\",\"Cameroun\"],\"articleSection\":[\"\u00c9conomie\",\"Top Nouvelles\",\"Toutes les actualit\u00e9s\"],\"inLanguage\":\"fr-FR\",\"potentialAction\":[{\"@type\":\"CommentAction\",\"name\":\"Comment\",\"target\":[\"https:\/\/www.africa-press.net\/cameroun\/economie\/cameroun-lunion-europeenne-met-29-milliards-de-fcfa-pour-soutenir-le-developpement-durable#respond\"]}]},{\"@type\":\"WebPage\",\"@id\":\"https:\/\/www.africa-press.net\/cameroun\/economie\/cameroun-lunion-europeenne-met-29-milliards-de-fcfa-pour-soutenir-le-developpement-durable\",\"url\":\"https:\/\/www.africa-press.net\/cameroun\/economie\/cameroun-lunion-europeenne-met-29-milliards-de-fcfa-pour-soutenir-le-developpement-durable\",\"name\":\"Cameroun\u00a0: l\u2019Union Europ\u00e9enne met 29 milliards de FCFA pour soutenir le d\u00e9veloppement durable - Cameroun\",\"isPartOf\":{\"@id\":\"https:\/\/www.africa-press.net\/cameroun\/#website\"},\"primaryImageOfPage\":{\"@id\":\"https:\/\/www.africa-press.net\/cameroun\/economie\/cameroun-lunion-europeenne-met-29-milliards-de-fcfa-pour-soutenir-le-developpement-durable#primaryimage\"},\"image\":{\"@id\":\"https:\/\/www.africa-press.net\/cameroun\/economie\/cameroun-lunion-europeenne-met-29-milliards-de-fcfa-pour-soutenir-le-developpement-durable#primaryimage\"},\"thumbnailUrl\":\"https:\/\/static.africa-press.net\/cameroun\/sites\/57\/2022\/10\/img-633defae5d32e.jpg\",\"datePublished\":\"2022-10-05T19:32:31+00:00\",\"dateModified\":\"2022-10-05T20:57:49+00:00\",\"author\":{\"@id\":\"https:\/\/www.africa-press.net\/cameroun\/#\/schema\/person\/2b1cf3cd81a31e3cd26889ca66d677f1\"},\"description\":\"Deux conventions de financement relatives aux actions \u00ab Cameroun : Villes vertes, inclusives et durables \u00bb et \u00ab Cameroun ...\",\"breadcrumb\":{\"@id\":\"https:\/\/www.africa-press.net\/cameroun\/economie\/cameroun-lunion-europeenne-met-29-milliards-de-fcfa-pour-soutenir-le-developpement-durable#breadcrumb\"},\"inLanguage\":\"fr-FR\",\"potentialAction\":[{\"@type\":\"ReadAction\",\"target\":[\"https:\/\/www.africa-press.net\/cameroun\/economie\/cameroun-lunion-europeenne-met-29-milliards-de-fcfa-pour-soutenir-le-developpement-durable\"]}]},{\"@type\":\"ImageObject\",\"inLanguage\":\"fr-FR\",\"@id\":\"https:\/\/www.africa-press.net\/cameroun\/economie\/cameroun-lunion-europeenne-met-29-milliards-de-fcfa-pour-soutenir-le-developpement-durable#primaryimage\",\"url\":\"https:\/\/static.africa-press.net\/cameroun\/sites\/57\/2022\/10\/img-633defae5d32e.jpg\",\"contentUrl\":\"https:\/\/static.africa-press.net\/cameroun\/sites\/57\/2022\/10\/img-633defae5d32e.jpg\",\"width\":1125,\"height\":750,\"caption\":\"Cameroun\u00a0: l\u2019Union Europ\u00e9enne met 29 milliards de FCFA pour soutenir le d\u00e9veloppement durable\"},{\"@type\":\"BreadcrumbList\",\"@id\":\"https:\/\/www.africa-press.net\/cameroun\/economie\/cameroun-lunion-europeenne-met-29-milliards-de-fcfa-pour-soutenir-le-developpement-durable#breadcrumb\",\"itemListElement\":[{\"@type\":\"ListItem\",\"position\":1,\"name\":\"Accueil\",\"item\":\"https:\/\/www.africa-press.net\/cameroun\/\"},{\"@type\":\"ListItem\",\"position\":2,\"name\":\"Cameroun\u00a0: l\u2019Union Europ\u00e9enne met 29 milliards de FCFA pour soutenir le d\u00e9veloppement durable\"}]},{\"@type\":\"WebSite\",\"@id\":\"https:\/\/www.africa-press.net\/cameroun\/#website\",\"url\":\"https:\/\/www.africa-press.net\/cameroun\/\",\"name\":\"Cameroun\",\"description\":\"Just another Africa News Agency Sites site\",\"potentialAction\":[{\"@type\":\"SearchAction\",\"target\":{\"@type\":\"EntryPoint\",\"urlTemplate\":\"https:\/\/www.africa-press.net\/cameroun\/?s={search_term_string}\"},\"query-input\":{\"@type\":\"PropertyValueSpecification\",\"valueRequired\":true,\"valueName\":\"search_term_string\"}}],\"inLanguage\":\"fr-FR\"},{\"@type\":\"Person\",\"@id\":\"https:\/\/www.africa-press.net\/cameroun\/#\/schema\/person\/2b1cf3cd81a31e3cd26889ca66d677f1\",\"name\":\"cfeditorfr\"}]}<\/script>\n<!-- \/ Yoast SEO Premium plugin. -->","yoast_head_json":{"title":"Cameroun\u00a0: l\u2019Union Europ\u00e9enne met 29 milliards de FCFA pour soutenir le d\u00e9veloppement durable - Cameroun","description":"Deux conventions de financement relatives aux actions \u00ab Cameroun : Villes vertes, inclusives et durables \u00bb et \u00ab Cameroun ...","robots":{"index":"index","follow":"follow","max-snippet":"max-snippet:-1","max-image-preview":"max-image-preview:large","max-video-preview":"max-video-preview:-1"},"canonical":"https:\/\/www.africa-press.net\/cameroun\/economie\/cameroun-lunion-europeenne-met-29-milliards-de-fcfa-pour-soutenir-le-developpement-durable","og_locale":"fr_FR","og_type":"article","og_title":"Cameroun\u00a0: l\u2019Union Europ\u00e9enne met 29 milliards de FCFA pour soutenir le d\u00e9veloppement durable","og_description":"Deux conventions de financement relatives aux actions \u00ab Cameroun : Villes vertes, inclusives et durables \u00bb et \u00ab Cameroun ...","og_url":"https:\/\/www.africa-press.net\/cameroun\/economie\/cameroun-lunion-europeenne-met-29-milliards-de-fcfa-pour-soutenir-le-developpement-durable","og_site_name":"Cameroun","article_published_time":"2022-10-05T19:32:31+00:00","article_modified_time":"2022-10-05T20:57:49+00:00","og_image":[{"width":1125,"height":750,"url":"https:\/\/static.africa-press.net\/cameroun\/sites\/57\/2022\/10\/img-633defae5d32e.jpg","type":"image\/jpeg"}],"author":"cfeditorfr","twitter_card":"summary_large_image","twitter_misc":{"\u00c9crit par":"cfeditorfr","Dur\u00e9e de lecture estim\u00e9e":"4 minutes"},"schema":{"@context":"https:\/\/schema.org","@graph":[{"@type":"Article","@id":"https:\/\/www.africa-press.net\/cameroun\/economie\/cameroun-lunion-europeenne-met-29-milliards-de-fcfa-pour-soutenir-le-developpement-durable#article","isPartOf":{"@id":"https:\/\/www.africa-press.net\/cameroun\/economie\/cameroun-lunion-europeenne-met-29-milliards-de-fcfa-pour-soutenir-le-developpement-durable"},"author":{"name":"cfeditorfr","@id":"https:\/\/www.africa-press.net\/cameroun\/#\/schema\/person\/2b1cf3cd81a31e3cd26889ca66d677f1"},"headline":"Cameroun\u00a0: l\u2019Union Europ\u00e9enne met 29 milliards de FCFA pour soutenir le d\u00e9veloppement durable","datePublished":"2022-10-05T19:32:31+00:00","dateModified":"2022-10-05T20:57:49+00:00","mainEntityOfPage":{"@id":"https:\/\/www.africa-press.net\/cameroun\/economie\/cameroun-lunion-europeenne-met-29-milliards-de-fcfa-pour-soutenir-le-developpement-durable"},"wordCount":758,"commentCount":0,"image":{"@id":"https:\/\/www.africa-press.net\/cameroun\/economie\/cameroun-lunion-europeenne-met-29-milliards-de-fcfa-pour-soutenir-le-developpement-durable#primaryimage"},"thumbnailUrl":"https:\/\/static.africa-press.net\/cameroun\/sites\/57\/2022\/10\/img-633defae5d32e.jpg","keywords":["Africa Press","Africa Press-Cameroun","Cameroun"],"articleSection":["\u00c9conomie","Top Nouvelles","Toutes les actualit\u00e9s"],"inLanguage":"fr-FR","potentialAction":[{"@type":"CommentAction","name":"Comment","target":["https:\/\/www.africa-press.net\/cameroun\/economie\/cameroun-lunion-europeenne-met-29-milliards-de-fcfa-pour-soutenir-le-developpement-durable#respond"]}]},{"@type":"WebPage","@id":"https:\/\/www.africa-press.net\/cameroun\/economie\/cameroun-lunion-europeenne-met-29-milliards-de-fcfa-pour-soutenir-le-developpement-durable","url":"https:\/\/www.africa-press.net\/cameroun\/economie\/cameroun-lunion-europeenne-met-29-milliards-de-fcfa-pour-soutenir-le-developpement-durable","name":"Cameroun\u00a0: l\u2019Union Europ\u00e9enne met 29 milliards de FCFA pour soutenir le d\u00e9veloppement durable - Cameroun","isPartOf":{"@id":"https:\/\/www.africa-press.net\/cameroun\/#website"},"primaryImageOfPage":{"@id":"https:\/\/www.africa-press.net\/cameroun\/economie\/cameroun-lunion-europeenne-met-29-milliards-de-fcfa-pour-soutenir-le-developpement-durable#primaryimage"},"image":{"@id":"https:\/\/www.africa-press.net\/cameroun\/economie\/cameroun-lunion-europeenne-met-29-milliards-de-fcfa-pour-soutenir-le-developpement-durable#primaryimage"},"thumbnailUrl":"https:\/\/static.africa-press.net\/cameroun\/sites\/57\/2022\/10\/img-633defae5d32e.jpg","datePublished":"2022-10-05T19:32:31+00:00","dateModified":"2022-10-05T20:57:49+00:00","author":{"@id":"https:\/\/www.africa-press.net\/cameroun\/#\/schema\/person\/2b1cf3cd81a31e3cd26889ca66d677f1"},"description":"Deux conventions de financement relatives aux actions \u00ab Cameroun : Villes vertes, inclusives et durables \u00bb et \u00ab Cameroun ...","breadcrumb":{"@id":"https:\/\/www.africa-press.net\/cameroun\/economie\/cameroun-lunion-europeenne-met-29-milliards-de-fcfa-pour-soutenir-le-developpement-durable#breadcrumb"},"inLanguage":"fr-FR","potentialAction":[{"@type":"ReadAction","target":["https:\/\/www.africa-press.net\/cameroun\/economie\/cameroun-lunion-europeenne-met-29-milliards-de-fcfa-pour-soutenir-le-developpement-durable"]}]},{"@type":"ImageObject","inLanguage":"fr-FR","@id":"https:\/\/www.africa-press.net\/cameroun\/economie\/cameroun-lunion-europeenne-met-29-milliards-de-fcfa-pour-soutenir-le-developpement-durable#primaryimage","url":"https:\/\/static.africa-press.net\/cameroun\/sites\/57\/2022\/10\/img-633defae5d32e.jpg","contentUrl":"https:\/\/static.africa-press.net\/cameroun\/sites\/57\/2022\/10\/img-633defae5d32e.jpg","width":1125,"height":750,"caption":"Cameroun\u00a0: l\u2019Union Europ\u00e9enne met 29 milliards de FCFA pour soutenir le d\u00e9veloppement durable"},{"@type":"BreadcrumbList","@id":"https:\/\/www.africa-press.net\/cameroun\/economie\/cameroun-lunion-europeenne-met-29-milliards-de-fcfa-pour-soutenir-le-developpement-durable#breadcrumb","itemListElement":[{"@type":"ListItem","position":1,"name":"Accueil","item":"https:\/\/www.africa-press.net\/cameroun\/"},{"@type":"ListItem","position":2,"name":"Cameroun\u00a0: l\u2019Union Europ\u00e9enne met 29 milliards de FCFA pour soutenir le d\u00e9veloppement durable"}]},{"@type":"WebSite","@id":"https:\/\/www.africa-press.net\/cameroun\/#website","url":"https:\/\/www.africa-press.net\/cameroun\/","name":"Cameroun","description":"Just another Africa News Agency Sites site","potentialAction":[{"@type":"SearchAction","target":{"@type":"EntryPoint","urlTemplate":"https:\/\/www.africa-press.net\/cameroun\/?s={search_term_string}"},"query-input":{"@type":"PropertyValueSpecification","valueRequired":true,"valueName":"search_term_string"}}],"inLanguage":"fr-FR"},{"@type":"Person","@id":"https:\/\/www.africa-press.net\/cameroun\/#\/schema\/person\/2b1cf3cd81a31e3cd26889ca66d677f1","name":"cfeditorfr"}]}},"_links":{"self":[{"href":"https:\/\/www.africa-press.net\/cameroun\/wp-json\/wp\/v2\/posts\/28814","targetHints":{"allow":["GET"]}}],"collection":[{"href":"https:\/\/www.africa-press.net\/cameroun\/wp-json\/wp\/v2\/posts"}],"about":[{"href":"https:\/\/www.africa-press.net\/cameroun\/wp-json\/wp\/v2\/types\/post"}],"author":[{"embeddable":true,"href":"https:\/\/www.africa-press.net\/cameroun\/wp-json\/wp\/v2\/users\/82"}],"replies":[{"embeddable":true,"href":"https:\/\/www.africa-press.net\/cameroun\/wp-json\/wp\/v2\/comments?post=28814"}],"version-history":[{"count":0,"href":"https:\/\/www.africa-press.net\/cameroun\/wp-json\/wp\/v2\/posts\/28814\/revisions"}],"wp:featuredmedia":[{"embeddable":true,"href":"https:\/\/www.africa-press.net\/cameroun\/wp-json\/wp\/v2\/media\/28813"}],"wp:attachment":[{"href":"https:\/\/www.africa-press.net\/cameroun\/wp-json\/wp\/v2\/media?parent=28814"}],"wp:term":[{"taxonomy":"category","embeddable":true,"href":"https:\/\/www.africa-press.net\/cameroun\/wp-json\/wp\/v2\/categories?post=28814"},{"taxonomy":"post_tag","embeddable":true,"href":"https:\/\/www.africa-press.net\/cameroun\/wp-json\/wp\/v2\/tags?post=28814"}],"curies":[{"name":"wp","href":"https:\/\/api.w.org\/{rel}","templated":true}]}}