{"id":28817,"date":"2022-10-05T19:40:06","date_gmt":"2022-10-05T19:40:06","guid":{"rendered":"https:\/\/www.africa-press.net\/cameroun\/politique\/cameroun-le-sous-prefet-autorise-le-mrc-a-tenir-sa-manifestation-a-nkongsamba"},"modified":"2022-10-05T20:58:22","modified_gmt":"2022-10-05T20:58:22","slug":"cameroun-le-sous-prefet-autorise-le-mrc-a-tenir-sa-manifestation-a-nkongsamba","status":"publish","type":"post","link":"https:\/\/www.africa-press.net\/cameroun\/politique\/cameroun-le-sous-prefet-autorise-le-mrc-a-tenir-sa-manifestation-a-nkongsamba","title":{"rendered":"Cameroun : le sous-pr\u00e9fet autorise le MRC \u00e0 tenir sa manifestation \u00e0 Nkongsamba"},"content":{"rendered":"<p><span style=\"color: #ff6600\"><strong>Africa-Press &#8211; Cameroun. <\/strong><\/span>La fe\u0301de\u0301ration du Mouvement pour la renaissance du Cameroun (MRC) Littoral 2 est libre de tenir son rassemblement pour installer ses responsables samedi 8 octobre 2022.<\/p>\n<p>Le pre\u0301sident national du MRC est attendu samedi 8 octobre 2022 a\u0300 Nkongsamba, chef-lieu du de\u0301partement du Moungo, re\u0301gion du Littoral. Maurice Kamto va installer les responsables de la fe\u0301de\u0301ration de son parti nouvellement installe\u0301s. Le sous-pre\u0301fet de de Nkongsamba 3e\u0300 vient de de\u0301livrer a\u0300 cette fe\u0301de\u0301ration, le re\u0301ce\u0301pisse\u0301 de de\u0301claration de re\u0301union et de manifestations publiques. A la lecture de ce document signe\u0301 Jean Temga, l\u2019e\u0301ve\u0301nement a lieu samedi 8 octobre 2022. Il se tiendra de 9h a\u0300 16h pre\u0301cises a\u0300 la salle de confe\u0301rence de l\u2019ho\u0302tel Fere.<\/p>\n<p>Ledit re\u0301ce\u0301pisse\u0301 re\u0301pond a\u0300 la demande introduite par le secre\u0301taire ge\u0301ne\u0301ral de la fe\u0301de\u0301ration du MRC Littoral 2, Me Fabrice Tchoumen le 26 septembre 2022. Il contraint ce dernier a\u0300 ne changer ni la date, ni le lieu, ou l\u2019objet de la pre\u0301sente manifestation sans l\u2019accord pre\u0301alable de l\u2019autorite\u0301.<\/p>\n<p>Cette pie\u0300ce de l\u2019autorite\u0301 administrative vient mettre fin a\u0300 l\u2019attente des militants et responsables du MRC. La ce\u0301re\u0301monie pre\u0301vue pour samedi a connu deux reports successifs en raison de l\u2019absence de de\u0301livrance du re\u0301ce\u0301pisse\u0301 de de\u0301claration. Le maire de la ville de Nkongsamba a de\u0301clare\u0301 que les travaux sont imminents sur les lieux initiaux sollicite\u0301s pour la tenue de ce rassemblement.<\/p>\n<p>Maintenant que le re\u0301ce\u0301pisse\u0301 est disponible, \u00ab j\u2019appelle a\u0300 la forte mobilisation de nos militant afin de re\u0301server un accueil chaleureux a\u0300 nos ho\u0302tes, notamment le pre\u0301sident national le prof Maurice Kamto \u00bb, lance Me Fabrice Tchoumen dans un communique\u0301.<\/p>\n<p><strong>Pour plus d&rsquo;informations et d&rsquo;analyses sur la <a href=\"https:\/\/www.africa-press.net\/cameroun\">Cameroun<\/a>, suivez <a href=\"https:\/\/www.africa-press.net\/\">Africa-Press<\/a><\/strong><\/p>\n","protected":false},"excerpt":{"rendered":"<p>Africa-Press &#8211; Cameroun. La fe\u0301de\u0301ration du Mouvement pour la renaissance du Cameroun (MRC) Littoral 2 est libre de tenir son rassemblement pour installer ses responsables samedi 8 octobre 2022. Le pre\u0301sident national du MRC est attendu samedi 8 octobre 2022 a\u0300 Nkongsamba, chef-lieu du de\u0301partement du Moungo, re\u0301gion du Littoral. Maurice Kamto va installer les [&hellip;]<\/p>\n","protected":false},"author":82,"featured_media":28816,"comment_status":"open","ping_status":"closed","sticky":false,"template":"","format":"standard","meta":{"footnotes":""},"categories":[2,20,10],"tags":[36,50,49],"class_list":["post-28817","post","type-post","status-publish","format-standard","has-post-thumbnail","hentry","category-politique","category-top-nouvelles","category-toutes-les-actualites","tag-africa-press","tag-africa-press-cameroun","tag-cameroun"],"yoast_head":"<!-- This site is optimized with the Yoast SEO Premium plugin v26.1 (Yoast SEO v27.0) - https:\/\/yoast.com\/product\/yoast-seo-premium-wordpress\/ -->\n<title>Cameroun : le sous-pr\u00e9fet autorise le MRC \u00e0 tenir sa manifestation \u00e0 Nkongsamba - Cameroun<\/title>\n<meta name=\"description\" content=\"La fe\u0301de\u0301ration du Mouvement pour la renaissance du Cameroun (MRC) Littoral 2 est libre de tenir son rassemblement pour ...\" \/>\n<meta name=\"robots\" content=\"index, follow, max-snippet:-1, max-image-preview:large, max-video-preview:-1\" \/>\n<link rel=\"canonical\" href=\"https:\/\/www.africa-press.net\/cameroun\/politique\/cameroun-le-sous-prefet-autorise-le-mrc-a-tenir-sa-manifestation-a-nkongsamba\" \/>\n<meta property=\"og:locale\" content=\"fr_FR\" \/>\n<meta property=\"og:type\" content=\"article\" \/>\n<meta property=\"og:title\" content=\"Cameroun : le sous-pr\u00e9fet autorise le MRC \u00e0 tenir sa manifestation \u00e0 Nkongsamba\" \/>\n<meta property=\"og:description\" content=\"La fe\u0301de\u0301ration du Mouvement pour la renaissance du Cameroun (MRC) Littoral 2 est libre de tenir son rassemblement pour ...\" \/>\n<meta property=\"og:url\" content=\"https:\/\/www.africa-press.net\/cameroun\/politique\/cameroun-le-sous-prefet-autorise-le-mrc-a-tenir-sa-manifestation-a-nkongsamba\" \/>\n<meta property=\"og:site_name\" content=\"Cameroun\" \/>\n<meta property=\"article:published_time\" content=\"2022-10-05T19:40:06+00:00\" \/>\n<meta property=\"article:modified_time\" content=\"2022-10-05T20:58:22+00:00\" \/>\n<meta property=\"og:image\" content=\"https:\/\/static.africa-press.net\/cameroun\/sites\/57\/2022\/10\/img-633defd544c26.jpg\" \/>\n\t<meta property=\"og:image:width\" content=\"720\" \/>\n\t<meta property=\"og:image:height\" content=\"404\" \/>\n\t<meta property=\"og:image:type\" content=\"image\/jpeg\" \/>\n<meta name=\"author\" content=\"cfeditorfr\" \/>\n<meta name=\"twitter:card\" content=\"summary_large_image\" \/>\n<meta name=\"twitter:label1\" content=\"\u00c9crit par\" \/>\n\t<meta name=\"twitter:data1\" content=\"cfeditorfr\" \/>\n\t<meta name=\"twitter:label2\" content=\"Dur\u00e9e de lecture estim\u00e9e\" \/>\n\t<meta name=\"twitter:data2\" content=\"2 minutes\" \/>\n<script type=\"application\/ld+json\" class=\"yoast-schema-graph\">{\"@context\":\"https:\/\/schema.org\",\"@graph\":[{\"@type\":\"Article\",\"@id\":\"https:\/\/www.africa-press.net\/cameroun\/politique\/cameroun-le-sous-prefet-autorise-le-mrc-a-tenir-sa-manifestation-a-nkongsamba#article\",\"isPartOf\":{\"@id\":\"https:\/\/www.africa-press.net\/cameroun\/politique\/cameroun-le-sous-prefet-autorise-le-mrc-a-tenir-sa-manifestation-a-nkongsamba\"},\"author\":{\"name\":\"cfeditorfr\",\"@id\":\"https:\/\/www.africa-press.net\/cameroun\/#\/schema\/person\/2b1cf3cd81a31e3cd26889ca66d677f1\"},\"headline\":\"Cameroun : le sous-pr\u00e9fet autorise le MRC \u00e0 tenir sa manifestation \u00e0 Nkongsamba\",\"datePublished\":\"2022-10-05T19:40:06+00:00\",\"dateModified\":\"2022-10-05T20:58:22+00:00\",\"mainEntityOfPage\":{\"@id\":\"https:\/\/www.africa-press.net\/cameroun\/politique\/cameroun-le-sous-prefet-autorise-le-mrc-a-tenir-sa-manifestation-a-nkongsamba\"},\"wordCount\":334,\"commentCount\":0,\"image\":{\"@id\":\"https:\/\/www.africa-press.net\/cameroun\/politique\/cameroun-le-sous-prefet-autorise-le-mrc-a-tenir-sa-manifestation-a-nkongsamba#primaryimage\"},\"thumbnailUrl\":\"https:\/\/static.africa-press.net\/cameroun\/sites\/57\/2022\/10\/img-633defd544c26.jpg\",\"keywords\":[\"Africa Press\",\"Africa Press-Cameroun\",\"Cameroun\"],\"articleSection\":[\"Politique\",\"Top Nouvelles\",\"Toutes les actualit\u00e9s\"],\"inLanguage\":\"fr-FR\",\"potentialAction\":[{\"@type\":\"CommentAction\",\"name\":\"Comment\",\"target\":[\"https:\/\/www.africa-press.net\/cameroun\/politique\/cameroun-le-sous-prefet-autorise-le-mrc-a-tenir-sa-manifestation-a-nkongsamba#respond\"]}]},{\"@type\":\"WebPage\",\"@id\":\"https:\/\/www.africa-press.net\/cameroun\/politique\/cameroun-le-sous-prefet-autorise-le-mrc-a-tenir-sa-manifestation-a-nkongsamba\",\"url\":\"https:\/\/www.africa-press.net\/cameroun\/politique\/cameroun-le-sous-prefet-autorise-le-mrc-a-tenir-sa-manifestation-a-nkongsamba\",\"name\":\"Cameroun : le sous-pr\u00e9fet autorise le MRC \u00e0 tenir sa manifestation \u00e0 Nkongsamba - Cameroun\",\"isPartOf\":{\"@id\":\"https:\/\/www.africa-press.net\/cameroun\/#website\"},\"primaryImageOfPage\":{\"@id\":\"https:\/\/www.africa-press.net\/cameroun\/politique\/cameroun-le-sous-prefet-autorise-le-mrc-a-tenir-sa-manifestation-a-nkongsamba#primaryimage\"},\"image\":{\"@id\":\"https:\/\/www.africa-press.net\/cameroun\/politique\/cameroun-le-sous-prefet-autorise-le-mrc-a-tenir-sa-manifestation-a-nkongsamba#primaryimage\"},\"thumbnailUrl\":\"https:\/\/static.africa-press.net\/cameroun\/sites\/57\/2022\/10\/img-633defd544c26.jpg\",\"datePublished\":\"2022-10-05T19:40:06+00:00\",\"dateModified\":\"2022-10-05T20:58:22+00:00\",\"author\":{\"@id\":\"https:\/\/www.africa-press.net\/cameroun\/#\/schema\/person\/2b1cf3cd81a31e3cd26889ca66d677f1\"},\"description\":\"La fe\u0301de\u0301ration du Mouvement pour la renaissance du Cameroun (MRC) Littoral 2 est libre de tenir son rassemblement pour ...\",\"breadcrumb\":{\"@id\":\"https:\/\/www.africa-press.net\/cameroun\/politique\/cameroun-le-sous-prefet-autorise-le-mrc-a-tenir-sa-manifestation-a-nkongsamba#breadcrumb\"},\"inLanguage\":\"fr-FR\",\"potentialAction\":[{\"@type\":\"ReadAction\",\"target\":[\"https:\/\/www.africa-press.net\/cameroun\/politique\/cameroun-le-sous-prefet-autorise-le-mrc-a-tenir-sa-manifestation-a-nkongsamba\"]}]},{\"@type\":\"ImageObject\",\"inLanguage\":\"fr-FR\",\"@id\":\"https:\/\/www.africa-press.net\/cameroun\/politique\/cameroun-le-sous-prefet-autorise-le-mrc-a-tenir-sa-manifestation-a-nkongsamba#primaryimage\",\"url\":\"https:\/\/static.africa-press.net\/cameroun\/sites\/57\/2022\/10\/img-633defd544c26.jpg\",\"contentUrl\":\"https:\/\/static.africa-press.net\/cameroun\/sites\/57\/2022\/10\/img-633defd544c26.jpg\",\"width\":720,\"height\":404,\"caption\":\"Cameroun : le sous-pr\u00e9fet autorise le MRC \u00e0 tenir sa manifestation \u00e0 Nkongsamba\"},{\"@type\":\"BreadcrumbList\",\"@id\":\"https:\/\/www.africa-press.net\/cameroun\/politique\/cameroun-le-sous-prefet-autorise-le-mrc-a-tenir-sa-manifestation-a-nkongsamba#breadcrumb\",\"itemListElement\":[{\"@type\":\"ListItem\",\"position\":1,\"name\":\"Accueil\",\"item\":\"https:\/\/www.africa-press.net\/cameroun\/\"},{\"@type\":\"ListItem\",\"position\":2,\"name\":\"Cameroun : le sous-pr\u00e9fet autorise le MRC \u00e0 tenir sa manifestation \u00e0 Nkongsamba\"}]},{\"@type\":\"WebSite\",\"@id\":\"https:\/\/www.africa-press.net\/cameroun\/#website\",\"url\":\"https:\/\/www.africa-press.net\/cameroun\/\",\"name\":\"Cameroun\",\"description\":\"Just another Africa News Agency Sites site\",\"potentialAction\":[{\"@type\":\"SearchAction\",\"target\":{\"@type\":\"EntryPoint\",\"urlTemplate\":\"https:\/\/www.africa-press.net\/cameroun\/?s={search_term_string}\"},\"query-input\":{\"@type\":\"PropertyValueSpecification\",\"valueRequired\":true,\"valueName\":\"search_term_string\"}}],\"inLanguage\":\"fr-FR\"},{\"@type\":\"Person\",\"@id\":\"https:\/\/www.africa-press.net\/cameroun\/#\/schema\/person\/2b1cf3cd81a31e3cd26889ca66d677f1\",\"name\":\"cfeditorfr\"}]}<\/script>\n<!-- \/ Yoast SEO Premium plugin. -->","yoast_head_json":{"title":"Cameroun : le sous-pr\u00e9fet autorise le MRC \u00e0 tenir sa manifestation \u00e0 Nkongsamba - Cameroun","description":"La fe\u0301de\u0301ration du Mouvement pour la renaissance du Cameroun (MRC) Littoral 2 est libre de tenir son rassemblement pour ...","robots":{"index":"index","follow":"follow","max-snippet":"max-snippet:-1","max-image-preview":"max-image-preview:large","max-video-preview":"max-video-preview:-1"},"canonical":"https:\/\/www.africa-press.net\/cameroun\/politique\/cameroun-le-sous-prefet-autorise-le-mrc-a-tenir-sa-manifestation-a-nkongsamba","og_locale":"fr_FR","og_type":"article","og_title":"Cameroun : le sous-pr\u00e9fet autorise le MRC \u00e0 tenir sa manifestation \u00e0 Nkongsamba","og_description":"La fe\u0301de\u0301ration du Mouvement pour la renaissance du Cameroun (MRC) Littoral 2 est libre de tenir son rassemblement pour ...","og_url":"https:\/\/www.africa-press.net\/cameroun\/politique\/cameroun-le-sous-prefet-autorise-le-mrc-a-tenir-sa-manifestation-a-nkongsamba","og_site_name":"Cameroun","article_published_time":"2022-10-05T19:40:06+00:00","article_modified_time":"2022-10-05T20:58:22+00:00","og_image":[{"width":720,"height":404,"url":"https:\/\/static.africa-press.net\/cameroun\/sites\/57\/2022\/10\/img-633defd544c26.jpg","type":"image\/jpeg"}],"author":"cfeditorfr","twitter_card":"summary_large_image","twitter_misc":{"\u00c9crit par":"cfeditorfr","Dur\u00e9e de lecture estim\u00e9e":"2 minutes"},"schema":{"@context":"https:\/\/schema.org","@graph":[{"@type":"Article","@id":"https:\/\/www.africa-press.net\/cameroun\/politique\/cameroun-le-sous-prefet-autorise-le-mrc-a-tenir-sa-manifestation-a-nkongsamba#article","isPartOf":{"@id":"https:\/\/www.africa-press.net\/cameroun\/politique\/cameroun-le-sous-prefet-autorise-le-mrc-a-tenir-sa-manifestation-a-nkongsamba"},"author":{"name":"cfeditorfr","@id":"https:\/\/www.africa-press.net\/cameroun\/#\/schema\/person\/2b1cf3cd81a31e3cd26889ca66d677f1"},"headline":"Cameroun : le sous-pr\u00e9fet autorise le MRC \u00e0 tenir sa manifestation \u00e0 Nkongsamba","datePublished":"2022-10-05T19:40:06+00:00","dateModified":"2022-10-05T20:58:22+00:00","mainEntityOfPage":{"@id":"https:\/\/www.africa-press.net\/cameroun\/politique\/cameroun-le-sous-prefet-autorise-le-mrc-a-tenir-sa-manifestation-a-nkongsamba"},"wordCount":334,"commentCount":0,"image":{"@id":"https:\/\/www.africa-press.net\/cameroun\/politique\/cameroun-le-sous-prefet-autorise-le-mrc-a-tenir-sa-manifestation-a-nkongsamba#primaryimage"},"thumbnailUrl":"https:\/\/static.africa-press.net\/cameroun\/sites\/57\/2022\/10\/img-633defd544c26.jpg","keywords":["Africa Press","Africa Press-Cameroun","Cameroun"],"articleSection":["Politique","Top Nouvelles","Toutes les actualit\u00e9s"],"inLanguage":"fr-FR","potentialAction":[{"@type":"CommentAction","name":"Comment","target":["https:\/\/www.africa-press.net\/cameroun\/politique\/cameroun-le-sous-prefet-autorise-le-mrc-a-tenir-sa-manifestation-a-nkongsamba#respond"]}]},{"@type":"WebPage","@id":"https:\/\/www.africa-press.net\/cameroun\/politique\/cameroun-le-sous-prefet-autorise-le-mrc-a-tenir-sa-manifestation-a-nkongsamba","url":"https:\/\/www.africa-press.net\/cameroun\/politique\/cameroun-le-sous-prefet-autorise-le-mrc-a-tenir-sa-manifestation-a-nkongsamba","name":"Cameroun : le sous-pr\u00e9fet autorise le MRC \u00e0 tenir sa manifestation \u00e0 Nkongsamba - Cameroun","isPartOf":{"@id":"https:\/\/www.africa-press.net\/cameroun\/#website"},"primaryImageOfPage":{"@id":"https:\/\/www.africa-press.net\/cameroun\/politique\/cameroun-le-sous-prefet-autorise-le-mrc-a-tenir-sa-manifestation-a-nkongsamba#primaryimage"},"image":{"@id":"https:\/\/www.africa-press.net\/cameroun\/politique\/cameroun-le-sous-prefet-autorise-le-mrc-a-tenir-sa-manifestation-a-nkongsamba#primaryimage"},"thumbnailUrl":"https:\/\/static.africa-press.net\/cameroun\/sites\/57\/2022\/10\/img-633defd544c26.jpg","datePublished":"2022-10-05T19:40:06+00:00","dateModified":"2022-10-05T20:58:22+00:00","author":{"@id":"https:\/\/www.africa-press.net\/cameroun\/#\/schema\/person\/2b1cf3cd81a31e3cd26889ca66d677f1"},"description":"La fe\u0301de\u0301ration du Mouvement pour la renaissance du Cameroun (MRC) Littoral 2 est libre de tenir son rassemblement pour ...","breadcrumb":{"@id":"https:\/\/www.africa-press.net\/cameroun\/politique\/cameroun-le-sous-prefet-autorise-le-mrc-a-tenir-sa-manifestation-a-nkongsamba#breadcrumb"},"inLanguage":"fr-FR","potentialAction":[{"@type":"ReadAction","target":["https:\/\/www.africa-press.net\/cameroun\/politique\/cameroun-le-sous-prefet-autorise-le-mrc-a-tenir-sa-manifestation-a-nkongsamba"]}]},{"@type":"ImageObject","inLanguage":"fr-FR","@id":"https:\/\/www.africa-press.net\/cameroun\/politique\/cameroun-le-sous-prefet-autorise-le-mrc-a-tenir-sa-manifestation-a-nkongsamba#primaryimage","url":"https:\/\/static.africa-press.net\/cameroun\/sites\/57\/2022\/10\/img-633defd544c26.jpg","contentUrl":"https:\/\/static.africa-press.net\/cameroun\/sites\/57\/2022\/10\/img-633defd544c26.jpg","width":720,"height":404,"caption":"Cameroun : le sous-pr\u00e9fet autorise le MRC \u00e0 tenir sa manifestation \u00e0 Nkongsamba"},{"@type":"BreadcrumbList","@id":"https:\/\/www.africa-press.net\/cameroun\/politique\/cameroun-le-sous-prefet-autorise-le-mrc-a-tenir-sa-manifestation-a-nkongsamba#breadcrumb","itemListElement":[{"@type":"ListItem","position":1,"name":"Accueil","item":"https:\/\/www.africa-press.net\/cameroun\/"},{"@type":"ListItem","position":2,"name":"Cameroun : le sous-pr\u00e9fet autorise le MRC \u00e0 tenir sa manifestation \u00e0 Nkongsamba"}]},{"@type":"WebSite","@id":"https:\/\/www.africa-press.net\/cameroun\/#website","url":"https:\/\/www.africa-press.net\/cameroun\/","name":"Cameroun","description":"Just another Africa News Agency Sites site","potentialAction":[{"@type":"SearchAction","target":{"@type":"EntryPoint","urlTemplate":"https:\/\/www.africa-press.net\/cameroun\/?s={search_term_string}"},"query-input":{"@type":"PropertyValueSpecification","valueRequired":true,"valueName":"search_term_string"}}],"inLanguage":"fr-FR"},{"@type":"Person","@id":"https:\/\/www.africa-press.net\/cameroun\/#\/schema\/person\/2b1cf3cd81a31e3cd26889ca66d677f1","name":"cfeditorfr"}]}},"_links":{"self":[{"href":"https:\/\/www.africa-press.net\/cameroun\/wp-json\/wp\/v2\/posts\/28817","targetHints":{"allow":["GET"]}}],"collection":[{"href":"https:\/\/www.africa-press.net\/cameroun\/wp-json\/wp\/v2\/posts"}],"about":[{"href":"https:\/\/www.africa-press.net\/cameroun\/wp-json\/wp\/v2\/types\/post"}],"author":[{"embeddable":true,"href":"https:\/\/www.africa-press.net\/cameroun\/wp-json\/wp\/v2\/users\/82"}],"replies":[{"embeddable":true,"href":"https:\/\/www.africa-press.net\/cameroun\/wp-json\/wp\/v2\/comments?post=28817"}],"version-history":[{"count":0,"href":"https:\/\/www.africa-press.net\/cameroun\/wp-json\/wp\/v2\/posts\/28817\/revisions"}],"wp:featuredmedia":[{"embeddable":true,"href":"https:\/\/www.africa-press.net\/cameroun\/wp-json\/wp\/v2\/media\/28816"}],"wp:attachment":[{"href":"https:\/\/www.africa-press.net\/cameroun\/wp-json\/wp\/v2\/media?parent=28817"}],"wp:term":[{"taxonomy":"category","embeddable":true,"href":"https:\/\/www.africa-press.net\/cameroun\/wp-json\/wp\/v2\/categories?post=28817"},{"taxonomy":"post_tag","embeddable":true,"href":"https:\/\/www.africa-press.net\/cameroun\/wp-json\/wp\/v2\/tags?post=28817"}],"curies":[{"name":"wp","href":"https:\/\/api.w.org\/{rel}","templated":true}]}}