{"id":28841,"date":"2022-10-06T20:43:50","date_gmt":"2022-10-06T20:43:50","guid":{"rendered":"https:\/\/www.africa-press.net\/cameroun\/politique\/portrait-le-magazine-jeune-afrique-peint-martin-mbarga-nguele-comme-le-premier-flic-de-paul-biya"},"modified":"2022-10-06T20:44:06","modified_gmt":"2022-10-06T20:44:06","slug":"portrait-le-magazine-jeune-afrique-peint-martin-mbarga-nguele-comme-le-premier-flic-de-paul-biya","status":"publish","type":"post","link":"https:\/\/www.africa-press.net\/cameroun\/politique\/portrait-le-magazine-jeune-afrique-peint-martin-mbarga-nguele-comme-le-premier-flic-de-paul-biya","title":{"rendered":"Portrait: Le magazine Jeune Afrique peint Martin Mbarga Nguel\u00e9 comme \u00able premier flic de Paul Biya\u00bb"},"content":{"rendered":"<p><span style=\"color: #ff6600\"><strong>Africa-Press &#8211; Cameroun. <\/strong><\/span>Dans sa version en ligne, le magazine panafricain Jeune Afrique a publie\u0301 ce jeudi 6 octobre 2022, un article consacre\u0301 au De\u0301le\u0301gue\u0301 ge\u0301ne\u0301ral a\u0300 la surete\u0301 nationale, Martin Mbarga Nguele\u0301. L\u2019article, sous la plume du journaliste camerounais Georges Dougueli, le pre\u0301sente comme le \u00ab premier flic de Paul Biya \u00bb, et disse\u0300que les secrets de la longe\u0301vite\u0301 de cet homme de 90 ans qui continue de tenir d\u2019une main de fer ce corps d\u2019e\u0301lite de la fonction publique camerounaise.<\/p>\n<p>Le magazine pense que sa discre\u0301tion et sa loyaute\u0301 sont des ingre\u0301dients indispensables a\u0300 sa longe\u0301vite\u0301 aux affaires, ce qui lui ont permis de gagner la confiance du chef de l\u2019Etat depuis son ascension a\u0300 la magistrature supre\u0302me. De plus, il n\u2019est pas e\u0301tiquete\u0301 comme figure d\u2019un clan quelconque guide\u0301 par les appe\u0301tits de pouvoir, et se tient bien loin de la bataille de succession que se livrent certains thurife\u0301raires du re\u0301gime de Yaounde\u0301 pour l\u2019apre\u0300s-Biya.<\/p>\n<p>Aussi, Martin Mbarga Nguele\u0301, me\u0302me a\u0300 cet a\u0302ge avance\u0301, a toujours accorde\u0301 du soin a\u0300 son physique, et le pouponne soigneusement pour maintenir le punch. \u00ab Il a toujours fait du sport, ne fait pas d\u2019exce\u0300s et s\u2019applique une hygie\u0300ne de vie stricte \u00bb, a confie\u0301 un proche du DGSN a\u0300 J.A.<\/p>\n<p><b>Voici l\u2019inte\u0301gralite\u0301 de l\u2019article de Jeune Afrique : <\/b><\/p>\n<p><b>Cameroun : les secrets de l\u2019exceptionnelle longe\u0301vite\u0301 de Martin Mbarga Ngue\u0301le\u0301, le premier flic de Paul Biya <\/b><\/p>\n<p><b>A\u0300 90 ans passe\u0301s, ce fide\u0300le de toujours du pre\u0301sident dirige la Su\u0302rete\u0301 nationale d\u2019une main de fer. Il est aussi le policier le plus a\u0302ge\u0301 encore en activite\u0301 au monde.<\/b><\/p>\n<p><b>Par Georges Dougueli <\/b><\/p>\n<p><b>Mis a\u0300 jour le 6 octobre 2022 a\u0300 09:06 <\/b><\/p>\n<p>Tous les matins a\u0300 Yaounde\u0301, la police coupe la circulation lorsque le corte\u0300ge de Martin Mbarga Ngue\u0301le\u0301 parcourt, toutes sire\u0300nes hurlantes, les deux kilome\u0300tres qui se\u0301parent sa re\u0301sidence du quartier de Bastos de son bureau situe\u0301 a\u0300 Nlonkak, en centre-ville. A\u0300 part Paul Biya, le de\u0301le\u0301gue\u0301 ge\u0301ne\u0301ral de la Su\u0302rete\u0301 camerounaise est bien le seul a\u0300 s\u2019octroyer encore ce privile\u0300ge d\u2019une autre e\u0301poque. Il sait les critiques que cela lui vaut, mais il est, a\u0300 90 ans, un homme d\u2019habitudes. Il n\u2019ignore rien non plus des sarcasmes qui ont fleuri sur les re\u0301seaux sociaux lorsqu\u2019il a fe\u0302te\u0301 son anniversaire, le 1er juillet dernier, devenant sans doute le plus vieux policier encore en activite\u0301 du monde. Mais il en faut plus pour l\u2019e\u0301branler.<\/p>\n<p>Cet homme qui a rang de ministre et officie comme conseiller du chef de l\u2019E\u0301tat a depuis longtemps de\u0301passe\u0301 l\u2019a\u0302ge d\u2019e\u0302tre leur grand-pe\u0300re, mais ses hommes l\u2019appellent volontiers \u00ab papa \u00bb. Discret et loyal, deux ingre\u0301dients indispensables a\u0300 la longe\u0301vite\u0301, il passe pour e\u0302tre l\u2019un des piliers du re\u0301gime qu\u2019il sert avec application depuis plusieurs de\u0301cennies. Et puis, le pre\u0301sident Biya \u2013 qui aura lui-me\u0302me 90 ans le 13 fe\u0301vrier 2023 \u2013 appre\u0301cie la pre\u0301sence de cet ai\u0302ne\u0301 qui le \u00ab rajeunit \u00bb et atte\u0301nue les critiques lie\u0301es a\u0300 sa propre longe\u0301vite\u0301 au pouvoir.<\/p>\n<p>Cela fait longtemps que Martin Mbarga Ngue\u0301le\u0301 n\u2019est plus un bleu lorsqu\u2019il est nomme\u0301, en aou\u0302t 2010, a\u0300 la te\u0302te de la police. Son diplo\u0302me d\u2019inspecteur, il l\u2019a obtenu en 1951 : le Cameroun n\u2019est pas encore inde\u0301pendant, et Ruben Um Nyobe\u0300 se bat encore, les armes a\u0300 la main, contre l\u2019administration coloniale. Le jeune policier gravit rapidement les e\u0301chelons. Il devient commissaire, puis chef de brigade de la police judiciaire dans le Centre, sa re\u0301gion d\u2019origine, et biento\u0302t commissaire central de la ville de Yaounde\u0301.<\/p>\n<p>A\u0300 la fin des anne\u0301es 1970, la direction des renseignements ge\u0301ne\u0301raux lui est confie\u0301e, et, l\u2019anne\u0301e qui suit l\u2019arrive\u0301e de Paul Biya au pouvoir, le voici une premie\u0300re fois nomme\u0301 a\u0300 la te\u0302te de la Su\u0302rete\u0301 nationale. Nous sommes en 1983, l\u2019expe\u0301rience ne durera pas : faute d\u2019avoir pris suffisamment au se\u0301rieux des renseignements sugge\u0301rant qu\u2019un coup d\u2019E\u0301tat e\u0301tait en pre\u0301paration, il e\u0301choue a\u0300 empe\u0302cher la tentative de putsch du 6 avril 1984. Surpris par l\u2019attaque de sa propre re\u0301sidence, il est arre\u0302te\u0301 et maltraite\u0301 par la Garde re\u0301publicaine mutine\u0301e. Le coup de force e\u0301choue, mais le chef de la police n\u2019y est pour rien.<\/p>\n<p><b>Purgatoire<\/b><\/p>\n<p>C\u2019est le de\u0301but du purgatoire. Paul Biya l\u2019exile et le fait ambassadeur au Zai\u0308re. Par la suite, il est mute\u0301 au Bre\u0301sil \u2013 c\u2019est lui qui organisera, en avril 2005, la visite officielle du pre\u0301sident Lula a\u0300 Yaounde\u0301. Puis, en 2010, direction Madrid. Pendant ce temps, a\u0300 Yaounde\u0301, l\u2019ambassadeur itine\u0301rant Marcel Medjo Akono, visiteur du soir a\u0300 Etoudi, plaide sa cause. Martin Mbarga Ngue\u0301le\u0301 a appris de ses erreurs, re\u0301pe\u0300te-t-il au chef de l\u2019E\u0301tat. Biya n\u2019a jamais dige\u0301re\u0301 l\u2019e\u0301pisode de 1984, mais finit par se laisser convaincre et le rappelle au pays. Il n\u2019a plus e\u0301te\u0301 pris en de\u0301faut depuis.<\/p>\n<p>Diriger la police n\u2019a jamais e\u0301te\u0301 une sine\u0301cure. Chaque jour, Martin Mbarga Ngue\u0301le\u0301 fait parvenir au pre\u0301sident un bulletin de renseignements, compile\u0301 sur la base de ce qu\u2019ont fait remonter les directions des Renseignements ge\u0301ne\u0301raux et de la Surveillance du territoire, place\u0301es sous sa tutelle. Il lui faut tout a\u0300 la fois e\u0301valuer les menaces, surveiller les activistes politiques, lutter contre le terrorisme islamiste dans l\u2019Extre\u0302me-Nord et contre le se\u0301paratisme anglophone dans les re\u0301gions du Nord-Ouest et du Sud-Ouest, tout en se\u0301curisant les frontie\u0300res et en combattant la petite et la grande criminalite\u0301&#8230; Assumer cette charge ne\u0301cessite un volontarisme et une e\u0301nergie difficiles a\u0300 de\u0301ployer pour un nonage\u0301naire ordinaire.<\/p>\n<p>Pour quelle raison Paul Biya lui confie-t-il encore les cle\u0301s de sa se\u0301curite\u0301 ? \u00ab Pour sa loyaute\u0301, estime un observateur bien introduit. Mbarga Ngue\u0301le\u0301 ne fait partie d\u2019aucun des clans en lutte pour prendre la succession de Biya. Il est de cette ge\u0301ne\u0301ration de hauts commis old school, qui servent loyalement et jusqu\u2019au bout. \u00bb De fait, le chef de la police prend un soin particulier a\u0300 se tenir loin des intrigues du Yaounde\u0301 politique. Il ne sera pas dit qu\u2019il est proche du secre\u0301taire ge\u0301ne\u0301ral de la Pre\u0301sidence, Ferdinand Ngoh Ngoh, et de la premie\u0300re dame, pas plus qu\u2019on ne pourra lui trouver des accointances avec Louis-Paul Motaze, ministre des Finances et neveu du chef de l\u2019E\u0301tat. Il sait que choisir un clan reviendrait a\u0300 prendre le risque de perdre la confiance du pre\u0301sident.<\/p>\n<p><b>Un carre\u0301 de fide\u0300les<\/b><\/p>\n<p>Mais l\u2019homme n\u2019est pas sans re\u0301seau. Il entretient quelques amitie\u0301s, notamment avec Jean Nkue\u0301te\u0301, le discret mais influent secre\u0301taire ge\u0301ne\u0301ral du Rassemblement de\u0301mocratique du peuple camerounais (RDPC, au pouvoir). Il le voit re\u0301gulie\u0300rement aux co\u0302te\u0301s d\u2019hommes politiques tels que Laurent Serge Etoundi Ngoa (ministre de l\u2019Enseignement secondaire), Philippe Mbarga Mboa (ministre charge\u0301 de missions), Luc Magloire Mbarga Atangana (ministre du Commerce) ou le maire de Yaounde\u0301 1er, Jean-Marie Abouna.<\/p>\n<p>Le secret de son exceptionnelle longe\u0301vite\u0301 ? \u00ab Il a toujours fait du sport, ne fait pas d\u2019exce\u0300s et s\u2019applique une hygie\u0300ne de vie stricte \u00bb, re\u0301pond un proche, comme si l\u2019on interrogeait sa sante\u0301 pluto\u0302t que sa capacite\u0301 a\u0300 survivre dans le marigot camerounais. Au quotidien, ce chef de clan s\u2019appuie sur un carre\u0301 de fide\u0300les. Il a fait de son neveu, Isidore Ngue\u0301le\u0301 Medza, son tout-puissant secre\u0301taire particulier. Pour tenir l\u2019administration, il compte sur Dominique Baya, a\u0300 qui il a confie\u0301 la fonction sensible de secre\u0301taire ge\u0301ne\u0301ral de la police en 2015 en remplacement d\u2019un autre de ses proches, Victor Ndocki, dont il a obtenu la nomination au poste d\u2019ambassadeur en Allemagne.<\/p>\n<p>La promotion de Baya a failli de\u0301clencher une crise au sein de la notabilite\u0301 policie\u0300re. De fortes te\u0302tes, a\u0300 l\u2019instar du commissaire divisionnaire Jean-Louis Messing, alors directeur de la police des frontie\u0300res, estimaient que quelqu\u2019un de plus ancien et plus expe\u0301rimente\u0301 que le poulain de la De\u0301le\u0301gation ge\u0301ne\u0301rale a\u0300 la su\u0302rete\u0301 nationale (DGSN) aurait du\u0302 he\u0301riter du titre. Informe\u0301 de la contestation, Mbarga Ngue\u0301le\u0301 convoqua une re\u0301union de crise. \u00ab Dites-moi ce que vous pensez ici et maintenant, a\u0300 haute voix \u00bb, tonna-t-il. Le silence des frondeurs ne les pre\u0301serva pas des foudres du \u00ab patriarche \u00bb, qui limogera plus tard Messing et quelques autres.<\/p>\n<p>Sa garde rapproche\u0301e compte e\u0301galement des e\u0301minences grises telles que l\u2019inspecteur ge\u0301ne\u0301ral Jean-Marie Mvogo ou le responsable des finances de la police, Elie-Serge Amougui Atangana. Il y a aussi le controverse\u0301 commissaire Vincent de Paul Meva\u2019a, chef de la cellule des enque\u0302tes au cabinet du DGSN (c\u2019est son \u00ab homme a\u0300 tout faire \u00bb, explique-t-on a\u0300 Yaounde\u0301), et des fide\u0300les comme Raymond Essogo, le patron de la police du Littoral, un retraite\u0301 que Mbarga Ngue\u0301le\u0301 maintient a\u0300 son poste.<\/p>\n<p>L\u2019a\u0302ge avance\u0301 n\u2019induit pas le conservatisme. Sensible aux innovations technologiques, Mbarga Ngue\u0301le\u0301 travaille au de\u0301veloppement de la vide\u0301osurveillance en milieu urbain. Il a aussi choisi de faciliter les changements de grades, fait adopter un code de de\u0301ontologie et cre\u0301e\u0301 un ho\u0302pital de police a\u0300 Yaounde\u0301. Mais avec quel succe\u0300s ?<\/p>\n<p><b>\u00ab Les ripoux sont connus ! \u00bb<\/b><\/p>\n<p>Plusieurs policiers interroge\u0301s affirment, en reque\u0301rant l\u2019anonymat, que le bilan est mitige\u0301. La fraude en matie\u0300re de de\u0301livrance des titres de voyage et des papiers d\u2019identite\u0301 est toujours tre\u0300s re\u0301pandue. Le \u00ab de\u0301le\u0301gue\u0301 \u00bb dispose certes d\u2019un Conseil de discipline impitoyable, mais \u00ab la grande corruption s\u2019est maintenue, voire aggrave\u0301e, dans les services centraux \u00bb, accuse l\u2019un de nos interlocuteurs. \u00ab Pendant des anne\u0301es, des policiers ve\u0301reux ont extorque\u0301 au vu et au su de tous des sommes rondelettes aux demandeurs de passeport re\u0301sidant a\u0300 l\u2019e\u0301tranger, poursuit notre source. Pour e\u0301viter de se retrouver en situation irre\u0301gulie\u0300re dans leurs pays d\u2019accueil, ceux-ci n\u2019he\u0301sitaient pas a\u0300 payer 300 000 F CFA [pre\u0300s de 460 euros] pour be\u0301ne\u0301ficier d\u2019un renouvellement express. Les \u201c ripoux\u201d sont connus, ils portent toujours l\u2019uniforme ! \u00bb<\/p>\n<p>Autre source de me\u0301contentement : la \u00ab vigilisation \u00bb de la police au de\u0301triment de ses missions reconnues par la loi. Dans un enregistrement diffuse\u0301 sur les re\u0301seaux sociaux, les Camerounais ont appris avec consternation que l\u2019homme d\u2019affaires controverse\u0301 Jean-Pierre Amougou Belinga be\u0301ne\u0301ficiait de la protection de treize agents. Et il n\u2019est pas le seul. Des fonctionnaires de police font souvent office de gardes du corps pour les directeurs de banques ou de grosses entreprises. Pendant ce temps, dans certaines parties du territoire, les forces de l\u2019ordre manque d\u2019effectifs. En 2014, un policier d\u2019Amchide\u0301 (Extre\u0302me-Nord), ville a\u0300 l\u2019e\u0301poque assie\u0301ge\u0301e par les combattants de Boko Haram, confiait a\u0300 Jeune Afrique que son commissariat comptait \u00ab dix-neuf policiers et [avait] pour mission de se\u0301curiser la ville en me\u0302me temps que 100 km de frontie\u0300re avec le Nigeria \u00bb.<\/p>\n<p>Mais au bout du compte, pour Paul Biya, les re\u0301ussites et les e\u0301checs du plus vieux policier au monde comptent peu. C\u2019est sa loyaute\u0301 qui lui assure une longe\u0301vite\u0301 tre\u0300s au-dessus de la normale. Lors de sa prise de fonctions, en 2010, il s\u2019e\u0301tait engage\u0301 a\u0300 \u00ab ne rien laisser au hasard pour que la police redevienne ce qu\u2019elle [devrait] e\u0302tre, quel que soit le temps que cela prendrait \u00bb. Sans doute ne pensait-il pas en avoir autant.<\/p>\n<p><strong>Pour plus d&rsquo;informations et d&rsquo;analyses sur la <a href=\"https:\/\/www.africa-press.net\/cameroun\">Cameroun<\/a>, suivez <a href=\"https:\/\/www.africa-press.net\/\">Africa-Press<\/a><\/strong><\/p>\n","protected":false},"excerpt":{"rendered":"<p>Africa-Press &#8211; Cameroun. Dans sa version en ligne, le magazine panafricain Jeune Afrique a publie\u0301 ce jeudi 6 octobre 2022, un article consacre\u0301 au De\u0301le\u0301gue\u0301 ge\u0301ne\u0301ral a\u0300 la surete\u0301 nationale, Martin Mbarga Nguele\u0301. L\u2019article, sous la plume du journaliste camerounais Georges Dougueli, le pre\u0301sente comme le \u00ab premier flic de Paul Biya \u00bb, et disse\u0300que [&hellip;]<\/p>\n","protected":false},"author":82,"featured_media":28840,"comment_status":"open","ping_status":"closed","sticky":false,"template":"","format":"standard","meta":{"footnotes":""},"categories":[2,10],"tags":[36,50,49],"class_list":["post-28841","post","type-post","status-publish","format-standard","has-post-thumbnail","hentry","category-politique","category-toutes-les-actualites","tag-africa-press","tag-africa-press-cameroun","tag-cameroun"],"yoast_head":"<!-- This site is optimized with the Yoast SEO Premium plugin v26.1 (Yoast SEO v27.0) - https:\/\/yoast.com\/product\/yoast-seo-premium-wordpress\/ -->\n<title>Portrait: Le magazine Jeune Afrique peint Martin Mbarga Nguel\u00e9 comme \u00able premier flic de Paul Biya\u00bb - Cameroun<\/title>\n<meta name=\"description\" content=\"Dans sa version en ligne, le magazine panafricain Jeune Afrique a publie\u0301 ce jeudi 6 octobre 2022, un article consacre\u0301 ...\" \/>\n<meta name=\"robots\" content=\"index, follow, max-snippet:-1, max-image-preview:large, max-video-preview:-1\" \/>\n<link rel=\"canonical\" href=\"https:\/\/www.africa-press.net\/cameroun\/politique\/portrait-le-magazine-jeune-afrique-peint-martin-mbarga-nguele-comme-le-premier-flic-de-paul-biya\" \/>\n<meta property=\"og:locale\" content=\"fr_FR\" \/>\n<meta property=\"og:type\" content=\"article\" \/>\n<meta property=\"og:title\" content=\"Portrait: Le magazine Jeune Afrique peint Martin Mbarga Nguel\u00e9 comme \u00able premier flic de Paul Biya\u00bb\" \/>\n<meta property=\"og:description\" content=\"Dans sa version en ligne, le magazine panafricain Jeune Afrique a publie\u0301 ce jeudi 6 octobre 2022, un article consacre\u0301 ...\" \/>\n<meta property=\"og:url\" content=\"https:\/\/www.africa-press.net\/cameroun\/politique\/portrait-le-magazine-jeune-afrique-peint-martin-mbarga-nguele-comme-le-premier-flic-de-paul-biya\" \/>\n<meta property=\"og:site_name\" content=\"Cameroun\" \/>\n<meta property=\"article:published_time\" content=\"2022-10-06T20:43:50+00:00\" \/>\n<meta property=\"article:modified_time\" content=\"2022-10-06T20:44:06+00:00\" \/>\n<meta property=\"og:image\" content=\"https:\/\/static.africa-press.net\/cameroun\/sites\/57\/2022\/10\/img-633f3dfd64534.jpg\" \/>\n\t<meta property=\"og:image:width\" content=\"800\" \/>\n\t<meta property=\"og:image:height\" content=\"816\" \/>\n\t<meta property=\"og:image:type\" content=\"image\/jpeg\" \/>\n<meta name=\"author\" content=\"cfeditorfr\" \/>\n<meta name=\"twitter:card\" content=\"summary_large_image\" \/>\n<meta name=\"twitter:label1\" content=\"\u00c9crit par\" \/>\n\t<meta name=\"twitter:data1\" content=\"cfeditorfr\" \/>\n\t<meta name=\"twitter:label2\" content=\"Dur\u00e9e de lecture estim\u00e9e\" \/>\n\t<meta name=\"twitter:data2\" content=\"10 minutes\" \/>\n<script type=\"application\/ld+json\" class=\"yoast-schema-graph\">{\"@context\":\"https:\/\/schema.org\",\"@graph\":[{\"@type\":\"Article\",\"@id\":\"https:\/\/www.africa-press.net\/cameroun\/politique\/portrait-le-magazine-jeune-afrique-peint-martin-mbarga-nguele-comme-le-premier-flic-de-paul-biya#article\",\"isPartOf\":{\"@id\":\"https:\/\/www.africa-press.net\/cameroun\/politique\/portrait-le-magazine-jeune-afrique-peint-martin-mbarga-nguele-comme-le-premier-flic-de-paul-biya\"},\"author\":{\"name\":\"cfeditorfr\",\"@id\":\"https:\/\/www.africa-press.net\/cameroun\/#\/schema\/person\/2b1cf3cd81a31e3cd26889ca66d677f1\"},\"headline\":\"Portrait: Le magazine Jeune Afrique peint Martin Mbarga Nguel\u00e9 comme \u00able premier flic de Paul Biya\u00bb\",\"datePublished\":\"2022-10-06T20:43:50+00:00\",\"dateModified\":\"2022-10-06T20:44:06+00:00\",\"mainEntityOfPage\":{\"@id\":\"https:\/\/www.africa-press.net\/cameroun\/politique\/portrait-le-magazine-jeune-afrique-peint-martin-mbarga-nguele-comme-le-premier-flic-de-paul-biya\"},\"wordCount\":2080,\"commentCount\":0,\"image\":{\"@id\":\"https:\/\/www.africa-press.net\/cameroun\/politique\/portrait-le-magazine-jeune-afrique-peint-martin-mbarga-nguele-comme-le-premier-flic-de-paul-biya#primaryimage\"},\"thumbnailUrl\":\"https:\/\/static.africa-press.net\/cameroun\/sites\/57\/2022\/10\/img-633f3dfd64534.jpg\",\"keywords\":[\"Africa Press\",\"Africa Press-Cameroun\",\"Cameroun\"],\"articleSection\":[\"Politique\",\"Toutes les actualit\u00e9s\"],\"inLanguage\":\"fr-FR\",\"potentialAction\":[{\"@type\":\"CommentAction\",\"name\":\"Comment\",\"target\":[\"https:\/\/www.africa-press.net\/cameroun\/politique\/portrait-le-magazine-jeune-afrique-peint-martin-mbarga-nguele-comme-le-premier-flic-de-paul-biya#respond\"]}]},{\"@type\":\"WebPage\",\"@id\":\"https:\/\/www.africa-press.net\/cameroun\/politique\/portrait-le-magazine-jeune-afrique-peint-martin-mbarga-nguele-comme-le-premier-flic-de-paul-biya\",\"url\":\"https:\/\/www.africa-press.net\/cameroun\/politique\/portrait-le-magazine-jeune-afrique-peint-martin-mbarga-nguele-comme-le-premier-flic-de-paul-biya\",\"name\":\"Portrait: Le magazine Jeune Afrique peint Martin Mbarga Nguel\u00e9 comme \u00able premier flic de Paul Biya\u00bb - Cameroun\",\"isPartOf\":{\"@id\":\"https:\/\/www.africa-press.net\/cameroun\/#website\"},\"primaryImageOfPage\":{\"@id\":\"https:\/\/www.africa-press.net\/cameroun\/politique\/portrait-le-magazine-jeune-afrique-peint-martin-mbarga-nguele-comme-le-premier-flic-de-paul-biya#primaryimage\"},\"image\":{\"@id\":\"https:\/\/www.africa-press.net\/cameroun\/politique\/portrait-le-magazine-jeune-afrique-peint-martin-mbarga-nguele-comme-le-premier-flic-de-paul-biya#primaryimage\"},\"thumbnailUrl\":\"https:\/\/static.africa-press.net\/cameroun\/sites\/57\/2022\/10\/img-633f3dfd64534.jpg\",\"datePublished\":\"2022-10-06T20:43:50+00:00\",\"dateModified\":\"2022-10-06T20:44:06+00:00\",\"author\":{\"@id\":\"https:\/\/www.africa-press.net\/cameroun\/#\/schema\/person\/2b1cf3cd81a31e3cd26889ca66d677f1\"},\"description\":\"Dans sa version en ligne, le magazine panafricain Jeune Afrique a publie\u0301 ce jeudi 6 octobre 2022, un article consacre\u0301 ...\",\"breadcrumb\":{\"@id\":\"https:\/\/www.africa-press.net\/cameroun\/politique\/portrait-le-magazine-jeune-afrique-peint-martin-mbarga-nguele-comme-le-premier-flic-de-paul-biya#breadcrumb\"},\"inLanguage\":\"fr-FR\",\"potentialAction\":[{\"@type\":\"ReadAction\",\"target\":[\"https:\/\/www.africa-press.net\/cameroun\/politique\/portrait-le-magazine-jeune-afrique-peint-martin-mbarga-nguele-comme-le-premier-flic-de-paul-biya\"]}]},{\"@type\":\"ImageObject\",\"inLanguage\":\"fr-FR\",\"@id\":\"https:\/\/www.africa-press.net\/cameroun\/politique\/portrait-le-magazine-jeune-afrique-peint-martin-mbarga-nguele-comme-le-premier-flic-de-paul-biya#primaryimage\",\"url\":\"https:\/\/static.africa-press.net\/cameroun\/sites\/57\/2022\/10\/img-633f3dfd64534.jpg\",\"contentUrl\":\"https:\/\/static.africa-press.net\/cameroun\/sites\/57\/2022\/10\/img-633f3dfd64534.jpg\",\"width\":800,\"height\":816,\"caption\":\"Portrait: Le magazine Jeune Afrique peint Martin Mbarga Nguel\u00e9 comme \u00able premier flic de Paul Biya\u00bb\"},{\"@type\":\"BreadcrumbList\",\"@id\":\"https:\/\/www.africa-press.net\/cameroun\/politique\/portrait-le-magazine-jeune-afrique-peint-martin-mbarga-nguele-comme-le-premier-flic-de-paul-biya#breadcrumb\",\"itemListElement\":[{\"@type\":\"ListItem\",\"position\":1,\"name\":\"Accueil\",\"item\":\"https:\/\/www.africa-press.net\/cameroun\/\"},{\"@type\":\"ListItem\",\"position\":2,\"name\":\"Portrait: Le magazine Jeune Afrique peint Martin Mbarga Nguel\u00e9 comme \u00able premier flic de Paul Biya\u00bb\"}]},{\"@type\":\"WebSite\",\"@id\":\"https:\/\/www.africa-press.net\/cameroun\/#website\",\"url\":\"https:\/\/www.africa-press.net\/cameroun\/\",\"name\":\"Cameroun\",\"description\":\"Just another Africa News Agency Sites site\",\"potentialAction\":[{\"@type\":\"SearchAction\",\"target\":{\"@type\":\"EntryPoint\",\"urlTemplate\":\"https:\/\/www.africa-press.net\/cameroun\/?s={search_term_string}\"},\"query-input\":{\"@type\":\"PropertyValueSpecification\",\"valueRequired\":true,\"valueName\":\"search_term_string\"}}],\"inLanguage\":\"fr-FR\"},{\"@type\":\"Person\",\"@id\":\"https:\/\/www.africa-press.net\/cameroun\/#\/schema\/person\/2b1cf3cd81a31e3cd26889ca66d677f1\",\"name\":\"cfeditorfr\"}]}<\/script>\n<!-- \/ Yoast SEO Premium plugin. -->","yoast_head_json":{"title":"Portrait: Le magazine Jeune Afrique peint Martin Mbarga Nguel\u00e9 comme \u00able premier flic de Paul Biya\u00bb - Cameroun","description":"Dans sa version en ligne, le magazine panafricain Jeune Afrique a publie\u0301 ce jeudi 6 octobre 2022, un article consacre\u0301 ...","robots":{"index":"index","follow":"follow","max-snippet":"max-snippet:-1","max-image-preview":"max-image-preview:large","max-video-preview":"max-video-preview:-1"},"canonical":"https:\/\/www.africa-press.net\/cameroun\/politique\/portrait-le-magazine-jeune-afrique-peint-martin-mbarga-nguele-comme-le-premier-flic-de-paul-biya","og_locale":"fr_FR","og_type":"article","og_title":"Portrait: Le magazine Jeune Afrique peint Martin Mbarga Nguel\u00e9 comme \u00able premier flic de Paul Biya\u00bb","og_description":"Dans sa version en ligne, le magazine panafricain Jeune Afrique a publie\u0301 ce jeudi 6 octobre 2022, un article consacre\u0301 ...","og_url":"https:\/\/www.africa-press.net\/cameroun\/politique\/portrait-le-magazine-jeune-afrique-peint-martin-mbarga-nguele-comme-le-premier-flic-de-paul-biya","og_site_name":"Cameroun","article_published_time":"2022-10-06T20:43:50+00:00","article_modified_time":"2022-10-06T20:44:06+00:00","og_image":[{"width":800,"height":816,"url":"https:\/\/static.africa-press.net\/cameroun\/sites\/57\/2022\/10\/img-633f3dfd64534.jpg","type":"image\/jpeg"}],"author":"cfeditorfr","twitter_card":"summary_large_image","twitter_misc":{"\u00c9crit par":"cfeditorfr","Dur\u00e9e de lecture estim\u00e9e":"10 minutes"},"schema":{"@context":"https:\/\/schema.org","@graph":[{"@type":"Article","@id":"https:\/\/www.africa-press.net\/cameroun\/politique\/portrait-le-magazine-jeune-afrique-peint-martin-mbarga-nguele-comme-le-premier-flic-de-paul-biya#article","isPartOf":{"@id":"https:\/\/www.africa-press.net\/cameroun\/politique\/portrait-le-magazine-jeune-afrique-peint-martin-mbarga-nguele-comme-le-premier-flic-de-paul-biya"},"author":{"name":"cfeditorfr","@id":"https:\/\/www.africa-press.net\/cameroun\/#\/schema\/person\/2b1cf3cd81a31e3cd26889ca66d677f1"},"headline":"Portrait: Le magazine Jeune Afrique peint Martin Mbarga Nguel\u00e9 comme \u00able premier flic de Paul Biya\u00bb","datePublished":"2022-10-06T20:43:50+00:00","dateModified":"2022-10-06T20:44:06+00:00","mainEntityOfPage":{"@id":"https:\/\/www.africa-press.net\/cameroun\/politique\/portrait-le-magazine-jeune-afrique-peint-martin-mbarga-nguele-comme-le-premier-flic-de-paul-biya"},"wordCount":2080,"commentCount":0,"image":{"@id":"https:\/\/www.africa-press.net\/cameroun\/politique\/portrait-le-magazine-jeune-afrique-peint-martin-mbarga-nguele-comme-le-premier-flic-de-paul-biya#primaryimage"},"thumbnailUrl":"https:\/\/static.africa-press.net\/cameroun\/sites\/57\/2022\/10\/img-633f3dfd64534.jpg","keywords":["Africa Press","Africa Press-Cameroun","Cameroun"],"articleSection":["Politique","Toutes les actualit\u00e9s"],"inLanguage":"fr-FR","potentialAction":[{"@type":"CommentAction","name":"Comment","target":["https:\/\/www.africa-press.net\/cameroun\/politique\/portrait-le-magazine-jeune-afrique-peint-martin-mbarga-nguele-comme-le-premier-flic-de-paul-biya#respond"]}]},{"@type":"WebPage","@id":"https:\/\/www.africa-press.net\/cameroun\/politique\/portrait-le-magazine-jeune-afrique-peint-martin-mbarga-nguele-comme-le-premier-flic-de-paul-biya","url":"https:\/\/www.africa-press.net\/cameroun\/politique\/portrait-le-magazine-jeune-afrique-peint-martin-mbarga-nguele-comme-le-premier-flic-de-paul-biya","name":"Portrait: Le magazine Jeune Afrique peint Martin Mbarga Nguel\u00e9 comme \u00able premier flic de Paul Biya\u00bb - Cameroun","isPartOf":{"@id":"https:\/\/www.africa-press.net\/cameroun\/#website"},"primaryImageOfPage":{"@id":"https:\/\/www.africa-press.net\/cameroun\/politique\/portrait-le-magazine-jeune-afrique-peint-martin-mbarga-nguele-comme-le-premier-flic-de-paul-biya#primaryimage"},"image":{"@id":"https:\/\/www.africa-press.net\/cameroun\/politique\/portrait-le-magazine-jeune-afrique-peint-martin-mbarga-nguele-comme-le-premier-flic-de-paul-biya#primaryimage"},"thumbnailUrl":"https:\/\/static.africa-press.net\/cameroun\/sites\/57\/2022\/10\/img-633f3dfd64534.jpg","datePublished":"2022-10-06T20:43:50+00:00","dateModified":"2022-10-06T20:44:06+00:00","author":{"@id":"https:\/\/www.africa-press.net\/cameroun\/#\/schema\/person\/2b1cf3cd81a31e3cd26889ca66d677f1"},"description":"Dans sa version en ligne, le magazine panafricain Jeune Afrique a publie\u0301 ce jeudi 6 octobre 2022, un article consacre\u0301 ...","breadcrumb":{"@id":"https:\/\/www.africa-press.net\/cameroun\/politique\/portrait-le-magazine-jeune-afrique-peint-martin-mbarga-nguele-comme-le-premier-flic-de-paul-biya#breadcrumb"},"inLanguage":"fr-FR","potentialAction":[{"@type":"ReadAction","target":["https:\/\/www.africa-press.net\/cameroun\/politique\/portrait-le-magazine-jeune-afrique-peint-martin-mbarga-nguele-comme-le-premier-flic-de-paul-biya"]}]},{"@type":"ImageObject","inLanguage":"fr-FR","@id":"https:\/\/www.africa-press.net\/cameroun\/politique\/portrait-le-magazine-jeune-afrique-peint-martin-mbarga-nguele-comme-le-premier-flic-de-paul-biya#primaryimage","url":"https:\/\/static.africa-press.net\/cameroun\/sites\/57\/2022\/10\/img-633f3dfd64534.jpg","contentUrl":"https:\/\/static.africa-press.net\/cameroun\/sites\/57\/2022\/10\/img-633f3dfd64534.jpg","width":800,"height":816,"caption":"Portrait: Le magazine Jeune Afrique peint Martin Mbarga Nguel\u00e9 comme \u00able premier flic de Paul Biya\u00bb"},{"@type":"BreadcrumbList","@id":"https:\/\/www.africa-press.net\/cameroun\/politique\/portrait-le-magazine-jeune-afrique-peint-martin-mbarga-nguele-comme-le-premier-flic-de-paul-biya#breadcrumb","itemListElement":[{"@type":"ListItem","position":1,"name":"Accueil","item":"https:\/\/www.africa-press.net\/cameroun\/"},{"@type":"ListItem","position":2,"name":"Portrait: Le magazine Jeune Afrique peint Martin Mbarga Nguel\u00e9 comme \u00able premier flic de Paul Biya\u00bb"}]},{"@type":"WebSite","@id":"https:\/\/www.africa-press.net\/cameroun\/#website","url":"https:\/\/www.africa-press.net\/cameroun\/","name":"Cameroun","description":"Just another Africa News Agency Sites site","potentialAction":[{"@type":"SearchAction","target":{"@type":"EntryPoint","urlTemplate":"https:\/\/www.africa-press.net\/cameroun\/?s={search_term_string}"},"query-input":{"@type":"PropertyValueSpecification","valueRequired":true,"valueName":"search_term_string"}}],"inLanguage":"fr-FR"},{"@type":"Person","@id":"https:\/\/www.africa-press.net\/cameroun\/#\/schema\/person\/2b1cf3cd81a31e3cd26889ca66d677f1","name":"cfeditorfr"}]}},"_links":{"self":[{"href":"https:\/\/www.africa-press.net\/cameroun\/wp-json\/wp\/v2\/posts\/28841","targetHints":{"allow":["GET"]}}],"collection":[{"href":"https:\/\/www.africa-press.net\/cameroun\/wp-json\/wp\/v2\/posts"}],"about":[{"href":"https:\/\/www.africa-press.net\/cameroun\/wp-json\/wp\/v2\/types\/post"}],"author":[{"embeddable":true,"href":"https:\/\/www.africa-press.net\/cameroun\/wp-json\/wp\/v2\/users\/82"}],"replies":[{"embeddable":true,"href":"https:\/\/www.africa-press.net\/cameroun\/wp-json\/wp\/v2\/comments?post=28841"}],"version-history":[{"count":0,"href":"https:\/\/www.africa-press.net\/cameroun\/wp-json\/wp\/v2\/posts\/28841\/revisions"}],"wp:featuredmedia":[{"embeddable":true,"href":"https:\/\/www.africa-press.net\/cameroun\/wp-json\/wp\/v2\/media\/28840"}],"wp:attachment":[{"href":"https:\/\/www.africa-press.net\/cameroun\/wp-json\/wp\/v2\/media?parent=28841"}],"wp:term":[{"taxonomy":"category","embeddable":true,"href":"https:\/\/www.africa-press.net\/cameroun\/wp-json\/wp\/v2\/categories?post=28841"},{"taxonomy":"post_tag","embeddable":true,"href":"https:\/\/www.africa-press.net\/cameroun\/wp-json\/wp\/v2\/tags?post=28841"}],"curies":[{"name":"wp","href":"https:\/\/api.w.org\/{rel}","templated":true}]}}