{"id":28847,"date":"2022-10-06T18:01:58","date_gmt":"2022-10-06T18:01:58","guid":{"rendered":"https:\/\/www.africa-press.net\/cameroun\/politique\/affaire-des-factures-impayees-eneo-et-les-universites-detat-se-sont-mis-daccord"},"modified":"2022-10-06T20:45:11","modified_gmt":"2022-10-06T20:45:11","slug":"affaire-des-factures-impayees-eneo-et-les-universites-detat-se-sont-mis-daccord","status":"publish","type":"post","link":"https:\/\/www.africa-press.net\/cameroun\/toutes-les-actualites\/affaire-des-factures-impayees-eneo-et-les-universites-detat-se-sont-mis-daccord","title":{"rendered":"Affaire des factures impay\u00e9es: ENEO et les universit\u00e9s d\u2019Etat se sont mis d\u2019accord"},"content":{"rendered":"<p><span style=\"color: #ff6600\"><strong>Africa-Press &#8211; Cameroun. <\/strong><\/span>Le ciel des relations entre ENEO et les universite\u0301s d\u2019Etat du Cameroun est de\u0301sormais de\u0301gage\u0301. Les deux parties divise\u0301es par une histoire de facture d\u2019e\u0301lectricite\u0301 impaye\u0301es ont ou s\u2019entendre au cours d\u2019une re\u0301union tenue le 5 Octobre 2022 sous la pre\u0301sidence du ministre de l\u2019eau et de l\u2019e\u0301nergie Gaston Eloundou Essomba. Jacques Fame Ndongo, son colle\u0300gue de l\u2019enseignement supe\u0301rieur est intervenu par visioconfe\u0301rence a\u0300 cette \u00ab importante se\u0301ance de travail \u00bb.<\/p>\n<p>Les autres participants e\u0301taient les vice-chancelor et recteurs de toutes les universite\u0301s d\u2019Etat, les directeurs ge\u0301ne\u0301raux d\u2019ENEO et de l\u2019ARSEL, deux repre\u0301sentants du ministre des finances et des collaborateurs des ministres de l\u2019enseignement supe\u0301rieur et de l\u2019eau et de l\u2019e\u0301nergie.<\/p>\n<p>Le communique\u0301 re\u0301sumant l\u2019assise indique qu\u2019ils e\u0301taient re\u0301unis pour rechercher de fac\u0327on consensuelle \u00ab une solution durable, efficiente et le\u0301gale au proble\u0300me lie\u0301 a\u0300 la ne\u0301cessaire alimentation re\u0301gulie\u0300re de universite\u0301s en e\u0301nergie e\u0301lectrique, au regard du caracte\u0300re tre\u0300s sensible de ces institutions au plans acade\u0301mique et socie\u0301tal \u00bb.<\/p>\n<p>Quatre recommandations ont e\u0301te\u0301 formule\u0301es au terme des e\u0301changes. La premie\u0300re est l\u2019obligation de consolider la dette des universite\u0301s d\u2019Etat en matie\u0300re d\u2019e\u0301lectricite\u0301 au plus tard dans un mois par une commission quadripartite comprenant un repre\u0301sentant du ministe\u0300re de l\u2019eau et de l\u2019e\u0301nergie, un repre\u0301sentant d\u2019ENEO, un repre\u0301sentant de l\u2019ARSEL (Agence de Re\u0301gulation du Secteur de l\u2019Electricite\u0301), un repre\u0301sentant du recteur ou du vice-chancelor de l\u2019universite\u0301 concerne\u0301e.<\/p>\n<p>La deuxie\u0300me re\u0301solution stipule que la consolidation doit de\u0301boucher sur un moratoire accorde\u0301 a\u0300 chaque universite\u0301 concerne\u0301e. \u00ab Elle sera sous-tendue par une soutenabilite\u0301 budge\u0301taire ave\u0301re\u0301e, au niveau de l\u2019institution universitaire \u00bb, pre\u0301cise le communique\u0301.<\/p>\n<p>Le quatrie\u0300me point indique qu\u2019ENEO devra installer syste\u0301matiquement des compteurs intelligents afin de garantir l\u2019authenticite\u0301 et la since\u0301rite\u0301 des factures. Enfin, chaque universite\u0301 devra s\u2019acquitter du paiement diligent des factures dont l\u2019authenticite\u0301 aura e\u0301te\u0301 pre\u0301alablement e\u0301tablie par le comite\u0301 ad hoc sus-vise\u0301 et en fonction du moratoire du\u0302ment valide\u0301 d\u2019accord parties.<\/p>\n<p>Voila\u0300 qui met un terme a\u0300 un bras de fer qui risquait de prendre une tournure de plus dramatiques.<\/p>\n<p><strong>Pour plus d&rsquo;informations et d&rsquo;analyses sur la <a href=\"https:\/\/www.africa-press.net\/cameroun\">Cameroun<\/a>, suivez <a href=\"https:\/\/www.africa-press.net\/\">Africa-Press<\/a><\/strong><\/p>\n","protected":false},"excerpt":{"rendered":"<p>Africa-Press &#8211; Cameroun. Le ciel des relations entre ENEO et les universite\u0301s d\u2019Etat du Cameroun est de\u0301sormais de\u0301gage\u0301. Les deux parties divise\u0301es par une histoire de facture d\u2019e\u0301lectricite\u0301 impaye\u0301es ont ou s\u2019entendre au cours d\u2019une re\u0301union tenue le 5 Octobre 2022 sous la pre\u0301sidence du ministre de l\u2019eau et de l\u2019e\u0301nergie Gaston Eloundou Essomba. Jacques [&hellip;]<\/p>\n","protected":false},"author":82,"featured_media":28846,"comment_status":"open","ping_status":"closed","sticky":false,"template":"","format":"standard","meta":{"footnotes":""},"categories":[21,10],"tags":[36,50,49],"class_list":["post-28847","post","type-post","status-publish","format-standard","has-post-thumbnail","hentry","category-communaute","category-toutes-les-actualites","tag-africa-press","tag-africa-press-cameroun","tag-cameroun"],"yoast_head":"<!-- This site is optimized with the Yoast SEO Premium plugin v26.1 (Yoast SEO v27.0) - https:\/\/yoast.com\/product\/yoast-seo-premium-wordpress\/ -->\n<title>Affaire des factures impay\u00e9es: ENEO et les universit\u00e9s d\u2019Etat se sont mis d\u2019accord - Cameroun<\/title>\n<meta name=\"description\" content=\"Le ciel des relations entre ENEO et les universite\u0301s d\u2019Etat du Cameroun est de\u0301sormais de\u0301gage\u0301. Les deux parties divise ...\" \/>\n<meta name=\"robots\" content=\"index, follow, max-snippet:-1, max-image-preview:large, max-video-preview:-1\" \/>\n<link rel=\"canonical\" href=\"https:\/\/www.africa-press.net\/cameroun\/toutes-les-actualites\/affaire-des-factures-impayees-eneo-et-les-universites-detat-se-sont-mis-daccord\" \/>\n<meta property=\"og:locale\" content=\"fr_FR\" \/>\n<meta property=\"og:type\" content=\"article\" \/>\n<meta property=\"og:title\" content=\"Affaire des factures impay\u00e9es: ENEO et les universit\u00e9s d\u2019Etat se sont mis d\u2019accord\" \/>\n<meta property=\"og:description\" content=\"Le ciel des relations entre ENEO et les universite\u0301s d\u2019Etat du Cameroun est de\u0301sormais de\u0301gage\u0301. Les deux parties divise ...\" \/>\n<meta property=\"og:url\" content=\"https:\/\/www.africa-press.net\/cameroun\/toutes-les-actualites\/affaire-des-factures-impayees-eneo-et-les-universites-detat-se-sont-mis-daccord\" \/>\n<meta property=\"og:site_name\" content=\"Cameroun\" \/>\n<meta property=\"article:published_time\" content=\"2022-10-06T18:01:58+00:00\" \/>\n<meta property=\"article:modified_time\" content=\"2022-10-06T20:45:11+00:00\" \/>\n<meta property=\"og:image\" content=\"https:\/\/static.africa-press.net\/cameroun\/sites\/57\/2022\/10\/img-633f3e42b8aaf.jpg\" \/>\n\t<meta property=\"og:image:width\" content=\"800\" \/>\n\t<meta property=\"og:image:height\" content=\"800\" \/>\n\t<meta property=\"og:image:type\" content=\"image\/jpeg\" \/>\n<meta name=\"author\" content=\"cfeditorfr\" \/>\n<meta name=\"twitter:card\" content=\"summary_large_image\" \/>\n<meta name=\"twitter:label1\" content=\"\u00c9crit par\" \/>\n\t<meta name=\"twitter:data1\" content=\"cfeditorfr\" \/>\n\t<meta name=\"twitter:label2\" content=\"Dur\u00e9e de lecture estim\u00e9e\" \/>\n\t<meta name=\"twitter:data2\" content=\"2 minutes\" \/>\n<script type=\"application\/ld+json\" class=\"yoast-schema-graph\">{\"@context\":\"https:\/\/schema.org\",\"@graph\":[{\"@type\":\"Article\",\"@id\":\"https:\/\/www.africa-press.net\/cameroun\/toutes-les-actualites\/affaire-des-factures-impayees-eneo-et-les-universites-detat-se-sont-mis-daccord#article\",\"isPartOf\":{\"@id\":\"https:\/\/www.africa-press.net\/cameroun\/toutes-les-actualites\/affaire-des-factures-impayees-eneo-et-les-universites-detat-se-sont-mis-daccord\"},\"author\":{\"name\":\"cfeditorfr\",\"@id\":\"https:\/\/www.africa-press.net\/cameroun\/#\/schema\/person\/2b1cf3cd81a31e3cd26889ca66d677f1\"},\"headline\":\"Affaire des factures impay\u00e9es: ENEO et les universit\u00e9s d\u2019Etat se sont mis d\u2019accord\",\"datePublished\":\"2022-10-06T18:01:58+00:00\",\"dateModified\":\"2022-10-06T20:45:11+00:00\",\"mainEntityOfPage\":{\"@id\":\"https:\/\/www.africa-press.net\/cameroun\/toutes-les-actualites\/affaire-des-factures-impayees-eneo-et-les-universites-detat-se-sont-mis-daccord\"},\"wordCount\":451,\"commentCount\":0,\"image\":{\"@id\":\"https:\/\/www.africa-press.net\/cameroun\/toutes-les-actualites\/affaire-des-factures-impayees-eneo-et-les-universites-detat-se-sont-mis-daccord#primaryimage\"},\"thumbnailUrl\":\"https:\/\/static.africa-press.net\/cameroun\/sites\/57\/2022\/10\/img-633f3e42b8aaf.jpg\",\"keywords\":[\"Africa Press\",\"Africa Press-Cameroun\",\"Cameroun\"],\"articleSection\":[\"Communaut\u00e9\",\"Toutes les actualit\u00e9s\"],\"inLanguage\":\"fr-FR\",\"potentialAction\":[{\"@type\":\"CommentAction\",\"name\":\"Comment\",\"target\":[\"https:\/\/www.africa-press.net\/cameroun\/toutes-les-actualites\/affaire-des-factures-impayees-eneo-et-les-universites-detat-se-sont-mis-daccord#respond\"]}]},{\"@type\":\"WebPage\",\"@id\":\"https:\/\/www.africa-press.net\/cameroun\/toutes-les-actualites\/affaire-des-factures-impayees-eneo-et-les-universites-detat-se-sont-mis-daccord\",\"url\":\"https:\/\/www.africa-press.net\/cameroun\/toutes-les-actualites\/affaire-des-factures-impayees-eneo-et-les-universites-detat-se-sont-mis-daccord\",\"name\":\"Affaire des factures impay\u00e9es: ENEO et les universit\u00e9s d\u2019Etat se sont mis d\u2019accord - Cameroun\",\"isPartOf\":{\"@id\":\"https:\/\/www.africa-press.net\/cameroun\/#website\"},\"primaryImageOfPage\":{\"@id\":\"https:\/\/www.africa-press.net\/cameroun\/toutes-les-actualites\/affaire-des-factures-impayees-eneo-et-les-universites-detat-se-sont-mis-daccord#primaryimage\"},\"image\":{\"@id\":\"https:\/\/www.africa-press.net\/cameroun\/toutes-les-actualites\/affaire-des-factures-impayees-eneo-et-les-universites-detat-se-sont-mis-daccord#primaryimage\"},\"thumbnailUrl\":\"https:\/\/static.africa-press.net\/cameroun\/sites\/57\/2022\/10\/img-633f3e42b8aaf.jpg\",\"datePublished\":\"2022-10-06T18:01:58+00:00\",\"dateModified\":\"2022-10-06T20:45:11+00:00\",\"author\":{\"@id\":\"https:\/\/www.africa-press.net\/cameroun\/#\/schema\/person\/2b1cf3cd81a31e3cd26889ca66d677f1\"},\"description\":\"Le ciel des relations entre ENEO et les universite\u0301s d\u2019Etat du Cameroun est de\u0301sormais de\u0301gage\u0301. Les deux parties divise ...\",\"breadcrumb\":{\"@id\":\"https:\/\/www.africa-press.net\/cameroun\/toutes-les-actualites\/affaire-des-factures-impayees-eneo-et-les-universites-detat-se-sont-mis-daccord#breadcrumb\"},\"inLanguage\":\"fr-FR\",\"potentialAction\":[{\"@type\":\"ReadAction\",\"target\":[\"https:\/\/www.africa-press.net\/cameroun\/toutes-les-actualites\/affaire-des-factures-impayees-eneo-et-les-universites-detat-se-sont-mis-daccord\"]}]},{\"@type\":\"ImageObject\",\"inLanguage\":\"fr-FR\",\"@id\":\"https:\/\/www.africa-press.net\/cameroun\/toutes-les-actualites\/affaire-des-factures-impayees-eneo-et-les-universites-detat-se-sont-mis-daccord#primaryimage\",\"url\":\"https:\/\/static.africa-press.net\/cameroun\/sites\/57\/2022\/10\/img-633f3e42b8aaf.jpg\",\"contentUrl\":\"https:\/\/static.africa-press.net\/cameroun\/sites\/57\/2022\/10\/img-633f3e42b8aaf.jpg\",\"width\":800,\"height\":800,\"caption\":\"Affaire des factures impay\u00e9es: ENEO et les universit\u00e9s d\u2019Etat se sont mis d\u2019accord\"},{\"@type\":\"BreadcrumbList\",\"@id\":\"https:\/\/www.africa-press.net\/cameroun\/toutes-les-actualites\/affaire-des-factures-impayees-eneo-et-les-universites-detat-se-sont-mis-daccord#breadcrumb\",\"itemListElement\":[{\"@type\":\"ListItem\",\"position\":1,\"name\":\"Accueil\",\"item\":\"https:\/\/www.africa-press.net\/cameroun\/\"},{\"@type\":\"ListItem\",\"position\":2,\"name\":\"Affaire des factures impay\u00e9es: ENEO et les universit\u00e9s d\u2019Etat se sont mis d\u2019accord\"}]},{\"@type\":\"WebSite\",\"@id\":\"https:\/\/www.africa-press.net\/cameroun\/#website\",\"url\":\"https:\/\/www.africa-press.net\/cameroun\/\",\"name\":\"Cameroun\",\"description\":\"Just another Africa News Agency Sites site\",\"potentialAction\":[{\"@type\":\"SearchAction\",\"target\":{\"@type\":\"EntryPoint\",\"urlTemplate\":\"https:\/\/www.africa-press.net\/cameroun\/?s={search_term_string}\"},\"query-input\":{\"@type\":\"PropertyValueSpecification\",\"valueRequired\":true,\"valueName\":\"search_term_string\"}}],\"inLanguage\":\"fr-FR\"},{\"@type\":\"Person\",\"@id\":\"https:\/\/www.africa-press.net\/cameroun\/#\/schema\/person\/2b1cf3cd81a31e3cd26889ca66d677f1\",\"name\":\"cfeditorfr\"}]}<\/script>\n<!-- \/ Yoast SEO Premium plugin. -->","yoast_head_json":{"title":"Affaire des factures impay\u00e9es: ENEO et les universit\u00e9s d\u2019Etat se sont mis d\u2019accord - Cameroun","description":"Le ciel des relations entre ENEO et les universite\u0301s d\u2019Etat du Cameroun est de\u0301sormais de\u0301gage\u0301. Les deux parties divise ...","robots":{"index":"index","follow":"follow","max-snippet":"max-snippet:-1","max-image-preview":"max-image-preview:large","max-video-preview":"max-video-preview:-1"},"canonical":"https:\/\/www.africa-press.net\/cameroun\/toutes-les-actualites\/affaire-des-factures-impayees-eneo-et-les-universites-detat-se-sont-mis-daccord","og_locale":"fr_FR","og_type":"article","og_title":"Affaire des factures impay\u00e9es: ENEO et les universit\u00e9s d\u2019Etat se sont mis d\u2019accord","og_description":"Le ciel des relations entre ENEO et les universite\u0301s d\u2019Etat du Cameroun est de\u0301sormais de\u0301gage\u0301. Les deux parties divise ...","og_url":"https:\/\/www.africa-press.net\/cameroun\/toutes-les-actualites\/affaire-des-factures-impayees-eneo-et-les-universites-detat-se-sont-mis-daccord","og_site_name":"Cameroun","article_published_time":"2022-10-06T18:01:58+00:00","article_modified_time":"2022-10-06T20:45:11+00:00","og_image":[{"width":800,"height":800,"url":"https:\/\/static.africa-press.net\/cameroun\/sites\/57\/2022\/10\/img-633f3e42b8aaf.jpg","type":"image\/jpeg"}],"author":"cfeditorfr","twitter_card":"summary_large_image","twitter_misc":{"\u00c9crit par":"cfeditorfr","Dur\u00e9e de lecture estim\u00e9e":"2 minutes"},"schema":{"@context":"https:\/\/schema.org","@graph":[{"@type":"Article","@id":"https:\/\/www.africa-press.net\/cameroun\/toutes-les-actualites\/affaire-des-factures-impayees-eneo-et-les-universites-detat-se-sont-mis-daccord#article","isPartOf":{"@id":"https:\/\/www.africa-press.net\/cameroun\/toutes-les-actualites\/affaire-des-factures-impayees-eneo-et-les-universites-detat-se-sont-mis-daccord"},"author":{"name":"cfeditorfr","@id":"https:\/\/www.africa-press.net\/cameroun\/#\/schema\/person\/2b1cf3cd81a31e3cd26889ca66d677f1"},"headline":"Affaire des factures impay\u00e9es: ENEO et les universit\u00e9s d\u2019Etat se sont mis d\u2019accord","datePublished":"2022-10-06T18:01:58+00:00","dateModified":"2022-10-06T20:45:11+00:00","mainEntityOfPage":{"@id":"https:\/\/www.africa-press.net\/cameroun\/toutes-les-actualites\/affaire-des-factures-impayees-eneo-et-les-universites-detat-se-sont-mis-daccord"},"wordCount":451,"commentCount":0,"image":{"@id":"https:\/\/www.africa-press.net\/cameroun\/toutes-les-actualites\/affaire-des-factures-impayees-eneo-et-les-universites-detat-se-sont-mis-daccord#primaryimage"},"thumbnailUrl":"https:\/\/static.africa-press.net\/cameroun\/sites\/57\/2022\/10\/img-633f3e42b8aaf.jpg","keywords":["Africa Press","Africa Press-Cameroun","Cameroun"],"articleSection":["Communaut\u00e9","Toutes les actualit\u00e9s"],"inLanguage":"fr-FR","potentialAction":[{"@type":"CommentAction","name":"Comment","target":["https:\/\/www.africa-press.net\/cameroun\/toutes-les-actualites\/affaire-des-factures-impayees-eneo-et-les-universites-detat-se-sont-mis-daccord#respond"]}]},{"@type":"WebPage","@id":"https:\/\/www.africa-press.net\/cameroun\/toutes-les-actualites\/affaire-des-factures-impayees-eneo-et-les-universites-detat-se-sont-mis-daccord","url":"https:\/\/www.africa-press.net\/cameroun\/toutes-les-actualites\/affaire-des-factures-impayees-eneo-et-les-universites-detat-se-sont-mis-daccord","name":"Affaire des factures impay\u00e9es: ENEO et les universit\u00e9s d\u2019Etat se sont mis d\u2019accord - Cameroun","isPartOf":{"@id":"https:\/\/www.africa-press.net\/cameroun\/#website"},"primaryImageOfPage":{"@id":"https:\/\/www.africa-press.net\/cameroun\/toutes-les-actualites\/affaire-des-factures-impayees-eneo-et-les-universites-detat-se-sont-mis-daccord#primaryimage"},"image":{"@id":"https:\/\/www.africa-press.net\/cameroun\/toutes-les-actualites\/affaire-des-factures-impayees-eneo-et-les-universites-detat-se-sont-mis-daccord#primaryimage"},"thumbnailUrl":"https:\/\/static.africa-press.net\/cameroun\/sites\/57\/2022\/10\/img-633f3e42b8aaf.jpg","datePublished":"2022-10-06T18:01:58+00:00","dateModified":"2022-10-06T20:45:11+00:00","author":{"@id":"https:\/\/www.africa-press.net\/cameroun\/#\/schema\/person\/2b1cf3cd81a31e3cd26889ca66d677f1"},"description":"Le ciel des relations entre ENEO et les universite\u0301s d\u2019Etat du Cameroun est de\u0301sormais de\u0301gage\u0301. Les deux parties divise ...","breadcrumb":{"@id":"https:\/\/www.africa-press.net\/cameroun\/toutes-les-actualites\/affaire-des-factures-impayees-eneo-et-les-universites-detat-se-sont-mis-daccord#breadcrumb"},"inLanguage":"fr-FR","potentialAction":[{"@type":"ReadAction","target":["https:\/\/www.africa-press.net\/cameroun\/toutes-les-actualites\/affaire-des-factures-impayees-eneo-et-les-universites-detat-se-sont-mis-daccord"]}]},{"@type":"ImageObject","inLanguage":"fr-FR","@id":"https:\/\/www.africa-press.net\/cameroun\/toutes-les-actualites\/affaire-des-factures-impayees-eneo-et-les-universites-detat-se-sont-mis-daccord#primaryimage","url":"https:\/\/static.africa-press.net\/cameroun\/sites\/57\/2022\/10\/img-633f3e42b8aaf.jpg","contentUrl":"https:\/\/static.africa-press.net\/cameroun\/sites\/57\/2022\/10\/img-633f3e42b8aaf.jpg","width":800,"height":800,"caption":"Affaire des factures impay\u00e9es: ENEO et les universit\u00e9s d\u2019Etat se sont mis d\u2019accord"},{"@type":"BreadcrumbList","@id":"https:\/\/www.africa-press.net\/cameroun\/toutes-les-actualites\/affaire-des-factures-impayees-eneo-et-les-universites-detat-se-sont-mis-daccord#breadcrumb","itemListElement":[{"@type":"ListItem","position":1,"name":"Accueil","item":"https:\/\/www.africa-press.net\/cameroun\/"},{"@type":"ListItem","position":2,"name":"Affaire des factures impay\u00e9es: ENEO et les universit\u00e9s d\u2019Etat se sont mis d\u2019accord"}]},{"@type":"WebSite","@id":"https:\/\/www.africa-press.net\/cameroun\/#website","url":"https:\/\/www.africa-press.net\/cameroun\/","name":"Cameroun","description":"Just another Africa News Agency Sites site","potentialAction":[{"@type":"SearchAction","target":{"@type":"EntryPoint","urlTemplate":"https:\/\/www.africa-press.net\/cameroun\/?s={search_term_string}"},"query-input":{"@type":"PropertyValueSpecification","valueRequired":true,"valueName":"search_term_string"}}],"inLanguage":"fr-FR"},{"@type":"Person","@id":"https:\/\/www.africa-press.net\/cameroun\/#\/schema\/person\/2b1cf3cd81a31e3cd26889ca66d677f1","name":"cfeditorfr"}]}},"_links":{"self":[{"href":"https:\/\/www.africa-press.net\/cameroun\/wp-json\/wp\/v2\/posts\/28847","targetHints":{"allow":["GET"]}}],"collection":[{"href":"https:\/\/www.africa-press.net\/cameroun\/wp-json\/wp\/v2\/posts"}],"about":[{"href":"https:\/\/www.africa-press.net\/cameroun\/wp-json\/wp\/v2\/types\/post"}],"author":[{"embeddable":true,"href":"https:\/\/www.africa-press.net\/cameroun\/wp-json\/wp\/v2\/users\/82"}],"replies":[{"embeddable":true,"href":"https:\/\/www.africa-press.net\/cameroun\/wp-json\/wp\/v2\/comments?post=28847"}],"version-history":[{"count":0,"href":"https:\/\/www.africa-press.net\/cameroun\/wp-json\/wp\/v2\/posts\/28847\/revisions"}],"wp:featuredmedia":[{"embeddable":true,"href":"https:\/\/www.africa-press.net\/cameroun\/wp-json\/wp\/v2\/media\/28846"}],"wp:attachment":[{"href":"https:\/\/www.africa-press.net\/cameroun\/wp-json\/wp\/v2\/media?parent=28847"}],"wp:term":[{"taxonomy":"category","embeddable":true,"href":"https:\/\/www.africa-press.net\/cameroun\/wp-json\/wp\/v2\/categories?post=28847"},{"taxonomy":"post_tag","embeddable":true,"href":"https:\/\/www.africa-press.net\/cameroun\/wp-json\/wp\/v2\/tags?post=28847"}],"curies":[{"name":"wp","href":"https:\/\/api.w.org\/{rel}","templated":true}]}}