{"id":28850,"date":"2022-10-06T18:08:30","date_gmt":"2022-10-06T18:08:30","guid":{"rendered":"https:\/\/www.africa-press.net\/cameroun\/politique\/droits-dauteur-des-artistes-mecontents-du-montant-de-leur-retribution-menacent-de-brutaliser-sam-mbende"},"modified":"2022-10-06T20:45:46","modified_gmt":"2022-10-06T20:45:46","slug":"droits-dauteur-des-artistes-mecontents-du-montant-de-leur-retribution-menacent-de-brutaliser-sam-mbende","status":"publish","type":"post","link":"https:\/\/www.africa-press.net\/cameroun\/culture-et-art\/droits-dauteur-des-artistes-mecontents-du-montant-de-leur-retribution-menacent-de-brutaliser-sam-mbende","title":{"rendered":"Droits d\u2019auteur : Des artistes m\u00e9contents du montant  de leur r\u00e9tribution menacent de brutaliser Sam Mbende"},"content":{"rendered":"<p><span style=\"color: #ff6600\"><strong>Africa-Press &#8211; Cameroun. <\/strong><\/span>La re\u0301partition des fonds issus du recouvrement des droits d\u2019auteur pour la pe\u0301riode 2005-2009 a fait des me\u0301contents. Certains d\u2019entre eux ont de\u0301cide\u0301 de la de\u0301noncer a\u0300 haute voix. Le 3 Octobre 2022, Longue Longue, Beko Sadey, Georges Dickson, Louis De Koum, Bouboule le leader, Devis Mambo, Georges Ekwa sont intervenus dans un \u00ab direct \u00bb sur le compte Facebook du premier artiste cite\u0301.<\/p>\n<p>\u00ab Sur 1 milliard 200 millions, on a ose\u0301 insulter la mama&#8230;Le pre\u0301sident de la liquidation qui est parti chercher l\u2019argent&#8230;Il s\u2019appelle Sam Mbende. Il a ose\u0301 m\u2019insulter en me donnant, sur un milliard, 193 mille Francs CFA. La honte ! La honte ! \u00bb, a dit Beko Sadey lors de sa premie\u0300re prise de parole.<\/p>\n<p>Longue Longue s\u2019est dit e\u0301tonne\u0301 qu\u2019 Ange Bagnia ait rec\u0327u 800 mille Francs CFA alors qu\u2019elle n\u2019a pas, selon lui, \u00ab eu le tiers du succe\u0300s de Beko Sadey dans ce pays \u00bb. Il a aussi voulu comprendre comment Bill Loko \u00ab qui n\u2019a pas d\u2019album sur le marche\u0301 \u00bb a fait pour re\u0301colter \u00ab 400 mille \u00bb.<\/p>\n<p>Louis de Koum croit avoir de\u0301crypte\u0301 la strate\u0301gie de Sam Mbende et les membres de l\u2019e\u0301quipe charge\u0301e de re\u0301cupe\u0301rer les sommes dues et les re\u0301partir. \u00ab Ces gens avaient des intentions machiave\u0301liques. Quand ils font ces recouvrements, ils de\u0301localisent l\u2019argent du compte central. Ils prennent l\u2019argent en espe\u0300ces dans les sacs Mbandjock qu\u2019ils vont de\u0301poser a\u0300 Express Union. Ils annoncent en grandes pompes qu\u2019ils ont de\u0301pose\u0301 340 millions pour la re\u0301partition alors qu\u2019ils n\u2019ont mis que 70 millions et quelques. Parce que nous avons tous les documents ici \u00bb, assure-t-il en pre\u0301cisant que lesdits documents ont e\u0301te\u0301 obtenus par \u00ab une ordonnance de justice \u00bb. Louis de Koum fait savoir que ce sont 112 artistes qui ont voulu voir clair dans les re\u0301partitions.<\/p>\n<p>Pendant qu\u2019il raconte comment il a proce\u0301de\u0301 pour obtenir la paperasse, l\u2019on entend quelqu\u2019un accuse\u0301 le directeur ge\u0301ne\u0301ral d\u2019Express Union soupc\u0327onne\u0301 de complicite\u0301 avec les charge\u0301s de re\u0301partition. Longue Longue prend la parole et de\u0301clare que Sam Mbende donne l\u2019argent \u00ab a\u0300 qui il veut \u00bb, \u00ab a\u0300 ses supporters \u00bb.<\/p>\n<p>Louis De Koum poursuit : \u00ab Sur les 1 milliard, ils avaient pre\u0301vu l\u2019argent a\u0300 remettre a\u0300 402 artistes pour 70 millions 518 mille129 Francs. Ils n\u2019ont paye\u0301 jusqu\u2019a\u0300 pre\u0301sent que 332 artistes pour une somme de 59 millions 692 896 Francs \u00bb. Il accuse Sam Mbende et les autres membres de la commission de recouvrement d\u2019avoir pris pour eux 1 milliard 130 millions.<\/p>\n<p>L\u2019on apprend que, connaissant leur fort tempe\u0301rament, Papillon, Petit-Pays, Longue Longue, \u00ab paye\u0301s au quartier \u00bb pour e\u0301viter qu\u2019ils fassent du grabuge devant les guichets d\u2019Express Union en y de\u0301couvrant leurs e\u0301moluments.<\/p>\n<p>Georges Dickson de\u0301nonce \u00ab un partage au facie\u0300s \u00bb. Longue Longue de\u0301clare que Sam Mbende est en complicite\u0301 \u00ab avec le gouvernement \u00bb.<\/p>\n<p>Quant a\u0300 Beko Sadey, elle menace : \u00ab je compte demander cet argent a\u0300 Sam Mbende partout ou\u0300 je vais le trouver. On demande comment en Afrique ? Je l\u2019attrape et il me donne mon argent. Ou on va ailleurs. Si je l\u2019attrape partout, vous allez seulement venir avec les Caterpillars pour nous se\u0301parer. C\u2019est mon argent. Mon argent va sortir. Puisqu\u2019on parle et rien ne se passe. C\u2019est la Police qui va nous se\u0301parer \u00bb.<\/p>\n<p>Longue Longue explique des directs comme celui-ci sont re\u0301alise\u0301s pour sensibiliser la Pre\u0301sidence de la Re\u0301publique. Devis Mambo, arrive\u0301 entre temps, de\u0301clare avoir eu 131 000 FCFA. \u00ab La\u0300 ou\u0300 je vais t\u2019attraper, tu vas me donner mon argent \u00bb, dit-il a\u0300 l\u2019endroit de Sam Mbende. Tandis que Georges Ekwa \u00ab demande qu\u2019au lieu de taper Sam Mbende \u00bb, il est bon \u00ab de de\u0301poser pluto\u0302t une plainte \u00bb.<\/p>\n<p><strong>Pour plus d&rsquo;informations et d&rsquo;analyses sur la <a href=\"https:\/\/www.africa-press.net\/cameroun\">Cameroun<\/a>, suivez <a href=\"https:\/\/www.africa-press.net\/\">Africa-Press<\/a><\/strong><\/p>\n","protected":false},"excerpt":{"rendered":"<p>Africa-Press &#8211; Cameroun. La re\u0301partition des fonds issus du recouvrement des droits d\u2019auteur pour la pe\u0301riode 2005-2009 a fait des me\u0301contents. Certains d\u2019entre eux ont de\u0301cide\u0301 de la de\u0301noncer a\u0300 haute voix. Le 3 Octobre 2022, Longue Longue, Beko Sadey, Georges Dickson, Louis De Koum, Bouboule le leader, Devis Mambo, Georges Ekwa sont intervenus dans [&hellip;]<\/p>\n","protected":false},"author":82,"featured_media":28849,"comment_status":"open","ping_status":"closed","sticky":false,"template":"","format":"standard","meta":{"footnotes":""},"categories":[5,10],"tags":[36,50,49],"class_list":["post-28850","post","type-post","status-publish","format-standard","has-post-thumbnail","hentry","category-culture-et-art","category-toutes-les-actualites","tag-africa-press","tag-africa-press-cameroun","tag-cameroun"],"yoast_head":"<!-- This site is optimized with the Yoast SEO Premium plugin v26.1 (Yoast SEO v27.0) - https:\/\/yoast.com\/product\/yoast-seo-premium-wordpress\/ -->\n<title>Droits d\u2019auteur : Des artistes m\u00e9contents du montant de leur r\u00e9tribution menacent de brutaliser Sam Mbende - Cameroun<\/title>\n<meta name=\"description\" content=\"La re\u0301partition des fonds issus du recouvrement des droits d\u2019auteur pour la pe\u0301riode 2005-2009 a fait des me\u0301contents. C ...\" \/>\n<meta name=\"robots\" content=\"index, follow, max-snippet:-1, max-image-preview:large, max-video-preview:-1\" \/>\n<link rel=\"canonical\" href=\"https:\/\/www.africa-press.net\/cameroun\/culture-et-art\/droits-dauteur-des-artistes-mecontents-du-montant-de-leur-retribution-menacent-de-brutaliser-sam-mbende\" \/>\n<meta property=\"og:locale\" content=\"fr_FR\" \/>\n<meta property=\"og:type\" content=\"article\" \/>\n<meta property=\"og:title\" content=\"Droits d\u2019auteur : Des artistes m\u00e9contents du montant de leur r\u00e9tribution menacent de brutaliser Sam Mbende\" \/>\n<meta property=\"og:description\" content=\"La re\u0301partition des fonds issus du recouvrement des droits d\u2019auteur pour la pe\u0301riode 2005-2009 a fait des me\u0301contents. C ...\" \/>\n<meta property=\"og:url\" content=\"https:\/\/www.africa-press.net\/cameroun\/culture-et-art\/droits-dauteur-des-artistes-mecontents-du-montant-de-leur-retribution-menacent-de-brutaliser-sam-mbende\" \/>\n<meta property=\"og:site_name\" content=\"Cameroun\" \/>\n<meta property=\"article:published_time\" content=\"2022-10-06T18:08:30+00:00\" \/>\n<meta property=\"article:modified_time\" content=\"2022-10-06T20:45:46+00:00\" \/>\n<meta property=\"og:image\" content=\"https:\/\/static.africa-press.net\/cameroun\/sites\/57\/2022\/10\/img-633f3e624ec0a.jpg\" \/>\n\t<meta property=\"og:image:width\" content=\"800\" \/>\n\t<meta property=\"og:image:height\" content=\"936\" \/>\n\t<meta property=\"og:image:type\" content=\"image\/jpeg\" \/>\n<meta name=\"author\" content=\"cfeditorfr\" \/>\n<meta name=\"twitter:card\" content=\"summary_large_image\" \/>\n<meta name=\"twitter:label1\" content=\"\u00c9crit par\" \/>\n\t<meta name=\"twitter:data1\" content=\"cfeditorfr\" \/>\n\t<meta name=\"twitter:label2\" content=\"Dur\u00e9e de lecture estim\u00e9e\" \/>\n\t<meta name=\"twitter:data2\" content=\"4 minutes\" \/>\n<script type=\"application\/ld+json\" class=\"yoast-schema-graph\">{\"@context\":\"https:\/\/schema.org\",\"@graph\":[{\"@type\":\"Article\",\"@id\":\"https:\/\/www.africa-press.net\/cameroun\/culture-et-art\/droits-dauteur-des-artistes-mecontents-du-montant-de-leur-retribution-menacent-de-brutaliser-sam-mbende#article\",\"isPartOf\":{\"@id\":\"https:\/\/www.africa-press.net\/cameroun\/culture-et-art\/droits-dauteur-des-artistes-mecontents-du-montant-de-leur-retribution-menacent-de-brutaliser-sam-mbende\"},\"author\":{\"name\":\"cfeditorfr\",\"@id\":\"https:\/\/www.africa-press.net\/cameroun\/#\/schema\/person\/2b1cf3cd81a31e3cd26889ca66d677f1\"},\"headline\":\"Droits d\u2019auteur : Des artistes m\u00e9contents du montant de leur r\u00e9tribution menacent de brutaliser Sam Mbende\",\"datePublished\":\"2022-10-06T18:08:30+00:00\",\"dateModified\":\"2022-10-06T20:45:46+00:00\",\"mainEntityOfPage\":{\"@id\":\"https:\/\/www.africa-press.net\/cameroun\/culture-et-art\/droits-dauteur-des-artistes-mecontents-du-montant-de-leur-retribution-menacent-de-brutaliser-sam-mbende\"},\"wordCount\":680,\"commentCount\":0,\"image\":{\"@id\":\"https:\/\/www.africa-press.net\/cameroun\/culture-et-art\/droits-dauteur-des-artistes-mecontents-du-montant-de-leur-retribution-menacent-de-brutaliser-sam-mbende#primaryimage\"},\"thumbnailUrl\":\"https:\/\/static.africa-press.net\/cameroun\/sites\/57\/2022\/10\/img-633f3e624ec0a.jpg\",\"keywords\":[\"Africa Press\",\"Africa Press-Cameroun\",\"Cameroun\"],\"articleSection\":[\"Culture et Art\",\"Toutes les actualit\u00e9s\"],\"inLanguage\":\"fr-FR\",\"potentialAction\":[{\"@type\":\"CommentAction\",\"name\":\"Comment\",\"target\":[\"https:\/\/www.africa-press.net\/cameroun\/culture-et-art\/droits-dauteur-des-artistes-mecontents-du-montant-de-leur-retribution-menacent-de-brutaliser-sam-mbende#respond\"]}]},{\"@type\":\"WebPage\",\"@id\":\"https:\/\/www.africa-press.net\/cameroun\/culture-et-art\/droits-dauteur-des-artistes-mecontents-du-montant-de-leur-retribution-menacent-de-brutaliser-sam-mbende\",\"url\":\"https:\/\/www.africa-press.net\/cameroun\/culture-et-art\/droits-dauteur-des-artistes-mecontents-du-montant-de-leur-retribution-menacent-de-brutaliser-sam-mbende\",\"name\":\"Droits d\u2019auteur : Des artistes m\u00e9contents du montant de leur r\u00e9tribution menacent de brutaliser Sam Mbende - Cameroun\",\"isPartOf\":{\"@id\":\"https:\/\/www.africa-press.net\/cameroun\/#website\"},\"primaryImageOfPage\":{\"@id\":\"https:\/\/www.africa-press.net\/cameroun\/culture-et-art\/droits-dauteur-des-artistes-mecontents-du-montant-de-leur-retribution-menacent-de-brutaliser-sam-mbende#primaryimage\"},\"image\":{\"@id\":\"https:\/\/www.africa-press.net\/cameroun\/culture-et-art\/droits-dauteur-des-artistes-mecontents-du-montant-de-leur-retribution-menacent-de-brutaliser-sam-mbende#primaryimage\"},\"thumbnailUrl\":\"https:\/\/static.africa-press.net\/cameroun\/sites\/57\/2022\/10\/img-633f3e624ec0a.jpg\",\"datePublished\":\"2022-10-06T18:08:30+00:00\",\"dateModified\":\"2022-10-06T20:45:46+00:00\",\"author\":{\"@id\":\"https:\/\/www.africa-press.net\/cameroun\/#\/schema\/person\/2b1cf3cd81a31e3cd26889ca66d677f1\"},\"description\":\"La re\u0301partition des fonds issus du recouvrement des droits d\u2019auteur pour la pe\u0301riode 2005-2009 a fait des me\u0301contents. C ...\",\"breadcrumb\":{\"@id\":\"https:\/\/www.africa-press.net\/cameroun\/culture-et-art\/droits-dauteur-des-artistes-mecontents-du-montant-de-leur-retribution-menacent-de-brutaliser-sam-mbende#breadcrumb\"},\"inLanguage\":\"fr-FR\",\"potentialAction\":[{\"@type\":\"ReadAction\",\"target\":[\"https:\/\/www.africa-press.net\/cameroun\/culture-et-art\/droits-dauteur-des-artistes-mecontents-du-montant-de-leur-retribution-menacent-de-brutaliser-sam-mbende\"]}]},{\"@type\":\"ImageObject\",\"inLanguage\":\"fr-FR\",\"@id\":\"https:\/\/www.africa-press.net\/cameroun\/culture-et-art\/droits-dauteur-des-artistes-mecontents-du-montant-de-leur-retribution-menacent-de-brutaliser-sam-mbende#primaryimage\",\"url\":\"https:\/\/static.africa-press.net\/cameroun\/sites\/57\/2022\/10\/img-633f3e624ec0a.jpg\",\"contentUrl\":\"https:\/\/static.africa-press.net\/cameroun\/sites\/57\/2022\/10\/img-633f3e624ec0a.jpg\",\"width\":800,\"height\":936,\"caption\":\"Droits d\u2019auteur : Des artistes m\u00e9contents du montant de leur r\u00e9tribution menacent de brutaliser Sam Mbende\"},{\"@type\":\"BreadcrumbList\",\"@id\":\"https:\/\/www.africa-press.net\/cameroun\/culture-et-art\/droits-dauteur-des-artistes-mecontents-du-montant-de-leur-retribution-menacent-de-brutaliser-sam-mbende#breadcrumb\",\"itemListElement\":[{\"@type\":\"ListItem\",\"position\":1,\"name\":\"Accueil\",\"item\":\"https:\/\/www.africa-press.net\/cameroun\/\"},{\"@type\":\"ListItem\",\"position\":2,\"name\":\"Droits d\u2019auteur : Des artistes m\u00e9contents du montant de leur r\u00e9tribution menacent de brutaliser Sam Mbende\"}]},{\"@type\":\"WebSite\",\"@id\":\"https:\/\/www.africa-press.net\/cameroun\/#website\",\"url\":\"https:\/\/www.africa-press.net\/cameroun\/\",\"name\":\"Cameroun\",\"description\":\"Just another Africa News Agency Sites site\",\"potentialAction\":[{\"@type\":\"SearchAction\",\"target\":{\"@type\":\"EntryPoint\",\"urlTemplate\":\"https:\/\/www.africa-press.net\/cameroun\/?s={search_term_string}\"},\"query-input\":{\"@type\":\"PropertyValueSpecification\",\"valueRequired\":true,\"valueName\":\"search_term_string\"}}],\"inLanguage\":\"fr-FR\"},{\"@type\":\"Person\",\"@id\":\"https:\/\/www.africa-press.net\/cameroun\/#\/schema\/person\/2b1cf3cd81a31e3cd26889ca66d677f1\",\"name\":\"cfeditorfr\"}]}<\/script>\n<!-- \/ Yoast SEO Premium plugin. -->","yoast_head_json":{"title":"Droits d\u2019auteur : Des artistes m\u00e9contents du montant de leur r\u00e9tribution menacent de brutaliser Sam Mbende - Cameroun","description":"La re\u0301partition des fonds issus du recouvrement des droits d\u2019auteur pour la pe\u0301riode 2005-2009 a fait des me\u0301contents. C ...","robots":{"index":"index","follow":"follow","max-snippet":"max-snippet:-1","max-image-preview":"max-image-preview:large","max-video-preview":"max-video-preview:-1"},"canonical":"https:\/\/www.africa-press.net\/cameroun\/culture-et-art\/droits-dauteur-des-artistes-mecontents-du-montant-de-leur-retribution-menacent-de-brutaliser-sam-mbende","og_locale":"fr_FR","og_type":"article","og_title":"Droits d\u2019auteur : Des artistes m\u00e9contents du montant de leur r\u00e9tribution menacent de brutaliser Sam Mbende","og_description":"La re\u0301partition des fonds issus du recouvrement des droits d\u2019auteur pour la pe\u0301riode 2005-2009 a fait des me\u0301contents. C ...","og_url":"https:\/\/www.africa-press.net\/cameroun\/culture-et-art\/droits-dauteur-des-artistes-mecontents-du-montant-de-leur-retribution-menacent-de-brutaliser-sam-mbende","og_site_name":"Cameroun","article_published_time":"2022-10-06T18:08:30+00:00","article_modified_time":"2022-10-06T20:45:46+00:00","og_image":[{"width":800,"height":936,"url":"https:\/\/static.africa-press.net\/cameroun\/sites\/57\/2022\/10\/img-633f3e624ec0a.jpg","type":"image\/jpeg"}],"author":"cfeditorfr","twitter_card":"summary_large_image","twitter_misc":{"\u00c9crit par":"cfeditorfr","Dur\u00e9e de lecture estim\u00e9e":"4 minutes"},"schema":{"@context":"https:\/\/schema.org","@graph":[{"@type":"Article","@id":"https:\/\/www.africa-press.net\/cameroun\/culture-et-art\/droits-dauteur-des-artistes-mecontents-du-montant-de-leur-retribution-menacent-de-brutaliser-sam-mbende#article","isPartOf":{"@id":"https:\/\/www.africa-press.net\/cameroun\/culture-et-art\/droits-dauteur-des-artistes-mecontents-du-montant-de-leur-retribution-menacent-de-brutaliser-sam-mbende"},"author":{"name":"cfeditorfr","@id":"https:\/\/www.africa-press.net\/cameroun\/#\/schema\/person\/2b1cf3cd81a31e3cd26889ca66d677f1"},"headline":"Droits d\u2019auteur : Des artistes m\u00e9contents du montant de leur r\u00e9tribution menacent de brutaliser Sam Mbende","datePublished":"2022-10-06T18:08:30+00:00","dateModified":"2022-10-06T20:45:46+00:00","mainEntityOfPage":{"@id":"https:\/\/www.africa-press.net\/cameroun\/culture-et-art\/droits-dauteur-des-artistes-mecontents-du-montant-de-leur-retribution-menacent-de-brutaliser-sam-mbende"},"wordCount":680,"commentCount":0,"image":{"@id":"https:\/\/www.africa-press.net\/cameroun\/culture-et-art\/droits-dauteur-des-artistes-mecontents-du-montant-de-leur-retribution-menacent-de-brutaliser-sam-mbende#primaryimage"},"thumbnailUrl":"https:\/\/static.africa-press.net\/cameroun\/sites\/57\/2022\/10\/img-633f3e624ec0a.jpg","keywords":["Africa Press","Africa Press-Cameroun","Cameroun"],"articleSection":["Culture et Art","Toutes les actualit\u00e9s"],"inLanguage":"fr-FR","potentialAction":[{"@type":"CommentAction","name":"Comment","target":["https:\/\/www.africa-press.net\/cameroun\/culture-et-art\/droits-dauteur-des-artistes-mecontents-du-montant-de-leur-retribution-menacent-de-brutaliser-sam-mbende#respond"]}]},{"@type":"WebPage","@id":"https:\/\/www.africa-press.net\/cameroun\/culture-et-art\/droits-dauteur-des-artistes-mecontents-du-montant-de-leur-retribution-menacent-de-brutaliser-sam-mbende","url":"https:\/\/www.africa-press.net\/cameroun\/culture-et-art\/droits-dauteur-des-artistes-mecontents-du-montant-de-leur-retribution-menacent-de-brutaliser-sam-mbende","name":"Droits d\u2019auteur : Des artistes m\u00e9contents du montant de leur r\u00e9tribution menacent de brutaliser Sam Mbende - Cameroun","isPartOf":{"@id":"https:\/\/www.africa-press.net\/cameroun\/#website"},"primaryImageOfPage":{"@id":"https:\/\/www.africa-press.net\/cameroun\/culture-et-art\/droits-dauteur-des-artistes-mecontents-du-montant-de-leur-retribution-menacent-de-brutaliser-sam-mbende#primaryimage"},"image":{"@id":"https:\/\/www.africa-press.net\/cameroun\/culture-et-art\/droits-dauteur-des-artistes-mecontents-du-montant-de-leur-retribution-menacent-de-brutaliser-sam-mbende#primaryimage"},"thumbnailUrl":"https:\/\/static.africa-press.net\/cameroun\/sites\/57\/2022\/10\/img-633f3e624ec0a.jpg","datePublished":"2022-10-06T18:08:30+00:00","dateModified":"2022-10-06T20:45:46+00:00","author":{"@id":"https:\/\/www.africa-press.net\/cameroun\/#\/schema\/person\/2b1cf3cd81a31e3cd26889ca66d677f1"},"description":"La re\u0301partition des fonds issus du recouvrement des droits d\u2019auteur pour la pe\u0301riode 2005-2009 a fait des me\u0301contents. C ...","breadcrumb":{"@id":"https:\/\/www.africa-press.net\/cameroun\/culture-et-art\/droits-dauteur-des-artistes-mecontents-du-montant-de-leur-retribution-menacent-de-brutaliser-sam-mbende#breadcrumb"},"inLanguage":"fr-FR","potentialAction":[{"@type":"ReadAction","target":["https:\/\/www.africa-press.net\/cameroun\/culture-et-art\/droits-dauteur-des-artistes-mecontents-du-montant-de-leur-retribution-menacent-de-brutaliser-sam-mbende"]}]},{"@type":"ImageObject","inLanguage":"fr-FR","@id":"https:\/\/www.africa-press.net\/cameroun\/culture-et-art\/droits-dauteur-des-artistes-mecontents-du-montant-de-leur-retribution-menacent-de-brutaliser-sam-mbende#primaryimage","url":"https:\/\/static.africa-press.net\/cameroun\/sites\/57\/2022\/10\/img-633f3e624ec0a.jpg","contentUrl":"https:\/\/static.africa-press.net\/cameroun\/sites\/57\/2022\/10\/img-633f3e624ec0a.jpg","width":800,"height":936,"caption":"Droits d\u2019auteur : Des artistes m\u00e9contents du montant de leur r\u00e9tribution menacent de brutaliser Sam Mbende"},{"@type":"BreadcrumbList","@id":"https:\/\/www.africa-press.net\/cameroun\/culture-et-art\/droits-dauteur-des-artistes-mecontents-du-montant-de-leur-retribution-menacent-de-brutaliser-sam-mbende#breadcrumb","itemListElement":[{"@type":"ListItem","position":1,"name":"Accueil","item":"https:\/\/www.africa-press.net\/cameroun\/"},{"@type":"ListItem","position":2,"name":"Droits d\u2019auteur : Des artistes m\u00e9contents du montant de leur r\u00e9tribution menacent de brutaliser Sam Mbende"}]},{"@type":"WebSite","@id":"https:\/\/www.africa-press.net\/cameroun\/#website","url":"https:\/\/www.africa-press.net\/cameroun\/","name":"Cameroun","description":"Just another Africa News Agency Sites site","potentialAction":[{"@type":"SearchAction","target":{"@type":"EntryPoint","urlTemplate":"https:\/\/www.africa-press.net\/cameroun\/?s={search_term_string}"},"query-input":{"@type":"PropertyValueSpecification","valueRequired":true,"valueName":"search_term_string"}}],"inLanguage":"fr-FR"},{"@type":"Person","@id":"https:\/\/www.africa-press.net\/cameroun\/#\/schema\/person\/2b1cf3cd81a31e3cd26889ca66d677f1","name":"cfeditorfr"}]}},"_links":{"self":[{"href":"https:\/\/www.africa-press.net\/cameroun\/wp-json\/wp\/v2\/posts\/28850","targetHints":{"allow":["GET"]}}],"collection":[{"href":"https:\/\/www.africa-press.net\/cameroun\/wp-json\/wp\/v2\/posts"}],"about":[{"href":"https:\/\/www.africa-press.net\/cameroun\/wp-json\/wp\/v2\/types\/post"}],"author":[{"embeddable":true,"href":"https:\/\/www.africa-press.net\/cameroun\/wp-json\/wp\/v2\/users\/82"}],"replies":[{"embeddable":true,"href":"https:\/\/www.africa-press.net\/cameroun\/wp-json\/wp\/v2\/comments?post=28850"}],"version-history":[{"count":0,"href":"https:\/\/www.africa-press.net\/cameroun\/wp-json\/wp\/v2\/posts\/28850\/revisions"}],"wp:featuredmedia":[{"embeddable":true,"href":"https:\/\/www.africa-press.net\/cameroun\/wp-json\/wp\/v2\/media\/28849"}],"wp:attachment":[{"href":"https:\/\/www.africa-press.net\/cameroun\/wp-json\/wp\/v2\/media?parent=28850"}],"wp:term":[{"taxonomy":"category","embeddable":true,"href":"https:\/\/www.africa-press.net\/cameroun\/wp-json\/wp\/v2\/categories?post=28850"},{"taxonomy":"post_tag","embeddable":true,"href":"https:\/\/www.africa-press.net\/cameroun\/wp-json\/wp\/v2\/tags?post=28850"}],"curies":[{"name":"wp","href":"https:\/\/api.w.org\/{rel}","templated":true}]}}