{"id":28856,"date":"2022-10-06T18:24:47","date_gmt":"2022-10-06T18:24:47","guid":{"rendered":"https:\/\/www.africa-press.net\/cameroun\/politique\/cameroun-la-chambre-dagriculture-des-peches-de-lelevage-et-des-peches-capef-prepare-un-plaidoyer-aupres-du-gouvernement-pour-lacces-a-la-terre-des-producteurs-dans-la"},"modified":"2022-10-06T20:47:03","modified_gmt":"2022-10-06T20:47:03","slug":"cameroun-la-chambre-dagriculture-des-peches-de-lelevage-et-des-peches-capef-prepare-un-plaidoyer-aupres-du-gouvernement-pour-lacces-a-la-terre-des-producteurs-dans-la","status":"publish","type":"post","link":"https:\/\/www.africa-press.net\/cameroun\/economie\/cameroun-la-chambre-dagriculture-des-peches-de-lelevage-et-des-peches-capef-prepare-un-plaidoyer-aupres-du-gouvernement-pour-lacces-a-la-terre-des-producteurs-dans-la","title":{"rendered":"Cameroun : La Chambre d\u2019agriculture, des p\u00eaches, de l\u2019\u00e9levage et des p\u00eaches (CAPEF) pr\u00e9pare un plaidoyer aupr\u00e8s du gouvernement pour l\u2019acc\u00e8s \u00e0 la terre des producteurs dans la r\u00e9gion de l&rsquo;Adamaoua"},"content":{"rendered":"<p><span style=\"color: #ff6600\"><strong>Africa-Press &#8211; Cameroun. <\/strong><\/span>Martin Paul Mindjos, pre\u0301sident la Chambre d\u2019agriculture, des pe\u0302ches, de l\u2019e\u0301levage et des pe\u0302ches (CAPEF) a entame\u0301 depuis quelques mois apre\u0300s sa prise de service, une se\u0301rie de tourne\u0301es a\u0300 travers le pays. L\u2019objectif de ces descentes de terrain est non seulement de prendre le pouls des diffe\u0301rentes antennes a\u0300 travers le pays, mais e\u0301galement d\u2019e\u0301laborer avec ses collaborateurs, des strate\u0301gies pour la restructuration de ladite Chambre.<\/p>\n<p>Lors de ses e\u0301changes avec les acteurs du monde rural le 28 septembre dernier dans la re\u0301gion de l\u2019Adamaoua, les jeunes agriculteurs et les femmes ont expose\u0301 au pre\u0301sident de la CAPEF les multiples difficulte\u0301s auxquelles ils font face, notamment a\u0300 la question de l\u2019acce\u0300s au foncier. \u00ab Il nous a e\u0301te\u0301 rapporte\u0301 que pour avoir un titre foncier, il fallait avoir 45 ans et donc, c\u2019est un a\u0302ge qui ne permettait pas aux jeunes d\u2019avoir acce\u0300s a\u0300 la terre et de re\u0301aliser de manie\u0300re se\u0301curise\u0301e leurs activite\u0301s \u00bb s\u2019e\u0301tonne le pre\u0301sident de la CAPEF dans les colonnes de Cameroon Business Today (CBT) du mercredi 05 octobre courant.<\/p>\n<p>Afin d\u2019essayer d\u2019y apporter des solutions efficaces, Martin Paul Mindjos indique que la Chambre compte faire le rapport et mener un plaidoyer aupre\u0300s du gouvernement camerounais. \u00ab Je voudrais saluer ici, la tre\u0300s grande e\u0301coute du ministre des Domaines, du cadastre et des affaires foncie\u0300res (Henri Eyebe Ayissi Ndlr), relativement aux pre\u0301occupations de la CAPEF.<\/p>\n<p>L\u2019autre proble\u0300me pose\u0301 au pre\u0301sident de ka CAPEF, e\u0301tait celui de l\u2019utilisation du mate\u0301riel rudimentaire, au moment ou\u0300 le Cameroun parle de l\u2019agriculture de seconde ge\u0301ne\u0301ration. Sur la question, la CAPEF compte travailler avec le Centre d\u2019e\u0301tudes et d\u2019expe\u0301rimentation du machinisme agricole (CENEEMA), qui actuellement travaille pour rendre ses e\u0301quipements disponibles.<\/p>\n<p>Martin Paul Mindjos dit avoir rec\u0327u des membres de l\u2019assemble\u0301e ge\u0301ne\u0301rale de la CAPEF la demande de regarder le mode\u0300le qui est en vigueur en Afrique de l\u2019Ouest, en Europe et ailleurs, pays dans lesquels les coope\u0301ratives s\u2019occupent de l\u2019acquisition du mate\u0301riel agricole commune\u0301ment appele\u0301es les \u00ab Cuma \u00bb.<\/p>\n<p>\u00ab Nous avons commis un expert pour nous proposer un mode\u0300le et d\u2019ici la fin du mois, nous l\u2019aurons. Nous allons discuter avec nos partenaires pour mettre dans le cadre de nos projets de centre de services agricoles, pour mettre dans les communes qui ont besoins de ces mate\u0301riels. La\u0300, ils pourront avoir des tracteurs, des e\u0301quipements de labour, des accessoires et divers machines agricoles \u00bb explique le pre\u0301sident de la CAPEF.<\/p>\n<p><b>Jean Daniel Obama<\/b><\/p>\n<p><strong>Pour plus d&rsquo;informations et d&rsquo;analyses sur la <a href=\"https:\/\/www.africa-press.net\/cameroun\">Cameroun<\/a>, suivez <a href=\"https:\/\/www.africa-press.net\/\">Africa-Press<\/a><\/strong><\/p>\n","protected":false},"excerpt":{"rendered":"<p>Africa-Press &#8211; Cameroun. Martin Paul Mindjos, pre\u0301sident la Chambre d\u2019agriculture, des pe\u0302ches, de l\u2019e\u0301levage et des pe\u0302ches (CAPEF) a entame\u0301 depuis quelques mois apre\u0300s sa prise de service, une se\u0301rie de tourne\u0301es a\u0300 travers le pays. L\u2019objectif de ces descentes de terrain est non seulement de prendre le pouls des diffe\u0301rentes antennes a\u0300 travers le [&hellip;]<\/p>\n","protected":false},"author":82,"featured_media":28855,"comment_status":"open","ping_status":"closed","sticky":false,"template":"","format":"standard","meta":{"footnotes":""},"categories":[3,10],"tags":[36,50,49],"class_list":["post-28856","post","type-post","status-publish","format-standard","has-post-thumbnail","hentry","category-economie","category-toutes-les-actualites","tag-africa-press","tag-africa-press-cameroun","tag-cameroun"],"yoast_head":"<!-- This site is optimized with the Yoast SEO Premium plugin v26.1 (Yoast SEO v27.0) - https:\/\/yoast.com\/product\/yoast-seo-premium-wordpress\/ -->\n<title>Cameroun : La Chambre d\u2019agriculture, des p\u00eaches, de l\u2019\u00e9levage et des p\u00eaches (CAPEF) pr\u00e9pare un plaidoyer aupr\u00e8s du gouvernement pour l\u2019acc\u00e8s \u00e0 la terre des producteurs dans la r\u00e9gion de l&#039;Adamaoua - Cameroun<\/title>\n<meta name=\"description\" content=\"Martin Paul Mindjos, pre\u0301sident la Chambre d\u2019agriculture, des pe\u0302ches, de l\u2019e\u0301levage et des pe\u0302ches (CAPEF) a entame\u0301 de ...\" \/>\n<meta name=\"robots\" content=\"index, follow, max-snippet:-1, max-image-preview:large, max-video-preview:-1\" \/>\n<link rel=\"canonical\" href=\"https:\/\/www.africa-press.net\/cameroun\/economie\/cameroun-la-chambre-dagriculture-des-peches-de-lelevage-et-des-peches-capef-prepare-un-plaidoyer-aupres-du-gouvernement-pour-lacces-a-la-terre-des-producteurs-dans-la\" \/>\n<meta property=\"og:locale\" content=\"fr_FR\" \/>\n<meta property=\"og:type\" content=\"article\" \/>\n<meta property=\"og:title\" content=\"Cameroun : La Chambre d\u2019agriculture, des p\u00eaches, de l\u2019\u00e9levage et des p\u00eaches (CAPEF) pr\u00e9pare un plaidoyer aupr\u00e8s du gouvernement pour l\u2019acc\u00e8s \u00e0 la terre des producteurs dans la r\u00e9gion de l&#039;Adamaoua\" \/>\n<meta property=\"og:description\" content=\"Martin Paul Mindjos, pre\u0301sident la Chambre d\u2019agriculture, des pe\u0302ches, de l\u2019e\u0301levage et des pe\u0302ches (CAPEF) a entame\u0301 de ...\" \/>\n<meta property=\"og:url\" content=\"https:\/\/www.africa-press.net\/cameroun\/economie\/cameroun-la-chambre-dagriculture-des-peches-de-lelevage-et-des-peches-capef-prepare-un-plaidoyer-aupres-du-gouvernement-pour-lacces-a-la-terre-des-producteurs-dans-la\" \/>\n<meta property=\"og:site_name\" content=\"Cameroun\" \/>\n<meta property=\"article:published_time\" content=\"2022-10-06T18:24:47+00:00\" \/>\n<meta property=\"article:modified_time\" content=\"2022-10-06T20:47:03+00:00\" \/>\n<meta property=\"og:image\" content=\"https:\/\/static.africa-press.net\/cameroun\/sites\/57\/2022\/10\/img-633f3eaeac8f9.jpg\" \/>\n\t<meta property=\"og:image:width\" content=\"800\" \/>\n\t<meta property=\"og:image:height\" content=\"457\" \/>\n\t<meta property=\"og:image:type\" content=\"image\/jpeg\" \/>\n<meta name=\"author\" content=\"cfeditorfr\" \/>\n<meta name=\"twitter:card\" content=\"summary_large_image\" \/>\n<meta name=\"twitter:label1\" content=\"\u00c9crit par\" \/>\n\t<meta name=\"twitter:data1\" content=\"cfeditorfr\" \/>\n\t<meta name=\"twitter:label2\" content=\"Dur\u00e9e de lecture estim\u00e9e\" \/>\n\t<meta name=\"twitter:data2\" content=\"3 minutes\" \/>\n<script type=\"application\/ld+json\" class=\"yoast-schema-graph\">{\"@context\":\"https:\/\/schema.org\",\"@graph\":[{\"@type\":\"Article\",\"@id\":\"https:\/\/www.africa-press.net\/cameroun\/economie\/cameroun-la-chambre-dagriculture-des-peches-de-lelevage-et-des-peches-capef-prepare-un-plaidoyer-aupres-du-gouvernement-pour-lacces-a-la-terre-des-producteurs-dans-la#article\",\"isPartOf\":{\"@id\":\"https:\/\/www.africa-press.net\/cameroun\/economie\/cameroun-la-chambre-dagriculture-des-peches-de-lelevage-et-des-peches-capef-prepare-un-plaidoyer-aupres-du-gouvernement-pour-lacces-a-la-terre-des-producteurs-dans-la\"},\"author\":{\"name\":\"cfeditorfr\",\"@id\":\"https:\/\/www.africa-press.net\/cameroun\/#\/schema\/person\/2b1cf3cd81a31e3cd26889ca66d677f1\"},\"headline\":\"Cameroun : La Chambre d\u2019agriculture, des p\u00eaches, de l\u2019\u00e9levage et des p\u00eaches (CAPEF) pr\u00e9pare un plaidoyer aupr\u00e8s du gouvernement pour l\u2019acc\u00e8s \u00e0 la terre des producteurs dans la r\u00e9gion de l&rsquo;Adamaoua\",\"datePublished\":\"2022-10-06T18:24:47+00:00\",\"dateModified\":\"2022-10-06T20:47:03+00:00\",\"mainEntityOfPage\":{\"@id\":\"https:\/\/www.africa-press.net\/cameroun\/economie\/cameroun-la-chambre-dagriculture-des-peches-de-lelevage-et-des-peches-capef-prepare-un-plaidoyer-aupres-du-gouvernement-pour-lacces-a-la-terre-des-producteurs-dans-la\"},\"wordCount\":524,\"commentCount\":0,\"image\":{\"@id\":\"https:\/\/www.africa-press.net\/cameroun\/economie\/cameroun-la-chambre-dagriculture-des-peches-de-lelevage-et-des-peches-capef-prepare-un-plaidoyer-aupres-du-gouvernement-pour-lacces-a-la-terre-des-producteurs-dans-la#primaryimage\"},\"thumbnailUrl\":\"https:\/\/static.africa-press.net\/cameroun\/sites\/57\/2022\/10\/img-633f3eaeac8f9.jpg\",\"keywords\":[\"Africa Press\",\"Africa Press-Cameroun\",\"Cameroun\"],\"articleSection\":[\"\u00c9conomie\",\"Toutes les actualit\u00e9s\"],\"inLanguage\":\"fr-FR\",\"potentialAction\":[{\"@type\":\"CommentAction\",\"name\":\"Comment\",\"target\":[\"https:\/\/www.africa-press.net\/cameroun\/economie\/cameroun-la-chambre-dagriculture-des-peches-de-lelevage-et-des-peches-capef-prepare-un-plaidoyer-aupres-du-gouvernement-pour-lacces-a-la-terre-des-producteurs-dans-la#respond\"]}]},{\"@type\":\"WebPage\",\"@id\":\"https:\/\/www.africa-press.net\/cameroun\/economie\/cameroun-la-chambre-dagriculture-des-peches-de-lelevage-et-des-peches-capef-prepare-un-plaidoyer-aupres-du-gouvernement-pour-lacces-a-la-terre-des-producteurs-dans-la\",\"url\":\"https:\/\/www.africa-press.net\/cameroun\/economie\/cameroun-la-chambre-dagriculture-des-peches-de-lelevage-et-des-peches-capef-prepare-un-plaidoyer-aupres-du-gouvernement-pour-lacces-a-la-terre-des-producteurs-dans-la\",\"name\":\"Cameroun : La Chambre d\u2019agriculture, des p\u00eaches, de l\u2019\u00e9levage et des p\u00eaches (CAPEF) pr\u00e9pare un plaidoyer aupr\u00e8s du gouvernement pour l\u2019acc\u00e8s \u00e0 la terre des producteurs dans la r\u00e9gion de l'Adamaoua - Cameroun\",\"isPartOf\":{\"@id\":\"https:\/\/www.africa-press.net\/cameroun\/#website\"},\"primaryImageOfPage\":{\"@id\":\"https:\/\/www.africa-press.net\/cameroun\/economie\/cameroun-la-chambre-dagriculture-des-peches-de-lelevage-et-des-peches-capef-prepare-un-plaidoyer-aupres-du-gouvernement-pour-lacces-a-la-terre-des-producteurs-dans-la#primaryimage\"},\"image\":{\"@id\":\"https:\/\/www.africa-press.net\/cameroun\/economie\/cameroun-la-chambre-dagriculture-des-peches-de-lelevage-et-des-peches-capef-prepare-un-plaidoyer-aupres-du-gouvernement-pour-lacces-a-la-terre-des-producteurs-dans-la#primaryimage\"},\"thumbnailUrl\":\"https:\/\/static.africa-press.net\/cameroun\/sites\/57\/2022\/10\/img-633f3eaeac8f9.jpg\",\"datePublished\":\"2022-10-06T18:24:47+00:00\",\"dateModified\":\"2022-10-06T20:47:03+00:00\",\"author\":{\"@id\":\"https:\/\/www.africa-press.net\/cameroun\/#\/schema\/person\/2b1cf3cd81a31e3cd26889ca66d677f1\"},\"description\":\"Martin Paul Mindjos, pre\u0301sident la Chambre d\u2019agriculture, des pe\u0302ches, de l\u2019e\u0301levage et des pe\u0302ches (CAPEF) a entame\u0301 de ...\",\"breadcrumb\":{\"@id\":\"https:\/\/www.africa-press.net\/cameroun\/economie\/cameroun-la-chambre-dagriculture-des-peches-de-lelevage-et-des-peches-capef-prepare-un-plaidoyer-aupres-du-gouvernement-pour-lacces-a-la-terre-des-producteurs-dans-la#breadcrumb\"},\"inLanguage\":\"fr-FR\",\"potentialAction\":[{\"@type\":\"ReadAction\",\"target\":[\"https:\/\/www.africa-press.net\/cameroun\/economie\/cameroun-la-chambre-dagriculture-des-peches-de-lelevage-et-des-peches-capef-prepare-un-plaidoyer-aupres-du-gouvernement-pour-lacces-a-la-terre-des-producteurs-dans-la\"]}]},{\"@type\":\"ImageObject\",\"inLanguage\":\"fr-FR\",\"@id\":\"https:\/\/www.africa-press.net\/cameroun\/economie\/cameroun-la-chambre-dagriculture-des-peches-de-lelevage-et-des-peches-capef-prepare-un-plaidoyer-aupres-du-gouvernement-pour-lacces-a-la-terre-des-producteurs-dans-la#primaryimage\",\"url\":\"https:\/\/static.africa-press.net\/cameroun\/sites\/57\/2022\/10\/img-633f3eaeac8f9.jpg\",\"contentUrl\":\"https:\/\/static.africa-press.net\/cameroun\/sites\/57\/2022\/10\/img-633f3eaeac8f9.jpg\",\"width\":800,\"height\":457,\"caption\":\"Cameroun : La Chambre d\u2019agriculture, des p\u00eaches, de l\u2019\u00e9levage et des p\u00eaches (CAPEF) pr\u00e9pare un plaidoyer aupr\u00e8s du gouvernement pour l\u2019acc\u00e8s \u00e0 la terre des producteurs dans la r\u00e9gion de l'Adamaoua\"},{\"@type\":\"BreadcrumbList\",\"@id\":\"https:\/\/www.africa-press.net\/cameroun\/economie\/cameroun-la-chambre-dagriculture-des-peches-de-lelevage-et-des-peches-capef-prepare-un-plaidoyer-aupres-du-gouvernement-pour-lacces-a-la-terre-des-producteurs-dans-la#breadcrumb\",\"itemListElement\":[{\"@type\":\"ListItem\",\"position\":1,\"name\":\"Accueil\",\"item\":\"https:\/\/www.africa-press.net\/cameroun\/\"},{\"@type\":\"ListItem\",\"position\":2,\"name\":\"Cameroun : La Chambre d\u2019agriculture, des p\u00eaches, de l\u2019\u00e9levage et des p\u00eaches (CAPEF) pr\u00e9pare un plaidoyer aupr\u00e8s du gouvernement pour l\u2019acc\u00e8s \u00e0 la terre des producteurs dans la r\u00e9gion de l&#8217;Adamaoua\"}]},{\"@type\":\"WebSite\",\"@id\":\"https:\/\/www.africa-press.net\/cameroun\/#website\",\"url\":\"https:\/\/www.africa-press.net\/cameroun\/\",\"name\":\"Cameroun\",\"description\":\"Just another Africa News Agency Sites site\",\"potentialAction\":[{\"@type\":\"SearchAction\",\"target\":{\"@type\":\"EntryPoint\",\"urlTemplate\":\"https:\/\/www.africa-press.net\/cameroun\/?s={search_term_string}\"},\"query-input\":{\"@type\":\"PropertyValueSpecification\",\"valueRequired\":true,\"valueName\":\"search_term_string\"}}],\"inLanguage\":\"fr-FR\"},{\"@type\":\"Person\",\"@id\":\"https:\/\/www.africa-press.net\/cameroun\/#\/schema\/person\/2b1cf3cd81a31e3cd26889ca66d677f1\",\"name\":\"cfeditorfr\"}]}<\/script>\n<!-- \/ Yoast SEO Premium plugin. -->","yoast_head_json":{"title":"Cameroun : La Chambre d\u2019agriculture, des p\u00eaches, de l\u2019\u00e9levage et des p\u00eaches (CAPEF) pr\u00e9pare un plaidoyer aupr\u00e8s du gouvernement pour l\u2019acc\u00e8s \u00e0 la terre des producteurs dans la r\u00e9gion de l'Adamaoua - Cameroun","description":"Martin Paul Mindjos, pre\u0301sident la Chambre d\u2019agriculture, des pe\u0302ches, de l\u2019e\u0301levage et des pe\u0302ches (CAPEF) a entame\u0301 de ...","robots":{"index":"index","follow":"follow","max-snippet":"max-snippet:-1","max-image-preview":"max-image-preview:large","max-video-preview":"max-video-preview:-1"},"canonical":"https:\/\/www.africa-press.net\/cameroun\/economie\/cameroun-la-chambre-dagriculture-des-peches-de-lelevage-et-des-peches-capef-prepare-un-plaidoyer-aupres-du-gouvernement-pour-lacces-a-la-terre-des-producteurs-dans-la","og_locale":"fr_FR","og_type":"article","og_title":"Cameroun : La Chambre d\u2019agriculture, des p\u00eaches, de l\u2019\u00e9levage et des p\u00eaches (CAPEF) pr\u00e9pare un plaidoyer aupr\u00e8s du gouvernement pour l\u2019acc\u00e8s \u00e0 la terre des producteurs dans la r\u00e9gion de l'Adamaoua","og_description":"Martin Paul Mindjos, pre\u0301sident la Chambre d\u2019agriculture, des pe\u0302ches, de l\u2019e\u0301levage et des pe\u0302ches (CAPEF) a entame\u0301 de ...","og_url":"https:\/\/www.africa-press.net\/cameroun\/economie\/cameroun-la-chambre-dagriculture-des-peches-de-lelevage-et-des-peches-capef-prepare-un-plaidoyer-aupres-du-gouvernement-pour-lacces-a-la-terre-des-producteurs-dans-la","og_site_name":"Cameroun","article_published_time":"2022-10-06T18:24:47+00:00","article_modified_time":"2022-10-06T20:47:03+00:00","og_image":[{"width":800,"height":457,"url":"https:\/\/static.africa-press.net\/cameroun\/sites\/57\/2022\/10\/img-633f3eaeac8f9.jpg","type":"image\/jpeg"}],"author":"cfeditorfr","twitter_card":"summary_large_image","twitter_misc":{"\u00c9crit par":"cfeditorfr","Dur\u00e9e de lecture estim\u00e9e":"3 minutes"},"schema":{"@context":"https:\/\/schema.org","@graph":[{"@type":"Article","@id":"https:\/\/www.africa-press.net\/cameroun\/economie\/cameroun-la-chambre-dagriculture-des-peches-de-lelevage-et-des-peches-capef-prepare-un-plaidoyer-aupres-du-gouvernement-pour-lacces-a-la-terre-des-producteurs-dans-la#article","isPartOf":{"@id":"https:\/\/www.africa-press.net\/cameroun\/economie\/cameroun-la-chambre-dagriculture-des-peches-de-lelevage-et-des-peches-capef-prepare-un-plaidoyer-aupres-du-gouvernement-pour-lacces-a-la-terre-des-producteurs-dans-la"},"author":{"name":"cfeditorfr","@id":"https:\/\/www.africa-press.net\/cameroun\/#\/schema\/person\/2b1cf3cd81a31e3cd26889ca66d677f1"},"headline":"Cameroun : La Chambre d\u2019agriculture, des p\u00eaches, de l\u2019\u00e9levage et des p\u00eaches (CAPEF) pr\u00e9pare un plaidoyer aupr\u00e8s du gouvernement pour l\u2019acc\u00e8s \u00e0 la terre des producteurs dans la r\u00e9gion de l&rsquo;Adamaoua","datePublished":"2022-10-06T18:24:47+00:00","dateModified":"2022-10-06T20:47:03+00:00","mainEntityOfPage":{"@id":"https:\/\/www.africa-press.net\/cameroun\/economie\/cameroun-la-chambre-dagriculture-des-peches-de-lelevage-et-des-peches-capef-prepare-un-plaidoyer-aupres-du-gouvernement-pour-lacces-a-la-terre-des-producteurs-dans-la"},"wordCount":524,"commentCount":0,"image":{"@id":"https:\/\/www.africa-press.net\/cameroun\/economie\/cameroun-la-chambre-dagriculture-des-peches-de-lelevage-et-des-peches-capef-prepare-un-plaidoyer-aupres-du-gouvernement-pour-lacces-a-la-terre-des-producteurs-dans-la#primaryimage"},"thumbnailUrl":"https:\/\/static.africa-press.net\/cameroun\/sites\/57\/2022\/10\/img-633f3eaeac8f9.jpg","keywords":["Africa Press","Africa Press-Cameroun","Cameroun"],"articleSection":["\u00c9conomie","Toutes les actualit\u00e9s"],"inLanguage":"fr-FR","potentialAction":[{"@type":"CommentAction","name":"Comment","target":["https:\/\/www.africa-press.net\/cameroun\/economie\/cameroun-la-chambre-dagriculture-des-peches-de-lelevage-et-des-peches-capef-prepare-un-plaidoyer-aupres-du-gouvernement-pour-lacces-a-la-terre-des-producteurs-dans-la#respond"]}]},{"@type":"WebPage","@id":"https:\/\/www.africa-press.net\/cameroun\/economie\/cameroun-la-chambre-dagriculture-des-peches-de-lelevage-et-des-peches-capef-prepare-un-plaidoyer-aupres-du-gouvernement-pour-lacces-a-la-terre-des-producteurs-dans-la","url":"https:\/\/www.africa-press.net\/cameroun\/economie\/cameroun-la-chambre-dagriculture-des-peches-de-lelevage-et-des-peches-capef-prepare-un-plaidoyer-aupres-du-gouvernement-pour-lacces-a-la-terre-des-producteurs-dans-la","name":"Cameroun : La Chambre d\u2019agriculture, des p\u00eaches, de l\u2019\u00e9levage et des p\u00eaches (CAPEF) pr\u00e9pare un plaidoyer aupr\u00e8s du gouvernement pour l\u2019acc\u00e8s \u00e0 la terre des producteurs dans la r\u00e9gion de l'Adamaoua - Cameroun","isPartOf":{"@id":"https:\/\/www.africa-press.net\/cameroun\/#website"},"primaryImageOfPage":{"@id":"https:\/\/www.africa-press.net\/cameroun\/economie\/cameroun-la-chambre-dagriculture-des-peches-de-lelevage-et-des-peches-capef-prepare-un-plaidoyer-aupres-du-gouvernement-pour-lacces-a-la-terre-des-producteurs-dans-la#primaryimage"},"image":{"@id":"https:\/\/www.africa-press.net\/cameroun\/economie\/cameroun-la-chambre-dagriculture-des-peches-de-lelevage-et-des-peches-capef-prepare-un-plaidoyer-aupres-du-gouvernement-pour-lacces-a-la-terre-des-producteurs-dans-la#primaryimage"},"thumbnailUrl":"https:\/\/static.africa-press.net\/cameroun\/sites\/57\/2022\/10\/img-633f3eaeac8f9.jpg","datePublished":"2022-10-06T18:24:47+00:00","dateModified":"2022-10-06T20:47:03+00:00","author":{"@id":"https:\/\/www.africa-press.net\/cameroun\/#\/schema\/person\/2b1cf3cd81a31e3cd26889ca66d677f1"},"description":"Martin Paul Mindjos, pre\u0301sident la Chambre d\u2019agriculture, des pe\u0302ches, de l\u2019e\u0301levage et des pe\u0302ches (CAPEF) a entame\u0301 de ...","breadcrumb":{"@id":"https:\/\/www.africa-press.net\/cameroun\/economie\/cameroun-la-chambre-dagriculture-des-peches-de-lelevage-et-des-peches-capef-prepare-un-plaidoyer-aupres-du-gouvernement-pour-lacces-a-la-terre-des-producteurs-dans-la#breadcrumb"},"inLanguage":"fr-FR","potentialAction":[{"@type":"ReadAction","target":["https:\/\/www.africa-press.net\/cameroun\/economie\/cameroun-la-chambre-dagriculture-des-peches-de-lelevage-et-des-peches-capef-prepare-un-plaidoyer-aupres-du-gouvernement-pour-lacces-a-la-terre-des-producteurs-dans-la"]}]},{"@type":"ImageObject","inLanguage":"fr-FR","@id":"https:\/\/www.africa-press.net\/cameroun\/economie\/cameroun-la-chambre-dagriculture-des-peches-de-lelevage-et-des-peches-capef-prepare-un-plaidoyer-aupres-du-gouvernement-pour-lacces-a-la-terre-des-producteurs-dans-la#primaryimage","url":"https:\/\/static.africa-press.net\/cameroun\/sites\/57\/2022\/10\/img-633f3eaeac8f9.jpg","contentUrl":"https:\/\/static.africa-press.net\/cameroun\/sites\/57\/2022\/10\/img-633f3eaeac8f9.jpg","width":800,"height":457,"caption":"Cameroun : La Chambre d\u2019agriculture, des p\u00eaches, de l\u2019\u00e9levage et des p\u00eaches (CAPEF) pr\u00e9pare un plaidoyer aupr\u00e8s du gouvernement pour l\u2019acc\u00e8s \u00e0 la terre des producteurs dans la r\u00e9gion de l'Adamaoua"},{"@type":"BreadcrumbList","@id":"https:\/\/www.africa-press.net\/cameroun\/economie\/cameroun-la-chambre-dagriculture-des-peches-de-lelevage-et-des-peches-capef-prepare-un-plaidoyer-aupres-du-gouvernement-pour-lacces-a-la-terre-des-producteurs-dans-la#breadcrumb","itemListElement":[{"@type":"ListItem","position":1,"name":"Accueil","item":"https:\/\/www.africa-press.net\/cameroun\/"},{"@type":"ListItem","position":2,"name":"Cameroun : La Chambre d\u2019agriculture, des p\u00eaches, de l\u2019\u00e9levage et des p\u00eaches (CAPEF) pr\u00e9pare un plaidoyer aupr\u00e8s du gouvernement pour l\u2019acc\u00e8s \u00e0 la terre des producteurs dans la r\u00e9gion de l&#8217;Adamaoua"}]},{"@type":"WebSite","@id":"https:\/\/www.africa-press.net\/cameroun\/#website","url":"https:\/\/www.africa-press.net\/cameroun\/","name":"Cameroun","description":"Just another Africa News Agency Sites site","potentialAction":[{"@type":"SearchAction","target":{"@type":"EntryPoint","urlTemplate":"https:\/\/www.africa-press.net\/cameroun\/?s={search_term_string}"},"query-input":{"@type":"PropertyValueSpecification","valueRequired":true,"valueName":"search_term_string"}}],"inLanguage":"fr-FR"},{"@type":"Person","@id":"https:\/\/www.africa-press.net\/cameroun\/#\/schema\/person\/2b1cf3cd81a31e3cd26889ca66d677f1","name":"cfeditorfr"}]}},"_links":{"self":[{"href":"https:\/\/www.africa-press.net\/cameroun\/wp-json\/wp\/v2\/posts\/28856","targetHints":{"allow":["GET"]}}],"collection":[{"href":"https:\/\/www.africa-press.net\/cameroun\/wp-json\/wp\/v2\/posts"}],"about":[{"href":"https:\/\/www.africa-press.net\/cameroun\/wp-json\/wp\/v2\/types\/post"}],"author":[{"embeddable":true,"href":"https:\/\/www.africa-press.net\/cameroun\/wp-json\/wp\/v2\/users\/82"}],"replies":[{"embeddable":true,"href":"https:\/\/www.africa-press.net\/cameroun\/wp-json\/wp\/v2\/comments?post=28856"}],"version-history":[{"count":0,"href":"https:\/\/www.africa-press.net\/cameroun\/wp-json\/wp\/v2\/posts\/28856\/revisions"}],"wp:featuredmedia":[{"embeddable":true,"href":"https:\/\/www.africa-press.net\/cameroun\/wp-json\/wp\/v2\/media\/28855"}],"wp:attachment":[{"href":"https:\/\/www.africa-press.net\/cameroun\/wp-json\/wp\/v2\/media?parent=28856"}],"wp:term":[{"taxonomy":"category","embeddable":true,"href":"https:\/\/www.africa-press.net\/cameroun\/wp-json\/wp\/v2\/categories?post=28856"},{"taxonomy":"post_tag","embeddable":true,"href":"https:\/\/www.africa-press.net\/cameroun\/wp-json\/wp\/v2\/tags?post=28856"}],"curies":[{"name":"wp","href":"https:\/\/api.w.org\/{rel}","templated":true}]}}