{"id":28859,"date":"2022-10-06T18:31:27","date_gmt":"2022-10-06T18:31:27","guid":{"rendered":"https:\/\/www.africa-press.net\/cameroun\/politique\/journee-mondiale-des-enseignants-le-gouverneur-de-louest-gronde-les-syndicalistes-au-defile-a-bafoussam"},"modified":"2022-10-06T20:47:46","modified_gmt":"2022-10-06T20:47:46","slug":"journee-mondiale-des-enseignants-le-gouverneur-de-louest-gronde-les-syndicalistes-au-defile-a-bafoussam","status":"publish","type":"post","link":"https:\/\/www.africa-press.net\/cameroun\/toutes-les-actualites\/journee-mondiale-des-enseignants-le-gouverneur-de-louest-gronde-les-syndicalistes-au-defile-a-bafoussam","title":{"rendered":"Journ\u00e9e mondiale des enseignants: Le gouverneur de l\u2019Ouest gronde les syndicalistes au d\u00e9fil\u00e9  \u00e0 Bafoussam"},"content":{"rendered":"<p><span style=\"color: #ff6600\"><strong>Africa-Press &#8211; Cameroun. <\/strong><\/span>La ce\u0301le\u0301bration de la journe\u0301e mondiale des enseignants le 5 Octobre 2022 e\u0301tait pluto\u0302t mouvemente\u0301e a\u0300 Bafoussam. Radio Balafon a fait e\u0301couter a\u0300 se auditeurs ce 6 Octobre des interventions du repre\u0301sentant des enseignants et du gouverneur de la re\u0301gion de l\u2019Ouest a\u0300 la ce\u0301re\u0301monie organise\u0301e a\u0300 cet effet. Le gouverneur Awa Fonka Augustine n\u2019a pas aime\u0301 le ton du discours des syndicalistes et l\u2019a fait savoir. Le correspondant local de Radio Balafon rapporte ainsi que le gouverneur \u00ab a tacle\u0301 violemment \u00bb les enseignants \u00ab en questionnant leur culture ge\u0301ne\u0301rale \u00bb.<\/p>\n<p>Dans la suite de son compte-rendu, notre confre\u0300re ajoute que les enseignants ont assimile\u0301 le \u00ab clean school \u00bb a\u0300 une escroquerie approuve\u0301e par le ministe\u0300re des enseignements secondaires ont parle\u0301 de la crise anglophone et de la de\u0301centralisation. Ceci au grand dam du gouverneur qui a \u00ab estime\u0301 que la question de la de\u0301centralisation ne devait pas e\u0302tre e\u0301voque\u0301e par ces derniers \u00bb, relate le journaliste.<\/p>\n<p>Dans l\u2019e\u0301le\u0301ment sonore diffuse\u0301 sur l\u2019antenne plus tard, l\u2019on peut entendre le porte-parole des enseignants de\u0301noncer des \u00ab semblant de solutions \u00bb aux proble\u0300mes qu\u2019ils posent. Dans l\u2019enregistrement du gouverneur, on entend le chef de terre demander au porte-parole des professeurs de lyce\u0301e et d\u2019universite\u0301 de \u00ab savoir faire la part des choses \u00bb. Awa Fonka Augustine ne veut pas mes entendre parler de politique a\u0300 l\u2018e\u0301cole. \u00ab Quand vous e\u0302tes syndicalistes, il faut faire tre\u0300s attention et ne pas traverser la barrie\u0300re et commencer a\u0300 faire de la politique. Si vous voulez faire la politique, il y a plusieurs partis politiques et vous pouvez aller la\u0300-bas vous inscrire pour e\u0302tre membre de ces partis politiques. Mais quand vous e\u0302tes syndicalistes, fonctionnaires, je crois que vous devez aussi savoir qu\u2019il y a des obligations contenues dans le code des fonctionnaires que chacun doit respecter. Ce n\u2019est pas parce que vous e\u0302tes syndicaliste que vous devez oublier que vous e\u0302tes fonctionnaires et que vous avez certaines obligations \u00bb, rappelle-t-il.<\/p>\n<p>Le gouverneur reproche aux seigneurs de la craie de parler de l\u2019inflation galopante alors qu\u2019ils sont enseignants. Il cite\u0301 l\u2019exemple de Sao Tome qui, selon lui, a fait des mois sans riz a\u0300 cause de la crise en Ukraine. Il s\u2019e\u0301tonne de ce que les enseignants ignorent ses conse\u0301quences sur le \u00ab village global \u00bb qu\u2019est devenu le monde. Avant de leur rappeler que s\u2019ils ne le savaient pas, le Cameroun fut un exportateur de ble\u0301 et en produisait gra\u0302ce a\u0300 la Sodeble\u0301 cre\u0301e\u0301e par l\u2019Etat a\u0300 Ngaounde\u0301re\u0301<\/p>\n<p><strong>Pour plus d&rsquo;informations et d&rsquo;analyses sur la <a href=\"https:\/\/www.africa-press.net\/cameroun\">Cameroun<\/a>, suivez <a href=\"https:\/\/www.africa-press.net\/\">Africa-Press<\/a><\/strong><\/p>\n","protected":false},"excerpt":{"rendered":"<p>Africa-Press &#8211; Cameroun. La ce\u0301le\u0301bration de la journe\u0301e mondiale des enseignants le 5 Octobre 2022 e\u0301tait pluto\u0302t mouvemente\u0301e a\u0300 Bafoussam. Radio Balafon a fait e\u0301couter a\u0300 se auditeurs ce 6 Octobre des interventions du repre\u0301sentant des enseignants et du gouverneur de la re\u0301gion de l\u2019Ouest a\u0300 la ce\u0301re\u0301monie organise\u0301e a\u0300 cet effet. Le gouverneur Awa [&hellip;]<\/p>\n","protected":false},"author":82,"featured_media":28858,"comment_status":"open","ping_status":"closed","sticky":false,"template":"","format":"standard","meta":{"footnotes":""},"categories":[21,10],"tags":[36,50,49],"class_list":["post-28859","post","type-post","status-publish","format-standard","has-post-thumbnail","hentry","category-communaute","category-toutes-les-actualites","tag-africa-press","tag-africa-press-cameroun","tag-cameroun"],"yoast_head":"<!-- This site is optimized with the Yoast SEO Premium plugin v26.1 (Yoast SEO v27.0) - https:\/\/yoast.com\/product\/yoast-seo-premium-wordpress\/ -->\n<title>Journ\u00e9e mondiale des enseignants: Le gouverneur de l\u2019Ouest gronde les syndicalistes au d\u00e9fil\u00e9 \u00e0 Bafoussam - Cameroun<\/title>\n<meta name=\"description\" content=\"La ce\u0301le\u0301bration de la journe\u0301e mondiale des enseignants le 5 Octobre 2022 e\u0301tait pluto\u0302t mouvemente\u0301e a\u0300 Bafoussam. Rad ...\" \/>\n<meta name=\"robots\" content=\"index, follow, max-snippet:-1, max-image-preview:large, max-video-preview:-1\" \/>\n<link rel=\"canonical\" href=\"https:\/\/www.africa-press.net\/cameroun\/toutes-les-actualites\/journee-mondiale-des-enseignants-le-gouverneur-de-louest-gronde-les-syndicalistes-au-defile-a-bafoussam\" \/>\n<meta property=\"og:locale\" content=\"fr_FR\" \/>\n<meta property=\"og:type\" content=\"article\" \/>\n<meta property=\"og:title\" content=\"Journ\u00e9e mondiale des enseignants: Le gouverneur de l\u2019Ouest gronde les syndicalistes au d\u00e9fil\u00e9 \u00e0 Bafoussam\" \/>\n<meta property=\"og:description\" content=\"La ce\u0301le\u0301bration de la journe\u0301e mondiale des enseignants le 5 Octobre 2022 e\u0301tait pluto\u0302t mouvemente\u0301e a\u0300 Bafoussam. Rad ...\" \/>\n<meta property=\"og:url\" content=\"https:\/\/www.africa-press.net\/cameroun\/toutes-les-actualites\/journee-mondiale-des-enseignants-le-gouverneur-de-louest-gronde-les-syndicalistes-au-defile-a-bafoussam\" \/>\n<meta property=\"og:site_name\" content=\"Cameroun\" \/>\n<meta property=\"article:published_time\" content=\"2022-10-06T18:31:27+00:00\" \/>\n<meta property=\"article:modified_time\" content=\"2022-10-06T20:47:46+00:00\" \/>\n<meta property=\"og:image\" content=\"https:\/\/static.africa-press.net\/cameroun\/sites\/57\/2022\/10\/img-633f3ed69ba35.jpg\" \/>\n\t<meta property=\"og:image:width\" content=\"800\" \/>\n\t<meta property=\"og:image:height\" content=\"505\" \/>\n\t<meta property=\"og:image:type\" content=\"image\/jpeg\" \/>\n<meta name=\"author\" content=\"cfeditorfr\" \/>\n<meta name=\"twitter:card\" content=\"summary_large_image\" \/>\n<meta name=\"twitter:label1\" content=\"\u00c9crit par\" \/>\n\t<meta name=\"twitter:data1\" content=\"cfeditorfr\" \/>\n\t<meta name=\"twitter:label2\" content=\"Dur\u00e9e de lecture estim\u00e9e\" \/>\n\t<meta name=\"twitter:data2\" content=\"3 minutes\" \/>\n<script type=\"application\/ld+json\" class=\"yoast-schema-graph\">{\"@context\":\"https:\/\/schema.org\",\"@graph\":[{\"@type\":\"Article\",\"@id\":\"https:\/\/www.africa-press.net\/cameroun\/toutes-les-actualites\/journee-mondiale-des-enseignants-le-gouverneur-de-louest-gronde-les-syndicalistes-au-defile-a-bafoussam#article\",\"isPartOf\":{\"@id\":\"https:\/\/www.africa-press.net\/cameroun\/toutes-les-actualites\/journee-mondiale-des-enseignants-le-gouverneur-de-louest-gronde-les-syndicalistes-au-defile-a-bafoussam\"},\"author\":{\"name\":\"cfeditorfr\",\"@id\":\"https:\/\/www.africa-press.net\/cameroun\/#\/schema\/person\/2b1cf3cd81a31e3cd26889ca66d677f1\"},\"headline\":\"Journ\u00e9e mondiale des enseignants: Le gouverneur de l\u2019Ouest gronde les syndicalistes au d\u00e9fil\u00e9 \u00e0 Bafoussam\",\"datePublished\":\"2022-10-06T18:31:27+00:00\",\"dateModified\":\"2022-10-06T20:47:46+00:00\",\"mainEntityOfPage\":{\"@id\":\"https:\/\/www.africa-press.net\/cameroun\/toutes-les-actualites\/journee-mondiale-des-enseignants-le-gouverneur-de-louest-gronde-les-syndicalistes-au-defile-a-bafoussam\"},\"wordCount\":489,\"commentCount\":0,\"image\":{\"@id\":\"https:\/\/www.africa-press.net\/cameroun\/toutes-les-actualites\/journee-mondiale-des-enseignants-le-gouverneur-de-louest-gronde-les-syndicalistes-au-defile-a-bafoussam#primaryimage\"},\"thumbnailUrl\":\"https:\/\/static.africa-press.net\/cameroun\/sites\/57\/2022\/10\/img-633f3ed69ba35.jpg\",\"keywords\":[\"Africa Press\",\"Africa Press-Cameroun\",\"Cameroun\"],\"articleSection\":[\"Communaut\u00e9\",\"Toutes les actualit\u00e9s\"],\"inLanguage\":\"fr-FR\",\"potentialAction\":[{\"@type\":\"CommentAction\",\"name\":\"Comment\",\"target\":[\"https:\/\/www.africa-press.net\/cameroun\/toutes-les-actualites\/journee-mondiale-des-enseignants-le-gouverneur-de-louest-gronde-les-syndicalistes-au-defile-a-bafoussam#respond\"]}]},{\"@type\":\"WebPage\",\"@id\":\"https:\/\/www.africa-press.net\/cameroun\/toutes-les-actualites\/journee-mondiale-des-enseignants-le-gouverneur-de-louest-gronde-les-syndicalistes-au-defile-a-bafoussam\",\"url\":\"https:\/\/www.africa-press.net\/cameroun\/toutes-les-actualites\/journee-mondiale-des-enseignants-le-gouverneur-de-louest-gronde-les-syndicalistes-au-defile-a-bafoussam\",\"name\":\"Journ\u00e9e mondiale des enseignants: Le gouverneur de l\u2019Ouest gronde les syndicalistes au d\u00e9fil\u00e9 \u00e0 Bafoussam - Cameroun\",\"isPartOf\":{\"@id\":\"https:\/\/www.africa-press.net\/cameroun\/#website\"},\"primaryImageOfPage\":{\"@id\":\"https:\/\/www.africa-press.net\/cameroun\/toutes-les-actualites\/journee-mondiale-des-enseignants-le-gouverneur-de-louest-gronde-les-syndicalistes-au-defile-a-bafoussam#primaryimage\"},\"image\":{\"@id\":\"https:\/\/www.africa-press.net\/cameroun\/toutes-les-actualites\/journee-mondiale-des-enseignants-le-gouverneur-de-louest-gronde-les-syndicalistes-au-defile-a-bafoussam#primaryimage\"},\"thumbnailUrl\":\"https:\/\/static.africa-press.net\/cameroun\/sites\/57\/2022\/10\/img-633f3ed69ba35.jpg\",\"datePublished\":\"2022-10-06T18:31:27+00:00\",\"dateModified\":\"2022-10-06T20:47:46+00:00\",\"author\":{\"@id\":\"https:\/\/www.africa-press.net\/cameroun\/#\/schema\/person\/2b1cf3cd81a31e3cd26889ca66d677f1\"},\"description\":\"La ce\u0301le\u0301bration de la journe\u0301e mondiale des enseignants le 5 Octobre 2022 e\u0301tait pluto\u0302t mouvemente\u0301e a\u0300 Bafoussam. Rad ...\",\"breadcrumb\":{\"@id\":\"https:\/\/www.africa-press.net\/cameroun\/toutes-les-actualites\/journee-mondiale-des-enseignants-le-gouverneur-de-louest-gronde-les-syndicalistes-au-defile-a-bafoussam#breadcrumb\"},\"inLanguage\":\"fr-FR\",\"potentialAction\":[{\"@type\":\"ReadAction\",\"target\":[\"https:\/\/www.africa-press.net\/cameroun\/toutes-les-actualites\/journee-mondiale-des-enseignants-le-gouverneur-de-louest-gronde-les-syndicalistes-au-defile-a-bafoussam\"]}]},{\"@type\":\"ImageObject\",\"inLanguage\":\"fr-FR\",\"@id\":\"https:\/\/www.africa-press.net\/cameroun\/toutes-les-actualites\/journee-mondiale-des-enseignants-le-gouverneur-de-louest-gronde-les-syndicalistes-au-defile-a-bafoussam#primaryimage\",\"url\":\"https:\/\/static.africa-press.net\/cameroun\/sites\/57\/2022\/10\/img-633f3ed69ba35.jpg\",\"contentUrl\":\"https:\/\/static.africa-press.net\/cameroun\/sites\/57\/2022\/10\/img-633f3ed69ba35.jpg\",\"width\":800,\"height\":505,\"caption\":\"Journ\u00e9e mondiale des enseignants: Le gouverneur de l\u2019Ouest gronde les syndicalistes au d\u00e9fil\u00e9 \u00e0 Bafoussam\"},{\"@type\":\"BreadcrumbList\",\"@id\":\"https:\/\/www.africa-press.net\/cameroun\/toutes-les-actualites\/journee-mondiale-des-enseignants-le-gouverneur-de-louest-gronde-les-syndicalistes-au-defile-a-bafoussam#breadcrumb\",\"itemListElement\":[{\"@type\":\"ListItem\",\"position\":1,\"name\":\"Accueil\",\"item\":\"https:\/\/www.africa-press.net\/cameroun\/\"},{\"@type\":\"ListItem\",\"position\":2,\"name\":\"Journ\u00e9e mondiale des enseignants: Le gouverneur de l\u2019Ouest gronde les syndicalistes au d\u00e9fil\u00e9 \u00e0 Bafoussam\"}]},{\"@type\":\"WebSite\",\"@id\":\"https:\/\/www.africa-press.net\/cameroun\/#website\",\"url\":\"https:\/\/www.africa-press.net\/cameroun\/\",\"name\":\"Cameroun\",\"description\":\"Just another Africa News Agency Sites site\",\"potentialAction\":[{\"@type\":\"SearchAction\",\"target\":{\"@type\":\"EntryPoint\",\"urlTemplate\":\"https:\/\/www.africa-press.net\/cameroun\/?s={search_term_string}\"},\"query-input\":{\"@type\":\"PropertyValueSpecification\",\"valueRequired\":true,\"valueName\":\"search_term_string\"}}],\"inLanguage\":\"fr-FR\"},{\"@type\":\"Person\",\"@id\":\"https:\/\/www.africa-press.net\/cameroun\/#\/schema\/person\/2b1cf3cd81a31e3cd26889ca66d677f1\",\"name\":\"cfeditorfr\"}]}<\/script>\n<!-- \/ Yoast SEO Premium plugin. -->","yoast_head_json":{"title":"Journ\u00e9e mondiale des enseignants: Le gouverneur de l\u2019Ouest gronde les syndicalistes au d\u00e9fil\u00e9 \u00e0 Bafoussam - Cameroun","description":"La ce\u0301le\u0301bration de la journe\u0301e mondiale des enseignants le 5 Octobre 2022 e\u0301tait pluto\u0302t mouvemente\u0301e a\u0300 Bafoussam. Rad ...","robots":{"index":"index","follow":"follow","max-snippet":"max-snippet:-1","max-image-preview":"max-image-preview:large","max-video-preview":"max-video-preview:-1"},"canonical":"https:\/\/www.africa-press.net\/cameroun\/toutes-les-actualites\/journee-mondiale-des-enseignants-le-gouverneur-de-louest-gronde-les-syndicalistes-au-defile-a-bafoussam","og_locale":"fr_FR","og_type":"article","og_title":"Journ\u00e9e mondiale des enseignants: Le gouverneur de l\u2019Ouest gronde les syndicalistes au d\u00e9fil\u00e9 \u00e0 Bafoussam","og_description":"La ce\u0301le\u0301bration de la journe\u0301e mondiale des enseignants le 5 Octobre 2022 e\u0301tait pluto\u0302t mouvemente\u0301e a\u0300 Bafoussam. Rad ...","og_url":"https:\/\/www.africa-press.net\/cameroun\/toutes-les-actualites\/journee-mondiale-des-enseignants-le-gouverneur-de-louest-gronde-les-syndicalistes-au-defile-a-bafoussam","og_site_name":"Cameroun","article_published_time":"2022-10-06T18:31:27+00:00","article_modified_time":"2022-10-06T20:47:46+00:00","og_image":[{"width":800,"height":505,"url":"https:\/\/static.africa-press.net\/cameroun\/sites\/57\/2022\/10\/img-633f3ed69ba35.jpg","type":"image\/jpeg"}],"author":"cfeditorfr","twitter_card":"summary_large_image","twitter_misc":{"\u00c9crit par":"cfeditorfr","Dur\u00e9e de lecture estim\u00e9e":"3 minutes"},"schema":{"@context":"https:\/\/schema.org","@graph":[{"@type":"Article","@id":"https:\/\/www.africa-press.net\/cameroun\/toutes-les-actualites\/journee-mondiale-des-enseignants-le-gouverneur-de-louest-gronde-les-syndicalistes-au-defile-a-bafoussam#article","isPartOf":{"@id":"https:\/\/www.africa-press.net\/cameroun\/toutes-les-actualites\/journee-mondiale-des-enseignants-le-gouverneur-de-louest-gronde-les-syndicalistes-au-defile-a-bafoussam"},"author":{"name":"cfeditorfr","@id":"https:\/\/www.africa-press.net\/cameroun\/#\/schema\/person\/2b1cf3cd81a31e3cd26889ca66d677f1"},"headline":"Journ\u00e9e mondiale des enseignants: Le gouverneur de l\u2019Ouest gronde les syndicalistes au d\u00e9fil\u00e9 \u00e0 Bafoussam","datePublished":"2022-10-06T18:31:27+00:00","dateModified":"2022-10-06T20:47:46+00:00","mainEntityOfPage":{"@id":"https:\/\/www.africa-press.net\/cameroun\/toutes-les-actualites\/journee-mondiale-des-enseignants-le-gouverneur-de-louest-gronde-les-syndicalistes-au-defile-a-bafoussam"},"wordCount":489,"commentCount":0,"image":{"@id":"https:\/\/www.africa-press.net\/cameroun\/toutes-les-actualites\/journee-mondiale-des-enseignants-le-gouverneur-de-louest-gronde-les-syndicalistes-au-defile-a-bafoussam#primaryimage"},"thumbnailUrl":"https:\/\/static.africa-press.net\/cameroun\/sites\/57\/2022\/10\/img-633f3ed69ba35.jpg","keywords":["Africa Press","Africa Press-Cameroun","Cameroun"],"articleSection":["Communaut\u00e9","Toutes les actualit\u00e9s"],"inLanguage":"fr-FR","potentialAction":[{"@type":"CommentAction","name":"Comment","target":["https:\/\/www.africa-press.net\/cameroun\/toutes-les-actualites\/journee-mondiale-des-enseignants-le-gouverneur-de-louest-gronde-les-syndicalistes-au-defile-a-bafoussam#respond"]}]},{"@type":"WebPage","@id":"https:\/\/www.africa-press.net\/cameroun\/toutes-les-actualites\/journee-mondiale-des-enseignants-le-gouverneur-de-louest-gronde-les-syndicalistes-au-defile-a-bafoussam","url":"https:\/\/www.africa-press.net\/cameroun\/toutes-les-actualites\/journee-mondiale-des-enseignants-le-gouverneur-de-louest-gronde-les-syndicalistes-au-defile-a-bafoussam","name":"Journ\u00e9e mondiale des enseignants: Le gouverneur de l\u2019Ouest gronde les syndicalistes au d\u00e9fil\u00e9 \u00e0 Bafoussam - Cameroun","isPartOf":{"@id":"https:\/\/www.africa-press.net\/cameroun\/#website"},"primaryImageOfPage":{"@id":"https:\/\/www.africa-press.net\/cameroun\/toutes-les-actualites\/journee-mondiale-des-enseignants-le-gouverneur-de-louest-gronde-les-syndicalistes-au-defile-a-bafoussam#primaryimage"},"image":{"@id":"https:\/\/www.africa-press.net\/cameroun\/toutes-les-actualites\/journee-mondiale-des-enseignants-le-gouverneur-de-louest-gronde-les-syndicalistes-au-defile-a-bafoussam#primaryimage"},"thumbnailUrl":"https:\/\/static.africa-press.net\/cameroun\/sites\/57\/2022\/10\/img-633f3ed69ba35.jpg","datePublished":"2022-10-06T18:31:27+00:00","dateModified":"2022-10-06T20:47:46+00:00","author":{"@id":"https:\/\/www.africa-press.net\/cameroun\/#\/schema\/person\/2b1cf3cd81a31e3cd26889ca66d677f1"},"description":"La ce\u0301le\u0301bration de la journe\u0301e mondiale des enseignants le 5 Octobre 2022 e\u0301tait pluto\u0302t mouvemente\u0301e a\u0300 Bafoussam. Rad ...","breadcrumb":{"@id":"https:\/\/www.africa-press.net\/cameroun\/toutes-les-actualites\/journee-mondiale-des-enseignants-le-gouverneur-de-louest-gronde-les-syndicalistes-au-defile-a-bafoussam#breadcrumb"},"inLanguage":"fr-FR","potentialAction":[{"@type":"ReadAction","target":["https:\/\/www.africa-press.net\/cameroun\/toutes-les-actualites\/journee-mondiale-des-enseignants-le-gouverneur-de-louest-gronde-les-syndicalistes-au-defile-a-bafoussam"]}]},{"@type":"ImageObject","inLanguage":"fr-FR","@id":"https:\/\/www.africa-press.net\/cameroun\/toutes-les-actualites\/journee-mondiale-des-enseignants-le-gouverneur-de-louest-gronde-les-syndicalistes-au-defile-a-bafoussam#primaryimage","url":"https:\/\/static.africa-press.net\/cameroun\/sites\/57\/2022\/10\/img-633f3ed69ba35.jpg","contentUrl":"https:\/\/static.africa-press.net\/cameroun\/sites\/57\/2022\/10\/img-633f3ed69ba35.jpg","width":800,"height":505,"caption":"Journ\u00e9e mondiale des enseignants: Le gouverneur de l\u2019Ouest gronde les syndicalistes au d\u00e9fil\u00e9 \u00e0 Bafoussam"},{"@type":"BreadcrumbList","@id":"https:\/\/www.africa-press.net\/cameroun\/toutes-les-actualites\/journee-mondiale-des-enseignants-le-gouverneur-de-louest-gronde-les-syndicalistes-au-defile-a-bafoussam#breadcrumb","itemListElement":[{"@type":"ListItem","position":1,"name":"Accueil","item":"https:\/\/www.africa-press.net\/cameroun\/"},{"@type":"ListItem","position":2,"name":"Journ\u00e9e mondiale des enseignants: Le gouverneur de l\u2019Ouest gronde les syndicalistes au d\u00e9fil\u00e9 \u00e0 Bafoussam"}]},{"@type":"WebSite","@id":"https:\/\/www.africa-press.net\/cameroun\/#website","url":"https:\/\/www.africa-press.net\/cameroun\/","name":"Cameroun","description":"Just another Africa News Agency Sites site","potentialAction":[{"@type":"SearchAction","target":{"@type":"EntryPoint","urlTemplate":"https:\/\/www.africa-press.net\/cameroun\/?s={search_term_string}"},"query-input":{"@type":"PropertyValueSpecification","valueRequired":true,"valueName":"search_term_string"}}],"inLanguage":"fr-FR"},{"@type":"Person","@id":"https:\/\/www.africa-press.net\/cameroun\/#\/schema\/person\/2b1cf3cd81a31e3cd26889ca66d677f1","name":"cfeditorfr"}]}},"_links":{"self":[{"href":"https:\/\/www.africa-press.net\/cameroun\/wp-json\/wp\/v2\/posts\/28859","targetHints":{"allow":["GET"]}}],"collection":[{"href":"https:\/\/www.africa-press.net\/cameroun\/wp-json\/wp\/v2\/posts"}],"about":[{"href":"https:\/\/www.africa-press.net\/cameroun\/wp-json\/wp\/v2\/types\/post"}],"author":[{"embeddable":true,"href":"https:\/\/www.africa-press.net\/cameroun\/wp-json\/wp\/v2\/users\/82"}],"replies":[{"embeddable":true,"href":"https:\/\/www.africa-press.net\/cameroun\/wp-json\/wp\/v2\/comments?post=28859"}],"version-history":[{"count":0,"href":"https:\/\/www.africa-press.net\/cameroun\/wp-json\/wp\/v2\/posts\/28859\/revisions"}],"wp:featuredmedia":[{"embeddable":true,"href":"https:\/\/www.africa-press.net\/cameroun\/wp-json\/wp\/v2\/media\/28858"}],"wp:attachment":[{"href":"https:\/\/www.africa-press.net\/cameroun\/wp-json\/wp\/v2\/media?parent=28859"}],"wp:term":[{"taxonomy":"category","embeddable":true,"href":"https:\/\/www.africa-press.net\/cameroun\/wp-json\/wp\/v2\/categories?post=28859"},{"taxonomy":"post_tag","embeddable":true,"href":"https:\/\/www.africa-press.net\/cameroun\/wp-json\/wp\/v2\/tags?post=28859"}],"curies":[{"name":"wp","href":"https:\/\/api.w.org\/{rel}","templated":true}]}}