{"id":28868,"date":"2022-10-06T18:53:43","date_gmt":"2022-10-06T18:53:43","guid":{"rendered":"https:\/\/www.africa-press.net\/cameroun\/politique\/les-camerounais-brillent-en-ligue-de-champions-europeenne"},"modified":"2022-10-06T20:50:01","modified_gmt":"2022-10-06T20:50:01","slug":"les-camerounais-brillent-en-ligue-de-champions-europeenne","status":"publish","type":"post","link":"https:\/\/www.africa-press.net\/cameroun\/sports\/les-camerounais-brillent-en-ligue-de-champions-europeenne","title":{"rendered":"Les Camerounais brillent en Ligue de champions europ\u00e9enne"},"content":{"rendered":"<p><span style=\"color: #ff6600\"><strong>Africa-Press &#8211; Cameroun. <\/strong><\/span>Alors que la coupe aux grandes oreilles a fait son retour le 04 octobre dernier apre\u0300s un arre\u0302t due a\u0300 la fene\u0302tre Fifa, plusieurs Lions indomptables ont participe\u0301 a\u0300 la victoire de leurs clubs.<\/p>\n<p>Andre\u0301 Onana, Zambo Anguissa et Choupo-Moting. Tous se sont illustre\u0301s hier (04 octobre 2022) lors de la troisie\u0300me journe\u0301e de l\u2019UEFA Champions league. Des performances qui ont contribue\u0301 aux victoires de leurs e\u0301quipes respectives.<\/p>\n<p>Andre\u0301 Onana, le gardien du temple<\/p>\n<p>Andre Onana<\/p>\n<p>Andre\u0301 Onana a su pre\u0301server les cages de l\u2019Inter de Milan. Le gardien de but qui jouait contre son club formateur, FC Barcelone a pendant les 90 minutes du match donne\u0301 du fil a\u0300 retordre aux attaquants barcelonais.<\/p>\n<p>Toutefois, ces sorties ont tre\u0300s souvent e\u0301te\u0301 des flops comme sur le but refuse\u0301 de Pedri pour hors-jeu apre\u0300s consultation de la VAR a\u0300 20 minutes de la fin de la rencontre. Andre\u0301 Onana s\u2019est cependant montre\u0301 rassurant sur sa ligne avec une aisance au niveau du jeu au pied avec notamment un crochet re\u0301ussi contre Rafinha et la pre\u0301cision dans ses de\u0301gagements.<\/p>\n<p>Sortie manque\u0301e d\u2019Andre\u0301 Onana<\/p>\n<p>Choupo-Moting participe a\u0300 la fe\u0302te<\/p>\n<p>C\u2019est un comeback re\u0301ussi pour Eric Maxime Choupo-Moting. Il a commence\u0301 la saison a\u0300 l\u2019infirmerie. Mardi dernier, son club, le Bayern Munich recevait les Tche\u0300ques du Viktoria Plzen. Les bavarois se sont balade\u0301s, gagnant le match, 5-0.<\/p>\n<p>Choupo-Moting ouvre son compteur en C1<\/p>\n<p>Le re\u0301cital a e\u0301te\u0301 comple\u0301te\u0301 par Choupo-Moting qui est entre\u0301 en jeu a\u0300 la 46e minute. Servi a\u0300 la 59e minute par Le\u0301on Goretzka, l\u2019attaquant camerounais a su passer entre la de\u0301fense et gagner son face a\u0300 face avec le gardien du plat du pied.<\/p>\n<p>Zambo Anguissa me\u0301tronome du milieu de terrain<\/p>\n<p>Il re\u0301alise l\u2019un de ses plus beaux de\u0301buts de saison en Europe. Double buteur le week-end dernier avec Napoli, Andre\u0301 Franck Zambo Anguissa a offert deux caviars pour le deuxie\u0300me et quatrie\u0300me but de son club face l\u2019Ajax d\u2019Amsterdam.<\/p>\n<p>Zambo Anguissa, tout feu tout flamme<\/p>\n<p>En 11 matchs de\u0301ja\u0300 joue\u0301s cette saison, le milieu de terrain camerounais compte trois buts et cinq passes de\u0301cisives. Une pie\u0300ce maitresse du milieu de terrain qui pourra e\u0302tre utile au Cameroun a\u0300 la <b>Coupe du monde<\/b> me\u0302me si, c\u0327a place n\u2019est pas assure\u0301e&#8230;<\/p>\n<p><strong>Pour plus d&rsquo;informations et d&rsquo;analyses sur la <a href=\"https:\/\/www.africa-press.net\/cameroun\">Cameroun<\/a>, suivez <a href=\"https:\/\/www.africa-press.net\/\">Africa-Press<\/a><\/strong><\/p>\n","protected":false},"excerpt":{"rendered":"<p>Africa-Press &#8211; Cameroun. Alors que la coupe aux grandes oreilles a fait son retour le 04 octobre dernier apre\u0300s un arre\u0302t due a\u0300 la fene\u0302tre Fifa, plusieurs Lions indomptables ont participe\u0301 a\u0300 la victoire de leurs clubs. Andre\u0301 Onana, Zambo Anguissa et Choupo-Moting. Tous se sont illustre\u0301s hier (04 octobre 2022) lors de la troisie\u0300me [&hellip;]<\/p>\n","protected":false},"author":82,"featured_media":28867,"comment_status":"open","ping_status":"closed","sticky":false,"template":"","format":"standard","meta":{"footnotes":""},"categories":[6,10],"tags":[36,50,49],"class_list":["post-28868","post","type-post","status-publish","format-standard","has-post-thumbnail","hentry","category-sports","category-toutes-les-actualites","tag-africa-press","tag-africa-press-cameroun","tag-cameroun"],"yoast_head":"<!-- This site is optimized with the Yoast SEO Premium plugin v26.1 (Yoast SEO v27.0) - https:\/\/yoast.com\/product\/yoast-seo-premium-wordpress\/ -->\n<title>Les Camerounais brillent en Ligue de champions europ\u00e9enne - Cameroun<\/title>\n<meta name=\"description\" content=\"Alors que la coupe aux grandes oreilles a fait son retour le 04 octobre dernier apre\u0300s un arre\u0302t due a\u0300 la fene\u0302tre Fifa ...\" \/>\n<meta name=\"robots\" content=\"index, follow, max-snippet:-1, max-image-preview:large, max-video-preview:-1\" \/>\n<link rel=\"canonical\" href=\"https:\/\/www.africa-press.net\/cameroun\/sports\/les-camerounais-brillent-en-ligue-de-champions-europeenne\" \/>\n<meta property=\"og:locale\" content=\"fr_FR\" \/>\n<meta property=\"og:type\" content=\"article\" \/>\n<meta property=\"og:title\" content=\"Les Camerounais brillent en Ligue de champions europ\u00e9enne\" \/>\n<meta property=\"og:description\" content=\"Alors que la coupe aux grandes oreilles a fait son retour le 04 octobre dernier apre\u0300s un arre\u0302t due a\u0300 la fene\u0302tre Fifa ...\" \/>\n<meta property=\"og:url\" content=\"https:\/\/www.africa-press.net\/cameroun\/sports\/les-camerounais-brillent-en-ligue-de-champions-europeenne\" \/>\n<meta property=\"og:site_name\" content=\"Cameroun\" \/>\n<meta property=\"article:published_time\" content=\"2022-10-06T18:53:43+00:00\" \/>\n<meta property=\"article:modified_time\" content=\"2022-10-06T20:50:01+00:00\" \/>\n<meta property=\"og:image\" content=\"https:\/\/static.africa-press.net\/cameroun\/sites\/57\/2022\/10\/img-633f3f58e5c04.jpg\" \/>\n\t<meta property=\"og:image:width\" content=\"1920\" \/>\n\t<meta property=\"og:image:height\" content=\"1920\" \/>\n\t<meta property=\"og:image:type\" content=\"image\/jpeg\" \/>\n<meta name=\"author\" content=\"cfeditorfr\" \/>\n<meta name=\"twitter:card\" content=\"summary_large_image\" \/>\n<meta name=\"twitter:label1\" content=\"\u00c9crit par\" \/>\n\t<meta name=\"twitter:data1\" content=\"cfeditorfr\" \/>\n\t<meta name=\"twitter:label2\" content=\"Dur\u00e9e de lecture estim\u00e9e\" \/>\n\t<meta name=\"twitter:data2\" content=\"2 minutes\" \/>\n<script type=\"application\/ld+json\" class=\"yoast-schema-graph\">{\"@context\":\"https:\/\/schema.org\",\"@graph\":[{\"@type\":\"Article\",\"@id\":\"https:\/\/www.africa-press.net\/cameroun\/sports\/les-camerounais-brillent-en-ligue-de-champions-europeenne#article\",\"isPartOf\":{\"@id\":\"https:\/\/www.africa-press.net\/cameroun\/sports\/les-camerounais-brillent-en-ligue-de-champions-europeenne\"},\"author\":{\"name\":\"cfeditorfr\",\"@id\":\"https:\/\/www.africa-press.net\/cameroun\/#\/schema\/person\/2b1cf3cd81a31e3cd26889ca66d677f1\"},\"headline\":\"Les Camerounais brillent en Ligue de champions europ\u00e9enne\",\"datePublished\":\"2022-10-06T18:53:43+00:00\",\"dateModified\":\"2022-10-06T20:50:01+00:00\",\"mainEntityOfPage\":{\"@id\":\"https:\/\/www.africa-press.net\/cameroun\/sports\/les-camerounais-brillent-en-ligue-de-champions-europeenne\"},\"wordCount\":436,\"commentCount\":0,\"image\":{\"@id\":\"https:\/\/www.africa-press.net\/cameroun\/sports\/les-camerounais-brillent-en-ligue-de-champions-europeenne#primaryimage\"},\"thumbnailUrl\":\"https:\/\/static.africa-press.net\/cameroun\/sites\/57\/2022\/10\/img-633f3f58e5c04.jpg\",\"keywords\":[\"Africa Press\",\"Africa Press-Cameroun\",\"Cameroun\"],\"articleSection\":[\"Sports\",\"Toutes les actualit\u00e9s\"],\"inLanguage\":\"fr-FR\",\"potentialAction\":[{\"@type\":\"CommentAction\",\"name\":\"Comment\",\"target\":[\"https:\/\/www.africa-press.net\/cameroun\/sports\/les-camerounais-brillent-en-ligue-de-champions-europeenne#respond\"]}]},{\"@type\":\"WebPage\",\"@id\":\"https:\/\/www.africa-press.net\/cameroun\/sports\/les-camerounais-brillent-en-ligue-de-champions-europeenne\",\"url\":\"https:\/\/www.africa-press.net\/cameroun\/sports\/les-camerounais-brillent-en-ligue-de-champions-europeenne\",\"name\":\"Les Camerounais brillent en Ligue de champions europ\u00e9enne - Cameroun\",\"isPartOf\":{\"@id\":\"https:\/\/www.africa-press.net\/cameroun\/#website\"},\"primaryImageOfPage\":{\"@id\":\"https:\/\/www.africa-press.net\/cameroun\/sports\/les-camerounais-brillent-en-ligue-de-champions-europeenne#primaryimage\"},\"image\":{\"@id\":\"https:\/\/www.africa-press.net\/cameroun\/sports\/les-camerounais-brillent-en-ligue-de-champions-europeenne#primaryimage\"},\"thumbnailUrl\":\"https:\/\/static.africa-press.net\/cameroun\/sites\/57\/2022\/10\/img-633f3f58e5c04.jpg\",\"datePublished\":\"2022-10-06T18:53:43+00:00\",\"dateModified\":\"2022-10-06T20:50:01+00:00\",\"author\":{\"@id\":\"https:\/\/www.africa-press.net\/cameroun\/#\/schema\/person\/2b1cf3cd81a31e3cd26889ca66d677f1\"},\"description\":\"Alors que la coupe aux grandes oreilles a fait son retour le 04 octobre dernier apre\u0300s un arre\u0302t due a\u0300 la fene\u0302tre Fifa ...\",\"breadcrumb\":{\"@id\":\"https:\/\/www.africa-press.net\/cameroun\/sports\/les-camerounais-brillent-en-ligue-de-champions-europeenne#breadcrumb\"},\"inLanguage\":\"fr-FR\",\"potentialAction\":[{\"@type\":\"ReadAction\",\"target\":[\"https:\/\/www.africa-press.net\/cameroun\/sports\/les-camerounais-brillent-en-ligue-de-champions-europeenne\"]}]},{\"@type\":\"ImageObject\",\"inLanguage\":\"fr-FR\",\"@id\":\"https:\/\/www.africa-press.net\/cameroun\/sports\/les-camerounais-brillent-en-ligue-de-champions-europeenne#primaryimage\",\"url\":\"https:\/\/static.africa-press.net\/cameroun\/sites\/57\/2022\/10\/img-633f3f58e5c04.jpg\",\"contentUrl\":\"https:\/\/static.africa-press.net\/cameroun\/sites\/57\/2022\/10\/img-633f3f58e5c04.jpg\",\"width\":1920,\"height\":1920,\"caption\":\"Les Camerounais brillent en Ligue de champions europ\u00e9enne\"},{\"@type\":\"BreadcrumbList\",\"@id\":\"https:\/\/www.africa-press.net\/cameroun\/sports\/les-camerounais-brillent-en-ligue-de-champions-europeenne#breadcrumb\",\"itemListElement\":[{\"@type\":\"ListItem\",\"position\":1,\"name\":\"Accueil\",\"item\":\"https:\/\/www.africa-press.net\/cameroun\/\"},{\"@type\":\"ListItem\",\"position\":2,\"name\":\"Les Camerounais brillent en Ligue de champions europ\u00e9enne\"}]},{\"@type\":\"WebSite\",\"@id\":\"https:\/\/www.africa-press.net\/cameroun\/#website\",\"url\":\"https:\/\/www.africa-press.net\/cameroun\/\",\"name\":\"Cameroun\",\"description\":\"Just another Africa News Agency Sites site\",\"potentialAction\":[{\"@type\":\"SearchAction\",\"target\":{\"@type\":\"EntryPoint\",\"urlTemplate\":\"https:\/\/www.africa-press.net\/cameroun\/?s={search_term_string}\"},\"query-input\":{\"@type\":\"PropertyValueSpecification\",\"valueRequired\":true,\"valueName\":\"search_term_string\"}}],\"inLanguage\":\"fr-FR\"},{\"@type\":\"Person\",\"@id\":\"https:\/\/www.africa-press.net\/cameroun\/#\/schema\/person\/2b1cf3cd81a31e3cd26889ca66d677f1\",\"name\":\"cfeditorfr\"}]}<\/script>\n<!-- \/ Yoast SEO Premium plugin. -->","yoast_head_json":{"title":"Les Camerounais brillent en Ligue de champions europ\u00e9enne - Cameroun","description":"Alors que la coupe aux grandes oreilles a fait son retour le 04 octobre dernier apre\u0300s un arre\u0302t due a\u0300 la fene\u0302tre Fifa ...","robots":{"index":"index","follow":"follow","max-snippet":"max-snippet:-1","max-image-preview":"max-image-preview:large","max-video-preview":"max-video-preview:-1"},"canonical":"https:\/\/www.africa-press.net\/cameroun\/sports\/les-camerounais-brillent-en-ligue-de-champions-europeenne","og_locale":"fr_FR","og_type":"article","og_title":"Les Camerounais brillent en Ligue de champions europ\u00e9enne","og_description":"Alors que la coupe aux grandes oreilles a fait son retour le 04 octobre dernier apre\u0300s un arre\u0302t due a\u0300 la fene\u0302tre Fifa ...","og_url":"https:\/\/www.africa-press.net\/cameroun\/sports\/les-camerounais-brillent-en-ligue-de-champions-europeenne","og_site_name":"Cameroun","article_published_time":"2022-10-06T18:53:43+00:00","article_modified_time":"2022-10-06T20:50:01+00:00","og_image":[{"width":1920,"height":1920,"url":"https:\/\/static.africa-press.net\/cameroun\/sites\/57\/2022\/10\/img-633f3f58e5c04.jpg","type":"image\/jpeg"}],"author":"cfeditorfr","twitter_card":"summary_large_image","twitter_misc":{"\u00c9crit par":"cfeditorfr","Dur\u00e9e de lecture estim\u00e9e":"2 minutes"},"schema":{"@context":"https:\/\/schema.org","@graph":[{"@type":"Article","@id":"https:\/\/www.africa-press.net\/cameroun\/sports\/les-camerounais-brillent-en-ligue-de-champions-europeenne#article","isPartOf":{"@id":"https:\/\/www.africa-press.net\/cameroun\/sports\/les-camerounais-brillent-en-ligue-de-champions-europeenne"},"author":{"name":"cfeditorfr","@id":"https:\/\/www.africa-press.net\/cameroun\/#\/schema\/person\/2b1cf3cd81a31e3cd26889ca66d677f1"},"headline":"Les Camerounais brillent en Ligue de champions europ\u00e9enne","datePublished":"2022-10-06T18:53:43+00:00","dateModified":"2022-10-06T20:50:01+00:00","mainEntityOfPage":{"@id":"https:\/\/www.africa-press.net\/cameroun\/sports\/les-camerounais-brillent-en-ligue-de-champions-europeenne"},"wordCount":436,"commentCount":0,"image":{"@id":"https:\/\/www.africa-press.net\/cameroun\/sports\/les-camerounais-brillent-en-ligue-de-champions-europeenne#primaryimage"},"thumbnailUrl":"https:\/\/static.africa-press.net\/cameroun\/sites\/57\/2022\/10\/img-633f3f58e5c04.jpg","keywords":["Africa Press","Africa Press-Cameroun","Cameroun"],"articleSection":["Sports","Toutes les actualit\u00e9s"],"inLanguage":"fr-FR","potentialAction":[{"@type":"CommentAction","name":"Comment","target":["https:\/\/www.africa-press.net\/cameroun\/sports\/les-camerounais-brillent-en-ligue-de-champions-europeenne#respond"]}]},{"@type":"WebPage","@id":"https:\/\/www.africa-press.net\/cameroun\/sports\/les-camerounais-brillent-en-ligue-de-champions-europeenne","url":"https:\/\/www.africa-press.net\/cameroun\/sports\/les-camerounais-brillent-en-ligue-de-champions-europeenne","name":"Les Camerounais brillent en Ligue de champions europ\u00e9enne - Cameroun","isPartOf":{"@id":"https:\/\/www.africa-press.net\/cameroun\/#website"},"primaryImageOfPage":{"@id":"https:\/\/www.africa-press.net\/cameroun\/sports\/les-camerounais-brillent-en-ligue-de-champions-europeenne#primaryimage"},"image":{"@id":"https:\/\/www.africa-press.net\/cameroun\/sports\/les-camerounais-brillent-en-ligue-de-champions-europeenne#primaryimage"},"thumbnailUrl":"https:\/\/static.africa-press.net\/cameroun\/sites\/57\/2022\/10\/img-633f3f58e5c04.jpg","datePublished":"2022-10-06T18:53:43+00:00","dateModified":"2022-10-06T20:50:01+00:00","author":{"@id":"https:\/\/www.africa-press.net\/cameroun\/#\/schema\/person\/2b1cf3cd81a31e3cd26889ca66d677f1"},"description":"Alors que la coupe aux grandes oreilles a fait son retour le 04 octobre dernier apre\u0300s un arre\u0302t due a\u0300 la fene\u0302tre Fifa ...","breadcrumb":{"@id":"https:\/\/www.africa-press.net\/cameroun\/sports\/les-camerounais-brillent-en-ligue-de-champions-europeenne#breadcrumb"},"inLanguage":"fr-FR","potentialAction":[{"@type":"ReadAction","target":["https:\/\/www.africa-press.net\/cameroun\/sports\/les-camerounais-brillent-en-ligue-de-champions-europeenne"]}]},{"@type":"ImageObject","inLanguage":"fr-FR","@id":"https:\/\/www.africa-press.net\/cameroun\/sports\/les-camerounais-brillent-en-ligue-de-champions-europeenne#primaryimage","url":"https:\/\/static.africa-press.net\/cameroun\/sites\/57\/2022\/10\/img-633f3f58e5c04.jpg","contentUrl":"https:\/\/static.africa-press.net\/cameroun\/sites\/57\/2022\/10\/img-633f3f58e5c04.jpg","width":1920,"height":1920,"caption":"Les Camerounais brillent en Ligue de champions europ\u00e9enne"},{"@type":"BreadcrumbList","@id":"https:\/\/www.africa-press.net\/cameroun\/sports\/les-camerounais-brillent-en-ligue-de-champions-europeenne#breadcrumb","itemListElement":[{"@type":"ListItem","position":1,"name":"Accueil","item":"https:\/\/www.africa-press.net\/cameroun\/"},{"@type":"ListItem","position":2,"name":"Les Camerounais brillent en Ligue de champions europ\u00e9enne"}]},{"@type":"WebSite","@id":"https:\/\/www.africa-press.net\/cameroun\/#website","url":"https:\/\/www.africa-press.net\/cameroun\/","name":"Cameroun","description":"Just another Africa News Agency Sites site","potentialAction":[{"@type":"SearchAction","target":{"@type":"EntryPoint","urlTemplate":"https:\/\/www.africa-press.net\/cameroun\/?s={search_term_string}"},"query-input":{"@type":"PropertyValueSpecification","valueRequired":true,"valueName":"search_term_string"}}],"inLanguage":"fr-FR"},{"@type":"Person","@id":"https:\/\/www.africa-press.net\/cameroun\/#\/schema\/person\/2b1cf3cd81a31e3cd26889ca66d677f1","name":"cfeditorfr"}]}},"_links":{"self":[{"href":"https:\/\/www.africa-press.net\/cameroun\/wp-json\/wp\/v2\/posts\/28868","targetHints":{"allow":["GET"]}}],"collection":[{"href":"https:\/\/www.africa-press.net\/cameroun\/wp-json\/wp\/v2\/posts"}],"about":[{"href":"https:\/\/www.africa-press.net\/cameroun\/wp-json\/wp\/v2\/types\/post"}],"author":[{"embeddable":true,"href":"https:\/\/www.africa-press.net\/cameroun\/wp-json\/wp\/v2\/users\/82"}],"replies":[{"embeddable":true,"href":"https:\/\/www.africa-press.net\/cameroun\/wp-json\/wp\/v2\/comments?post=28868"}],"version-history":[{"count":0,"href":"https:\/\/www.africa-press.net\/cameroun\/wp-json\/wp\/v2\/posts\/28868\/revisions"}],"wp:featuredmedia":[{"embeddable":true,"href":"https:\/\/www.africa-press.net\/cameroun\/wp-json\/wp\/v2\/media\/28867"}],"wp:attachment":[{"href":"https:\/\/www.africa-press.net\/cameroun\/wp-json\/wp\/v2\/media?parent=28868"}],"wp:term":[{"taxonomy":"category","embeddable":true,"href":"https:\/\/www.africa-press.net\/cameroun\/wp-json\/wp\/v2\/categories?post=28868"},{"taxonomy":"post_tag","embeddable":true,"href":"https:\/\/www.africa-press.net\/cameroun\/wp-json\/wp\/v2\/tags?post=28868"}],"curies":[{"name":"wp","href":"https:\/\/api.w.org\/{rel}","templated":true}]}}