{"id":28871,"date":"2022-10-06T19:05:25","date_gmt":"2022-10-06T19:05:25","guid":{"rendered":"https:\/\/www.africa-press.net\/cameroun\/politique\/cameroun-le-monument-patriote-bientot-detruit"},"modified":"2022-10-06T21:49:45","modified_gmt":"2022-10-06T21:49:45","slug":"cameroun-le-monument-patriote-bientot-detruit","status":"publish","type":"post","link":"https:\/\/www.africa-press.net\/cameroun\/toutes-les-actualites\/cameroun-le-monument-patriote-bientot-detruit","title":{"rendered":"Cameroun : le monument patriote bient\u00f4t d\u00e9truit ?"},"content":{"rendered":"<p><span style=\"color: #ff6600\"><strong>Africa-Press &#8211; Cameroun. <\/strong><\/span><b>Une concertation a lieu entre le ministe\u0300re de l\u2019Habitat et la mairie de Yaounde\u0301 en vue d\u2019e\u0301riger un e\u0301changeur au rond-point de l\u2019ho\u0302tel Hilton. <\/b><\/p>\n<p>Le ministe\u0300re de l\u2019Habitat et du de\u0301veloppement urbain (Minhdu) a abrite\u0301 ce 4 octobre 2022 des concertations entre Ce\u0301lestine Ketcha Courte\u0300s le chef de ce de\u0301partement ministe\u0301riel et le super maire de la ville Yaounde\u0301, Luc Atangana Messi. La se\u0301ance de travail porte \u00abreconfiguration de l\u2019e\u0301changeur Hilton et des e\u0301tudes de faisabilite\u0301 e\u0301conomique et financie\u0300re pour une contractualisation en PPP\u00bb.<\/p>\n<p>Selon News du Camer, il s\u2019agit pour les deux parties de re\u0301fle\u0301chir sur les voies et moyens d\u2019inse\u0301rer l\u2019e\u0301changeur a\u0300 co\u0302te\u0301 du Monument patriote e\u0301rige\u0301 en ce lieu-dit Rond-point Hilton, il y a quelques mois. Lequel ne peut plus tenir exactement sur le site initial, de\u0301sormais occupe\u0301 par le monument patriote.<\/p>\n<p>Selon l\u2019invitation servie par la Minhdu au maire de la ville, \u00ab les e\u0301tudes de reconfiguration de l\u2019e\u0301changeur Hilton ne\u0301cessitent la coordination et la mise en cohe\u0301rence avec le Plan de mobilite\u0301 urbaine soutenable, les lignes de Transport en commun en site propre (TCSP) et le Bus rapid transit (BRT)\u00bb. Ce qui laisse croire que le projet de BRT est imminent, alors que la ville de Yaounde\u0301 subit de\u0301ja\u0300 l\u2019engorgement a\u0300 son centre.<\/p>\n<p>L\u2019ampleur de l\u2019ouvrage initialement pre\u0301vu sur ce site est de nature a\u0300 ne\u0301cessiter de l\u2019espace ; or le monument patriote occupe de\u0301ja\u0300 ce qu\u2019il en restait encore de libre a\u0300 cet effet. En conside\u0301rant la proximite\u0301 des immeubles qui jouxtent le Rond-point, notamment le Hilton ho\u0302tel, l\u2019Immeuble ministe\u0301riel N\u00b02, le ministe\u0300re en charge de l\u2019Economie, l\u2019Agence de re\u0301gulation des te\u0301le\u0301communications.<\/p>\n<p>Il ne reste plus que le parking du Minepat et l\u2019espace vert de l\u2019immeuble ministe\u0301riel N\u00b02. De\u0301caler l\u2019e\u0301changeur d\u2019un co\u0302te\u0301 comme de l\u2019autre, le re\u0301duirait a\u0300 sa plus simple expression, a\u0300 de\u0301faut d\u2019imposer des casses sur ces ba\u0302timents voisins. Du coup, la probabilite\u0301 de de\u0301truire tout ou partie du monument patriote est grande.<\/p>\n<p>On se rappelle que c\u2019est le 18 mai 2022 que Ce\u0301lestine Ketcha Courte\u0300s avait inaugure\u0301 ce monument, comme repre\u0301sentante personnelle du chef de l\u2019Etat. Une fois le projet annonce\u0301, la presse avait attire\u0301 l\u2019attention en son temps, sur l\u2019ouvrage initialement pre\u0301vu a\u0300 cet endroit.<\/p>\n<p><strong>Pour plus d&rsquo;informations et d&rsquo;analyses sur la <a href=\"https:\/\/www.africa-press.net\/cameroun\">Cameroun<\/a>, suivez <a href=\"https:\/\/www.africa-press.net\/\">Africa-Press<\/a><\/strong><\/p>\n","protected":false},"excerpt":{"rendered":"<p>Africa-Press &#8211; Cameroun. Une concertation a lieu entre le ministe\u0300re de l\u2019Habitat et la mairie de Yaounde\u0301 en vue d\u2019e\u0301riger un e\u0301changeur au rond-point de l\u2019ho\u0302tel Hilton. Le ministe\u0300re de l\u2019Habitat et du de\u0301veloppement urbain (Minhdu) a abrite\u0301 ce 4 octobre 2022 des concertations entre Ce\u0301lestine Ketcha Courte\u0300s le chef de ce de\u0301partement ministe\u0301riel et [&hellip;]<\/p>\n","protected":false},"author":82,"featured_media":28870,"comment_status":"open","ping_status":"closed","sticky":false,"template":"","format":"standard","meta":{"footnotes":""},"categories":[21,10],"tags":[36,50,49],"class_list":["post-28871","post","type-post","status-publish","format-standard","has-post-thumbnail","hentry","category-communaute","category-toutes-les-actualites","tag-africa-press","tag-africa-press-cameroun","tag-cameroun"],"yoast_head":"<!-- This site is optimized with the Yoast SEO Premium plugin v26.1 (Yoast SEO v27.0) - https:\/\/yoast.com\/product\/yoast-seo-premium-wordpress\/ -->\n<title>Cameroun : le monument patriote bient\u00f4t d\u00e9truit ? - Cameroun<\/title>\n<meta name=\"description\" content=\"Une concertation a lieu entre le ministe\u0300re de l\u2019Habitat et la mairie de Yaounde\u0301 en vue d\u2019e\u0301riger un e\u0301changeur au r ...\" \/>\n<meta name=\"robots\" content=\"index, follow, max-snippet:-1, max-image-preview:large, max-video-preview:-1\" \/>\n<link rel=\"canonical\" href=\"https:\/\/www.africa-press.net\/cameroun\/toutes-les-actualites\/cameroun-le-monument-patriote-bientot-detruit\" \/>\n<meta property=\"og:locale\" content=\"fr_FR\" \/>\n<meta property=\"og:type\" content=\"article\" \/>\n<meta property=\"og:title\" content=\"Cameroun : le monument patriote bient\u00f4t d\u00e9truit ?\" \/>\n<meta property=\"og:description\" content=\"Une concertation a lieu entre le ministe\u0300re de l\u2019Habitat et la mairie de Yaounde\u0301 en vue d\u2019e\u0301riger un e\u0301changeur au r ...\" \/>\n<meta property=\"og:url\" content=\"https:\/\/www.africa-press.net\/cameroun\/toutes-les-actualites\/cameroun-le-monument-patriote-bientot-detruit\" \/>\n<meta property=\"og:site_name\" content=\"Cameroun\" \/>\n<meta property=\"article:published_time\" content=\"2022-10-06T19:05:25+00:00\" \/>\n<meta property=\"article:modified_time\" content=\"2022-10-06T21:49:45+00:00\" \/>\n<meta property=\"og:image\" content=\"https:\/\/static.africa-press.net\/cameroun\/sites\/57\/2022\/10\/img-633f3f8514ebc.jpg\" \/>\n\t<meta property=\"og:image:width\" content=\"720\" \/>\n\t<meta property=\"og:image:height\" content=\"464\" \/>\n\t<meta property=\"og:image:type\" content=\"image\/jpeg\" \/>\n<meta name=\"author\" content=\"cfeditorfr\" \/>\n<meta name=\"twitter:card\" content=\"summary_large_image\" \/>\n<meta name=\"twitter:label1\" content=\"\u00c9crit par\" \/>\n\t<meta name=\"twitter:data1\" content=\"cfeditorfr\" \/>\n\t<meta name=\"twitter:label2\" content=\"Dur\u00e9e de lecture estim\u00e9e\" \/>\n\t<meta name=\"twitter:data2\" content=\"2 minutes\" \/>\n<script type=\"application\/ld+json\" class=\"yoast-schema-graph\">{\"@context\":\"https:\/\/schema.org\",\"@graph\":[{\"@type\":\"Article\",\"@id\":\"https:\/\/www.africa-press.net\/cameroun\/toutes-les-actualites\/cameroun-le-monument-patriote-bientot-detruit#article\",\"isPartOf\":{\"@id\":\"https:\/\/www.africa-press.net\/cameroun\/toutes-les-actualites\/cameroun-le-monument-patriote-bientot-detruit\"},\"author\":{\"name\":\"cfeditorfr\",\"@id\":\"https:\/\/www.africa-press.net\/cameroun\/#\/schema\/person\/2b1cf3cd81a31e3cd26889ca66d677f1\"},\"headline\":\"Cameroun : le monument patriote bient\u00f4t d\u00e9truit ?\",\"datePublished\":\"2022-10-06T19:05:25+00:00\",\"dateModified\":\"2022-10-06T21:49:45+00:00\",\"mainEntityOfPage\":{\"@id\":\"https:\/\/www.africa-press.net\/cameroun\/toutes-les-actualites\/cameroun-le-monument-patriote-bientot-detruit\"},\"wordCount\":459,\"commentCount\":0,\"image\":{\"@id\":\"https:\/\/www.africa-press.net\/cameroun\/toutes-les-actualites\/cameroun-le-monument-patriote-bientot-detruit#primaryimage\"},\"thumbnailUrl\":\"https:\/\/static.africa-press.net\/cameroun\/sites\/57\/2022\/10\/img-633f3f8514ebc.jpg\",\"keywords\":[\"Africa Press\",\"Africa Press-Cameroun\",\"Cameroun\"],\"articleSection\":[\"Communaut\u00e9\",\"Toutes les actualit\u00e9s\"],\"inLanguage\":\"fr-FR\",\"potentialAction\":[{\"@type\":\"CommentAction\",\"name\":\"Comment\",\"target\":[\"https:\/\/www.africa-press.net\/cameroun\/toutes-les-actualites\/cameroun-le-monument-patriote-bientot-detruit#respond\"]}]},{\"@type\":\"WebPage\",\"@id\":\"https:\/\/www.africa-press.net\/cameroun\/toutes-les-actualites\/cameroun-le-monument-patriote-bientot-detruit\",\"url\":\"https:\/\/www.africa-press.net\/cameroun\/toutes-les-actualites\/cameroun-le-monument-patriote-bientot-detruit\",\"name\":\"Cameroun : le monument patriote bient\u00f4t d\u00e9truit ? - Cameroun\",\"isPartOf\":{\"@id\":\"https:\/\/www.africa-press.net\/cameroun\/#website\"},\"primaryImageOfPage\":{\"@id\":\"https:\/\/www.africa-press.net\/cameroun\/toutes-les-actualites\/cameroun-le-monument-patriote-bientot-detruit#primaryimage\"},\"image\":{\"@id\":\"https:\/\/www.africa-press.net\/cameroun\/toutes-les-actualites\/cameroun-le-monument-patriote-bientot-detruit#primaryimage\"},\"thumbnailUrl\":\"https:\/\/static.africa-press.net\/cameroun\/sites\/57\/2022\/10\/img-633f3f8514ebc.jpg\",\"datePublished\":\"2022-10-06T19:05:25+00:00\",\"dateModified\":\"2022-10-06T21:49:45+00:00\",\"author\":{\"@id\":\"https:\/\/www.africa-press.net\/cameroun\/#\/schema\/person\/2b1cf3cd81a31e3cd26889ca66d677f1\"},\"description\":\"Une concertation a lieu entre le ministe\u0300re de l\u2019Habitat et la mairie de Yaounde\u0301 en vue d\u2019e\u0301riger un e\u0301changeur au r ...\",\"breadcrumb\":{\"@id\":\"https:\/\/www.africa-press.net\/cameroun\/toutes-les-actualites\/cameroun-le-monument-patriote-bientot-detruit#breadcrumb\"},\"inLanguage\":\"fr-FR\",\"potentialAction\":[{\"@type\":\"ReadAction\",\"target\":[\"https:\/\/www.africa-press.net\/cameroun\/toutes-les-actualites\/cameroun-le-monument-patriote-bientot-detruit\"]}]},{\"@type\":\"ImageObject\",\"inLanguage\":\"fr-FR\",\"@id\":\"https:\/\/www.africa-press.net\/cameroun\/toutes-les-actualites\/cameroun-le-monument-patriote-bientot-detruit#primaryimage\",\"url\":\"https:\/\/static.africa-press.net\/cameroun\/sites\/57\/2022\/10\/img-633f3f8514ebc.jpg\",\"contentUrl\":\"https:\/\/static.africa-press.net\/cameroun\/sites\/57\/2022\/10\/img-633f3f8514ebc.jpg\",\"width\":720,\"height\":464,\"caption\":\"Cameroun : le monument patriote bient\u00f4t d\u00e9truit ?\"},{\"@type\":\"BreadcrumbList\",\"@id\":\"https:\/\/www.africa-press.net\/cameroun\/toutes-les-actualites\/cameroun-le-monument-patriote-bientot-detruit#breadcrumb\",\"itemListElement\":[{\"@type\":\"ListItem\",\"position\":1,\"name\":\"Accueil\",\"item\":\"https:\/\/www.africa-press.net\/cameroun\/\"},{\"@type\":\"ListItem\",\"position\":2,\"name\":\"Cameroun : le monument patriote bient\u00f4t d\u00e9truit ?\"}]},{\"@type\":\"WebSite\",\"@id\":\"https:\/\/www.africa-press.net\/cameroun\/#website\",\"url\":\"https:\/\/www.africa-press.net\/cameroun\/\",\"name\":\"Cameroun\",\"description\":\"Just another Africa News Agency Sites site\",\"potentialAction\":[{\"@type\":\"SearchAction\",\"target\":{\"@type\":\"EntryPoint\",\"urlTemplate\":\"https:\/\/www.africa-press.net\/cameroun\/?s={search_term_string}\"},\"query-input\":{\"@type\":\"PropertyValueSpecification\",\"valueRequired\":true,\"valueName\":\"search_term_string\"}}],\"inLanguage\":\"fr-FR\"},{\"@type\":\"Person\",\"@id\":\"https:\/\/www.africa-press.net\/cameroun\/#\/schema\/person\/2b1cf3cd81a31e3cd26889ca66d677f1\",\"name\":\"cfeditorfr\"}]}<\/script>\n<!-- \/ Yoast SEO Premium plugin. -->","yoast_head_json":{"title":"Cameroun : le monument patriote bient\u00f4t d\u00e9truit ? - Cameroun","description":"Une concertation a lieu entre le ministe\u0300re de l\u2019Habitat et la mairie de Yaounde\u0301 en vue d\u2019e\u0301riger un e\u0301changeur au r ...","robots":{"index":"index","follow":"follow","max-snippet":"max-snippet:-1","max-image-preview":"max-image-preview:large","max-video-preview":"max-video-preview:-1"},"canonical":"https:\/\/www.africa-press.net\/cameroun\/toutes-les-actualites\/cameroun-le-monument-patriote-bientot-detruit","og_locale":"fr_FR","og_type":"article","og_title":"Cameroun : le monument patriote bient\u00f4t d\u00e9truit ?","og_description":"Une concertation a lieu entre le ministe\u0300re de l\u2019Habitat et la mairie de Yaounde\u0301 en vue d\u2019e\u0301riger un e\u0301changeur au r ...","og_url":"https:\/\/www.africa-press.net\/cameroun\/toutes-les-actualites\/cameroun-le-monument-patriote-bientot-detruit","og_site_name":"Cameroun","article_published_time":"2022-10-06T19:05:25+00:00","article_modified_time":"2022-10-06T21:49:45+00:00","og_image":[{"width":720,"height":464,"url":"https:\/\/static.africa-press.net\/cameroun\/sites\/57\/2022\/10\/img-633f3f8514ebc.jpg","type":"image\/jpeg"}],"author":"cfeditorfr","twitter_card":"summary_large_image","twitter_misc":{"\u00c9crit par":"cfeditorfr","Dur\u00e9e de lecture estim\u00e9e":"2 minutes"},"schema":{"@context":"https:\/\/schema.org","@graph":[{"@type":"Article","@id":"https:\/\/www.africa-press.net\/cameroun\/toutes-les-actualites\/cameroun-le-monument-patriote-bientot-detruit#article","isPartOf":{"@id":"https:\/\/www.africa-press.net\/cameroun\/toutes-les-actualites\/cameroun-le-monument-patriote-bientot-detruit"},"author":{"name":"cfeditorfr","@id":"https:\/\/www.africa-press.net\/cameroun\/#\/schema\/person\/2b1cf3cd81a31e3cd26889ca66d677f1"},"headline":"Cameroun : le monument patriote bient\u00f4t d\u00e9truit ?","datePublished":"2022-10-06T19:05:25+00:00","dateModified":"2022-10-06T21:49:45+00:00","mainEntityOfPage":{"@id":"https:\/\/www.africa-press.net\/cameroun\/toutes-les-actualites\/cameroun-le-monument-patriote-bientot-detruit"},"wordCount":459,"commentCount":0,"image":{"@id":"https:\/\/www.africa-press.net\/cameroun\/toutes-les-actualites\/cameroun-le-monument-patriote-bientot-detruit#primaryimage"},"thumbnailUrl":"https:\/\/static.africa-press.net\/cameroun\/sites\/57\/2022\/10\/img-633f3f8514ebc.jpg","keywords":["Africa Press","Africa Press-Cameroun","Cameroun"],"articleSection":["Communaut\u00e9","Toutes les actualit\u00e9s"],"inLanguage":"fr-FR","potentialAction":[{"@type":"CommentAction","name":"Comment","target":["https:\/\/www.africa-press.net\/cameroun\/toutes-les-actualites\/cameroun-le-monument-patriote-bientot-detruit#respond"]}]},{"@type":"WebPage","@id":"https:\/\/www.africa-press.net\/cameroun\/toutes-les-actualites\/cameroun-le-monument-patriote-bientot-detruit","url":"https:\/\/www.africa-press.net\/cameroun\/toutes-les-actualites\/cameroun-le-monument-patriote-bientot-detruit","name":"Cameroun : le monument patriote bient\u00f4t d\u00e9truit ? - Cameroun","isPartOf":{"@id":"https:\/\/www.africa-press.net\/cameroun\/#website"},"primaryImageOfPage":{"@id":"https:\/\/www.africa-press.net\/cameroun\/toutes-les-actualites\/cameroun-le-monument-patriote-bientot-detruit#primaryimage"},"image":{"@id":"https:\/\/www.africa-press.net\/cameroun\/toutes-les-actualites\/cameroun-le-monument-patriote-bientot-detruit#primaryimage"},"thumbnailUrl":"https:\/\/static.africa-press.net\/cameroun\/sites\/57\/2022\/10\/img-633f3f8514ebc.jpg","datePublished":"2022-10-06T19:05:25+00:00","dateModified":"2022-10-06T21:49:45+00:00","author":{"@id":"https:\/\/www.africa-press.net\/cameroun\/#\/schema\/person\/2b1cf3cd81a31e3cd26889ca66d677f1"},"description":"Une concertation a lieu entre le ministe\u0300re de l\u2019Habitat et la mairie de Yaounde\u0301 en vue d\u2019e\u0301riger un e\u0301changeur au r ...","breadcrumb":{"@id":"https:\/\/www.africa-press.net\/cameroun\/toutes-les-actualites\/cameroun-le-monument-patriote-bientot-detruit#breadcrumb"},"inLanguage":"fr-FR","potentialAction":[{"@type":"ReadAction","target":["https:\/\/www.africa-press.net\/cameroun\/toutes-les-actualites\/cameroun-le-monument-patriote-bientot-detruit"]}]},{"@type":"ImageObject","inLanguage":"fr-FR","@id":"https:\/\/www.africa-press.net\/cameroun\/toutes-les-actualites\/cameroun-le-monument-patriote-bientot-detruit#primaryimage","url":"https:\/\/static.africa-press.net\/cameroun\/sites\/57\/2022\/10\/img-633f3f8514ebc.jpg","contentUrl":"https:\/\/static.africa-press.net\/cameroun\/sites\/57\/2022\/10\/img-633f3f8514ebc.jpg","width":720,"height":464,"caption":"Cameroun : le monument patriote bient\u00f4t d\u00e9truit ?"},{"@type":"BreadcrumbList","@id":"https:\/\/www.africa-press.net\/cameroun\/toutes-les-actualites\/cameroun-le-monument-patriote-bientot-detruit#breadcrumb","itemListElement":[{"@type":"ListItem","position":1,"name":"Accueil","item":"https:\/\/www.africa-press.net\/cameroun\/"},{"@type":"ListItem","position":2,"name":"Cameroun : le monument patriote bient\u00f4t d\u00e9truit ?"}]},{"@type":"WebSite","@id":"https:\/\/www.africa-press.net\/cameroun\/#website","url":"https:\/\/www.africa-press.net\/cameroun\/","name":"Cameroun","description":"Just another Africa News Agency Sites site","potentialAction":[{"@type":"SearchAction","target":{"@type":"EntryPoint","urlTemplate":"https:\/\/www.africa-press.net\/cameroun\/?s={search_term_string}"},"query-input":{"@type":"PropertyValueSpecification","valueRequired":true,"valueName":"search_term_string"}}],"inLanguage":"fr-FR"},{"@type":"Person","@id":"https:\/\/www.africa-press.net\/cameroun\/#\/schema\/person\/2b1cf3cd81a31e3cd26889ca66d677f1","name":"cfeditorfr"}]}},"_links":{"self":[{"href":"https:\/\/www.africa-press.net\/cameroun\/wp-json\/wp\/v2\/posts\/28871","targetHints":{"allow":["GET"]}}],"collection":[{"href":"https:\/\/www.africa-press.net\/cameroun\/wp-json\/wp\/v2\/posts"}],"about":[{"href":"https:\/\/www.africa-press.net\/cameroun\/wp-json\/wp\/v2\/types\/post"}],"author":[{"embeddable":true,"href":"https:\/\/www.africa-press.net\/cameroun\/wp-json\/wp\/v2\/users\/82"}],"replies":[{"embeddable":true,"href":"https:\/\/www.africa-press.net\/cameroun\/wp-json\/wp\/v2\/comments?post=28871"}],"version-history":[{"count":0,"href":"https:\/\/www.africa-press.net\/cameroun\/wp-json\/wp\/v2\/posts\/28871\/revisions"}],"wp:featuredmedia":[{"embeddable":true,"href":"https:\/\/www.africa-press.net\/cameroun\/wp-json\/wp\/v2\/media\/28870"}],"wp:attachment":[{"href":"https:\/\/www.africa-press.net\/cameroun\/wp-json\/wp\/v2\/media?parent=28871"}],"wp:term":[{"taxonomy":"category","embeddable":true,"href":"https:\/\/www.africa-press.net\/cameroun\/wp-json\/wp\/v2\/categories?post=28871"},{"taxonomy":"post_tag","embeddable":true,"href":"https:\/\/www.africa-press.net\/cameroun\/wp-json\/wp\/v2\/tags?post=28871"}],"curies":[{"name":"wp","href":"https:\/\/api.w.org\/{rel}","templated":true}]}}