{"id":28877,"date":"2022-10-06T19:20:09","date_gmt":"2022-10-06T19:20:09","guid":{"rendered":"https:\/\/www.africa-press.net\/cameroun\/politique\/cameroun-trafic-darmes-le-depute-kamssouloum-abba-kabir-reagit-aux-accusations"},"modified":"2022-10-06T20:52:38","modified_gmt":"2022-10-06T20:52:38","slug":"cameroun-trafic-darmes-le-depute-kamssouloum-abba-kabir-reagit-aux-accusations","status":"publish","type":"post","link":"https:\/\/www.africa-press.net\/cameroun\/toutes-les-actualites\/cameroun-trafic-darmes-le-depute-kamssouloum-abba-kabir-reagit-aux-accusations","title":{"rendered":"Cameroun-trafic d\u2019armes : le d\u00e9put\u00e9 Kamssouloum Abba Kabir r\u00e9agit aux accusations"},"content":{"rendered":"<p><span style=\"color: #ff6600\"><strong>Africa-Press &#8211; Cameroun. <\/strong><\/span><b>Le Parlementaire, membre de la Chambre basse, fait une de\u0301claration suite a\u0300 la publication d\u2019une correspondance impute\u0301e au pre\u0301sident de l\u2019Assemble\u0301e nationale. L\u2019auteur de la lettre traite le de\u0301pute\u0301 de dangereux trafiquant d\u2019armes de guerre.<\/b><\/p>\n<p>\u00ab Chers Amis, Chers Sympathisants<\/p>\n<p>Comme vous l\u2019avez certainement de\u0301ja\u0300 appris, une correspondance assez singulie\u0300re (voir copie ci-jointe), me concernant, a e\u0301te\u0301 signe\u0301e au nom du TRE\u0300S HONORABLE CAVAYE YEGUIE\u0301 DJIBRIL, PRE\u0301SIDENT DE L\u2019ASSEMBLE\u0301E NATIONALE DU CAMEROUN.<\/p>\n<p>En outre, contre toute attente et au me\u0301pris des re\u0300gles d\u2019usage, elle a e\u0301te\u0301 formellement adresse\u0301e au PRE\u0301SIDENT DU CONSEIL MILITAIRE DE TRANSITION, LE GE\u0301NE\u0301RAL MAHAMAT IDRISS DEBY ITNO, PRE\u0301SIDENT DE LA RE\u0301PUBLIQUE DU TCHAD.<\/p>\n<p>Cette de\u0301marche ine\u0301le\u0301gante prouve a\u0300 suffisance que la haine qui a anime\u0301 le ou les auteurs de ladite correspondance, est de loin supe\u0301rieure au suppose\u0301 de\u0301sir d\u2019informer sur mes \u00ab activite\u0301s criminelles \u00bb.<\/p>\n<p>Dans cette correspondance, je suis en substance de\u0301crit comme un dangereux trafiquant d\u2019armes de guerre qui profite des facilite\u0301s que m\u2019offre mon appartenance a\u0300 la communaute\u0301 Arabe Choa qui est suffisamment pre\u0301sente, de part et d\u2019autre de la frontie\u0300re Cameroun-Tchad, pour mettre en pe\u0301ril la se\u0301curite\u0301 et la paix.<\/p>\n<p>Suite a\u0300 ce montage grossier et outrageant et aux graves alle\u0301gations que ve\u0301hicule ce document, vous avez e\u0301te\u0301 tre\u0300s nombreux, aussi bien au Cameroun que dans plusieurs autres pays, a\u0300 exprimer votre indignation et a\u0300 me te\u0301moigner votre soutien. A\u0300 cette occasion, j\u2019ai de\u0301couvert, non sans surprise, l\u2019e\u0301tendue du capital de sympathie a\u0300 mon endroit, parfois par des personnes que je n\u2019ai pas pu malheureusement reconnai\u0302tre.<\/p>\n<p>Aussi, je tiens a\u0300 vous exprimer toute ma gratitude et vous rassurer que cette cabale qui, il faut le rappeler, n\u2019est qu\u2019une parmi tant d\u2019autres, n\u2019a pas affecte\u0301 ma se\u0301re\u0301nite\u0301, me\u0302me s\u2019il faut regretter la peine qu\u2019elle a provoque\u0301 chez des personnes sensibles qui me sont proches.<\/p>\n<p>Ceci e\u0301tant, je me re\u0301jouis que cette correspondance ait e\u0301te\u0301 de\u0301nonce\u0301e comme \u00ab FAKE \u00bb dans un communique\u0301, bien que de porte\u0301e ge\u0301ne\u0301rale, initie\u0301 par le Directeur du Cabinet du Pre\u0301sident de l\u2019Assemble\u0301e Nationale. (Voir copie ci-jointe)<\/p>\n<p>Toutefois, eu e\u0301gard a\u0300 la gravite\u0301 de l\u2019acte pose\u0301 et des faits incrimine\u0301s dont la re\u0301sonance va au-dela\u0300 de ma petite personne, bien que cette lettre ait fait l\u2019objet d\u2019une de\u0301nonciation officielle, j\u2019estime qu\u2019une enque\u0302te devrait e\u0302tre mene\u0301e, pour de\u0301busquer les de\u0301linquants qui, pour servir leurs inte\u0301re\u0302ts particuliers ou leurs desseins inavoue\u0301s, cherchent a\u0300 mettre a\u0300 mal une paix sociale fragile ainsi que les bonnes relations qui unissent le Cameroun et les pays fre\u0300res et voisins, notamment la Re\u0301publique du Tchad .<\/p>\n<p>C\u2019est, en re\u0301sume\u0301, le sentiment que m\u2019inspire ce malheureux document qui a cherche\u0301 a\u0300 ternir mon image et mon honorabilite\u0301 et surtout a\u0300 porter atteinte a\u0300 la dignite\u0301 de l\u2019Auguste Chambre qu\u2019est l\u2019Assemble\u0301e Nationale, incarne\u0301e depuis des de\u0301cennies par le TRE\u0300S HONORABLE CAVAYE YEGUIE\u0301 DJIBRIL. \u00bb<\/p>\n<p><b>Kamssouloum Abba Kabir<\/b><\/p>\n<p><strong>Pour plus d&rsquo;informations et d&rsquo;analyses sur la <a href=\"https:\/\/www.africa-press.net\/cameroun\">Cameroun<\/a>, suivez <a href=\"https:\/\/www.africa-press.net\/\">Africa-Press<\/a><\/strong><\/p>\n","protected":false},"excerpt":{"rendered":"<p>Africa-Press &#8211; Cameroun. Le Parlementaire, membre de la Chambre basse, fait une de\u0301claration suite a\u0300 la publication d\u2019une correspondance impute\u0301e au pre\u0301sident de l\u2019Assemble\u0301e nationale. L\u2019auteur de la lettre traite le de\u0301pute\u0301 de dangereux trafiquant d\u2019armes de guerre. \u00ab Chers Amis, Chers Sympathisants Comme vous l\u2019avez certainement de\u0301ja\u0300 appris, une correspondance assez singulie\u0300re (voir copie [&hellip;]<\/p>\n","protected":false},"author":82,"featured_media":28876,"comment_status":"open","ping_status":"closed","sticky":false,"template":"","format":"standard","meta":{"footnotes":""},"categories":[21,10],"tags":[36,50,49],"class_list":["post-28877","post","type-post","status-publish","format-standard","has-post-thumbnail","hentry","category-communaute","category-toutes-les-actualites","tag-africa-press","tag-africa-press-cameroun","tag-cameroun"],"yoast_head":"<!-- This site is optimized with the Yoast SEO Premium plugin v26.1 (Yoast SEO v27.0) - https:\/\/yoast.com\/product\/yoast-seo-premium-wordpress\/ -->\n<title>Cameroun-trafic d\u2019armes : le d\u00e9put\u00e9 Kamssouloum Abba Kabir r\u00e9agit aux accusations - Cameroun<\/title>\n<meta name=\"description\" content=\"Le Parlementaire, membre de la Chambre basse, fait une de\u0301claration suite a\u0300 la publication d\u2019une correspondance impu ...\" \/>\n<meta name=\"robots\" content=\"index, follow, max-snippet:-1, max-image-preview:large, max-video-preview:-1\" \/>\n<link rel=\"canonical\" href=\"https:\/\/www.africa-press.net\/cameroun\/toutes-les-actualites\/cameroun-trafic-darmes-le-depute-kamssouloum-abba-kabir-reagit-aux-accusations\" \/>\n<meta property=\"og:locale\" content=\"fr_FR\" \/>\n<meta property=\"og:type\" content=\"article\" \/>\n<meta property=\"og:title\" content=\"Cameroun-trafic d\u2019armes : le d\u00e9put\u00e9 Kamssouloum Abba Kabir r\u00e9agit aux accusations\" \/>\n<meta property=\"og:description\" content=\"Le Parlementaire, membre de la Chambre basse, fait une de\u0301claration suite a\u0300 la publication d\u2019une correspondance impu ...\" \/>\n<meta property=\"og:url\" content=\"https:\/\/www.africa-press.net\/cameroun\/toutes-les-actualites\/cameroun-trafic-darmes-le-depute-kamssouloum-abba-kabir-reagit-aux-accusations\" \/>\n<meta property=\"og:site_name\" content=\"Cameroun\" \/>\n<meta property=\"article:published_time\" content=\"2022-10-06T19:20:09+00:00\" \/>\n<meta property=\"article:modified_time\" content=\"2022-10-06T20:52:38+00:00\" \/>\n<meta property=\"og:image\" content=\"https:\/\/static.africa-press.net\/cameroun\/sites\/57\/2022\/10\/img-633f3feb7dfb3.jpg\" \/>\n\t<meta property=\"og:image:width\" content=\"800\" \/>\n\t<meta property=\"og:image:height\" content=\"450\" \/>\n\t<meta property=\"og:image:type\" content=\"image\/jpeg\" \/>\n<meta name=\"author\" content=\"cfeditorfr\" \/>\n<meta name=\"twitter:card\" content=\"summary_large_image\" \/>\n<meta name=\"twitter:label1\" content=\"\u00c9crit par\" \/>\n\t<meta name=\"twitter:data1\" content=\"cfeditorfr\" \/>\n\t<meta name=\"twitter:label2\" content=\"Dur\u00e9e de lecture estim\u00e9e\" \/>\n\t<meta name=\"twitter:data2\" content=\"3 minutes\" \/>\n<script type=\"application\/ld+json\" class=\"yoast-schema-graph\">{\"@context\":\"https:\/\/schema.org\",\"@graph\":[{\"@type\":\"Article\",\"@id\":\"https:\/\/www.africa-press.net\/cameroun\/toutes-les-actualites\/cameroun-trafic-darmes-le-depute-kamssouloum-abba-kabir-reagit-aux-accusations#article\",\"isPartOf\":{\"@id\":\"https:\/\/www.africa-press.net\/cameroun\/toutes-les-actualites\/cameroun-trafic-darmes-le-depute-kamssouloum-abba-kabir-reagit-aux-accusations\"},\"author\":{\"name\":\"cfeditorfr\",\"@id\":\"https:\/\/www.africa-press.net\/cameroun\/#\/schema\/person\/2b1cf3cd81a31e3cd26889ca66d677f1\"},\"headline\":\"Cameroun-trafic d\u2019armes : le d\u00e9put\u00e9 Kamssouloum Abba Kabir r\u00e9agit aux accusations\",\"datePublished\":\"2022-10-06T19:20:09+00:00\",\"dateModified\":\"2022-10-06T20:52:38+00:00\",\"mainEntityOfPage\":{\"@id\":\"https:\/\/www.africa-press.net\/cameroun\/toutes-les-actualites\/cameroun-trafic-darmes-le-depute-kamssouloum-abba-kabir-reagit-aux-accusations\"},\"wordCount\":595,\"commentCount\":0,\"image\":{\"@id\":\"https:\/\/www.africa-press.net\/cameroun\/toutes-les-actualites\/cameroun-trafic-darmes-le-depute-kamssouloum-abba-kabir-reagit-aux-accusations#primaryimage\"},\"thumbnailUrl\":\"https:\/\/static.africa-press.net\/cameroun\/sites\/57\/2022\/10\/img-633f3feb7dfb3.jpg\",\"keywords\":[\"Africa Press\",\"Africa Press-Cameroun\",\"Cameroun\"],\"articleSection\":[\"Communaut\u00e9\",\"Toutes les actualit\u00e9s\"],\"inLanguage\":\"fr-FR\",\"potentialAction\":[{\"@type\":\"CommentAction\",\"name\":\"Comment\",\"target\":[\"https:\/\/www.africa-press.net\/cameroun\/toutes-les-actualites\/cameroun-trafic-darmes-le-depute-kamssouloum-abba-kabir-reagit-aux-accusations#respond\"]}]},{\"@type\":\"WebPage\",\"@id\":\"https:\/\/www.africa-press.net\/cameroun\/toutes-les-actualites\/cameroun-trafic-darmes-le-depute-kamssouloum-abba-kabir-reagit-aux-accusations\",\"url\":\"https:\/\/www.africa-press.net\/cameroun\/toutes-les-actualites\/cameroun-trafic-darmes-le-depute-kamssouloum-abba-kabir-reagit-aux-accusations\",\"name\":\"Cameroun-trafic d\u2019armes : le d\u00e9put\u00e9 Kamssouloum Abba Kabir r\u00e9agit aux accusations - Cameroun\",\"isPartOf\":{\"@id\":\"https:\/\/www.africa-press.net\/cameroun\/#website\"},\"primaryImageOfPage\":{\"@id\":\"https:\/\/www.africa-press.net\/cameroun\/toutes-les-actualites\/cameroun-trafic-darmes-le-depute-kamssouloum-abba-kabir-reagit-aux-accusations#primaryimage\"},\"image\":{\"@id\":\"https:\/\/www.africa-press.net\/cameroun\/toutes-les-actualites\/cameroun-trafic-darmes-le-depute-kamssouloum-abba-kabir-reagit-aux-accusations#primaryimage\"},\"thumbnailUrl\":\"https:\/\/static.africa-press.net\/cameroun\/sites\/57\/2022\/10\/img-633f3feb7dfb3.jpg\",\"datePublished\":\"2022-10-06T19:20:09+00:00\",\"dateModified\":\"2022-10-06T20:52:38+00:00\",\"author\":{\"@id\":\"https:\/\/www.africa-press.net\/cameroun\/#\/schema\/person\/2b1cf3cd81a31e3cd26889ca66d677f1\"},\"description\":\"Le Parlementaire, membre de la Chambre basse, fait une de\u0301claration suite a\u0300 la publication d\u2019une correspondance impu ...\",\"breadcrumb\":{\"@id\":\"https:\/\/www.africa-press.net\/cameroun\/toutes-les-actualites\/cameroun-trafic-darmes-le-depute-kamssouloum-abba-kabir-reagit-aux-accusations#breadcrumb\"},\"inLanguage\":\"fr-FR\",\"potentialAction\":[{\"@type\":\"ReadAction\",\"target\":[\"https:\/\/www.africa-press.net\/cameroun\/toutes-les-actualites\/cameroun-trafic-darmes-le-depute-kamssouloum-abba-kabir-reagit-aux-accusations\"]}]},{\"@type\":\"ImageObject\",\"inLanguage\":\"fr-FR\",\"@id\":\"https:\/\/www.africa-press.net\/cameroun\/toutes-les-actualites\/cameroun-trafic-darmes-le-depute-kamssouloum-abba-kabir-reagit-aux-accusations#primaryimage\",\"url\":\"https:\/\/static.africa-press.net\/cameroun\/sites\/57\/2022\/10\/img-633f3feb7dfb3.jpg\",\"contentUrl\":\"https:\/\/static.africa-press.net\/cameroun\/sites\/57\/2022\/10\/img-633f3feb7dfb3.jpg\",\"width\":800,\"height\":450,\"caption\":\"Cameroun-trafic d\u2019armes : le d\u00e9put\u00e9 Kamssouloum Abba Kabir r\u00e9agit aux accusations\"},{\"@type\":\"BreadcrumbList\",\"@id\":\"https:\/\/www.africa-press.net\/cameroun\/toutes-les-actualites\/cameroun-trafic-darmes-le-depute-kamssouloum-abba-kabir-reagit-aux-accusations#breadcrumb\",\"itemListElement\":[{\"@type\":\"ListItem\",\"position\":1,\"name\":\"Accueil\",\"item\":\"https:\/\/www.africa-press.net\/cameroun\/\"},{\"@type\":\"ListItem\",\"position\":2,\"name\":\"Cameroun-trafic d\u2019armes : le d\u00e9put\u00e9 Kamssouloum Abba Kabir r\u00e9agit aux accusations\"}]},{\"@type\":\"WebSite\",\"@id\":\"https:\/\/www.africa-press.net\/cameroun\/#website\",\"url\":\"https:\/\/www.africa-press.net\/cameroun\/\",\"name\":\"Cameroun\",\"description\":\"Just another Africa News Agency Sites site\",\"potentialAction\":[{\"@type\":\"SearchAction\",\"target\":{\"@type\":\"EntryPoint\",\"urlTemplate\":\"https:\/\/www.africa-press.net\/cameroun\/?s={search_term_string}\"},\"query-input\":{\"@type\":\"PropertyValueSpecification\",\"valueRequired\":true,\"valueName\":\"search_term_string\"}}],\"inLanguage\":\"fr-FR\"},{\"@type\":\"Person\",\"@id\":\"https:\/\/www.africa-press.net\/cameroun\/#\/schema\/person\/2b1cf3cd81a31e3cd26889ca66d677f1\",\"name\":\"cfeditorfr\"}]}<\/script>\n<!-- \/ Yoast SEO Premium plugin. -->","yoast_head_json":{"title":"Cameroun-trafic d\u2019armes : le d\u00e9put\u00e9 Kamssouloum Abba Kabir r\u00e9agit aux accusations - Cameroun","description":"Le Parlementaire, membre de la Chambre basse, fait une de\u0301claration suite a\u0300 la publication d\u2019une correspondance impu ...","robots":{"index":"index","follow":"follow","max-snippet":"max-snippet:-1","max-image-preview":"max-image-preview:large","max-video-preview":"max-video-preview:-1"},"canonical":"https:\/\/www.africa-press.net\/cameroun\/toutes-les-actualites\/cameroun-trafic-darmes-le-depute-kamssouloum-abba-kabir-reagit-aux-accusations","og_locale":"fr_FR","og_type":"article","og_title":"Cameroun-trafic d\u2019armes : le d\u00e9put\u00e9 Kamssouloum Abba Kabir r\u00e9agit aux accusations","og_description":"Le Parlementaire, membre de la Chambre basse, fait une de\u0301claration suite a\u0300 la publication d\u2019une correspondance impu ...","og_url":"https:\/\/www.africa-press.net\/cameroun\/toutes-les-actualites\/cameroun-trafic-darmes-le-depute-kamssouloum-abba-kabir-reagit-aux-accusations","og_site_name":"Cameroun","article_published_time":"2022-10-06T19:20:09+00:00","article_modified_time":"2022-10-06T20:52:38+00:00","og_image":[{"width":800,"height":450,"url":"https:\/\/static.africa-press.net\/cameroun\/sites\/57\/2022\/10\/img-633f3feb7dfb3.jpg","type":"image\/jpeg"}],"author":"cfeditorfr","twitter_card":"summary_large_image","twitter_misc":{"\u00c9crit par":"cfeditorfr","Dur\u00e9e de lecture estim\u00e9e":"3 minutes"},"schema":{"@context":"https:\/\/schema.org","@graph":[{"@type":"Article","@id":"https:\/\/www.africa-press.net\/cameroun\/toutes-les-actualites\/cameroun-trafic-darmes-le-depute-kamssouloum-abba-kabir-reagit-aux-accusations#article","isPartOf":{"@id":"https:\/\/www.africa-press.net\/cameroun\/toutes-les-actualites\/cameroun-trafic-darmes-le-depute-kamssouloum-abba-kabir-reagit-aux-accusations"},"author":{"name":"cfeditorfr","@id":"https:\/\/www.africa-press.net\/cameroun\/#\/schema\/person\/2b1cf3cd81a31e3cd26889ca66d677f1"},"headline":"Cameroun-trafic d\u2019armes : le d\u00e9put\u00e9 Kamssouloum Abba Kabir r\u00e9agit aux accusations","datePublished":"2022-10-06T19:20:09+00:00","dateModified":"2022-10-06T20:52:38+00:00","mainEntityOfPage":{"@id":"https:\/\/www.africa-press.net\/cameroun\/toutes-les-actualites\/cameroun-trafic-darmes-le-depute-kamssouloum-abba-kabir-reagit-aux-accusations"},"wordCount":595,"commentCount":0,"image":{"@id":"https:\/\/www.africa-press.net\/cameroun\/toutes-les-actualites\/cameroun-trafic-darmes-le-depute-kamssouloum-abba-kabir-reagit-aux-accusations#primaryimage"},"thumbnailUrl":"https:\/\/static.africa-press.net\/cameroun\/sites\/57\/2022\/10\/img-633f3feb7dfb3.jpg","keywords":["Africa Press","Africa Press-Cameroun","Cameroun"],"articleSection":["Communaut\u00e9","Toutes les actualit\u00e9s"],"inLanguage":"fr-FR","potentialAction":[{"@type":"CommentAction","name":"Comment","target":["https:\/\/www.africa-press.net\/cameroun\/toutes-les-actualites\/cameroun-trafic-darmes-le-depute-kamssouloum-abba-kabir-reagit-aux-accusations#respond"]}]},{"@type":"WebPage","@id":"https:\/\/www.africa-press.net\/cameroun\/toutes-les-actualites\/cameroun-trafic-darmes-le-depute-kamssouloum-abba-kabir-reagit-aux-accusations","url":"https:\/\/www.africa-press.net\/cameroun\/toutes-les-actualites\/cameroun-trafic-darmes-le-depute-kamssouloum-abba-kabir-reagit-aux-accusations","name":"Cameroun-trafic d\u2019armes : le d\u00e9put\u00e9 Kamssouloum Abba Kabir r\u00e9agit aux accusations - Cameroun","isPartOf":{"@id":"https:\/\/www.africa-press.net\/cameroun\/#website"},"primaryImageOfPage":{"@id":"https:\/\/www.africa-press.net\/cameroun\/toutes-les-actualites\/cameroun-trafic-darmes-le-depute-kamssouloum-abba-kabir-reagit-aux-accusations#primaryimage"},"image":{"@id":"https:\/\/www.africa-press.net\/cameroun\/toutes-les-actualites\/cameroun-trafic-darmes-le-depute-kamssouloum-abba-kabir-reagit-aux-accusations#primaryimage"},"thumbnailUrl":"https:\/\/static.africa-press.net\/cameroun\/sites\/57\/2022\/10\/img-633f3feb7dfb3.jpg","datePublished":"2022-10-06T19:20:09+00:00","dateModified":"2022-10-06T20:52:38+00:00","author":{"@id":"https:\/\/www.africa-press.net\/cameroun\/#\/schema\/person\/2b1cf3cd81a31e3cd26889ca66d677f1"},"description":"Le Parlementaire, membre de la Chambre basse, fait une de\u0301claration suite a\u0300 la publication d\u2019une correspondance impu ...","breadcrumb":{"@id":"https:\/\/www.africa-press.net\/cameroun\/toutes-les-actualites\/cameroun-trafic-darmes-le-depute-kamssouloum-abba-kabir-reagit-aux-accusations#breadcrumb"},"inLanguage":"fr-FR","potentialAction":[{"@type":"ReadAction","target":["https:\/\/www.africa-press.net\/cameroun\/toutes-les-actualites\/cameroun-trafic-darmes-le-depute-kamssouloum-abba-kabir-reagit-aux-accusations"]}]},{"@type":"ImageObject","inLanguage":"fr-FR","@id":"https:\/\/www.africa-press.net\/cameroun\/toutes-les-actualites\/cameroun-trafic-darmes-le-depute-kamssouloum-abba-kabir-reagit-aux-accusations#primaryimage","url":"https:\/\/static.africa-press.net\/cameroun\/sites\/57\/2022\/10\/img-633f3feb7dfb3.jpg","contentUrl":"https:\/\/static.africa-press.net\/cameroun\/sites\/57\/2022\/10\/img-633f3feb7dfb3.jpg","width":800,"height":450,"caption":"Cameroun-trafic d\u2019armes : le d\u00e9put\u00e9 Kamssouloum Abba Kabir r\u00e9agit aux accusations"},{"@type":"BreadcrumbList","@id":"https:\/\/www.africa-press.net\/cameroun\/toutes-les-actualites\/cameroun-trafic-darmes-le-depute-kamssouloum-abba-kabir-reagit-aux-accusations#breadcrumb","itemListElement":[{"@type":"ListItem","position":1,"name":"Accueil","item":"https:\/\/www.africa-press.net\/cameroun\/"},{"@type":"ListItem","position":2,"name":"Cameroun-trafic d\u2019armes : le d\u00e9put\u00e9 Kamssouloum Abba Kabir r\u00e9agit aux accusations"}]},{"@type":"WebSite","@id":"https:\/\/www.africa-press.net\/cameroun\/#website","url":"https:\/\/www.africa-press.net\/cameroun\/","name":"Cameroun","description":"Just another Africa News Agency Sites site","potentialAction":[{"@type":"SearchAction","target":{"@type":"EntryPoint","urlTemplate":"https:\/\/www.africa-press.net\/cameroun\/?s={search_term_string}"},"query-input":{"@type":"PropertyValueSpecification","valueRequired":true,"valueName":"search_term_string"}}],"inLanguage":"fr-FR"},{"@type":"Person","@id":"https:\/\/www.africa-press.net\/cameroun\/#\/schema\/person\/2b1cf3cd81a31e3cd26889ca66d677f1","name":"cfeditorfr"}]}},"_links":{"self":[{"href":"https:\/\/www.africa-press.net\/cameroun\/wp-json\/wp\/v2\/posts\/28877","targetHints":{"allow":["GET"]}}],"collection":[{"href":"https:\/\/www.africa-press.net\/cameroun\/wp-json\/wp\/v2\/posts"}],"about":[{"href":"https:\/\/www.africa-press.net\/cameroun\/wp-json\/wp\/v2\/types\/post"}],"author":[{"embeddable":true,"href":"https:\/\/www.africa-press.net\/cameroun\/wp-json\/wp\/v2\/users\/82"}],"replies":[{"embeddable":true,"href":"https:\/\/www.africa-press.net\/cameroun\/wp-json\/wp\/v2\/comments?post=28877"}],"version-history":[{"count":0,"href":"https:\/\/www.africa-press.net\/cameroun\/wp-json\/wp\/v2\/posts\/28877\/revisions"}],"wp:featuredmedia":[{"embeddable":true,"href":"https:\/\/www.africa-press.net\/cameroun\/wp-json\/wp\/v2\/media\/28876"}],"wp:attachment":[{"href":"https:\/\/www.africa-press.net\/cameroun\/wp-json\/wp\/v2\/media?parent=28877"}],"wp:term":[{"taxonomy":"category","embeddable":true,"href":"https:\/\/www.africa-press.net\/cameroun\/wp-json\/wp\/v2\/categories?post=28877"},{"taxonomy":"post_tag","embeddable":true,"href":"https:\/\/www.africa-press.net\/cameroun\/wp-json\/wp\/v2\/tags?post=28877"}],"curies":[{"name":"wp","href":"https:\/\/api.w.org\/{rel}","templated":true}]}}