{"id":2888,"date":"2021-04-30T20:05:13","date_gmt":"2021-04-30T20:05:13","guid":{"rendered":"https:\/\/www.africa-press.net\/cameroun\/politique\/cameroun-agression-des-journalistes-de-canal-2-par-les-agents-communaux-la-chaine-exige-une-reaction-forte-des-autorites"},"modified":"2021-04-30T21:17:22","modified_gmt":"2021-04-30T21:17:22","slug":"cameroun-agression-des-journalistes-de-canal-2-par-les-agents-communaux-la-chaine-exige-une-reaction-forte-des-autorites","status":"publish","type":"post","link":"https:\/\/www.africa-press.net\/cameroun\/politique\/cameroun-agression-des-journalistes-de-canal-2-par-les-agents-communaux-la-chaine-exige-une-reaction-forte-des-autorites","title":{"rendered":"Cameroun &#8211; Agression des journalistes de Canal 2 par les agents communaux: La cha\u00eene exige une r\u00e9action forte des autorit\u00e9s"},"content":{"rendered":"<p><span style=\"color: #ff6600\"><strong><a href=\"https:\/\/www.africa-press.net\/\">Africa-Press<\/a> &#8211; <a href=\"https:\/\/www.africa-press.net\/cameroun\">Cameroun<\/a>. <\/strong><\/span><b>Canal 2 International &#8211; <\/b>n\u2019entend pas se laisser faire ! La communaut\u00e9 des r\u00e9dacteurs de la cha\u00eene priv\u00e9e a publi\u00e9, ce 30 avril 2021 une d\u00e9claration suite \u00e0 l\u2019agression d\u2019une \u00e9quipe de reportage hier par les agents de la commune de Yaound\u00e9 5\u00e8.<\/p>\n<p>Apr\u00e8s avoir relat\u00e9 les faits tels qu\u2019ils se sont produits, les signataires de la d\u00e9claration en appellent \u00e0 une r\u00e9action forte des autorit\u00e9s.<\/p>\n<p><b>\u00abLa soci\u00e9t\u00e9 des r\u00e9dacteurs de Canal 2 International d\u00e9nonce avec la derni\u00e8re \u00e9nergie, ces actes d&rsquo;une rare violence et humiliants pour la personne humaine, attentatoire \u00e0 libert\u00e9 de la presse, hostile au droit \u00e0 l&rsquo;information du citoyen. Elle exige des autorit\u00e9s de la R\u00e9publique, le r\u00e9tablissement de nos coll\u00e8gues bless\u00e9s et humili\u00e9s dans leur dignit\u00e9 d&rsquo;homme mais aussi des actes visant la r\u00e9habilitation de la respectabilit\u00e9 de Canal 2 International, soustrait depuis pr\u00e8s de 24 heures \u00e0 son \u00e9quipement. Se r\u00e9serve le droit d&rsquo;apporter des suites judiciaires, tant au p\u00e9nal qu&rsquo;au civil, \u00e0 cette odieuse affaire indigne d&rsquo;une \u00ab\u00a0police\u00a0\u00bb dite municipale\u00bb<\/b>, lit-on.<\/p>\n<p><b>Ci-dessous, l\u2019int\u00e9gralit\u00e9 de la d\u00e9claration:<\/b><\/p>\n<p>La soci\u00e9t\u00e9 des r\u00e9dacteurs de Canal 2 International d\u00e9nonce !<\/p>\n<p>Hier, jeudi 29 avril 2021, une \u00e9quipe de reporters de Canal 2 International, compos\u00e9e de Hycenth Chia, journaliste, Bertrand Tsasse, preneur d&rsquo;images et S\u00e9v\u00e9rin Fotso, chauffeur a \u00e9t\u00e9 commise \u00e0 la couverture d&rsquo;une manifestation \u00e9maill\u00e9e de vives altercations entre conducteurs de motos-taxi et agents de la commune de Yaound\u00e9 5e. Rendue sur place dans les locaux de cette mairie sis au quartier Essos, l&rsquo;\u00e9quipe de reporters, le journaliste et le cameraman, ont entrepris des d\u00e9marches en vue de rencontrer le maire ou toute autre source autoris\u00e9e. Il leur a \u00e9t\u00e9 oppos\u00e9 une fin de non-recevoir, au cabinet de l&rsquo;\u00e9dile municipal, Augustin Bala, qui va leur faire dire qu&rsquo;il s&rsquo;exprimera sur la question plus tard. Les deux reporters ont alors rebrouss\u00e9 chemin.<\/p>\n<p>C&rsquo;est sur ces entrefaits qu&rsquo;un agent pr\u00e9pos\u00e9 \u00e0 la s\u00e9curit\u00e9 du b\u00e2timent, venu \u00e0 leur rencontre, s&rsquo;est propos\u00e9 volontairement de relater les faits face camera. Une aubaine pour tout reporter en situation de collecte. Mais alors que l&rsquo;\u00e9quipe se pr\u00e9parait \u00e0 d\u00e9marrer le tournage, une horde de gros bras de la mairie, en furie, leur est tomb\u00e9e dessus ; saisissant brutalement micro et camera. Par r\u00e9flexe professionnel, le cameraman, Bertrand Tsasse a voulu prot\u00e9ger son \u00e9quipement. Une attitude qui lui a valu d&rsquo;\u00eatre copieusement bastonn\u00e9. Sa cam\u00e9ra endommag\u00e9e, a \u00e9t\u00e9 dans la foul\u00e9e, confisqu\u00e9e. Il s&rsquo;en sort avec des l\u00e8vres tum\u00e9fi\u00e9es, une dent cass\u00e9e, sa tenue d\u00e9chir\u00e9e et baignant dans du sang.<\/p>\n<p>Concomitamment, Hycent Chia, le journaliste, a re\u00e7u des gifles apr\u00e8s de longues minutes de brimade comme l&rsquo;atteste une vid\u00e9o surr\u00e9aliste tourn\u00e9e par ses bourreaux eux-m\u00eames et en circulation sur les r\u00e9seaux sociaux. Il lui est reproch\u00e9 ainsi qu\u2019\u00e0 toute l&rsquo;\u00e9quipe, de rameuter la foule des conducteurs de moto d\u00e9j\u00e0 calmes en cette fin d&rsquo;une journ\u00e9e de tumultes pour la commune. Une grossi\u00e8re accusation qui cache mal la g\u00eane de la mairie de voir la presse s&rsquo;int\u00e9resser \u00e0 cette affaire.<\/p>\n<p>Alert\u00e9 par les \u00e9quipes, le r\u00e9dacteur-en-chef d\u00e9l\u00e9gu\u00e9 \u00e0 Yaound\u00e9 venu s&rsquo;enqu\u00e9rir de la situation \u00e0 la mairie, a \u00e9t\u00e9 menac\u00e9 d\u2019expulsion manu militari. Face \u00e0 cette hostilit\u00e9, Rodrigue Tongu\u00e9 ressorti du b\u00e2timent a contact\u00e9 par appel t\u00e9l\u00e9phonique, le ma\u00eetre des lieux. Le maire Augustin Bala s&rsquo;est content\u00e9 de lui r\u00e9pondre que nos \u00e9quipes n&rsquo;avaient pas \u00e0 se retrouver l\u00e0. Laissant sans suite, notre requ\u00eate pour la restitution de la camera et les mesures urgentes \u00e0 prendre pour la s\u00e9curit\u00e9 de l&rsquo;\u00e9quipe brutalis\u00e9e par ses agents.<\/p>\n<p>La soci\u00e9t\u00e9 des r\u00e9dacteurs de Canal 2 International d\u00e9nonce avec la derni\u00e8re \u00e9nergie, ces actes d&rsquo;une rare violence et humiliants pour la personne humaine, attentatoire \u00e0 libert\u00e9 de la presse, hostile au droit \u00e0 l&rsquo;information du citoyen. Elle exige des autorit\u00e9s de la R\u00e9publique, le r\u00e9tablissement de nos coll\u00e8gues bless\u00e9s et humili\u00e9s dans leur dignit\u00e9 d&rsquo;homme mais aussi des actes visant la r\u00e9habilitation de la respectabilit\u00e9 de Canal 2 International, soustrait depuis pr\u00e8s de 24 heures \u00e0 son \u00e9quipement. Se r\u00e9serve le droit d&rsquo;apporter des suites judiciaires, tant au p\u00e9nal qu&rsquo;au civil, \u00e0 cette odieuse affaire indigne d&rsquo;une \u00ab\u00a0police\u00a0\u00bb dite municipale.<\/p>\n<p><b>Les r\u00e9dacteurs de Canal 2 International<\/b><\/p>\n","protected":false},"excerpt":{"rendered":"<p>Africa-Press &#8211; Cameroun. Canal 2 International &#8211; n\u2019entend pas se laisser faire ! La communaut\u00e9 des r\u00e9dacteurs de la cha\u00eene priv\u00e9e a publi\u00e9, ce 30 avril 2021 une d\u00e9claration suite \u00e0 l\u2019agression d\u2019une \u00e9quipe de reportage hier par les agents de la commune de Yaound\u00e9 5\u00e8. Apr\u00e8s avoir relat\u00e9 les faits tels qu\u2019ils se sont [&hellip;]<\/p>\n","protected":false},"author":82,"featured_media":2886,"comment_status":"open","ping_status":"closed","sticky":false,"template":"","format":"standard","meta":{"footnotes":""},"categories":[11,2,10],"tags":[36,50,49],"class_list":["post-2888","post","type-post","status-publish","format-standard","has-post-thumbnail","hentry","category-homepage-french","category-politique","category-toutes-les-actualites","tag-africa-press","tag-africa-press-cameroun","tag-cameroun"],"yoast_head":"<!-- This site is optimized with the Yoast SEO Premium plugin v26.1 (Yoast SEO v27.0) - https:\/\/yoast.com\/product\/yoast-seo-premium-wordpress\/ -->\n<title>Cameroun - Agression des journalistes de Canal 2 par les agents communaux: La cha\u00eene exige une r\u00e9action forte des autorit\u00e9s - Cameroun<\/title>\n<meta name=\"description\" content=\"Canal 2 International n\u2019entend pas se laisser faire ! La communaut\u00e9 des r\u00e9dacteurs de la cha\u00eene priv\u00e9e a publi\u00e9, ...\" \/>\n<meta name=\"robots\" content=\"index, follow, max-snippet:-1, max-image-preview:large, max-video-preview:-1\" \/>\n<link rel=\"canonical\" href=\"https:\/\/www.africa-press.net\/cameroun\/politique\/cameroun-agression-des-journalistes-de-canal-2-par-les-agents-communaux-la-chaine-exige-une-reaction-forte-des-autorites\" \/>\n<meta property=\"og:locale\" content=\"fr_FR\" \/>\n<meta property=\"og:type\" content=\"article\" \/>\n<meta property=\"og:title\" content=\"Cameroun - Agression des journalistes de Canal 2 par les agents communaux: La cha\u00eene exige une r\u00e9action forte des autorit\u00e9s\" \/>\n<meta property=\"og:description\" content=\"Canal 2 International n\u2019entend pas se laisser faire ! La communaut\u00e9 des r\u00e9dacteurs de la cha\u00eene priv\u00e9e a publi\u00e9, ...\" \/>\n<meta property=\"og:url\" content=\"https:\/\/www.africa-press.net\/cameroun\/politique\/cameroun-agression-des-journalistes-de-canal-2-par-les-agents-communaux-la-chaine-exige-une-reaction-forte-des-autorites\" \/>\n<meta property=\"og:site_name\" content=\"Cameroun\" \/>\n<meta property=\"article:published_time\" content=\"2021-04-30T20:05:13+00:00\" \/>\n<meta property=\"article:modified_time\" content=\"2021-04-30T21:17:22+00:00\" \/>\n<meta property=\"og:image\" content=\"https:\/\/static.africa-press.net\/cameroun\/sites\/57\/2021\/04\/img-608c739239dc7.jpg\" \/>\n\t<meta property=\"og:image:width\" content=\"800\" \/>\n\t<meta property=\"og:image:height\" content=\"523\" \/>\n\t<meta property=\"og:image:type\" content=\"image\/jpeg\" \/>\n<meta name=\"author\" content=\"cfeditorfr\" \/>\n<meta name=\"twitter:card\" content=\"summary_large_image\" \/>\n<meta name=\"twitter:label1\" content=\"\u00c9crit par\" \/>\n\t<meta name=\"twitter:data1\" content=\"cfeditorfr\" \/>\n\t<meta name=\"twitter:label2\" content=\"Dur\u00e9e de lecture estim\u00e9e\" \/>\n\t<meta name=\"twitter:data2\" content=\"4 minutes\" \/>\n<script type=\"application\/ld+json\" class=\"yoast-schema-graph\">{\"@context\":\"https:\/\/schema.org\",\"@graph\":[{\"@type\":\"Article\",\"@id\":\"https:\/\/www.africa-press.net\/cameroun\/politique\/cameroun-agression-des-journalistes-de-canal-2-par-les-agents-communaux-la-chaine-exige-une-reaction-forte-des-autorites#article\",\"isPartOf\":{\"@id\":\"https:\/\/www.africa-press.net\/cameroun\/politique\/cameroun-agression-des-journalistes-de-canal-2-par-les-agents-communaux-la-chaine-exige-une-reaction-forte-des-autorites\"},\"author\":{\"name\":\"cfeditorfr\",\"@id\":\"https:\/\/www.africa-press.net\/cameroun\/#\/schema\/person\/2b1cf3cd81a31e3cd26889ca66d677f1\"},\"headline\":\"Cameroun &#8211; Agression des journalistes de Canal 2 par les agents communaux: La cha\u00eene exige une r\u00e9action forte des autorit\u00e9s\",\"datePublished\":\"2021-04-30T20:05:13+00:00\",\"dateModified\":\"2021-04-30T21:17:22+00:00\",\"mainEntityOfPage\":{\"@id\":\"https:\/\/www.africa-press.net\/cameroun\/politique\/cameroun-agression-des-journalistes-de-canal-2-par-les-agents-communaux-la-chaine-exige-une-reaction-forte-des-autorites\"},\"wordCount\":802,\"commentCount\":0,\"image\":{\"@id\":\"https:\/\/www.africa-press.net\/cameroun\/politique\/cameroun-agression-des-journalistes-de-canal-2-par-les-agents-communaux-la-chaine-exige-une-reaction-forte-des-autorites#primaryimage\"},\"thumbnailUrl\":\"https:\/\/static.africa-press.net\/cameroun\/sites\/57\/2021\/04\/img-608c739239dc7.jpg\",\"keywords\":[\"Africa Press\",\"Africa Press-Cameroun\",\"Cameroun\"],\"articleSection\":[\"homepage-french\",\"Politique\",\"Toutes les actualit\u00e9s\"],\"inLanguage\":\"fr-FR\",\"potentialAction\":[{\"@type\":\"CommentAction\",\"name\":\"Comment\",\"target\":[\"https:\/\/www.africa-press.net\/cameroun\/politique\/cameroun-agression-des-journalistes-de-canal-2-par-les-agents-communaux-la-chaine-exige-une-reaction-forte-des-autorites#respond\"]}]},{\"@type\":\"WebPage\",\"@id\":\"https:\/\/www.africa-press.net\/cameroun\/politique\/cameroun-agression-des-journalistes-de-canal-2-par-les-agents-communaux-la-chaine-exige-une-reaction-forte-des-autorites\",\"url\":\"https:\/\/www.africa-press.net\/cameroun\/politique\/cameroun-agression-des-journalistes-de-canal-2-par-les-agents-communaux-la-chaine-exige-une-reaction-forte-des-autorites\",\"name\":\"Cameroun - Agression des journalistes de Canal 2 par les agents communaux: La cha\u00eene exige une r\u00e9action forte des autorit\u00e9s - Cameroun\",\"isPartOf\":{\"@id\":\"https:\/\/www.africa-press.net\/cameroun\/#website\"},\"primaryImageOfPage\":{\"@id\":\"https:\/\/www.africa-press.net\/cameroun\/politique\/cameroun-agression-des-journalistes-de-canal-2-par-les-agents-communaux-la-chaine-exige-une-reaction-forte-des-autorites#primaryimage\"},\"image\":{\"@id\":\"https:\/\/www.africa-press.net\/cameroun\/politique\/cameroun-agression-des-journalistes-de-canal-2-par-les-agents-communaux-la-chaine-exige-une-reaction-forte-des-autorites#primaryimage\"},\"thumbnailUrl\":\"https:\/\/static.africa-press.net\/cameroun\/sites\/57\/2021\/04\/img-608c739239dc7.jpg\",\"datePublished\":\"2021-04-30T20:05:13+00:00\",\"dateModified\":\"2021-04-30T21:17:22+00:00\",\"author\":{\"@id\":\"https:\/\/www.africa-press.net\/cameroun\/#\/schema\/person\/2b1cf3cd81a31e3cd26889ca66d677f1\"},\"description\":\"Canal 2 International n\u2019entend pas se laisser faire ! La communaut\u00e9 des r\u00e9dacteurs de la cha\u00eene priv\u00e9e a publi\u00e9, ...\",\"breadcrumb\":{\"@id\":\"https:\/\/www.africa-press.net\/cameroun\/politique\/cameroun-agression-des-journalistes-de-canal-2-par-les-agents-communaux-la-chaine-exige-une-reaction-forte-des-autorites#breadcrumb\"},\"inLanguage\":\"fr-FR\",\"potentialAction\":[{\"@type\":\"ReadAction\",\"target\":[\"https:\/\/www.africa-press.net\/cameroun\/politique\/cameroun-agression-des-journalistes-de-canal-2-par-les-agents-communaux-la-chaine-exige-une-reaction-forte-des-autorites\"]}]},{\"@type\":\"ImageObject\",\"inLanguage\":\"fr-FR\",\"@id\":\"https:\/\/www.africa-press.net\/cameroun\/politique\/cameroun-agression-des-journalistes-de-canal-2-par-les-agents-communaux-la-chaine-exige-une-reaction-forte-des-autorites#primaryimage\",\"url\":\"https:\/\/static.africa-press.net\/cameroun\/sites\/57\/2021\/04\/img-608c739239dc7.jpg\",\"contentUrl\":\"https:\/\/static.africa-press.net\/cameroun\/sites\/57\/2021\/04\/img-608c739239dc7.jpg\",\"width\":800,\"height\":523,\"caption\":\"Cameroun - Agression des journalistes de Canal 2 par les agents communaux: La cha\u00eene exige une r\u00e9action forte des autorit\u00e9s\"},{\"@type\":\"BreadcrumbList\",\"@id\":\"https:\/\/www.africa-press.net\/cameroun\/politique\/cameroun-agression-des-journalistes-de-canal-2-par-les-agents-communaux-la-chaine-exige-une-reaction-forte-des-autorites#breadcrumb\",\"itemListElement\":[{\"@type\":\"ListItem\",\"position\":1,\"name\":\"Accueil\",\"item\":\"https:\/\/www.africa-press.net\/cameroun\/\"},{\"@type\":\"ListItem\",\"position\":2,\"name\":\"Cameroun &#8211; Agression des journalistes de Canal 2 par les agents communaux: La cha\u00eene exige une r\u00e9action forte des autorit\u00e9s\"}]},{\"@type\":\"WebSite\",\"@id\":\"https:\/\/www.africa-press.net\/cameroun\/#website\",\"url\":\"https:\/\/www.africa-press.net\/cameroun\/\",\"name\":\"Cameroun\",\"description\":\"Just another Africa News Agency Sites site\",\"potentialAction\":[{\"@type\":\"SearchAction\",\"target\":{\"@type\":\"EntryPoint\",\"urlTemplate\":\"https:\/\/www.africa-press.net\/cameroun\/?s={search_term_string}\"},\"query-input\":{\"@type\":\"PropertyValueSpecification\",\"valueRequired\":true,\"valueName\":\"search_term_string\"}}],\"inLanguage\":\"fr-FR\"},{\"@type\":\"Person\",\"@id\":\"https:\/\/www.africa-press.net\/cameroun\/#\/schema\/person\/2b1cf3cd81a31e3cd26889ca66d677f1\",\"name\":\"cfeditorfr\"}]}<\/script>\n<!-- \/ Yoast SEO Premium plugin. -->","yoast_head_json":{"title":"Cameroun - Agression des journalistes de Canal 2 par les agents communaux: La cha\u00eene exige une r\u00e9action forte des autorit\u00e9s - Cameroun","description":"Canal 2 International n\u2019entend pas se laisser faire ! La communaut\u00e9 des r\u00e9dacteurs de la cha\u00eene priv\u00e9e a publi\u00e9, ...","robots":{"index":"index","follow":"follow","max-snippet":"max-snippet:-1","max-image-preview":"max-image-preview:large","max-video-preview":"max-video-preview:-1"},"canonical":"https:\/\/www.africa-press.net\/cameroun\/politique\/cameroun-agression-des-journalistes-de-canal-2-par-les-agents-communaux-la-chaine-exige-une-reaction-forte-des-autorites","og_locale":"fr_FR","og_type":"article","og_title":"Cameroun - Agression des journalistes de Canal 2 par les agents communaux: La cha\u00eene exige une r\u00e9action forte des autorit\u00e9s","og_description":"Canal 2 International n\u2019entend pas se laisser faire ! La communaut\u00e9 des r\u00e9dacteurs de la cha\u00eene priv\u00e9e a publi\u00e9, ...","og_url":"https:\/\/www.africa-press.net\/cameroun\/politique\/cameroun-agression-des-journalistes-de-canal-2-par-les-agents-communaux-la-chaine-exige-une-reaction-forte-des-autorites","og_site_name":"Cameroun","article_published_time":"2021-04-30T20:05:13+00:00","article_modified_time":"2021-04-30T21:17:22+00:00","og_image":[{"width":800,"height":523,"url":"https:\/\/static.africa-press.net\/cameroun\/sites\/57\/2021\/04\/img-608c739239dc7.jpg","type":"image\/jpeg"}],"author":"cfeditorfr","twitter_card":"summary_large_image","twitter_misc":{"\u00c9crit par":"cfeditorfr","Dur\u00e9e de lecture estim\u00e9e":"4 minutes"},"schema":{"@context":"https:\/\/schema.org","@graph":[{"@type":"Article","@id":"https:\/\/www.africa-press.net\/cameroun\/politique\/cameroun-agression-des-journalistes-de-canal-2-par-les-agents-communaux-la-chaine-exige-une-reaction-forte-des-autorites#article","isPartOf":{"@id":"https:\/\/www.africa-press.net\/cameroun\/politique\/cameroun-agression-des-journalistes-de-canal-2-par-les-agents-communaux-la-chaine-exige-une-reaction-forte-des-autorites"},"author":{"name":"cfeditorfr","@id":"https:\/\/www.africa-press.net\/cameroun\/#\/schema\/person\/2b1cf3cd81a31e3cd26889ca66d677f1"},"headline":"Cameroun &#8211; Agression des journalistes de Canal 2 par les agents communaux: La cha\u00eene exige une r\u00e9action forte des autorit\u00e9s","datePublished":"2021-04-30T20:05:13+00:00","dateModified":"2021-04-30T21:17:22+00:00","mainEntityOfPage":{"@id":"https:\/\/www.africa-press.net\/cameroun\/politique\/cameroun-agression-des-journalistes-de-canal-2-par-les-agents-communaux-la-chaine-exige-une-reaction-forte-des-autorites"},"wordCount":802,"commentCount":0,"image":{"@id":"https:\/\/www.africa-press.net\/cameroun\/politique\/cameroun-agression-des-journalistes-de-canal-2-par-les-agents-communaux-la-chaine-exige-une-reaction-forte-des-autorites#primaryimage"},"thumbnailUrl":"https:\/\/static.africa-press.net\/cameroun\/sites\/57\/2021\/04\/img-608c739239dc7.jpg","keywords":["Africa Press","Africa Press-Cameroun","Cameroun"],"articleSection":["homepage-french","Politique","Toutes les actualit\u00e9s"],"inLanguage":"fr-FR","potentialAction":[{"@type":"CommentAction","name":"Comment","target":["https:\/\/www.africa-press.net\/cameroun\/politique\/cameroun-agression-des-journalistes-de-canal-2-par-les-agents-communaux-la-chaine-exige-une-reaction-forte-des-autorites#respond"]}]},{"@type":"WebPage","@id":"https:\/\/www.africa-press.net\/cameroun\/politique\/cameroun-agression-des-journalistes-de-canal-2-par-les-agents-communaux-la-chaine-exige-une-reaction-forte-des-autorites","url":"https:\/\/www.africa-press.net\/cameroun\/politique\/cameroun-agression-des-journalistes-de-canal-2-par-les-agents-communaux-la-chaine-exige-une-reaction-forte-des-autorites","name":"Cameroun - Agression des journalistes de Canal 2 par les agents communaux: La cha\u00eene exige une r\u00e9action forte des autorit\u00e9s - Cameroun","isPartOf":{"@id":"https:\/\/www.africa-press.net\/cameroun\/#website"},"primaryImageOfPage":{"@id":"https:\/\/www.africa-press.net\/cameroun\/politique\/cameroun-agression-des-journalistes-de-canal-2-par-les-agents-communaux-la-chaine-exige-une-reaction-forte-des-autorites#primaryimage"},"image":{"@id":"https:\/\/www.africa-press.net\/cameroun\/politique\/cameroun-agression-des-journalistes-de-canal-2-par-les-agents-communaux-la-chaine-exige-une-reaction-forte-des-autorites#primaryimage"},"thumbnailUrl":"https:\/\/static.africa-press.net\/cameroun\/sites\/57\/2021\/04\/img-608c739239dc7.jpg","datePublished":"2021-04-30T20:05:13+00:00","dateModified":"2021-04-30T21:17:22+00:00","author":{"@id":"https:\/\/www.africa-press.net\/cameroun\/#\/schema\/person\/2b1cf3cd81a31e3cd26889ca66d677f1"},"description":"Canal 2 International n\u2019entend pas se laisser faire ! La communaut\u00e9 des r\u00e9dacteurs de la cha\u00eene priv\u00e9e a publi\u00e9, ...","breadcrumb":{"@id":"https:\/\/www.africa-press.net\/cameroun\/politique\/cameroun-agression-des-journalistes-de-canal-2-par-les-agents-communaux-la-chaine-exige-une-reaction-forte-des-autorites#breadcrumb"},"inLanguage":"fr-FR","potentialAction":[{"@type":"ReadAction","target":["https:\/\/www.africa-press.net\/cameroun\/politique\/cameroun-agression-des-journalistes-de-canal-2-par-les-agents-communaux-la-chaine-exige-une-reaction-forte-des-autorites"]}]},{"@type":"ImageObject","inLanguage":"fr-FR","@id":"https:\/\/www.africa-press.net\/cameroun\/politique\/cameroun-agression-des-journalistes-de-canal-2-par-les-agents-communaux-la-chaine-exige-une-reaction-forte-des-autorites#primaryimage","url":"https:\/\/static.africa-press.net\/cameroun\/sites\/57\/2021\/04\/img-608c739239dc7.jpg","contentUrl":"https:\/\/static.africa-press.net\/cameroun\/sites\/57\/2021\/04\/img-608c739239dc7.jpg","width":800,"height":523,"caption":"Cameroun - Agression des journalistes de Canal 2 par les agents communaux: La cha\u00eene exige une r\u00e9action forte des autorit\u00e9s"},{"@type":"BreadcrumbList","@id":"https:\/\/www.africa-press.net\/cameroun\/politique\/cameroun-agression-des-journalistes-de-canal-2-par-les-agents-communaux-la-chaine-exige-une-reaction-forte-des-autorites#breadcrumb","itemListElement":[{"@type":"ListItem","position":1,"name":"Accueil","item":"https:\/\/www.africa-press.net\/cameroun\/"},{"@type":"ListItem","position":2,"name":"Cameroun &#8211; Agression des journalistes de Canal 2 par les agents communaux: La cha\u00eene exige une r\u00e9action forte des autorit\u00e9s"}]},{"@type":"WebSite","@id":"https:\/\/www.africa-press.net\/cameroun\/#website","url":"https:\/\/www.africa-press.net\/cameroun\/","name":"Cameroun","description":"Just another Africa News Agency Sites site","potentialAction":[{"@type":"SearchAction","target":{"@type":"EntryPoint","urlTemplate":"https:\/\/www.africa-press.net\/cameroun\/?s={search_term_string}"},"query-input":{"@type":"PropertyValueSpecification","valueRequired":true,"valueName":"search_term_string"}}],"inLanguage":"fr-FR"},{"@type":"Person","@id":"https:\/\/www.africa-press.net\/cameroun\/#\/schema\/person\/2b1cf3cd81a31e3cd26889ca66d677f1","name":"cfeditorfr"}]}},"_links":{"self":[{"href":"https:\/\/www.africa-press.net\/cameroun\/wp-json\/wp\/v2\/posts\/2888","targetHints":{"allow":["GET"]}}],"collection":[{"href":"https:\/\/www.africa-press.net\/cameroun\/wp-json\/wp\/v2\/posts"}],"about":[{"href":"https:\/\/www.africa-press.net\/cameroun\/wp-json\/wp\/v2\/types\/post"}],"author":[{"embeddable":true,"href":"https:\/\/www.africa-press.net\/cameroun\/wp-json\/wp\/v2\/users\/82"}],"replies":[{"embeddable":true,"href":"https:\/\/www.africa-press.net\/cameroun\/wp-json\/wp\/v2\/comments?post=2888"}],"version-history":[{"count":0,"href":"https:\/\/www.africa-press.net\/cameroun\/wp-json\/wp\/v2\/posts\/2888\/revisions"}],"wp:featuredmedia":[{"embeddable":true,"href":"https:\/\/www.africa-press.net\/cameroun\/wp-json\/wp\/v2\/media\/2886"}],"wp:attachment":[{"href":"https:\/\/www.africa-press.net\/cameroun\/wp-json\/wp\/v2\/media?parent=2888"}],"wp:term":[{"taxonomy":"category","embeddable":true,"href":"https:\/\/www.africa-press.net\/cameroun\/wp-json\/wp\/v2\/categories?post=2888"},{"taxonomy":"post_tag","embeddable":true,"href":"https:\/\/www.africa-press.net\/cameroun\/wp-json\/wp\/v2\/tags?post=2888"}],"curies":[{"name":"wp","href":"https:\/\/api.w.org\/{rel}","templated":true}]}}