{"id":28889,"date":"2022-10-06T19:49:51","date_gmt":"2022-10-06T19:49:51","guid":{"rendered":"https:\/\/www.africa-press.net\/cameroun\/politique\/entreprises-publiques-jackson-betty-amouko-est-le-nouveau-pca-de-la-societe-nationale-des-mines"},"modified":"2022-10-06T21:55:24","modified_gmt":"2022-10-06T21:55:24","slug":"entreprises-publiques-jackson-betty-amouko-est-le-nouveau-pca-de-la-societe-nationale-des-mines","status":"publish","type":"post","link":"https:\/\/www.africa-press.net\/cameroun\/economie\/entreprises-publiques-jackson-betty-amouko-est-le-nouveau-pca-de-la-societe-nationale-des-mines","title":{"rendered":"Entreprises publiques\u00a0: Jackson Betty Amouko est le nouveau PCA de la Soci\u00e9t\u00e9 nationale des mines"},"content":{"rendered":"<p><span style=\"color: #ff6600\"><strong>Africa-Press &#8211; Cameroun. <\/strong><\/span>Investir au Cameroun) &#8211; Au cours d\u2019un Conseil d\u2019administration extraordinaire de la Socie\u0301te\u0301 nationale des mines (Sonamines) tenu le 5 octobre 2022 a\u0300 Yaounde\u0301, la capitale camerounaise, l\u2019environnementaliste Jackson Betty Amouko, 47 ans, a e\u0301te\u0301 nomme\u0301 au poste de pre\u0301sident du Conseil d\u2019administration de cette entreprise publique, qui fait office de bras se\u0301culier de l\u2019E\u0301tat du Cameroun dans le secteur de la mine solide. Il remplace a\u0300 ce poste Blaise Moussa, nomme\u0301 DG de la Cameroon Water Utilities (Camwater), le 30 septembre 2022.<b> <\/b><\/p>\n<p>L\u2019on se souvient que ce jour-la\u0300, un de\u0301cret du chef de l\u2019E\u0301tat, Paul Biya, faisait de Jackson Betty Amouko la personnalite\u0301 de\u0301signe\u0301e par le pre\u0301sident de la Re\u0301publique comme membre du Conseil d\u2019administration de la Sonamines. Ce qui pre\u0301sageait de\u0301ja\u0300 de sa nomination a\u0300 la te\u0302te de cette instance dirigeante. Avant sa nomination, le nouveau promu occupait le poste de de\u0301le\u0301gue\u0301 de\u0301partemental des Fore\u0302ts et de la Faune pour la Sanaga Maritime, dans la re\u0301gion du Littoral.<\/p>\n<p>Cre\u0301e\u0301e le 14 de\u0301cembre 2020, la Sonamines est parmi les derniers-ne\u0301s des socie\u0301te\u0301s d\u2019E\u0301tat au Cameroun. Cette entreprise publique a pour mission de de\u0301velopper et de promouvoir le secteur minier et de ge\u0301rer les inte\u0301re\u0302ts de l\u2019E\u0301tat dans ce domaine. Les hydrocarbures, qui sont de la compe\u0301tence de la Socie\u0301te\u0301 nationale des hydrocarbures (SNH), et les carrie\u0300res, dont la gestion devra incomber aux communes conforme\u0301ment au Code ge\u0301ne\u0301ral des collectivite\u0301s territoriales de\u0301centralise\u0301es (CTD), sont exclus du champ de compe\u0301tence de la nouvelle structure.<\/p>\n<p><strong>Pour plus d&rsquo;informations et d&rsquo;analyses sur la <a href=\"https:\/\/www.africa-press.net\/cameroun\">Cameroun<\/a>, suivez <a href=\"https:\/\/www.africa-press.net\/\">Africa-Press<\/a><\/strong><\/p>\n","protected":false},"excerpt":{"rendered":"<p>Africa-Press &#8211; Cameroun. Investir au Cameroun) &#8211; Au cours d\u2019un Conseil d\u2019administration extraordinaire de la Socie\u0301te\u0301 nationale des mines (Sonamines) tenu le 5 octobre 2022 a\u0300 Yaounde\u0301, la capitale camerounaise, l\u2019environnementaliste Jackson Betty Amouko, 47 ans, a e\u0301te\u0301 nomme\u0301 au poste de pre\u0301sident du Conseil d\u2019administration de cette entreprise publique, qui fait office de bras [&hellip;]<\/p>\n","protected":false},"author":82,"featured_media":28888,"comment_status":"open","ping_status":"closed","sticky":false,"template":"","format":"standard","meta":{"footnotes":""},"categories":[3,10],"tags":[36,50,49],"class_list":["post-28889","post","type-post","status-publish","format-standard","has-post-thumbnail","hentry","category-economie","category-toutes-les-actualites","tag-africa-press","tag-africa-press-cameroun","tag-cameroun"],"yoast_head":"<!-- This site is optimized with the Yoast SEO Premium plugin v26.1 (Yoast SEO v27.0) - https:\/\/yoast.com\/product\/yoast-seo-premium-wordpress\/ -->\n<title>Entreprises publiques\u00a0: Jackson Betty Amouko est le nouveau PCA de la Soci\u00e9t\u00e9 nationale des mines - Cameroun<\/title>\n<meta name=\"description\" content=\"Investir au Cameroun) - Au cours d\u2019un Conseil d\u2019administration extraordinaire de la Socie\u0301te\u0301 nationale des mines (Sonam ...\" \/>\n<meta name=\"robots\" content=\"index, follow, max-snippet:-1, max-image-preview:large, max-video-preview:-1\" \/>\n<link rel=\"canonical\" href=\"https:\/\/www.africa-press.net\/cameroun\/economie\/entreprises-publiques-jackson-betty-amouko-est-le-nouveau-pca-de-la-societe-nationale-des-mines\" \/>\n<meta property=\"og:locale\" content=\"fr_FR\" \/>\n<meta property=\"og:type\" content=\"article\" \/>\n<meta property=\"og:title\" content=\"Entreprises publiques\u00a0: Jackson Betty Amouko est le nouveau PCA de la Soci\u00e9t\u00e9 nationale des mines\" \/>\n<meta property=\"og:description\" content=\"Investir au Cameroun) - Au cours d\u2019un Conseil d\u2019administration extraordinaire de la Socie\u0301te\u0301 nationale des mines (Sonam ...\" \/>\n<meta property=\"og:url\" content=\"https:\/\/www.africa-press.net\/cameroun\/economie\/entreprises-publiques-jackson-betty-amouko-est-le-nouveau-pca-de-la-societe-nationale-des-mines\" \/>\n<meta property=\"og:site_name\" content=\"Cameroun\" \/>\n<meta property=\"article:published_time\" content=\"2022-10-06T19:49:51+00:00\" \/>\n<meta property=\"article:modified_time\" content=\"2022-10-06T21:55:24+00:00\" \/>\n<meta property=\"og:image\" content=\"https:\/\/static.africa-press.net\/cameroun\/sites\/57\/2022\/10\/img-633f40c9dde5f.jpg\" \/>\n\t<meta property=\"og:image:width\" content=\"720\" \/>\n\t<meta property=\"og:image:height\" content=\"479\" \/>\n\t<meta property=\"og:image:type\" content=\"image\/jpeg\" \/>\n<meta name=\"author\" content=\"cfeditorfr\" \/>\n<meta name=\"twitter:card\" content=\"summary_large_image\" \/>\n<meta name=\"twitter:label1\" content=\"\u00c9crit par\" \/>\n\t<meta name=\"twitter:data1\" content=\"cfeditorfr\" \/>\n\t<meta name=\"twitter:label2\" content=\"Dur\u00e9e de lecture estim\u00e9e\" \/>\n\t<meta name=\"twitter:data2\" content=\"2 minutes\" \/>\n<script type=\"application\/ld+json\" class=\"yoast-schema-graph\">{\"@context\":\"https:\/\/schema.org\",\"@graph\":[{\"@type\":\"Article\",\"@id\":\"https:\/\/www.africa-press.net\/cameroun\/economie\/entreprises-publiques-jackson-betty-amouko-est-le-nouveau-pca-de-la-societe-nationale-des-mines#article\",\"isPartOf\":{\"@id\":\"https:\/\/www.africa-press.net\/cameroun\/economie\/entreprises-publiques-jackson-betty-amouko-est-le-nouveau-pca-de-la-societe-nationale-des-mines\"},\"author\":{\"name\":\"cfeditorfr\",\"@id\":\"https:\/\/www.africa-press.net\/cameroun\/#\/schema\/person\/2b1cf3cd81a31e3cd26889ca66d677f1\"},\"headline\":\"Entreprises publiques\u00a0: Jackson Betty Amouko est le nouveau PCA de la Soci\u00e9t\u00e9 nationale des mines\",\"datePublished\":\"2022-10-06T19:49:51+00:00\",\"dateModified\":\"2022-10-06T21:55:24+00:00\",\"mainEntityOfPage\":{\"@id\":\"https:\/\/www.africa-press.net\/cameroun\/economie\/entreprises-publiques-jackson-betty-amouko-est-le-nouveau-pca-de-la-societe-nationale-des-mines\"},\"wordCount\":318,\"commentCount\":0,\"image\":{\"@id\":\"https:\/\/www.africa-press.net\/cameroun\/economie\/entreprises-publiques-jackson-betty-amouko-est-le-nouveau-pca-de-la-societe-nationale-des-mines#primaryimage\"},\"thumbnailUrl\":\"https:\/\/static.africa-press.net\/cameroun\/sites\/57\/2022\/10\/img-633f40c9dde5f.jpg\",\"keywords\":[\"Africa Press\",\"Africa Press-Cameroun\",\"Cameroun\"],\"articleSection\":[\"\u00c9conomie\",\"Toutes les actualit\u00e9s\"],\"inLanguage\":\"fr-FR\",\"potentialAction\":[{\"@type\":\"CommentAction\",\"name\":\"Comment\",\"target\":[\"https:\/\/www.africa-press.net\/cameroun\/economie\/entreprises-publiques-jackson-betty-amouko-est-le-nouveau-pca-de-la-societe-nationale-des-mines#respond\"]}]},{\"@type\":\"WebPage\",\"@id\":\"https:\/\/www.africa-press.net\/cameroun\/economie\/entreprises-publiques-jackson-betty-amouko-est-le-nouveau-pca-de-la-societe-nationale-des-mines\",\"url\":\"https:\/\/www.africa-press.net\/cameroun\/economie\/entreprises-publiques-jackson-betty-amouko-est-le-nouveau-pca-de-la-societe-nationale-des-mines\",\"name\":\"Entreprises publiques\u00a0: Jackson Betty Amouko est le nouveau PCA de la Soci\u00e9t\u00e9 nationale des mines - Cameroun\",\"isPartOf\":{\"@id\":\"https:\/\/www.africa-press.net\/cameroun\/#website\"},\"primaryImageOfPage\":{\"@id\":\"https:\/\/www.africa-press.net\/cameroun\/economie\/entreprises-publiques-jackson-betty-amouko-est-le-nouveau-pca-de-la-societe-nationale-des-mines#primaryimage\"},\"image\":{\"@id\":\"https:\/\/www.africa-press.net\/cameroun\/economie\/entreprises-publiques-jackson-betty-amouko-est-le-nouveau-pca-de-la-societe-nationale-des-mines#primaryimage\"},\"thumbnailUrl\":\"https:\/\/static.africa-press.net\/cameroun\/sites\/57\/2022\/10\/img-633f40c9dde5f.jpg\",\"datePublished\":\"2022-10-06T19:49:51+00:00\",\"dateModified\":\"2022-10-06T21:55:24+00:00\",\"author\":{\"@id\":\"https:\/\/www.africa-press.net\/cameroun\/#\/schema\/person\/2b1cf3cd81a31e3cd26889ca66d677f1\"},\"description\":\"Investir au Cameroun) - Au cours d\u2019un Conseil d\u2019administration extraordinaire de la Socie\u0301te\u0301 nationale des mines (Sonam ...\",\"breadcrumb\":{\"@id\":\"https:\/\/www.africa-press.net\/cameroun\/economie\/entreprises-publiques-jackson-betty-amouko-est-le-nouveau-pca-de-la-societe-nationale-des-mines#breadcrumb\"},\"inLanguage\":\"fr-FR\",\"potentialAction\":[{\"@type\":\"ReadAction\",\"target\":[\"https:\/\/www.africa-press.net\/cameroun\/economie\/entreprises-publiques-jackson-betty-amouko-est-le-nouveau-pca-de-la-societe-nationale-des-mines\"]}]},{\"@type\":\"ImageObject\",\"inLanguage\":\"fr-FR\",\"@id\":\"https:\/\/www.africa-press.net\/cameroun\/economie\/entreprises-publiques-jackson-betty-amouko-est-le-nouveau-pca-de-la-societe-nationale-des-mines#primaryimage\",\"url\":\"https:\/\/static.africa-press.net\/cameroun\/sites\/57\/2022\/10\/img-633f40c9dde5f.jpg\",\"contentUrl\":\"https:\/\/static.africa-press.net\/cameroun\/sites\/57\/2022\/10\/img-633f40c9dde5f.jpg\",\"width\":720,\"height\":479,\"caption\":\"Entreprises publiques\u00a0: Jackson Betty Amouko est le nouveau PCA de la Soci\u00e9t\u00e9 nationale des mines\"},{\"@type\":\"BreadcrumbList\",\"@id\":\"https:\/\/www.africa-press.net\/cameroun\/economie\/entreprises-publiques-jackson-betty-amouko-est-le-nouveau-pca-de-la-societe-nationale-des-mines#breadcrumb\",\"itemListElement\":[{\"@type\":\"ListItem\",\"position\":1,\"name\":\"Accueil\",\"item\":\"https:\/\/www.africa-press.net\/cameroun\/\"},{\"@type\":\"ListItem\",\"position\":2,\"name\":\"Entreprises publiques\u00a0: Jackson Betty Amouko est le nouveau PCA de la Soci\u00e9t\u00e9 nationale des mines\"}]},{\"@type\":\"WebSite\",\"@id\":\"https:\/\/www.africa-press.net\/cameroun\/#website\",\"url\":\"https:\/\/www.africa-press.net\/cameroun\/\",\"name\":\"Cameroun\",\"description\":\"Just another Africa News Agency Sites site\",\"potentialAction\":[{\"@type\":\"SearchAction\",\"target\":{\"@type\":\"EntryPoint\",\"urlTemplate\":\"https:\/\/www.africa-press.net\/cameroun\/?s={search_term_string}\"},\"query-input\":{\"@type\":\"PropertyValueSpecification\",\"valueRequired\":true,\"valueName\":\"search_term_string\"}}],\"inLanguage\":\"fr-FR\"},{\"@type\":\"Person\",\"@id\":\"https:\/\/www.africa-press.net\/cameroun\/#\/schema\/person\/2b1cf3cd81a31e3cd26889ca66d677f1\",\"name\":\"cfeditorfr\"}]}<\/script>\n<!-- \/ Yoast SEO Premium plugin. -->","yoast_head_json":{"title":"Entreprises publiques\u00a0: Jackson Betty Amouko est le nouveau PCA de la Soci\u00e9t\u00e9 nationale des mines - Cameroun","description":"Investir au Cameroun) - Au cours d\u2019un Conseil d\u2019administration extraordinaire de la Socie\u0301te\u0301 nationale des mines (Sonam ...","robots":{"index":"index","follow":"follow","max-snippet":"max-snippet:-1","max-image-preview":"max-image-preview:large","max-video-preview":"max-video-preview:-1"},"canonical":"https:\/\/www.africa-press.net\/cameroun\/economie\/entreprises-publiques-jackson-betty-amouko-est-le-nouveau-pca-de-la-societe-nationale-des-mines","og_locale":"fr_FR","og_type":"article","og_title":"Entreprises publiques\u00a0: Jackson Betty Amouko est le nouveau PCA de la Soci\u00e9t\u00e9 nationale des mines","og_description":"Investir au Cameroun) - Au cours d\u2019un Conseil d\u2019administration extraordinaire de la Socie\u0301te\u0301 nationale des mines (Sonam ...","og_url":"https:\/\/www.africa-press.net\/cameroun\/economie\/entreprises-publiques-jackson-betty-amouko-est-le-nouveau-pca-de-la-societe-nationale-des-mines","og_site_name":"Cameroun","article_published_time":"2022-10-06T19:49:51+00:00","article_modified_time":"2022-10-06T21:55:24+00:00","og_image":[{"width":720,"height":479,"url":"https:\/\/static.africa-press.net\/cameroun\/sites\/57\/2022\/10\/img-633f40c9dde5f.jpg","type":"image\/jpeg"}],"author":"cfeditorfr","twitter_card":"summary_large_image","twitter_misc":{"\u00c9crit par":"cfeditorfr","Dur\u00e9e de lecture estim\u00e9e":"2 minutes"},"schema":{"@context":"https:\/\/schema.org","@graph":[{"@type":"Article","@id":"https:\/\/www.africa-press.net\/cameroun\/economie\/entreprises-publiques-jackson-betty-amouko-est-le-nouveau-pca-de-la-societe-nationale-des-mines#article","isPartOf":{"@id":"https:\/\/www.africa-press.net\/cameroun\/economie\/entreprises-publiques-jackson-betty-amouko-est-le-nouveau-pca-de-la-societe-nationale-des-mines"},"author":{"name":"cfeditorfr","@id":"https:\/\/www.africa-press.net\/cameroun\/#\/schema\/person\/2b1cf3cd81a31e3cd26889ca66d677f1"},"headline":"Entreprises publiques\u00a0: Jackson Betty Amouko est le nouveau PCA de la Soci\u00e9t\u00e9 nationale des mines","datePublished":"2022-10-06T19:49:51+00:00","dateModified":"2022-10-06T21:55:24+00:00","mainEntityOfPage":{"@id":"https:\/\/www.africa-press.net\/cameroun\/economie\/entreprises-publiques-jackson-betty-amouko-est-le-nouveau-pca-de-la-societe-nationale-des-mines"},"wordCount":318,"commentCount":0,"image":{"@id":"https:\/\/www.africa-press.net\/cameroun\/economie\/entreprises-publiques-jackson-betty-amouko-est-le-nouveau-pca-de-la-societe-nationale-des-mines#primaryimage"},"thumbnailUrl":"https:\/\/static.africa-press.net\/cameroun\/sites\/57\/2022\/10\/img-633f40c9dde5f.jpg","keywords":["Africa Press","Africa Press-Cameroun","Cameroun"],"articleSection":["\u00c9conomie","Toutes les actualit\u00e9s"],"inLanguage":"fr-FR","potentialAction":[{"@type":"CommentAction","name":"Comment","target":["https:\/\/www.africa-press.net\/cameroun\/economie\/entreprises-publiques-jackson-betty-amouko-est-le-nouveau-pca-de-la-societe-nationale-des-mines#respond"]}]},{"@type":"WebPage","@id":"https:\/\/www.africa-press.net\/cameroun\/economie\/entreprises-publiques-jackson-betty-amouko-est-le-nouveau-pca-de-la-societe-nationale-des-mines","url":"https:\/\/www.africa-press.net\/cameroun\/economie\/entreprises-publiques-jackson-betty-amouko-est-le-nouveau-pca-de-la-societe-nationale-des-mines","name":"Entreprises publiques\u00a0: Jackson Betty Amouko est le nouveau PCA de la Soci\u00e9t\u00e9 nationale des mines - Cameroun","isPartOf":{"@id":"https:\/\/www.africa-press.net\/cameroun\/#website"},"primaryImageOfPage":{"@id":"https:\/\/www.africa-press.net\/cameroun\/economie\/entreprises-publiques-jackson-betty-amouko-est-le-nouveau-pca-de-la-societe-nationale-des-mines#primaryimage"},"image":{"@id":"https:\/\/www.africa-press.net\/cameroun\/economie\/entreprises-publiques-jackson-betty-amouko-est-le-nouveau-pca-de-la-societe-nationale-des-mines#primaryimage"},"thumbnailUrl":"https:\/\/static.africa-press.net\/cameroun\/sites\/57\/2022\/10\/img-633f40c9dde5f.jpg","datePublished":"2022-10-06T19:49:51+00:00","dateModified":"2022-10-06T21:55:24+00:00","author":{"@id":"https:\/\/www.africa-press.net\/cameroun\/#\/schema\/person\/2b1cf3cd81a31e3cd26889ca66d677f1"},"description":"Investir au Cameroun) - Au cours d\u2019un Conseil d\u2019administration extraordinaire de la Socie\u0301te\u0301 nationale des mines (Sonam ...","breadcrumb":{"@id":"https:\/\/www.africa-press.net\/cameroun\/economie\/entreprises-publiques-jackson-betty-amouko-est-le-nouveau-pca-de-la-societe-nationale-des-mines#breadcrumb"},"inLanguage":"fr-FR","potentialAction":[{"@type":"ReadAction","target":["https:\/\/www.africa-press.net\/cameroun\/economie\/entreprises-publiques-jackson-betty-amouko-est-le-nouveau-pca-de-la-societe-nationale-des-mines"]}]},{"@type":"ImageObject","inLanguage":"fr-FR","@id":"https:\/\/www.africa-press.net\/cameroun\/economie\/entreprises-publiques-jackson-betty-amouko-est-le-nouveau-pca-de-la-societe-nationale-des-mines#primaryimage","url":"https:\/\/static.africa-press.net\/cameroun\/sites\/57\/2022\/10\/img-633f40c9dde5f.jpg","contentUrl":"https:\/\/static.africa-press.net\/cameroun\/sites\/57\/2022\/10\/img-633f40c9dde5f.jpg","width":720,"height":479,"caption":"Entreprises publiques\u00a0: Jackson Betty Amouko est le nouveau PCA de la Soci\u00e9t\u00e9 nationale des mines"},{"@type":"BreadcrumbList","@id":"https:\/\/www.africa-press.net\/cameroun\/economie\/entreprises-publiques-jackson-betty-amouko-est-le-nouveau-pca-de-la-societe-nationale-des-mines#breadcrumb","itemListElement":[{"@type":"ListItem","position":1,"name":"Accueil","item":"https:\/\/www.africa-press.net\/cameroun\/"},{"@type":"ListItem","position":2,"name":"Entreprises publiques\u00a0: Jackson Betty Amouko est le nouveau PCA de la Soci\u00e9t\u00e9 nationale des mines"}]},{"@type":"WebSite","@id":"https:\/\/www.africa-press.net\/cameroun\/#website","url":"https:\/\/www.africa-press.net\/cameroun\/","name":"Cameroun","description":"Just another Africa News Agency Sites site","potentialAction":[{"@type":"SearchAction","target":{"@type":"EntryPoint","urlTemplate":"https:\/\/www.africa-press.net\/cameroun\/?s={search_term_string}"},"query-input":{"@type":"PropertyValueSpecification","valueRequired":true,"valueName":"search_term_string"}}],"inLanguage":"fr-FR"},{"@type":"Person","@id":"https:\/\/www.africa-press.net\/cameroun\/#\/schema\/person\/2b1cf3cd81a31e3cd26889ca66d677f1","name":"cfeditorfr"}]}},"_links":{"self":[{"href":"https:\/\/www.africa-press.net\/cameroun\/wp-json\/wp\/v2\/posts\/28889","targetHints":{"allow":["GET"]}}],"collection":[{"href":"https:\/\/www.africa-press.net\/cameroun\/wp-json\/wp\/v2\/posts"}],"about":[{"href":"https:\/\/www.africa-press.net\/cameroun\/wp-json\/wp\/v2\/types\/post"}],"author":[{"embeddable":true,"href":"https:\/\/www.africa-press.net\/cameroun\/wp-json\/wp\/v2\/users\/82"}],"replies":[{"embeddable":true,"href":"https:\/\/www.africa-press.net\/cameroun\/wp-json\/wp\/v2\/comments?post=28889"}],"version-history":[{"count":0,"href":"https:\/\/www.africa-press.net\/cameroun\/wp-json\/wp\/v2\/posts\/28889\/revisions"}],"wp:featuredmedia":[{"embeddable":true,"href":"https:\/\/www.africa-press.net\/cameroun\/wp-json\/wp\/v2\/media\/28888"}],"wp:attachment":[{"href":"https:\/\/www.africa-press.net\/cameroun\/wp-json\/wp\/v2\/media?parent=28889"}],"wp:term":[{"taxonomy":"category","embeddable":true,"href":"https:\/\/www.africa-press.net\/cameroun\/wp-json\/wp\/v2\/categories?post=28889"},{"taxonomy":"post_tag","embeddable":true,"href":"https:\/\/www.africa-press.net\/cameroun\/wp-json\/wp\/v2\/tags?post=28889"}],"curies":[{"name":"wp","href":"https:\/\/api.w.org\/{rel}","templated":true}]}}