{"id":28895,"date":"2022-10-06T20:09:09","date_gmt":"2022-10-06T20:09:09","guid":{"rendered":"https:\/\/www.africa-press.net\/cameroun\/politique\/reaction-accuse-de-trafic-darmes-de-guerre-le-depute-kamssouloum-abba-kabir-denonce-une-cabale-et-annonce-une-enquete-pour-debusquer-son-commanditaire"},"modified":"2022-10-06T21:55:29","modified_gmt":"2022-10-06T21:55:29","slug":"reaction-accuse-de-trafic-darmes-de-guerre-le-depute-kamssouloum-abba-kabir-denonce-une-cabale-et-annonce-une-enquete-pour-debusquer-son-commanditaire","status":"publish","type":"post","link":"https:\/\/www.africa-press.net\/cameroun\/politique\/reaction-accuse-de-trafic-darmes-de-guerre-le-depute-kamssouloum-abba-kabir-denonce-une-cabale-et-annonce-une-enquete-pour-debusquer-son-commanditaire","title":{"rendered":"R\u00e9action: Accus\u00e9 de \u00abtrafic d\u2019armes de guerre\u00bb, le d\u00e9put\u00e9 Kamssouloum Abba Kabir d\u00e9nonce une \u00abcabale\u00bb et annonce une enqu\u00eate pour d\u00e9busquer son commanditaire"},"content":{"rendered":"<p><span style=\"color: #ff6600\"><strong>Africa-Press &#8211; Cameroun. <\/strong><\/span>Dans une lettre en circulation sur les re\u0301seaux sociaux et attribue\u0301e au pre\u0301sident de l\u2019Assemble\u0301e nationale Cavaye Yeguie\u0301 Djibril, ce dernier accuse son camarade du parti et de\u0301pute\u0301 du Rassemblement De\u0301mocratique du Peuple Camerounais (RDPC), Kamssouloum Abba Kabir, de \u00ab trafic d\u2019armes de guerre \u00bb le long de la frontie\u0300re entre le Cameroun et le Tchad. Ladite correspondance date\u0301e du 16 septembre 2022 est adresse\u0301e au pre\u0301sident du Conseil militaire de Transition du Tchad, Mahamat Idriss Deby Itno.<\/p>\n<p>Mais le de\u0301menti a e\u0301te\u0301 tre\u0300s vite apporte\u0301 par le patron de l\u2019Assemble\u0301e nationale, a\u0300 travers son directeur de cabinet Boukar Abdourahim, de\u0301nonc\u0327ant des alle\u0301gations mensonge\u0300res, et annonc\u0327ant au passage que des \u00ab instances approprie\u0301es ont e\u0301te\u0301 saisies pour faire la lumie\u0300re \u00bb sur cette affaire.<\/p>\n<p>Le principal inte\u0301resse\u0301 ne pouvait rester de marbre. Le de\u0301pute\u0301 Kamssouloum Abba Kabir a donc re\u0301agi mercredi soir a\u0300 cette affaire, dans une note publie\u0301e sur son compte Facebook. Il de\u0301plore une \u00ab cabale \u00bb contre sa personne et s\u2019en offusque ame\u0300rement. Il annonce par ailleurs qu\u2019une proce\u0301dure sera entreprise a\u0300 l\u2019effet de de\u0301busquer le commanditaire de ce bashing. \u00ab J&rsquo;estime qu&rsquo;une enque\u0302te devrait e\u0302tre mene\u0301e, pour de\u0301busquer les de\u0301linquants qui, pour servir leurs inte\u0301re\u0302ts particuliers ou leurs desseins inavoue\u0301s, cherchent a\u0300 mettre a\u0300 mal une paix sociale fragile ainsi que les bonnes relations qui unissent le Cameroun et les pays fre\u0300res et voisins, notamment la Re\u0301publique du Tchad \u00bb, a-t-il commente\u0301.<\/p>\n<p><b>La re\u0301action de l\u2019honorable Kamssouloum Abba Kabir publie\u0301 sur Facebook :<\/b><\/p>\n<p>MA RE\u0301ACTION SUITE A\u0300 LA CORRESPONDANCE M&rsquo;ACCUSANT, ENTRE AUTRES, DE TRAFIC D&rsquo;ARMES DE GUERRE, IMPUTE\u0301E AU PRE\u0301SIDENT DE L&rsquo;ASSEMBLE\u0301E NATIONALE DU CAMEROUN.<\/p>\n<p>CHERS AMIS, CHERS SYMPATHISANTS.<\/p>\n<p>Comme vous l&rsquo;avez certainement de\u0301ja\u0300 appris, une correspondance assez singulie\u0300re (voir copie ci-jointe), me concernant, a\u0300 e\u0301te\u0301 signe\u0301e au nom du TRE\u0300S HONORABLE CAVAYE YEGUIE\u0301 DJIBRIL, PRE\u0301SIDENT DE L&rsquo;ASSEMBLE\u0301E NATIONALE DU CAMEROUN.<\/p>\n<p>En outre, contre tout attente et au me\u0301pris des re\u0300gles d&rsquo;usage, elle a e\u0301te\u0301 formellement adresse\u0301e au PRE\u0301SIDENT DU CONSEIL MILITAIRE DE TRANSITION, LE GE\u0301NE\u0301RAL MAHAMAT IDRISS DEBY ITNO, PRE\u0301SIDENT DE LA RE\u0301PUBLIQUE DU TCHAD.<\/p>\n<p>Cette de\u0301marche ine\u0301le\u0301gante prouve a\u0300 suffisance que la haine qui a anime\u0301 le ou les auteurs de ladite correspondance, est de loin supe\u0301rieure au suppose\u0301 de\u0301sir d&rsquo;informer sur mes \u00ab\u00a0activite\u0301s criminelles\u00a0\u00bb.<\/p>\n<p>Dans cette correspondance, je suis en substance de\u0301crit comme un dangereux trafiquant d&rsquo;armes de guerre qui profite des facilite\u0301s que m&rsquo;offre mon appartenance a\u0300 la communaute\u0301 arabe choa qui est suffisamment pre\u0301sente, de part et d&rsquo;autre de la frontie\u0300re Cameroun-Tchad, pour mettre en pe\u0301ril la se\u0301curite\u0301 et la paix.<\/p>\n<p>Suite a\u0300 ce montage grossier et outrageant et aux graves alle\u0301gations que ve\u0301hicule ce document, vous avez e\u0301te\u0301 tre\u0300s nombreux, aussi bien au Cameroun que dans plusieurs autres pays, a\u0300 exprimer votre indignation et a\u0300 me te\u0301moigner votre soutien. A\u0300 cette occasion, j&rsquo;ai de\u0301couvert, non sans surprise, l&rsquo;e\u0301tendue du capital de sympathie a\u0300 mon endroit, parfois par des personnes que je n&rsquo;ai pas pu malheureusement reconnai\u0302tre.<\/p>\n<p>Aussi, je tiens a\u0300 vous exprimer toute ma gratitude et vous rassurer que cette cabale qui, il faut le rappeler, n&rsquo;est qu&rsquo;une parmi tant d&rsquo;autres, n&rsquo;a pas affecte\u0301 ma se\u0301re\u0301nite\u0301, me\u0302me s&rsquo;il faut regretter la peine qu&rsquo;elle a provoque\u0301 chez des personnes sensibles qui me sont proches.<\/p>\n<p>Ceci e\u0301tant, je me re\u0301jouis que cette correspondance ait e\u0301te\u0301 de\u0301nonce\u0301e comme \u00ab\u00a0FAKE\u00a0\u00bb dans un communique\u0301, bien que de porte\u0301e ge\u0301ne\u0301rale, initie\u0301 par le Directeur du Cabinet du Pre\u0301sident de l&rsquo;Assemble\u0301e Nationale. (Voir copie ci-jointe)<\/p>\n<p>Toutefois, eu e\u0301gard a\u0300 la gravite\u0301 de l&rsquo;acte pose\u0301 et des faits incrimine\u0301s dont la re\u0301sonance va au-dela\u0300 de ma petite personne, bien que cette lettre ait fait l&rsquo;objet d&rsquo;une de\u0301nonciation officielle, j&rsquo;estime qu&rsquo;une enque\u0302te devrait e\u0302tre mene\u0301e, pour de\u0301busquer les de\u0301linquants qui, pour servir leurs inte\u0301re\u0302ts particuliers ou leurs desseins inavoue\u0301s, cherchent a\u0300 mettre a\u0300 mal une paix sociale fragile ainsi que les bonnes relations qui unissent le Cameroun et les pays fre\u0300res et voisins, notamment la Re\u0301publique du Tchad .<\/p>\n<p>C&rsquo;est, en re\u0301sume\u0301, le sentiment que m&rsquo;inspire ce malheureux document qui a cherche\u0301 a\u0300 ternir mon image et mon honorabilite\u0301 et surtout a\u0300 porter atteinte a\u0300 la dignite\u0301 de l&rsquo;Auguste Chambre qu&rsquo;est l\u2019Assemble\u0301e Nationale, incarne\u0301e depuis des de\u0301cennies par le TRE\u0300S HONORABLE CAVAYE YEGUIE\u0301 DJIBRIL.<\/p>\n<p><strong>Pour plus d&rsquo;informations et d&rsquo;analyses sur la <a href=\"https:\/\/www.africa-press.net\/cameroun\">Cameroun<\/a>, suivez <a href=\"https:\/\/www.africa-press.net\/\">Africa-Press<\/a><\/strong><\/p>\n","protected":false},"excerpt":{"rendered":"<p>Africa-Press &#8211; Cameroun. Dans une lettre en circulation sur les re\u0301seaux sociaux et attribue\u0301e au pre\u0301sident de l\u2019Assemble\u0301e nationale Cavaye Yeguie\u0301 Djibril, ce dernier accuse son camarade du parti et de\u0301pute\u0301 du Rassemblement De\u0301mocratique du Peuple Camerounais (RDPC), Kamssouloum Abba Kabir, de \u00ab trafic d\u2019armes de guerre \u00bb le long de la frontie\u0300re entre le [&hellip;]<\/p>\n","protected":false},"author":82,"featured_media":28894,"comment_status":"open","ping_status":"closed","sticky":false,"template":"","format":"standard","meta":{"footnotes":""},"categories":[2,10],"tags":[36,50,49],"class_list":["post-28895","post","type-post","status-publish","format-standard","has-post-thumbnail","hentry","category-politique","category-toutes-les-actualites","tag-africa-press","tag-africa-press-cameroun","tag-cameroun"],"yoast_head":"<!-- This site is optimized with the Yoast SEO Premium plugin v26.1 (Yoast SEO v27.0) - https:\/\/yoast.com\/product\/yoast-seo-premium-wordpress\/ -->\n<title>R\u00e9action: Accus\u00e9 de \u00abtrafic d\u2019armes de guerre\u00bb, le d\u00e9put\u00e9 Kamssouloum Abba Kabir d\u00e9nonce une \u00abcabale\u00bb et annonce une enqu\u00eate pour d\u00e9busquer son commanditaire - Cameroun<\/title>\n<meta name=\"description\" content=\"Dans une lettre en circulation sur les re\u0301seaux sociaux et attribue\u0301e au pre\u0301sident de l\u2019Assemble\u0301e nationale Cavaye Yeg ...\" \/>\n<meta name=\"robots\" content=\"index, follow, max-snippet:-1, max-image-preview:large, max-video-preview:-1\" \/>\n<link rel=\"canonical\" href=\"https:\/\/www.africa-press.net\/cameroun\/politique\/reaction-accuse-de-trafic-darmes-de-guerre-le-depute-kamssouloum-abba-kabir-denonce-une-cabale-et-annonce-une-enquete-pour-debusquer-son-commanditaire\" \/>\n<meta property=\"og:locale\" content=\"fr_FR\" \/>\n<meta property=\"og:type\" content=\"article\" \/>\n<meta property=\"og:title\" content=\"R\u00e9action: Accus\u00e9 de \u00abtrafic d\u2019armes de guerre\u00bb, le d\u00e9put\u00e9 Kamssouloum Abba Kabir d\u00e9nonce une \u00abcabale\u00bb et annonce une enqu\u00eate pour d\u00e9busquer son commanditaire\" \/>\n<meta property=\"og:description\" content=\"Dans une lettre en circulation sur les re\u0301seaux sociaux et attribue\u0301e au pre\u0301sident de l\u2019Assemble\u0301e nationale Cavaye Yeg ...\" \/>\n<meta property=\"og:url\" content=\"https:\/\/www.africa-press.net\/cameroun\/politique\/reaction-accuse-de-trafic-darmes-de-guerre-le-depute-kamssouloum-abba-kabir-denonce-une-cabale-et-annonce-une-enquete-pour-debusquer-son-commanditaire\" \/>\n<meta property=\"og:site_name\" content=\"Cameroun\" \/>\n<meta property=\"article:published_time\" content=\"2022-10-06T20:09:09+00:00\" \/>\n<meta property=\"article:modified_time\" content=\"2022-10-06T21:55:29+00:00\" \/>\n<meta property=\"og:image\" content=\"https:\/\/static.africa-press.net\/cameroun\/sites\/57\/2022\/10\/img-633f4152435e1.jpg\" \/>\n\t<meta property=\"og:image:width\" content=\"800\" \/>\n\t<meta property=\"og:image:height\" content=\"1016\" \/>\n\t<meta property=\"og:image:type\" content=\"image\/jpeg\" \/>\n<meta name=\"author\" content=\"cfeditorfr\" \/>\n<meta name=\"twitter:card\" content=\"summary_large_image\" \/>\n<meta name=\"twitter:label1\" content=\"\u00c9crit par\" \/>\n\t<meta name=\"twitter:data1\" content=\"cfeditorfr\" \/>\n\t<meta name=\"twitter:label2\" content=\"Dur\u00e9e de lecture estim\u00e9e\" \/>\n\t<meta name=\"twitter:data2\" content=\"4 minutes\" \/>\n<script type=\"application\/ld+json\" class=\"yoast-schema-graph\">{\"@context\":\"https:\/\/schema.org\",\"@graph\":[{\"@type\":\"Article\",\"@id\":\"https:\/\/www.africa-press.net\/cameroun\/politique\/reaction-accuse-de-trafic-darmes-de-guerre-le-depute-kamssouloum-abba-kabir-denonce-une-cabale-et-annonce-une-enquete-pour-debusquer-son-commanditaire#article\",\"isPartOf\":{\"@id\":\"https:\/\/www.africa-press.net\/cameroun\/politique\/reaction-accuse-de-trafic-darmes-de-guerre-le-depute-kamssouloum-abba-kabir-denonce-une-cabale-et-annonce-une-enquete-pour-debusquer-son-commanditaire\"},\"author\":{\"name\":\"cfeditorfr\",\"@id\":\"https:\/\/www.africa-press.net\/cameroun\/#\/schema\/person\/2b1cf3cd81a31e3cd26889ca66d677f1\"},\"headline\":\"R\u00e9action: Accus\u00e9 de \u00abtrafic d\u2019armes de guerre\u00bb, le d\u00e9put\u00e9 Kamssouloum Abba Kabir d\u00e9nonce une \u00abcabale\u00bb et annonce une enqu\u00eate pour d\u00e9busquer son commanditaire\",\"datePublished\":\"2022-10-06T20:09:09+00:00\",\"dateModified\":\"2022-10-06T21:55:29+00:00\",\"mainEntityOfPage\":{\"@id\":\"https:\/\/www.africa-press.net\/cameroun\/politique\/reaction-accuse-de-trafic-darmes-de-guerre-le-depute-kamssouloum-abba-kabir-denonce-une-cabale-et-annonce-une-enquete-pour-debusquer-son-commanditaire\"},\"wordCount\":879,\"commentCount\":0,\"image\":{\"@id\":\"https:\/\/www.africa-press.net\/cameroun\/politique\/reaction-accuse-de-trafic-darmes-de-guerre-le-depute-kamssouloum-abba-kabir-denonce-une-cabale-et-annonce-une-enquete-pour-debusquer-son-commanditaire#primaryimage\"},\"thumbnailUrl\":\"https:\/\/static.africa-press.net\/cameroun\/sites\/57\/2022\/10\/img-633f4152435e1.jpg\",\"keywords\":[\"Africa Press\",\"Africa Press-Cameroun\",\"Cameroun\"],\"articleSection\":[\"Politique\",\"Toutes les actualit\u00e9s\"],\"inLanguage\":\"fr-FR\",\"potentialAction\":[{\"@type\":\"CommentAction\",\"name\":\"Comment\",\"target\":[\"https:\/\/www.africa-press.net\/cameroun\/politique\/reaction-accuse-de-trafic-darmes-de-guerre-le-depute-kamssouloum-abba-kabir-denonce-une-cabale-et-annonce-une-enquete-pour-debusquer-son-commanditaire#respond\"]}]},{\"@type\":\"WebPage\",\"@id\":\"https:\/\/www.africa-press.net\/cameroun\/politique\/reaction-accuse-de-trafic-darmes-de-guerre-le-depute-kamssouloum-abba-kabir-denonce-une-cabale-et-annonce-une-enquete-pour-debusquer-son-commanditaire\",\"url\":\"https:\/\/www.africa-press.net\/cameroun\/politique\/reaction-accuse-de-trafic-darmes-de-guerre-le-depute-kamssouloum-abba-kabir-denonce-une-cabale-et-annonce-une-enquete-pour-debusquer-son-commanditaire\",\"name\":\"R\u00e9action: Accus\u00e9 de \u00abtrafic d\u2019armes de guerre\u00bb, le d\u00e9put\u00e9 Kamssouloum Abba Kabir d\u00e9nonce une \u00abcabale\u00bb et annonce une enqu\u00eate pour d\u00e9busquer son commanditaire - Cameroun\",\"isPartOf\":{\"@id\":\"https:\/\/www.africa-press.net\/cameroun\/#website\"},\"primaryImageOfPage\":{\"@id\":\"https:\/\/www.africa-press.net\/cameroun\/politique\/reaction-accuse-de-trafic-darmes-de-guerre-le-depute-kamssouloum-abba-kabir-denonce-une-cabale-et-annonce-une-enquete-pour-debusquer-son-commanditaire#primaryimage\"},\"image\":{\"@id\":\"https:\/\/www.africa-press.net\/cameroun\/politique\/reaction-accuse-de-trafic-darmes-de-guerre-le-depute-kamssouloum-abba-kabir-denonce-une-cabale-et-annonce-une-enquete-pour-debusquer-son-commanditaire#primaryimage\"},\"thumbnailUrl\":\"https:\/\/static.africa-press.net\/cameroun\/sites\/57\/2022\/10\/img-633f4152435e1.jpg\",\"datePublished\":\"2022-10-06T20:09:09+00:00\",\"dateModified\":\"2022-10-06T21:55:29+00:00\",\"author\":{\"@id\":\"https:\/\/www.africa-press.net\/cameroun\/#\/schema\/person\/2b1cf3cd81a31e3cd26889ca66d677f1\"},\"description\":\"Dans une lettre en circulation sur les re\u0301seaux sociaux et attribue\u0301e au pre\u0301sident de l\u2019Assemble\u0301e nationale Cavaye Yeg ...\",\"breadcrumb\":{\"@id\":\"https:\/\/www.africa-press.net\/cameroun\/politique\/reaction-accuse-de-trafic-darmes-de-guerre-le-depute-kamssouloum-abba-kabir-denonce-une-cabale-et-annonce-une-enquete-pour-debusquer-son-commanditaire#breadcrumb\"},\"inLanguage\":\"fr-FR\",\"potentialAction\":[{\"@type\":\"ReadAction\",\"target\":[\"https:\/\/www.africa-press.net\/cameroun\/politique\/reaction-accuse-de-trafic-darmes-de-guerre-le-depute-kamssouloum-abba-kabir-denonce-une-cabale-et-annonce-une-enquete-pour-debusquer-son-commanditaire\"]}]},{\"@type\":\"ImageObject\",\"inLanguage\":\"fr-FR\",\"@id\":\"https:\/\/www.africa-press.net\/cameroun\/politique\/reaction-accuse-de-trafic-darmes-de-guerre-le-depute-kamssouloum-abba-kabir-denonce-une-cabale-et-annonce-une-enquete-pour-debusquer-son-commanditaire#primaryimage\",\"url\":\"https:\/\/static.africa-press.net\/cameroun\/sites\/57\/2022\/10\/img-633f4152435e1.jpg\",\"contentUrl\":\"https:\/\/static.africa-press.net\/cameroun\/sites\/57\/2022\/10\/img-633f4152435e1.jpg\",\"width\":800,\"height\":1016,\"caption\":\"R\u00e9action: Accus\u00e9 de \u00abtrafic d\u2019armes de guerre\u00bb, le d\u00e9put\u00e9 Kamssouloum Abba Kabir d\u00e9nonce une \u00abcabale\u00bb et annonce une enqu\u00eate pour d\u00e9busquer son commanditaire\"},{\"@type\":\"BreadcrumbList\",\"@id\":\"https:\/\/www.africa-press.net\/cameroun\/politique\/reaction-accuse-de-trafic-darmes-de-guerre-le-depute-kamssouloum-abba-kabir-denonce-une-cabale-et-annonce-une-enquete-pour-debusquer-son-commanditaire#breadcrumb\",\"itemListElement\":[{\"@type\":\"ListItem\",\"position\":1,\"name\":\"Accueil\",\"item\":\"https:\/\/www.africa-press.net\/cameroun\/\"},{\"@type\":\"ListItem\",\"position\":2,\"name\":\"R\u00e9action: Accus\u00e9 de \u00abtrafic d\u2019armes de guerre\u00bb, le d\u00e9put\u00e9 Kamssouloum Abba Kabir d\u00e9nonce une \u00abcabale\u00bb et annonce une enqu\u00eate pour d\u00e9busquer son commanditaire\"}]},{\"@type\":\"WebSite\",\"@id\":\"https:\/\/www.africa-press.net\/cameroun\/#website\",\"url\":\"https:\/\/www.africa-press.net\/cameroun\/\",\"name\":\"Cameroun\",\"description\":\"Just another Africa News Agency Sites site\",\"potentialAction\":[{\"@type\":\"SearchAction\",\"target\":{\"@type\":\"EntryPoint\",\"urlTemplate\":\"https:\/\/www.africa-press.net\/cameroun\/?s={search_term_string}\"},\"query-input\":{\"@type\":\"PropertyValueSpecification\",\"valueRequired\":true,\"valueName\":\"search_term_string\"}}],\"inLanguage\":\"fr-FR\"},{\"@type\":\"Person\",\"@id\":\"https:\/\/www.africa-press.net\/cameroun\/#\/schema\/person\/2b1cf3cd81a31e3cd26889ca66d677f1\",\"name\":\"cfeditorfr\"}]}<\/script>\n<!-- \/ Yoast SEO Premium plugin. -->","yoast_head_json":{"title":"R\u00e9action: Accus\u00e9 de \u00abtrafic d\u2019armes de guerre\u00bb, le d\u00e9put\u00e9 Kamssouloum Abba Kabir d\u00e9nonce une \u00abcabale\u00bb et annonce une enqu\u00eate pour d\u00e9busquer son commanditaire - Cameroun","description":"Dans une lettre en circulation sur les re\u0301seaux sociaux et attribue\u0301e au pre\u0301sident de l\u2019Assemble\u0301e nationale Cavaye Yeg ...","robots":{"index":"index","follow":"follow","max-snippet":"max-snippet:-1","max-image-preview":"max-image-preview:large","max-video-preview":"max-video-preview:-1"},"canonical":"https:\/\/www.africa-press.net\/cameroun\/politique\/reaction-accuse-de-trafic-darmes-de-guerre-le-depute-kamssouloum-abba-kabir-denonce-une-cabale-et-annonce-une-enquete-pour-debusquer-son-commanditaire","og_locale":"fr_FR","og_type":"article","og_title":"R\u00e9action: Accus\u00e9 de \u00abtrafic d\u2019armes de guerre\u00bb, le d\u00e9put\u00e9 Kamssouloum Abba Kabir d\u00e9nonce une \u00abcabale\u00bb et annonce une enqu\u00eate pour d\u00e9busquer son commanditaire","og_description":"Dans une lettre en circulation sur les re\u0301seaux sociaux et attribue\u0301e au pre\u0301sident de l\u2019Assemble\u0301e nationale Cavaye Yeg ...","og_url":"https:\/\/www.africa-press.net\/cameroun\/politique\/reaction-accuse-de-trafic-darmes-de-guerre-le-depute-kamssouloum-abba-kabir-denonce-une-cabale-et-annonce-une-enquete-pour-debusquer-son-commanditaire","og_site_name":"Cameroun","article_published_time":"2022-10-06T20:09:09+00:00","article_modified_time":"2022-10-06T21:55:29+00:00","og_image":[{"width":800,"height":1016,"url":"https:\/\/static.africa-press.net\/cameroun\/sites\/57\/2022\/10\/img-633f4152435e1.jpg","type":"image\/jpeg"}],"author":"cfeditorfr","twitter_card":"summary_large_image","twitter_misc":{"\u00c9crit par":"cfeditorfr","Dur\u00e9e de lecture estim\u00e9e":"4 minutes"},"schema":{"@context":"https:\/\/schema.org","@graph":[{"@type":"Article","@id":"https:\/\/www.africa-press.net\/cameroun\/politique\/reaction-accuse-de-trafic-darmes-de-guerre-le-depute-kamssouloum-abba-kabir-denonce-une-cabale-et-annonce-une-enquete-pour-debusquer-son-commanditaire#article","isPartOf":{"@id":"https:\/\/www.africa-press.net\/cameroun\/politique\/reaction-accuse-de-trafic-darmes-de-guerre-le-depute-kamssouloum-abba-kabir-denonce-une-cabale-et-annonce-une-enquete-pour-debusquer-son-commanditaire"},"author":{"name":"cfeditorfr","@id":"https:\/\/www.africa-press.net\/cameroun\/#\/schema\/person\/2b1cf3cd81a31e3cd26889ca66d677f1"},"headline":"R\u00e9action: Accus\u00e9 de \u00abtrafic d\u2019armes de guerre\u00bb, le d\u00e9put\u00e9 Kamssouloum Abba Kabir d\u00e9nonce une \u00abcabale\u00bb et annonce une enqu\u00eate pour d\u00e9busquer son commanditaire","datePublished":"2022-10-06T20:09:09+00:00","dateModified":"2022-10-06T21:55:29+00:00","mainEntityOfPage":{"@id":"https:\/\/www.africa-press.net\/cameroun\/politique\/reaction-accuse-de-trafic-darmes-de-guerre-le-depute-kamssouloum-abba-kabir-denonce-une-cabale-et-annonce-une-enquete-pour-debusquer-son-commanditaire"},"wordCount":879,"commentCount":0,"image":{"@id":"https:\/\/www.africa-press.net\/cameroun\/politique\/reaction-accuse-de-trafic-darmes-de-guerre-le-depute-kamssouloum-abba-kabir-denonce-une-cabale-et-annonce-une-enquete-pour-debusquer-son-commanditaire#primaryimage"},"thumbnailUrl":"https:\/\/static.africa-press.net\/cameroun\/sites\/57\/2022\/10\/img-633f4152435e1.jpg","keywords":["Africa Press","Africa Press-Cameroun","Cameroun"],"articleSection":["Politique","Toutes les actualit\u00e9s"],"inLanguage":"fr-FR","potentialAction":[{"@type":"CommentAction","name":"Comment","target":["https:\/\/www.africa-press.net\/cameroun\/politique\/reaction-accuse-de-trafic-darmes-de-guerre-le-depute-kamssouloum-abba-kabir-denonce-une-cabale-et-annonce-une-enquete-pour-debusquer-son-commanditaire#respond"]}]},{"@type":"WebPage","@id":"https:\/\/www.africa-press.net\/cameroun\/politique\/reaction-accuse-de-trafic-darmes-de-guerre-le-depute-kamssouloum-abba-kabir-denonce-une-cabale-et-annonce-une-enquete-pour-debusquer-son-commanditaire","url":"https:\/\/www.africa-press.net\/cameroun\/politique\/reaction-accuse-de-trafic-darmes-de-guerre-le-depute-kamssouloum-abba-kabir-denonce-une-cabale-et-annonce-une-enquete-pour-debusquer-son-commanditaire","name":"R\u00e9action: Accus\u00e9 de \u00abtrafic d\u2019armes de guerre\u00bb, le d\u00e9put\u00e9 Kamssouloum Abba Kabir d\u00e9nonce une \u00abcabale\u00bb et annonce une enqu\u00eate pour d\u00e9busquer son commanditaire - Cameroun","isPartOf":{"@id":"https:\/\/www.africa-press.net\/cameroun\/#website"},"primaryImageOfPage":{"@id":"https:\/\/www.africa-press.net\/cameroun\/politique\/reaction-accuse-de-trafic-darmes-de-guerre-le-depute-kamssouloum-abba-kabir-denonce-une-cabale-et-annonce-une-enquete-pour-debusquer-son-commanditaire#primaryimage"},"image":{"@id":"https:\/\/www.africa-press.net\/cameroun\/politique\/reaction-accuse-de-trafic-darmes-de-guerre-le-depute-kamssouloum-abba-kabir-denonce-une-cabale-et-annonce-une-enquete-pour-debusquer-son-commanditaire#primaryimage"},"thumbnailUrl":"https:\/\/static.africa-press.net\/cameroun\/sites\/57\/2022\/10\/img-633f4152435e1.jpg","datePublished":"2022-10-06T20:09:09+00:00","dateModified":"2022-10-06T21:55:29+00:00","author":{"@id":"https:\/\/www.africa-press.net\/cameroun\/#\/schema\/person\/2b1cf3cd81a31e3cd26889ca66d677f1"},"description":"Dans une lettre en circulation sur les re\u0301seaux sociaux et attribue\u0301e au pre\u0301sident de l\u2019Assemble\u0301e nationale Cavaye Yeg ...","breadcrumb":{"@id":"https:\/\/www.africa-press.net\/cameroun\/politique\/reaction-accuse-de-trafic-darmes-de-guerre-le-depute-kamssouloum-abba-kabir-denonce-une-cabale-et-annonce-une-enquete-pour-debusquer-son-commanditaire#breadcrumb"},"inLanguage":"fr-FR","potentialAction":[{"@type":"ReadAction","target":["https:\/\/www.africa-press.net\/cameroun\/politique\/reaction-accuse-de-trafic-darmes-de-guerre-le-depute-kamssouloum-abba-kabir-denonce-une-cabale-et-annonce-une-enquete-pour-debusquer-son-commanditaire"]}]},{"@type":"ImageObject","inLanguage":"fr-FR","@id":"https:\/\/www.africa-press.net\/cameroun\/politique\/reaction-accuse-de-trafic-darmes-de-guerre-le-depute-kamssouloum-abba-kabir-denonce-une-cabale-et-annonce-une-enquete-pour-debusquer-son-commanditaire#primaryimage","url":"https:\/\/static.africa-press.net\/cameroun\/sites\/57\/2022\/10\/img-633f4152435e1.jpg","contentUrl":"https:\/\/static.africa-press.net\/cameroun\/sites\/57\/2022\/10\/img-633f4152435e1.jpg","width":800,"height":1016,"caption":"R\u00e9action: Accus\u00e9 de \u00abtrafic d\u2019armes de guerre\u00bb, le d\u00e9put\u00e9 Kamssouloum Abba Kabir d\u00e9nonce une \u00abcabale\u00bb et annonce une enqu\u00eate pour d\u00e9busquer son commanditaire"},{"@type":"BreadcrumbList","@id":"https:\/\/www.africa-press.net\/cameroun\/politique\/reaction-accuse-de-trafic-darmes-de-guerre-le-depute-kamssouloum-abba-kabir-denonce-une-cabale-et-annonce-une-enquete-pour-debusquer-son-commanditaire#breadcrumb","itemListElement":[{"@type":"ListItem","position":1,"name":"Accueil","item":"https:\/\/www.africa-press.net\/cameroun\/"},{"@type":"ListItem","position":2,"name":"R\u00e9action: Accus\u00e9 de \u00abtrafic d\u2019armes de guerre\u00bb, le d\u00e9put\u00e9 Kamssouloum Abba Kabir d\u00e9nonce une \u00abcabale\u00bb et annonce une enqu\u00eate pour d\u00e9busquer son commanditaire"}]},{"@type":"WebSite","@id":"https:\/\/www.africa-press.net\/cameroun\/#website","url":"https:\/\/www.africa-press.net\/cameroun\/","name":"Cameroun","description":"Just another Africa News Agency Sites site","potentialAction":[{"@type":"SearchAction","target":{"@type":"EntryPoint","urlTemplate":"https:\/\/www.africa-press.net\/cameroun\/?s={search_term_string}"},"query-input":{"@type":"PropertyValueSpecification","valueRequired":true,"valueName":"search_term_string"}}],"inLanguage":"fr-FR"},{"@type":"Person","@id":"https:\/\/www.africa-press.net\/cameroun\/#\/schema\/person\/2b1cf3cd81a31e3cd26889ca66d677f1","name":"cfeditorfr"}]}},"_links":{"self":[{"href":"https:\/\/www.africa-press.net\/cameroun\/wp-json\/wp\/v2\/posts\/28895","targetHints":{"allow":["GET"]}}],"collection":[{"href":"https:\/\/www.africa-press.net\/cameroun\/wp-json\/wp\/v2\/posts"}],"about":[{"href":"https:\/\/www.africa-press.net\/cameroun\/wp-json\/wp\/v2\/types\/post"}],"author":[{"embeddable":true,"href":"https:\/\/www.africa-press.net\/cameroun\/wp-json\/wp\/v2\/users\/82"}],"replies":[{"embeddable":true,"href":"https:\/\/www.africa-press.net\/cameroun\/wp-json\/wp\/v2\/comments?post=28895"}],"version-history":[{"count":0,"href":"https:\/\/www.africa-press.net\/cameroun\/wp-json\/wp\/v2\/posts\/28895\/revisions"}],"wp:featuredmedia":[{"embeddable":true,"href":"https:\/\/www.africa-press.net\/cameroun\/wp-json\/wp\/v2\/media\/28894"}],"wp:attachment":[{"href":"https:\/\/www.africa-press.net\/cameroun\/wp-json\/wp\/v2\/media?parent=28895"}],"wp:term":[{"taxonomy":"category","embeddable":true,"href":"https:\/\/www.africa-press.net\/cameroun\/wp-json\/wp\/v2\/categories?post=28895"},{"taxonomy":"post_tag","embeddable":true,"href":"https:\/\/www.africa-press.net\/cameroun\/wp-json\/wp\/v2\/tags?post=28895"}],"curies":[{"name":"wp","href":"https:\/\/api.w.org\/{rel}","templated":true}]}}