{"id":28898,"date":"2022-10-06T20:17:07","date_gmt":"2022-10-06T20:17:07","guid":{"rendered":"https:\/\/www.africa-press.net\/cameroun\/politique\/medias-lex-directeur-de-la-communication-de-la-fecafoot-parfait-siki-lance-son-journal-denomme-info"},"modified":"2022-10-06T20:59:44","modified_gmt":"2022-10-06T20:59:44","slug":"medias-lex-directeur-de-la-communication-de-la-fecafoot-parfait-siki-lance-son-journal-denomme-info","status":"publish","type":"post","link":"https:\/\/www.africa-press.net\/cameroun\/toutes-les-actualites\/medias-lex-directeur-de-la-communication-de-la-fecafoot-parfait-siki-lance-son-journal-denomme-info","title":{"rendered":"M\u00e9dias: L\u2019ex Directeur de la Communication de la FECAFOOT, Parfait Siki lance son journal d\u00e9nomm\u00e9 \u00abInfo +\u00bb"},"content":{"rendered":"<p><span style=\"color: #ff6600\"><strong>Africa-Press &#8211; Cameroun. <\/strong><\/span>Depuis sa de\u0301mission de la Fe\u0301de\u0301ration Camerounaise de Football (FECAFOOT) en fe\u0301vrier 2022, Parfait Siki qui y a occupe\u0301 les postes de Directeur de la Communication et de Secre\u0301taire ge\u0301ne\u0301ral par inte\u0301rim, s\u2019e\u0301tait un petit peu terre\u0301. Et on en e\u0301tait a\u0300 se demander ou\u0300 ce journaliste chevronne\u0301, spe\u0301cialiste des questions e\u0301conomiques allait rebondir. Et paf ! Il re\u0301apparait dans la presse, son premier Amour, cette fois-ci en tant que directeur de publication d\u2019un hebdomadaire intitule\u0301 \u00ab Info+ \u00bb.<\/p>\n<p>Il a pre\u0301sente\u0301 le tout premier nume\u0301ro de ce tabloi\u0308d le mercredi 5 octobre 2022, avec une actualite\u0301 politique atemporelle a\u0300 la Une, sur les me\u0301andres de la gestion du pouvoir par le pre\u0301sident de la Re\u0301publique Paul Biya. \u00ab Info+ \u00bb va donc offrir une dimension analytique des sujets d\u2019importance sur la vie de la nation, et se positionner comme une re\u0301fe\u0301rence en la matie\u0300re.<\/p>\n<p>Il va e\u0301galement s\u2019inte\u0301resser aux actualite\u0301s dans le domaine de l\u2019Economie, le Sport, la Culture, la Technologie&#8230;, autant de rubriques qui apparaissent dans l\u2019arborescence de son appendice digital. En effet, Parfait Siki a lance\u0301 concomitamment un site internet avec la me\u0302me identite\u0301, qui sera une sorte de quotidien en ligne, qui balaie les actualite\u0301s nationales et internationales.<\/p>\n<p>\u00ab Info+ est le site de re\u0301fe\u0301rence de l\u2019information su\u0302re et cre\u0301dible sur le Cameroun. Voulu par des journalistes chevronne\u0301s, il est anime\u0301 par des professionnels passionne\u0301s par l\u2019actualite\u0301, ses sous et ses dessous \u00bb, renseigne le site.<\/p>\n<p>Dans un univers me\u0301diatique camerounais pre\u0301tendument sature\u0301 avec la ple\u0301iade de titres qui paraissent en kiosque, \u00ab Info+ \u00bb ne pense pas e\u0302tre un titre de trop, et compte ba\u0302tir sa cre\u0301dibilite\u0301 par un contenu e\u0301ditorial original et cre\u0301dible, avec une main d\u2019\u0153uvre de qualite\u0301 trie\u0301e sur le volet. Car ce journal \u00ab nai\u0302t de la volonte\u0301 de faire le journalisme autrement tout en e\u0301tant fide\u0300le aux valeurs qui fondent ce me\u0301tier, entre la sacralite\u0301 des faits et la responsabilite\u0301 sociale, au milieu de l\u2019info utile et celle qui divertit et forme \u00bb, assure-t-on.<\/p>\n<p><strong>Pour plus d&rsquo;informations et d&rsquo;analyses sur la <a href=\"https:\/\/www.africa-press.net\/cameroun\">Cameroun<\/a>, suivez <a href=\"https:\/\/www.africa-press.net\/\">Africa-Press<\/a><\/strong><\/p>\n","protected":false},"excerpt":{"rendered":"<p>Africa-Press &#8211; Cameroun. Depuis sa de\u0301mission de la Fe\u0301de\u0301ration Camerounaise de Football (FECAFOOT) en fe\u0301vrier 2022, Parfait Siki qui y a occupe\u0301 les postes de Directeur de la Communication et de Secre\u0301taire ge\u0301ne\u0301ral par inte\u0301rim, s\u2019e\u0301tait un petit peu terre\u0301. Et on en e\u0301tait a\u0300 se demander ou\u0300 ce journaliste chevronne\u0301, spe\u0301cialiste des questions e\u0301conomiques [&hellip;]<\/p>\n","protected":false},"author":82,"featured_media":28897,"comment_status":"open","ping_status":"closed","sticky":false,"template":"","format":"standard","meta":{"footnotes":""},"categories":[21,10],"tags":[36,50,49],"class_list":["post-28898","post","type-post","status-publish","format-standard","has-post-thumbnail","hentry","category-communaute","category-toutes-les-actualites","tag-africa-press","tag-africa-press-cameroun","tag-cameroun"],"yoast_head":"<!-- This site is optimized with the Yoast SEO Premium plugin v26.1 (Yoast SEO v27.0) - https:\/\/yoast.com\/product\/yoast-seo-premium-wordpress\/ -->\n<title>M\u00e9dias: L\u2019ex Directeur de la Communication de la FECAFOOT, Parfait Siki lance son journal d\u00e9nomm\u00e9 \u00abInfo +\u00bb - Cameroun<\/title>\n<meta name=\"description\" content=\"Depuis sa de\u0301mission de la Fe\u0301de\u0301ration Camerounaise de Football (FECAFOOT) en fe\u0301vrier 2022, Parfait Siki qui y a occup ...\" \/>\n<meta name=\"robots\" content=\"index, follow, max-snippet:-1, max-image-preview:large, max-video-preview:-1\" \/>\n<link rel=\"canonical\" href=\"https:\/\/www.africa-press.net\/cameroun\/toutes-les-actualites\/medias-lex-directeur-de-la-communication-de-la-fecafoot-parfait-siki-lance-son-journal-denomme-info\" \/>\n<meta property=\"og:locale\" content=\"fr_FR\" \/>\n<meta property=\"og:type\" content=\"article\" \/>\n<meta property=\"og:title\" content=\"M\u00e9dias: L\u2019ex Directeur de la Communication de la FECAFOOT, Parfait Siki lance son journal d\u00e9nomm\u00e9 \u00abInfo +\u00bb\" \/>\n<meta property=\"og:description\" content=\"Depuis sa de\u0301mission de la Fe\u0301de\u0301ration Camerounaise de Football (FECAFOOT) en fe\u0301vrier 2022, Parfait Siki qui y a occup ...\" \/>\n<meta property=\"og:url\" content=\"https:\/\/www.africa-press.net\/cameroun\/toutes-les-actualites\/medias-lex-directeur-de-la-communication-de-la-fecafoot-parfait-siki-lance-son-journal-denomme-info\" \/>\n<meta property=\"og:site_name\" content=\"Cameroun\" \/>\n<meta property=\"article:published_time\" content=\"2022-10-06T20:17:07+00:00\" \/>\n<meta property=\"article:modified_time\" content=\"2022-10-06T20:59:44+00:00\" \/>\n<meta property=\"og:image\" content=\"https:\/\/static.africa-press.net\/cameroun\/sites\/57\/2022\/10\/img-633f4188ecdbb.jpg\" \/>\n\t<meta property=\"og:image:width\" content=\"800\" \/>\n\t<meta property=\"og:image:height\" content=\"478\" \/>\n\t<meta property=\"og:image:type\" content=\"image\/jpeg\" \/>\n<meta name=\"author\" content=\"cfeditorfr\" \/>\n<meta name=\"twitter:card\" content=\"summary_large_image\" \/>\n<meta name=\"twitter:label1\" content=\"\u00c9crit par\" \/>\n\t<meta name=\"twitter:data1\" content=\"cfeditorfr\" \/>\n\t<meta name=\"twitter:label2\" content=\"Dur\u00e9e de lecture estim\u00e9e\" \/>\n\t<meta name=\"twitter:data2\" content=\"2 minutes\" \/>\n<script type=\"application\/ld+json\" class=\"yoast-schema-graph\">{\"@context\":\"https:\/\/schema.org\",\"@graph\":[{\"@type\":\"Article\",\"@id\":\"https:\/\/www.africa-press.net\/cameroun\/toutes-les-actualites\/medias-lex-directeur-de-la-communication-de-la-fecafoot-parfait-siki-lance-son-journal-denomme-info#article\",\"isPartOf\":{\"@id\":\"https:\/\/www.africa-press.net\/cameroun\/toutes-les-actualites\/medias-lex-directeur-de-la-communication-de-la-fecafoot-parfait-siki-lance-son-journal-denomme-info\"},\"author\":{\"name\":\"cfeditorfr\",\"@id\":\"https:\/\/www.africa-press.net\/cameroun\/#\/schema\/person\/2b1cf3cd81a31e3cd26889ca66d677f1\"},\"headline\":\"M\u00e9dias: L\u2019ex Directeur de la Communication de la FECAFOOT, Parfait Siki lance son journal d\u00e9nomm\u00e9 \u00abInfo +\u00bb\",\"datePublished\":\"2022-10-06T20:17:07+00:00\",\"dateModified\":\"2022-10-06T20:59:44+00:00\",\"mainEntityOfPage\":{\"@id\":\"https:\/\/www.africa-press.net\/cameroun\/toutes-les-actualites\/medias-lex-directeur-de-la-communication-de-la-fecafoot-parfait-siki-lance-son-journal-denomme-info\"},\"wordCount\":410,\"commentCount\":0,\"image\":{\"@id\":\"https:\/\/www.africa-press.net\/cameroun\/toutes-les-actualites\/medias-lex-directeur-de-la-communication-de-la-fecafoot-parfait-siki-lance-son-journal-denomme-info#primaryimage\"},\"thumbnailUrl\":\"https:\/\/static.africa-press.net\/cameroun\/sites\/57\/2022\/10\/img-633f4188ecdbb.jpg\",\"keywords\":[\"Africa Press\",\"Africa Press-Cameroun\",\"Cameroun\"],\"articleSection\":[\"Communaut\u00e9\",\"Toutes les actualit\u00e9s\"],\"inLanguage\":\"fr-FR\",\"potentialAction\":[{\"@type\":\"CommentAction\",\"name\":\"Comment\",\"target\":[\"https:\/\/www.africa-press.net\/cameroun\/toutes-les-actualites\/medias-lex-directeur-de-la-communication-de-la-fecafoot-parfait-siki-lance-son-journal-denomme-info#respond\"]}]},{\"@type\":\"WebPage\",\"@id\":\"https:\/\/www.africa-press.net\/cameroun\/toutes-les-actualites\/medias-lex-directeur-de-la-communication-de-la-fecafoot-parfait-siki-lance-son-journal-denomme-info\",\"url\":\"https:\/\/www.africa-press.net\/cameroun\/toutes-les-actualites\/medias-lex-directeur-de-la-communication-de-la-fecafoot-parfait-siki-lance-son-journal-denomme-info\",\"name\":\"M\u00e9dias: L\u2019ex Directeur de la Communication de la FECAFOOT, Parfait Siki lance son journal d\u00e9nomm\u00e9 \u00abInfo +\u00bb - Cameroun\",\"isPartOf\":{\"@id\":\"https:\/\/www.africa-press.net\/cameroun\/#website\"},\"primaryImageOfPage\":{\"@id\":\"https:\/\/www.africa-press.net\/cameroun\/toutes-les-actualites\/medias-lex-directeur-de-la-communication-de-la-fecafoot-parfait-siki-lance-son-journal-denomme-info#primaryimage\"},\"image\":{\"@id\":\"https:\/\/www.africa-press.net\/cameroun\/toutes-les-actualites\/medias-lex-directeur-de-la-communication-de-la-fecafoot-parfait-siki-lance-son-journal-denomme-info#primaryimage\"},\"thumbnailUrl\":\"https:\/\/static.africa-press.net\/cameroun\/sites\/57\/2022\/10\/img-633f4188ecdbb.jpg\",\"datePublished\":\"2022-10-06T20:17:07+00:00\",\"dateModified\":\"2022-10-06T20:59:44+00:00\",\"author\":{\"@id\":\"https:\/\/www.africa-press.net\/cameroun\/#\/schema\/person\/2b1cf3cd81a31e3cd26889ca66d677f1\"},\"description\":\"Depuis sa de\u0301mission de la Fe\u0301de\u0301ration Camerounaise de Football (FECAFOOT) en fe\u0301vrier 2022, Parfait Siki qui y a occup ...\",\"breadcrumb\":{\"@id\":\"https:\/\/www.africa-press.net\/cameroun\/toutes-les-actualites\/medias-lex-directeur-de-la-communication-de-la-fecafoot-parfait-siki-lance-son-journal-denomme-info#breadcrumb\"},\"inLanguage\":\"fr-FR\",\"potentialAction\":[{\"@type\":\"ReadAction\",\"target\":[\"https:\/\/www.africa-press.net\/cameroun\/toutes-les-actualites\/medias-lex-directeur-de-la-communication-de-la-fecafoot-parfait-siki-lance-son-journal-denomme-info\"]}]},{\"@type\":\"ImageObject\",\"inLanguage\":\"fr-FR\",\"@id\":\"https:\/\/www.africa-press.net\/cameroun\/toutes-les-actualites\/medias-lex-directeur-de-la-communication-de-la-fecafoot-parfait-siki-lance-son-journal-denomme-info#primaryimage\",\"url\":\"https:\/\/static.africa-press.net\/cameroun\/sites\/57\/2022\/10\/img-633f4188ecdbb.jpg\",\"contentUrl\":\"https:\/\/static.africa-press.net\/cameroun\/sites\/57\/2022\/10\/img-633f4188ecdbb.jpg\",\"width\":800,\"height\":478,\"caption\":\"M\u00e9dias: L\u2019ex Directeur de la Communication de la FECAFOOT, Parfait Siki lance son journal d\u00e9nomm\u00e9 \u00abInfo +\u00bb\"},{\"@type\":\"BreadcrumbList\",\"@id\":\"https:\/\/www.africa-press.net\/cameroun\/toutes-les-actualites\/medias-lex-directeur-de-la-communication-de-la-fecafoot-parfait-siki-lance-son-journal-denomme-info#breadcrumb\",\"itemListElement\":[{\"@type\":\"ListItem\",\"position\":1,\"name\":\"Accueil\",\"item\":\"https:\/\/www.africa-press.net\/cameroun\/\"},{\"@type\":\"ListItem\",\"position\":2,\"name\":\"M\u00e9dias: L\u2019ex Directeur de la Communication de la FECAFOOT, Parfait Siki lance son journal d\u00e9nomm\u00e9 \u00abInfo +\u00bb\"}]},{\"@type\":\"WebSite\",\"@id\":\"https:\/\/www.africa-press.net\/cameroun\/#website\",\"url\":\"https:\/\/www.africa-press.net\/cameroun\/\",\"name\":\"Cameroun\",\"description\":\"Just another Africa News Agency Sites site\",\"potentialAction\":[{\"@type\":\"SearchAction\",\"target\":{\"@type\":\"EntryPoint\",\"urlTemplate\":\"https:\/\/www.africa-press.net\/cameroun\/?s={search_term_string}\"},\"query-input\":{\"@type\":\"PropertyValueSpecification\",\"valueRequired\":true,\"valueName\":\"search_term_string\"}}],\"inLanguage\":\"fr-FR\"},{\"@type\":\"Person\",\"@id\":\"https:\/\/www.africa-press.net\/cameroun\/#\/schema\/person\/2b1cf3cd81a31e3cd26889ca66d677f1\",\"name\":\"cfeditorfr\"}]}<\/script>\n<!-- \/ Yoast SEO Premium plugin. -->","yoast_head_json":{"title":"M\u00e9dias: L\u2019ex Directeur de la Communication de la FECAFOOT, Parfait Siki lance son journal d\u00e9nomm\u00e9 \u00abInfo +\u00bb - Cameroun","description":"Depuis sa de\u0301mission de la Fe\u0301de\u0301ration Camerounaise de Football (FECAFOOT) en fe\u0301vrier 2022, Parfait Siki qui y a occup ...","robots":{"index":"index","follow":"follow","max-snippet":"max-snippet:-1","max-image-preview":"max-image-preview:large","max-video-preview":"max-video-preview:-1"},"canonical":"https:\/\/www.africa-press.net\/cameroun\/toutes-les-actualites\/medias-lex-directeur-de-la-communication-de-la-fecafoot-parfait-siki-lance-son-journal-denomme-info","og_locale":"fr_FR","og_type":"article","og_title":"M\u00e9dias: L\u2019ex Directeur de la Communication de la FECAFOOT, Parfait Siki lance son journal d\u00e9nomm\u00e9 \u00abInfo +\u00bb","og_description":"Depuis sa de\u0301mission de la Fe\u0301de\u0301ration Camerounaise de Football (FECAFOOT) en fe\u0301vrier 2022, Parfait Siki qui y a occup ...","og_url":"https:\/\/www.africa-press.net\/cameroun\/toutes-les-actualites\/medias-lex-directeur-de-la-communication-de-la-fecafoot-parfait-siki-lance-son-journal-denomme-info","og_site_name":"Cameroun","article_published_time":"2022-10-06T20:17:07+00:00","article_modified_time":"2022-10-06T20:59:44+00:00","og_image":[{"width":800,"height":478,"url":"https:\/\/static.africa-press.net\/cameroun\/sites\/57\/2022\/10\/img-633f4188ecdbb.jpg","type":"image\/jpeg"}],"author":"cfeditorfr","twitter_card":"summary_large_image","twitter_misc":{"\u00c9crit par":"cfeditorfr","Dur\u00e9e de lecture estim\u00e9e":"2 minutes"},"schema":{"@context":"https:\/\/schema.org","@graph":[{"@type":"Article","@id":"https:\/\/www.africa-press.net\/cameroun\/toutes-les-actualites\/medias-lex-directeur-de-la-communication-de-la-fecafoot-parfait-siki-lance-son-journal-denomme-info#article","isPartOf":{"@id":"https:\/\/www.africa-press.net\/cameroun\/toutes-les-actualites\/medias-lex-directeur-de-la-communication-de-la-fecafoot-parfait-siki-lance-son-journal-denomme-info"},"author":{"name":"cfeditorfr","@id":"https:\/\/www.africa-press.net\/cameroun\/#\/schema\/person\/2b1cf3cd81a31e3cd26889ca66d677f1"},"headline":"M\u00e9dias: L\u2019ex Directeur de la Communication de la FECAFOOT, Parfait Siki lance son journal d\u00e9nomm\u00e9 \u00abInfo +\u00bb","datePublished":"2022-10-06T20:17:07+00:00","dateModified":"2022-10-06T20:59:44+00:00","mainEntityOfPage":{"@id":"https:\/\/www.africa-press.net\/cameroun\/toutes-les-actualites\/medias-lex-directeur-de-la-communication-de-la-fecafoot-parfait-siki-lance-son-journal-denomme-info"},"wordCount":410,"commentCount":0,"image":{"@id":"https:\/\/www.africa-press.net\/cameroun\/toutes-les-actualites\/medias-lex-directeur-de-la-communication-de-la-fecafoot-parfait-siki-lance-son-journal-denomme-info#primaryimage"},"thumbnailUrl":"https:\/\/static.africa-press.net\/cameroun\/sites\/57\/2022\/10\/img-633f4188ecdbb.jpg","keywords":["Africa Press","Africa Press-Cameroun","Cameroun"],"articleSection":["Communaut\u00e9","Toutes les actualit\u00e9s"],"inLanguage":"fr-FR","potentialAction":[{"@type":"CommentAction","name":"Comment","target":["https:\/\/www.africa-press.net\/cameroun\/toutes-les-actualites\/medias-lex-directeur-de-la-communication-de-la-fecafoot-parfait-siki-lance-son-journal-denomme-info#respond"]}]},{"@type":"WebPage","@id":"https:\/\/www.africa-press.net\/cameroun\/toutes-les-actualites\/medias-lex-directeur-de-la-communication-de-la-fecafoot-parfait-siki-lance-son-journal-denomme-info","url":"https:\/\/www.africa-press.net\/cameroun\/toutes-les-actualites\/medias-lex-directeur-de-la-communication-de-la-fecafoot-parfait-siki-lance-son-journal-denomme-info","name":"M\u00e9dias: L\u2019ex Directeur de la Communication de la FECAFOOT, Parfait Siki lance son journal d\u00e9nomm\u00e9 \u00abInfo +\u00bb - Cameroun","isPartOf":{"@id":"https:\/\/www.africa-press.net\/cameroun\/#website"},"primaryImageOfPage":{"@id":"https:\/\/www.africa-press.net\/cameroun\/toutes-les-actualites\/medias-lex-directeur-de-la-communication-de-la-fecafoot-parfait-siki-lance-son-journal-denomme-info#primaryimage"},"image":{"@id":"https:\/\/www.africa-press.net\/cameroun\/toutes-les-actualites\/medias-lex-directeur-de-la-communication-de-la-fecafoot-parfait-siki-lance-son-journal-denomme-info#primaryimage"},"thumbnailUrl":"https:\/\/static.africa-press.net\/cameroun\/sites\/57\/2022\/10\/img-633f4188ecdbb.jpg","datePublished":"2022-10-06T20:17:07+00:00","dateModified":"2022-10-06T20:59:44+00:00","author":{"@id":"https:\/\/www.africa-press.net\/cameroun\/#\/schema\/person\/2b1cf3cd81a31e3cd26889ca66d677f1"},"description":"Depuis sa de\u0301mission de la Fe\u0301de\u0301ration Camerounaise de Football (FECAFOOT) en fe\u0301vrier 2022, Parfait Siki qui y a occup ...","breadcrumb":{"@id":"https:\/\/www.africa-press.net\/cameroun\/toutes-les-actualites\/medias-lex-directeur-de-la-communication-de-la-fecafoot-parfait-siki-lance-son-journal-denomme-info#breadcrumb"},"inLanguage":"fr-FR","potentialAction":[{"@type":"ReadAction","target":["https:\/\/www.africa-press.net\/cameroun\/toutes-les-actualites\/medias-lex-directeur-de-la-communication-de-la-fecafoot-parfait-siki-lance-son-journal-denomme-info"]}]},{"@type":"ImageObject","inLanguage":"fr-FR","@id":"https:\/\/www.africa-press.net\/cameroun\/toutes-les-actualites\/medias-lex-directeur-de-la-communication-de-la-fecafoot-parfait-siki-lance-son-journal-denomme-info#primaryimage","url":"https:\/\/static.africa-press.net\/cameroun\/sites\/57\/2022\/10\/img-633f4188ecdbb.jpg","contentUrl":"https:\/\/static.africa-press.net\/cameroun\/sites\/57\/2022\/10\/img-633f4188ecdbb.jpg","width":800,"height":478,"caption":"M\u00e9dias: L\u2019ex Directeur de la Communication de la FECAFOOT, Parfait Siki lance son journal d\u00e9nomm\u00e9 \u00abInfo +\u00bb"},{"@type":"BreadcrumbList","@id":"https:\/\/www.africa-press.net\/cameroun\/toutes-les-actualites\/medias-lex-directeur-de-la-communication-de-la-fecafoot-parfait-siki-lance-son-journal-denomme-info#breadcrumb","itemListElement":[{"@type":"ListItem","position":1,"name":"Accueil","item":"https:\/\/www.africa-press.net\/cameroun\/"},{"@type":"ListItem","position":2,"name":"M\u00e9dias: L\u2019ex Directeur de la Communication de la FECAFOOT, Parfait Siki lance son journal d\u00e9nomm\u00e9 \u00abInfo +\u00bb"}]},{"@type":"WebSite","@id":"https:\/\/www.africa-press.net\/cameroun\/#website","url":"https:\/\/www.africa-press.net\/cameroun\/","name":"Cameroun","description":"Just another Africa News Agency Sites site","potentialAction":[{"@type":"SearchAction","target":{"@type":"EntryPoint","urlTemplate":"https:\/\/www.africa-press.net\/cameroun\/?s={search_term_string}"},"query-input":{"@type":"PropertyValueSpecification","valueRequired":true,"valueName":"search_term_string"}}],"inLanguage":"fr-FR"},{"@type":"Person","@id":"https:\/\/www.africa-press.net\/cameroun\/#\/schema\/person\/2b1cf3cd81a31e3cd26889ca66d677f1","name":"cfeditorfr"}]}},"_links":{"self":[{"href":"https:\/\/www.africa-press.net\/cameroun\/wp-json\/wp\/v2\/posts\/28898","targetHints":{"allow":["GET"]}}],"collection":[{"href":"https:\/\/www.africa-press.net\/cameroun\/wp-json\/wp\/v2\/posts"}],"about":[{"href":"https:\/\/www.africa-press.net\/cameroun\/wp-json\/wp\/v2\/types\/post"}],"author":[{"embeddable":true,"href":"https:\/\/www.africa-press.net\/cameroun\/wp-json\/wp\/v2\/users\/82"}],"replies":[{"embeddable":true,"href":"https:\/\/www.africa-press.net\/cameroun\/wp-json\/wp\/v2\/comments?post=28898"}],"version-history":[{"count":0,"href":"https:\/\/www.africa-press.net\/cameroun\/wp-json\/wp\/v2\/posts\/28898\/revisions"}],"wp:featuredmedia":[{"embeddable":true,"href":"https:\/\/www.africa-press.net\/cameroun\/wp-json\/wp\/v2\/media\/28897"}],"wp:attachment":[{"href":"https:\/\/www.africa-press.net\/cameroun\/wp-json\/wp\/v2\/media?parent=28898"}],"wp:term":[{"taxonomy":"category","embeddable":true,"href":"https:\/\/www.africa-press.net\/cameroun\/wp-json\/wp\/v2\/categories?post=28898"},{"taxonomy":"post_tag","embeddable":true,"href":"https:\/\/www.africa-press.net\/cameroun\/wp-json\/wp\/v2\/tags?post=28898"}],"curies":[{"name":"wp","href":"https:\/\/api.w.org\/{rel}","templated":true}]}}