{"id":28930,"date":"2022-10-07T18:07:28","date_gmt":"2022-10-07T18:07:28","guid":{"rendered":"https:\/\/www.africa-press.net\/cameroun\/politique\/cameroun-face-a-la-penurie-de-gaz-les-menages-sadonnent-au-four-a-charbon"},"modified":"2022-10-07T18:07:28","modified_gmt":"2022-10-07T18:07:28","slug":"cameroun-face-a-la-penurie-de-gaz-les-menages-sadonnent-au-four-a-charbon","status":"publish","type":"post","link":"https:\/\/www.africa-press.net\/cameroun\/toutes-les-actualites\/cameroun-face-a-la-penurie-de-gaz-les-menages-sadonnent-au-four-a-charbon","title":{"rendered":"Cameroun: Face \u00e0 la p\u00e9nurie  de gaz, les m\u00e9nages s\u2019adonnent au four \u00e0 charbon"},"content":{"rendered":"<p><span style=\"color: #ff6600\"><strong>Africa-Press &#8211; Cameroun. <\/strong><\/span>Contre-plaque\u0301 en main, foulard bien noue\u0301, maman Anne active avec e\u0301nergie la luire qui peine a\u0300 prendre dans son fourre. Un exercice qu\u2019elle n\u2019avait plus re\u0301alise\u0301 il y a plus de deux ans. C\u2019est un retour aux \u00ab sources \u00bb pour cette femme au foyer avec 4 enfants. \u00ab J\u2019ai me\u0302me de\u0301ja\u0300 les maux de te\u0302te. Allumer le charbon est tre\u0300s contraignant. Ce n\u2019est pas facile. Il faut e\u0302tre patient. Avec la charge des travaux me\u0301nagers, ce n\u2019est pas e\u0301vident \u00bb. Il y a encore quelques semaines, elle ne se voyait pas dans cette situation. \u00ab Ma plaque a\u0300 gaz a pris de la moisissure parce que je ne l\u2019ai pas allume\u0301. Mon gaz est fini il y a deux semaines. Je n\u2019ai pas pu le renouveler parce qu\u2019il n\u2019est pas disponible. J\u2019ai fait presque le tour de la ville. Etant a\u0300 Emana, j\u2019appelle mes amis pour qu\u2019il me tienne au courant au cas ou\u0300 \u00bb.<\/p>\n<p>Le paquet de charbon coute 500 Fcfa. La quantite\u0301 a pris un coup de maigreur depuis quelques jours : \u00ab C\u2019est devenu cher. Les commerc\u0327ants scrutent le marche\u0301 pour cre\u0301er eux aussi l\u2019inflation. Pour cuire le haricot de\u0301sormais, j\u2019achete\u0301 paquets de charbon au lieu d\u2019un seul comme avant. La quantite\u0301 n\u2019est plus la me\u0302me \u00bb, de\u0301plore Agnes Ahanda. Maman Anne n\u2019est pas seule dans cette situation. Plusieurs me\u0301nages peinent a\u0300 s\u2019approvisionner en gaz Sctp. Par contre, d\u2019autres ont de\u0301cide\u0301 de s\u2019acheter une autre bouteille. C\u2019est le cas de Blaise Ayissi. Ce banquier ne pouvait plus attendre : \u00ab Mon e\u0301pouse s\u2019est mise au feu de charbon pendant deux jours. C\u2019est vraiment pe\u0301nible. J\u2019ai achete\u0301 une nouvelle bouteille. C\u0327a me permet d\u2019avoir deux. Je pourrais acheter de\u0301sormais le gaz en fonction de la disponibilite\u0301 des marques sur le marche\u0301 \u00bb.<\/p>\n<p>Face a\u0300 cette situation, des me\u0301nages sont contraints de de\u0301penser encore plus pour offrir a\u0300 manger a\u0300 toute la maisonne\u0301e.<\/p>\n<p><strong>Pour plus d&rsquo;informations et d&rsquo;analyses sur la <a href=\"https:\/\/www.africa-press.net\/cameroun\">Cameroun<\/a>, suivez <a href=\"https:\/\/www.africa-press.net\/\">Africa-Press<\/a><\/strong><\/p>\n","protected":false},"excerpt":{"rendered":"<p>Africa-Press &#8211; Cameroun. Contre-plaque\u0301 en main, foulard bien noue\u0301, maman Anne active avec e\u0301nergie la luire qui peine a\u0300 prendre dans son fourre. Un exercice qu\u2019elle n\u2019avait plus re\u0301alise\u0301 il y a plus de deux ans. C\u2019est un retour aux \u00ab sources \u00bb pour cette femme au foyer avec 4 enfants. \u00ab J\u2019ai me\u0302me de\u0301ja\u0300 [&hellip;]<\/p>\n","protected":false},"author":82,"featured_media":28929,"comment_status":"open","ping_status":"closed","sticky":false,"template":"","format":"standard","meta":{"footnotes":""},"categories":[21,10],"tags":[36,50,49],"class_list":["post-28930","post","type-post","status-publish","format-standard","has-post-thumbnail","hentry","category-communaute","category-toutes-les-actualites","tag-africa-press","tag-africa-press-cameroun","tag-cameroun"],"yoast_head":"<!-- This site is optimized with the Yoast SEO Premium plugin v26.1 (Yoast SEO v27.0) - https:\/\/yoast.com\/product\/yoast-seo-premium-wordpress\/ -->\n<title>Cameroun: Face \u00e0 la p\u00e9nurie de gaz, les m\u00e9nages s\u2019adonnent au four \u00e0 charbon - Cameroun<\/title>\n<meta name=\"robots\" content=\"index, follow, max-snippet:-1, max-image-preview:large, max-video-preview:-1\" \/>\n<link rel=\"canonical\" href=\"https:\/\/www.africa-press.net\/cameroun\/politique\/cameroun-face-a-la-penurie-de-gaz-les-menages-sadonnent-au-four-a-charbon\" \/>\n<meta property=\"og:locale\" content=\"fr_FR\" \/>\n<meta property=\"og:type\" content=\"article\" \/>\n<meta property=\"og:title\" content=\"Cameroun: Face \u00e0 la p\u00e9nurie de gaz, les m\u00e9nages s\u2019adonnent au four \u00e0 charbon\" \/>\n<meta property=\"og:description\" content=\"Africa-Press &#8211; Cameroun. Contre-plaque\u0301 en main, foulard bien noue\u0301, maman Anne active avec e\u0301nergie la luire qui peine a\u0300 prendre dans son fourre. Un exercice qu\u2019elle n\u2019avait plus re\u0301alise\u0301 il y a plus de deux ans. C\u2019est un retour aux \u00ab sources \u00bb pour cette femme au foyer avec 4 enfants. \u00ab J\u2019ai me\u0302me de\u0301ja\u0300 [&hellip;]\" \/>\n<meta property=\"og:url\" content=\"https:\/\/www.africa-press.net\/cameroun\/politique\/cameroun-face-a-la-penurie-de-gaz-les-menages-sadonnent-au-four-a-charbon\" \/>\n<meta property=\"og:site_name\" content=\"Cameroun\" \/>\n<meta property=\"article:published_time\" content=\"2022-10-07T18:07:28+00:00\" \/>\n<meta name=\"author\" content=\"cfeditorfr\" \/>\n<meta name=\"twitter:card\" content=\"summary_large_image\" \/>\n<meta name=\"twitter:label1\" content=\"\u00c9crit par\" \/>\n\t<meta name=\"twitter:data1\" content=\"cfeditorfr\" \/>\n\t<meta name=\"twitter:label2\" content=\"Dur\u00e9e de lecture estim\u00e9e\" \/>\n\t<meta name=\"twitter:data2\" content=\"2 minutes\" \/>\n<script type=\"application\/ld+json\" class=\"yoast-schema-graph\">{\"@context\":\"https:\/\/schema.org\",\"@graph\":[{\"@type\":\"Article\",\"@id\":\"https:\/\/www.africa-press.net\/cameroun\/politique\/cameroun-face-a-la-penurie-de-gaz-les-menages-sadonnent-au-four-a-charbon#article\",\"isPartOf\":{\"@id\":\"https:\/\/www.africa-press.net\/cameroun\/politique\/cameroun-face-a-la-penurie-de-gaz-les-menages-sadonnent-au-four-a-charbon\"},\"author\":{\"name\":\"cfeditorfr\",\"@id\":\"https:\/\/www.africa-press.net\/cameroun\/#\/schema\/person\/2b1cf3cd81a31e3cd26889ca66d677f1\"},\"headline\":\"Cameroun: Face \u00e0 la p\u00e9nurie de gaz, les m\u00e9nages s\u2019adonnent au four \u00e0 charbon\",\"datePublished\":\"2022-10-07T18:07:28+00:00\",\"mainEntityOfPage\":{\"@id\":\"https:\/\/www.africa-press.net\/cameroun\/politique\/cameroun-face-a-la-penurie-de-gaz-les-menages-sadonnent-au-four-a-charbon\"},\"wordCount\":381,\"commentCount\":0,\"image\":{\"@id\":\"https:\/\/www.africa-press.net\/cameroun\/politique\/cameroun-face-a-la-penurie-de-gaz-les-menages-sadonnent-au-four-a-charbon#primaryimage\"},\"thumbnailUrl\":\"https:\/\/static.africa-press.net\/cameroun\/sites\/57\/2022\/10\/img-634092311c037.jpg\",\"keywords\":[\"Africa Press\",\"Africa Press-Cameroun\",\"Cameroun\"],\"articleSection\":[\"Communaut\u00e9\",\"Toutes les actualit\u00e9s\"],\"inLanguage\":\"fr-FR\",\"potentialAction\":[{\"@type\":\"CommentAction\",\"name\":\"Comment\",\"target\":[\"https:\/\/www.africa-press.net\/cameroun\/politique\/cameroun-face-a-la-penurie-de-gaz-les-menages-sadonnent-au-four-a-charbon#respond\"]}]},{\"@type\":\"WebPage\",\"@id\":\"https:\/\/www.africa-press.net\/cameroun\/politique\/cameroun-face-a-la-penurie-de-gaz-les-menages-sadonnent-au-four-a-charbon\",\"url\":\"https:\/\/www.africa-press.net\/cameroun\/politique\/cameroun-face-a-la-penurie-de-gaz-les-menages-sadonnent-au-four-a-charbon\",\"name\":\"Cameroun: Face \u00e0 la p\u00e9nurie de gaz, les m\u00e9nages s\u2019adonnent au four \u00e0 charbon - Cameroun\",\"isPartOf\":{\"@id\":\"https:\/\/www.africa-press.net\/cameroun\/#website\"},\"primaryImageOfPage\":{\"@id\":\"https:\/\/www.africa-press.net\/cameroun\/politique\/cameroun-face-a-la-penurie-de-gaz-les-menages-sadonnent-au-four-a-charbon#primaryimage\"},\"image\":{\"@id\":\"https:\/\/www.africa-press.net\/cameroun\/politique\/cameroun-face-a-la-penurie-de-gaz-les-menages-sadonnent-au-four-a-charbon#primaryimage\"},\"thumbnailUrl\":\"https:\/\/static.africa-press.net\/cameroun\/sites\/57\/2022\/10\/img-634092311c037.jpg\",\"datePublished\":\"2022-10-07T18:07:28+00:00\",\"author\":{\"@id\":\"https:\/\/www.africa-press.net\/cameroun\/#\/schema\/person\/2b1cf3cd81a31e3cd26889ca66d677f1\"},\"breadcrumb\":{\"@id\":\"https:\/\/www.africa-press.net\/cameroun\/politique\/cameroun-face-a-la-penurie-de-gaz-les-menages-sadonnent-au-four-a-charbon#breadcrumb\"},\"inLanguage\":\"fr-FR\",\"potentialAction\":[{\"@type\":\"ReadAction\",\"target\":[\"https:\/\/www.africa-press.net\/cameroun\/politique\/cameroun-face-a-la-penurie-de-gaz-les-menages-sadonnent-au-four-a-charbon\"]}]},{\"@type\":\"ImageObject\",\"inLanguage\":\"fr-FR\",\"@id\":\"https:\/\/www.africa-press.net\/cameroun\/politique\/cameroun-face-a-la-penurie-de-gaz-les-menages-sadonnent-au-four-a-charbon#primaryimage\",\"url\":\"https:\/\/static.africa-press.net\/cameroun\/sites\/57\/2022\/10\/img-634092311c037.jpg\",\"contentUrl\":\"https:\/\/static.africa-press.net\/cameroun\/sites\/57\/2022\/10\/img-634092311c037.jpg\",\"width\":800,\"height\":533,\"caption\":\"Cameroun: Face \u00e0 la p\u00e9nurie de gaz, les m\u00e9nages s\u2019adonnent au four \u00e0 charbon\"},{\"@type\":\"BreadcrumbList\",\"@id\":\"https:\/\/www.africa-press.net\/cameroun\/politique\/cameroun-face-a-la-penurie-de-gaz-les-menages-sadonnent-au-four-a-charbon#breadcrumb\",\"itemListElement\":[{\"@type\":\"ListItem\",\"position\":1,\"name\":\"Accueil\",\"item\":\"https:\/\/www.africa-press.net\/cameroun\/\"},{\"@type\":\"ListItem\",\"position\":2,\"name\":\"Cameroun: Face \u00e0 la p\u00e9nurie de gaz, les m\u00e9nages s\u2019adonnent au four \u00e0 charbon\"}]},{\"@type\":\"WebSite\",\"@id\":\"https:\/\/www.africa-press.net\/cameroun\/#website\",\"url\":\"https:\/\/www.africa-press.net\/cameroun\/\",\"name\":\"Cameroun\",\"description\":\"Just another Africa News Agency Sites site\",\"potentialAction\":[{\"@type\":\"SearchAction\",\"target\":{\"@type\":\"EntryPoint\",\"urlTemplate\":\"https:\/\/www.africa-press.net\/cameroun\/?s={search_term_string}\"},\"query-input\":{\"@type\":\"PropertyValueSpecification\",\"valueRequired\":true,\"valueName\":\"search_term_string\"}}],\"inLanguage\":\"fr-FR\"},{\"@type\":\"Person\",\"@id\":\"https:\/\/www.africa-press.net\/cameroun\/#\/schema\/person\/2b1cf3cd81a31e3cd26889ca66d677f1\",\"name\":\"cfeditorfr\"}]}<\/script>\n<!-- \/ Yoast SEO Premium plugin. -->","yoast_head_json":{"title":"Cameroun: Face \u00e0 la p\u00e9nurie de gaz, les m\u00e9nages s\u2019adonnent au four \u00e0 charbon - Cameroun","robots":{"index":"index","follow":"follow","max-snippet":"max-snippet:-1","max-image-preview":"max-image-preview:large","max-video-preview":"max-video-preview:-1"},"canonical":"https:\/\/www.africa-press.net\/cameroun\/politique\/cameroun-face-a-la-penurie-de-gaz-les-menages-sadonnent-au-four-a-charbon","og_locale":"fr_FR","og_type":"article","og_title":"Cameroun: Face \u00e0 la p\u00e9nurie de gaz, les m\u00e9nages s\u2019adonnent au four \u00e0 charbon","og_description":"Africa-Press &#8211; Cameroun. Contre-plaque\u0301 en main, foulard bien noue\u0301, maman Anne active avec e\u0301nergie la luire qui peine a\u0300 prendre dans son fourre. Un exercice qu\u2019elle n\u2019avait plus re\u0301alise\u0301 il y a plus de deux ans. C\u2019est un retour aux \u00ab sources \u00bb pour cette femme au foyer avec 4 enfants. \u00ab J\u2019ai me\u0302me de\u0301ja\u0300 [&hellip;]","og_url":"https:\/\/www.africa-press.net\/cameroun\/politique\/cameroun-face-a-la-penurie-de-gaz-les-menages-sadonnent-au-four-a-charbon","og_site_name":"Cameroun","article_published_time":"2022-10-07T18:07:28+00:00","author":"cfeditorfr","twitter_card":"summary_large_image","twitter_misc":{"\u00c9crit par":"cfeditorfr","Dur\u00e9e de lecture estim\u00e9e":"2 minutes"},"schema":{"@context":"https:\/\/schema.org","@graph":[{"@type":"Article","@id":"https:\/\/www.africa-press.net\/cameroun\/politique\/cameroun-face-a-la-penurie-de-gaz-les-menages-sadonnent-au-four-a-charbon#article","isPartOf":{"@id":"https:\/\/www.africa-press.net\/cameroun\/politique\/cameroun-face-a-la-penurie-de-gaz-les-menages-sadonnent-au-four-a-charbon"},"author":{"name":"cfeditorfr","@id":"https:\/\/www.africa-press.net\/cameroun\/#\/schema\/person\/2b1cf3cd81a31e3cd26889ca66d677f1"},"headline":"Cameroun: Face \u00e0 la p\u00e9nurie de gaz, les m\u00e9nages s\u2019adonnent au four \u00e0 charbon","datePublished":"2022-10-07T18:07:28+00:00","mainEntityOfPage":{"@id":"https:\/\/www.africa-press.net\/cameroun\/politique\/cameroun-face-a-la-penurie-de-gaz-les-menages-sadonnent-au-four-a-charbon"},"wordCount":381,"commentCount":0,"image":{"@id":"https:\/\/www.africa-press.net\/cameroun\/politique\/cameroun-face-a-la-penurie-de-gaz-les-menages-sadonnent-au-four-a-charbon#primaryimage"},"thumbnailUrl":"https:\/\/static.africa-press.net\/cameroun\/sites\/57\/2022\/10\/img-634092311c037.jpg","keywords":["Africa Press","Africa Press-Cameroun","Cameroun"],"articleSection":["Communaut\u00e9","Toutes les actualit\u00e9s"],"inLanguage":"fr-FR","potentialAction":[{"@type":"CommentAction","name":"Comment","target":["https:\/\/www.africa-press.net\/cameroun\/politique\/cameroun-face-a-la-penurie-de-gaz-les-menages-sadonnent-au-four-a-charbon#respond"]}]},{"@type":"WebPage","@id":"https:\/\/www.africa-press.net\/cameroun\/politique\/cameroun-face-a-la-penurie-de-gaz-les-menages-sadonnent-au-four-a-charbon","url":"https:\/\/www.africa-press.net\/cameroun\/politique\/cameroun-face-a-la-penurie-de-gaz-les-menages-sadonnent-au-four-a-charbon","name":"Cameroun: Face \u00e0 la p\u00e9nurie de gaz, les m\u00e9nages s\u2019adonnent au four \u00e0 charbon - Cameroun","isPartOf":{"@id":"https:\/\/www.africa-press.net\/cameroun\/#website"},"primaryImageOfPage":{"@id":"https:\/\/www.africa-press.net\/cameroun\/politique\/cameroun-face-a-la-penurie-de-gaz-les-menages-sadonnent-au-four-a-charbon#primaryimage"},"image":{"@id":"https:\/\/www.africa-press.net\/cameroun\/politique\/cameroun-face-a-la-penurie-de-gaz-les-menages-sadonnent-au-four-a-charbon#primaryimage"},"thumbnailUrl":"https:\/\/static.africa-press.net\/cameroun\/sites\/57\/2022\/10\/img-634092311c037.jpg","datePublished":"2022-10-07T18:07:28+00:00","author":{"@id":"https:\/\/www.africa-press.net\/cameroun\/#\/schema\/person\/2b1cf3cd81a31e3cd26889ca66d677f1"},"breadcrumb":{"@id":"https:\/\/www.africa-press.net\/cameroun\/politique\/cameroun-face-a-la-penurie-de-gaz-les-menages-sadonnent-au-four-a-charbon#breadcrumb"},"inLanguage":"fr-FR","potentialAction":[{"@type":"ReadAction","target":["https:\/\/www.africa-press.net\/cameroun\/politique\/cameroun-face-a-la-penurie-de-gaz-les-menages-sadonnent-au-four-a-charbon"]}]},{"@type":"ImageObject","inLanguage":"fr-FR","@id":"https:\/\/www.africa-press.net\/cameroun\/politique\/cameroun-face-a-la-penurie-de-gaz-les-menages-sadonnent-au-four-a-charbon#primaryimage","url":"https:\/\/static.africa-press.net\/cameroun\/sites\/57\/2022\/10\/img-634092311c037.jpg","contentUrl":"https:\/\/static.africa-press.net\/cameroun\/sites\/57\/2022\/10\/img-634092311c037.jpg","width":800,"height":533,"caption":"Cameroun: Face \u00e0 la p\u00e9nurie de gaz, les m\u00e9nages s\u2019adonnent au four \u00e0 charbon"},{"@type":"BreadcrumbList","@id":"https:\/\/www.africa-press.net\/cameroun\/politique\/cameroun-face-a-la-penurie-de-gaz-les-menages-sadonnent-au-four-a-charbon#breadcrumb","itemListElement":[{"@type":"ListItem","position":1,"name":"Accueil","item":"https:\/\/www.africa-press.net\/cameroun\/"},{"@type":"ListItem","position":2,"name":"Cameroun: Face \u00e0 la p\u00e9nurie de gaz, les m\u00e9nages s\u2019adonnent au four \u00e0 charbon"}]},{"@type":"WebSite","@id":"https:\/\/www.africa-press.net\/cameroun\/#website","url":"https:\/\/www.africa-press.net\/cameroun\/","name":"Cameroun","description":"Just another Africa News Agency Sites site","potentialAction":[{"@type":"SearchAction","target":{"@type":"EntryPoint","urlTemplate":"https:\/\/www.africa-press.net\/cameroun\/?s={search_term_string}"},"query-input":{"@type":"PropertyValueSpecification","valueRequired":true,"valueName":"search_term_string"}}],"inLanguage":"fr-FR"},{"@type":"Person","@id":"https:\/\/www.africa-press.net\/cameroun\/#\/schema\/person\/2b1cf3cd81a31e3cd26889ca66d677f1","name":"cfeditorfr"}]}},"_links":{"self":[{"href":"https:\/\/www.africa-press.net\/cameroun\/wp-json\/wp\/v2\/posts\/28930","targetHints":{"allow":["GET"]}}],"collection":[{"href":"https:\/\/www.africa-press.net\/cameroun\/wp-json\/wp\/v2\/posts"}],"about":[{"href":"https:\/\/www.africa-press.net\/cameroun\/wp-json\/wp\/v2\/types\/post"}],"author":[{"embeddable":true,"href":"https:\/\/www.africa-press.net\/cameroun\/wp-json\/wp\/v2\/users\/82"}],"replies":[{"embeddable":true,"href":"https:\/\/www.africa-press.net\/cameroun\/wp-json\/wp\/v2\/comments?post=28930"}],"version-history":[{"count":0,"href":"https:\/\/www.africa-press.net\/cameroun\/wp-json\/wp\/v2\/posts\/28930\/revisions"}],"wp:featuredmedia":[{"embeddable":true,"href":"https:\/\/www.africa-press.net\/cameroun\/wp-json\/wp\/v2\/media\/28929"}],"wp:attachment":[{"href":"https:\/\/www.africa-press.net\/cameroun\/wp-json\/wp\/v2\/media?parent=28930"}],"wp:term":[{"taxonomy":"category","embeddable":true,"href":"https:\/\/www.africa-press.net\/cameroun\/wp-json\/wp\/v2\/categories?post=28930"},{"taxonomy":"post_tag","embeddable":true,"href":"https:\/\/www.africa-press.net\/cameroun\/wp-json\/wp\/v2\/tags?post=28930"}],"curies":[{"name":"wp","href":"https:\/\/api.w.org\/{rel}","templated":true}]}}