{"id":28934,"date":"2022-10-07T18:22:35","date_gmt":"2022-10-07T18:22:35","guid":{"rendered":"https:\/\/www.africa-press.net\/cameroun\/politique\/colere-le-communicant-du-rdpc-andre-luther-meka-veut-porter-plainte-contre-un-auditeur-de-radio-equinoxe"},"modified":"2022-10-07T18:22:35","modified_gmt":"2022-10-07T18:22:35","slug":"colere-le-communicant-du-rdpc-andre-luther-meka-veut-porter-plainte-contre-un-auditeur-de-radio-equinoxe","status":"publish","type":"post","link":"https:\/\/www.africa-press.net\/cameroun\/toutes-les-actualites\/colere-le-communicant-du-rdpc-andre-luther-meka-veut-porter-plainte-contre-un-auditeur-de-radio-equinoxe","title":{"rendered":"Col\u00e8re: Le communicant du RDPC Andr\u00e9 Luther Meka veut porter plainte contre un auditeur de Radio Equinoxe"},"content":{"rendered":"<p><span style=\"color: #ff6600\"><strong>Africa-Press &#8211; Cameroun. <\/strong><\/span>C\u2019est un Andre\u0301 Luther Meka outre\u0301 et de\u0301termine\u0301 a\u0300 en de\u0301coudre qui est sorti des studios de Radio Equinoxe ce matin. Le communicant du Rassemblement De\u0301mocratique du Peuple Camerounais (RDPC) a e\u0301te\u0301 mis en cole\u0300re par un auditeur intervenant au te\u0301le\u0301phone au cours du programme interactif \u00ab On refait le Cameroun \u00bb. Sur son compte Facebook, il annonce une action en justice. \u00ab Je porte plainte contre un auditeur de Radio E\u0301quinoxe \u00bb, a-t-il intitule\u0301 sa publication.<\/p>\n<p>L\u2019homme politique rapporte que pendant la rubrique\u00a0\u00bb Parole aux auditeurs\u00a0\u00bb, l\u2019homme au bout du fil a de\u0301clare\u0301 que le Professeur Dieudonne\u0301 Oyono acquitte\u0301 cette semaine par le Tribunal Criminel Spe\u0301cial avait e\u0301te\u0301 arre\u0302te\u0301 suite a\u0300 un rapport a\u0300 charge qu\u2019il a fait contre lui et envoye\u0301 a\u0300 Yaounde\u0301. Meka estime que cet intervenant le rend ainsi responsable de l&rsquo;arrestation de l&rsquo;ancien recteur de l&rsquo;Universite\u0301 de Douala.<\/p>\n<p>Meka pre\u0301voit d\u2019obtenir le nume\u0301ro de te\u0301le\u0301phone de l\u2019appelant aupre\u0300s des responsables de Radio Equinoxe afin d\u2019identifier celui qu\u2019il veut trai\u0302ner devant les tribunaux. \u00ab Cet auditeur manifestement mal intentionne\u0301 se rend coupable de propagation de fausses nouvelles, propos calomnieux et fait une atteinte grave a\u0300 mon honorabilite\u0301. La direction de Radio E\u0301quinoxe sera saisie sous 72h pour fournir les cinq nume\u0301ros des auditeurs qui ont appele\u0301 a\u0300 cette tranche d&rsquo;antenne pour que cet auditeur prouve devant la justice ses alle\u0301gations \u00bb. Affaire a\u0300 suivre donc.<\/p>\n<p><strong>Pour plus d&rsquo;informations et d&rsquo;analyses sur la <a href=\"https:\/\/www.africa-press.net\/cameroun\">Cameroun<\/a>, suivez <a href=\"https:\/\/www.africa-press.net\/\">Africa-Press<\/a><\/strong><\/p>\n","protected":false},"excerpt":{"rendered":"<p>Africa-Press &#8211; Cameroun. C\u2019est un Andre\u0301 Luther Meka outre\u0301 et de\u0301termine\u0301 a\u0300 en de\u0301coudre qui est sorti des studios de Radio Equinoxe ce matin. Le communicant du Rassemblement De\u0301mocratique du Peuple Camerounais (RDPC) a e\u0301te\u0301 mis en cole\u0300re par un auditeur intervenant au te\u0301le\u0301phone au cours du programme interactif \u00ab On refait le Cameroun \u00bb. [&hellip;]<\/p>\n","protected":false},"author":82,"featured_media":28933,"comment_status":"open","ping_status":"closed","sticky":false,"template":"","format":"standard","meta":{"footnotes":""},"categories":[21,10],"tags":[36,50,49],"class_list":["post-28934","post","type-post","status-publish","format-standard","has-post-thumbnail","hentry","category-communaute","category-toutes-les-actualites","tag-africa-press","tag-africa-press-cameroun","tag-cameroun"],"yoast_head":"<!-- This site is optimized with the Yoast SEO Premium plugin v26.1 (Yoast SEO v27.0) - https:\/\/yoast.com\/product\/yoast-seo-premium-wordpress\/ -->\n<title>Col\u00e8re: Le communicant du RDPC Andr\u00e9 Luther Meka veut porter plainte contre un auditeur de Radio Equinoxe - Cameroun<\/title>\n<meta name=\"robots\" content=\"index, follow, max-snippet:-1, max-image-preview:large, max-video-preview:-1\" \/>\n<link rel=\"canonical\" href=\"https:\/\/www.africa-press.net\/cameroun\/politique\/colere-le-communicant-du-rdpc-andre-luther-meka-veut-porter-plainte-contre-un-auditeur-de-radio-equinoxe\" \/>\n<meta property=\"og:locale\" content=\"fr_FR\" \/>\n<meta property=\"og:type\" content=\"article\" \/>\n<meta property=\"og:title\" content=\"Col\u00e8re: Le communicant du RDPC Andr\u00e9 Luther Meka veut porter plainte contre un auditeur de Radio Equinoxe\" \/>\n<meta property=\"og:description\" content=\"Africa-Press &#8211; Cameroun. C\u2019est un Andre\u0301 Luther Meka outre\u0301 et de\u0301termine\u0301 a\u0300 en de\u0301coudre qui est sorti des studios de Radio Equinoxe ce matin. Le communicant du Rassemblement De\u0301mocratique du Peuple Camerounais (RDPC) a e\u0301te\u0301 mis en cole\u0300re par un auditeur intervenant au te\u0301le\u0301phone au cours du programme interactif \u00ab On refait le Cameroun \u00bb. [&hellip;]\" \/>\n<meta property=\"og:url\" content=\"https:\/\/www.africa-press.net\/cameroun\/politique\/colere-le-communicant-du-rdpc-andre-luther-meka-veut-porter-plainte-contre-un-auditeur-de-radio-equinoxe\" \/>\n<meta property=\"og:site_name\" content=\"Cameroun\" \/>\n<meta property=\"article:published_time\" content=\"2022-10-07T18:22:35+00:00\" \/>\n<meta name=\"author\" content=\"cfeditorfr\" \/>\n<meta name=\"twitter:card\" content=\"summary_large_image\" \/>\n<meta name=\"twitter:label1\" content=\"\u00c9crit par\" \/>\n\t<meta name=\"twitter:data1\" content=\"cfeditorfr\" \/>\n\t<meta name=\"twitter:label2\" content=\"Dur\u00e9e de lecture estim\u00e9e\" \/>\n\t<meta name=\"twitter:data2\" content=\"1 minute\" \/>\n<script type=\"application\/ld+json\" class=\"yoast-schema-graph\">{\"@context\":\"https:\/\/schema.org\",\"@graph\":[{\"@type\":\"Article\",\"@id\":\"https:\/\/www.africa-press.net\/cameroun\/politique\/colere-le-communicant-du-rdpc-andre-luther-meka-veut-porter-plainte-contre-un-auditeur-de-radio-equinoxe#article\",\"isPartOf\":{\"@id\":\"https:\/\/www.africa-press.net\/cameroun\/politique\/colere-le-communicant-du-rdpc-andre-luther-meka-veut-porter-plainte-contre-un-auditeur-de-radio-equinoxe\"},\"author\":{\"name\":\"cfeditorfr\",\"@id\":\"https:\/\/www.africa-press.net\/cameroun\/#\/schema\/person\/2b1cf3cd81a31e3cd26889ca66d677f1\"},\"headline\":\"Col\u00e8re: Le communicant du RDPC Andr\u00e9 Luther Meka veut porter plainte contre un auditeur de Radio Equinoxe\",\"datePublished\":\"2022-10-07T18:22:35+00:00\",\"mainEntityOfPage\":{\"@id\":\"https:\/\/www.africa-press.net\/cameroun\/politique\/colere-le-communicant-du-rdpc-andre-luther-meka-veut-porter-plainte-contre-un-auditeur-de-radio-equinoxe\"},\"wordCount\":289,\"commentCount\":0,\"image\":{\"@id\":\"https:\/\/www.africa-press.net\/cameroun\/politique\/colere-le-communicant-du-rdpc-andre-luther-meka-veut-porter-plainte-contre-un-auditeur-de-radio-equinoxe#primaryimage\"},\"thumbnailUrl\":\"https:\/\/static.africa-press.net\/cameroun\/sites\/57\/2022\/10\/img-63409327d7d55.jpg\",\"keywords\":[\"Africa Press\",\"Africa Press-Cameroun\",\"Cameroun\"],\"articleSection\":[\"Communaut\u00e9\",\"Toutes les actualit\u00e9s\"],\"inLanguage\":\"fr-FR\",\"potentialAction\":[{\"@type\":\"CommentAction\",\"name\":\"Comment\",\"target\":[\"https:\/\/www.africa-press.net\/cameroun\/politique\/colere-le-communicant-du-rdpc-andre-luther-meka-veut-porter-plainte-contre-un-auditeur-de-radio-equinoxe#respond\"]}]},{\"@type\":\"WebPage\",\"@id\":\"https:\/\/www.africa-press.net\/cameroun\/politique\/colere-le-communicant-du-rdpc-andre-luther-meka-veut-porter-plainte-contre-un-auditeur-de-radio-equinoxe\",\"url\":\"https:\/\/www.africa-press.net\/cameroun\/politique\/colere-le-communicant-du-rdpc-andre-luther-meka-veut-porter-plainte-contre-un-auditeur-de-radio-equinoxe\",\"name\":\"Col\u00e8re: Le communicant du RDPC Andr\u00e9 Luther Meka veut porter plainte contre un auditeur de Radio Equinoxe - Cameroun\",\"isPartOf\":{\"@id\":\"https:\/\/www.africa-press.net\/cameroun\/#website\"},\"primaryImageOfPage\":{\"@id\":\"https:\/\/www.africa-press.net\/cameroun\/politique\/colere-le-communicant-du-rdpc-andre-luther-meka-veut-porter-plainte-contre-un-auditeur-de-radio-equinoxe#primaryimage\"},\"image\":{\"@id\":\"https:\/\/www.africa-press.net\/cameroun\/politique\/colere-le-communicant-du-rdpc-andre-luther-meka-veut-porter-plainte-contre-un-auditeur-de-radio-equinoxe#primaryimage\"},\"thumbnailUrl\":\"https:\/\/static.africa-press.net\/cameroun\/sites\/57\/2022\/10\/img-63409327d7d55.jpg\",\"datePublished\":\"2022-10-07T18:22:35+00:00\",\"author\":{\"@id\":\"https:\/\/www.africa-press.net\/cameroun\/#\/schema\/person\/2b1cf3cd81a31e3cd26889ca66d677f1\"},\"breadcrumb\":{\"@id\":\"https:\/\/www.africa-press.net\/cameroun\/politique\/colere-le-communicant-du-rdpc-andre-luther-meka-veut-porter-plainte-contre-un-auditeur-de-radio-equinoxe#breadcrumb\"},\"inLanguage\":\"fr-FR\",\"potentialAction\":[{\"@type\":\"ReadAction\",\"target\":[\"https:\/\/www.africa-press.net\/cameroun\/politique\/colere-le-communicant-du-rdpc-andre-luther-meka-veut-porter-plainte-contre-un-auditeur-de-radio-equinoxe\"]}]},{\"@type\":\"ImageObject\",\"inLanguage\":\"fr-FR\",\"@id\":\"https:\/\/www.africa-press.net\/cameroun\/politique\/colere-le-communicant-du-rdpc-andre-luther-meka-veut-porter-plainte-contre-un-auditeur-de-radio-equinoxe#primaryimage\",\"url\":\"https:\/\/static.africa-press.net\/cameroun\/sites\/57\/2022\/10\/img-63409327d7d55.jpg\",\"contentUrl\":\"https:\/\/static.africa-press.net\/cameroun\/sites\/57\/2022\/10\/img-63409327d7d55.jpg\",\"width\":800,\"height\":533,\"caption\":\"Col\u00e8re: Le communicant du RDPC Andr\u00e9 Luther Meka veut porter plainte contre un auditeur de Radio Equinoxe\"},{\"@type\":\"BreadcrumbList\",\"@id\":\"https:\/\/www.africa-press.net\/cameroun\/politique\/colere-le-communicant-du-rdpc-andre-luther-meka-veut-porter-plainte-contre-un-auditeur-de-radio-equinoxe#breadcrumb\",\"itemListElement\":[{\"@type\":\"ListItem\",\"position\":1,\"name\":\"Accueil\",\"item\":\"https:\/\/www.africa-press.net\/cameroun\/\"},{\"@type\":\"ListItem\",\"position\":2,\"name\":\"Col\u00e8re: Le communicant du RDPC Andr\u00e9 Luther Meka veut porter plainte contre un auditeur de Radio Equinoxe\"}]},{\"@type\":\"WebSite\",\"@id\":\"https:\/\/www.africa-press.net\/cameroun\/#website\",\"url\":\"https:\/\/www.africa-press.net\/cameroun\/\",\"name\":\"Cameroun\",\"description\":\"Just another Africa News Agency Sites site\",\"potentialAction\":[{\"@type\":\"SearchAction\",\"target\":{\"@type\":\"EntryPoint\",\"urlTemplate\":\"https:\/\/www.africa-press.net\/cameroun\/?s={search_term_string}\"},\"query-input\":{\"@type\":\"PropertyValueSpecification\",\"valueRequired\":true,\"valueName\":\"search_term_string\"}}],\"inLanguage\":\"fr-FR\"},{\"@type\":\"Person\",\"@id\":\"https:\/\/www.africa-press.net\/cameroun\/#\/schema\/person\/2b1cf3cd81a31e3cd26889ca66d677f1\",\"name\":\"cfeditorfr\"}]}<\/script>\n<!-- \/ Yoast SEO Premium plugin. -->","yoast_head_json":{"title":"Col\u00e8re: Le communicant du RDPC Andr\u00e9 Luther Meka veut porter plainte contre un auditeur de Radio Equinoxe - Cameroun","robots":{"index":"index","follow":"follow","max-snippet":"max-snippet:-1","max-image-preview":"max-image-preview:large","max-video-preview":"max-video-preview:-1"},"canonical":"https:\/\/www.africa-press.net\/cameroun\/politique\/colere-le-communicant-du-rdpc-andre-luther-meka-veut-porter-plainte-contre-un-auditeur-de-radio-equinoxe","og_locale":"fr_FR","og_type":"article","og_title":"Col\u00e8re: Le communicant du RDPC Andr\u00e9 Luther Meka veut porter plainte contre un auditeur de Radio Equinoxe","og_description":"Africa-Press &#8211; Cameroun. C\u2019est un Andre\u0301 Luther Meka outre\u0301 et de\u0301termine\u0301 a\u0300 en de\u0301coudre qui est sorti des studios de Radio Equinoxe ce matin. Le communicant du Rassemblement De\u0301mocratique du Peuple Camerounais (RDPC) a e\u0301te\u0301 mis en cole\u0300re par un auditeur intervenant au te\u0301le\u0301phone au cours du programme interactif \u00ab On refait le Cameroun \u00bb. [&hellip;]","og_url":"https:\/\/www.africa-press.net\/cameroun\/politique\/colere-le-communicant-du-rdpc-andre-luther-meka-veut-porter-plainte-contre-un-auditeur-de-radio-equinoxe","og_site_name":"Cameroun","article_published_time":"2022-10-07T18:22:35+00:00","author":"cfeditorfr","twitter_card":"summary_large_image","twitter_misc":{"\u00c9crit par":"cfeditorfr","Dur\u00e9e de lecture estim\u00e9e":"1 minute"},"schema":{"@context":"https:\/\/schema.org","@graph":[{"@type":"Article","@id":"https:\/\/www.africa-press.net\/cameroun\/politique\/colere-le-communicant-du-rdpc-andre-luther-meka-veut-porter-plainte-contre-un-auditeur-de-radio-equinoxe#article","isPartOf":{"@id":"https:\/\/www.africa-press.net\/cameroun\/politique\/colere-le-communicant-du-rdpc-andre-luther-meka-veut-porter-plainte-contre-un-auditeur-de-radio-equinoxe"},"author":{"name":"cfeditorfr","@id":"https:\/\/www.africa-press.net\/cameroun\/#\/schema\/person\/2b1cf3cd81a31e3cd26889ca66d677f1"},"headline":"Col\u00e8re: Le communicant du RDPC Andr\u00e9 Luther Meka veut porter plainte contre un auditeur de Radio Equinoxe","datePublished":"2022-10-07T18:22:35+00:00","mainEntityOfPage":{"@id":"https:\/\/www.africa-press.net\/cameroun\/politique\/colere-le-communicant-du-rdpc-andre-luther-meka-veut-porter-plainte-contre-un-auditeur-de-radio-equinoxe"},"wordCount":289,"commentCount":0,"image":{"@id":"https:\/\/www.africa-press.net\/cameroun\/politique\/colere-le-communicant-du-rdpc-andre-luther-meka-veut-porter-plainte-contre-un-auditeur-de-radio-equinoxe#primaryimage"},"thumbnailUrl":"https:\/\/static.africa-press.net\/cameroun\/sites\/57\/2022\/10\/img-63409327d7d55.jpg","keywords":["Africa Press","Africa Press-Cameroun","Cameroun"],"articleSection":["Communaut\u00e9","Toutes les actualit\u00e9s"],"inLanguage":"fr-FR","potentialAction":[{"@type":"CommentAction","name":"Comment","target":["https:\/\/www.africa-press.net\/cameroun\/politique\/colere-le-communicant-du-rdpc-andre-luther-meka-veut-porter-plainte-contre-un-auditeur-de-radio-equinoxe#respond"]}]},{"@type":"WebPage","@id":"https:\/\/www.africa-press.net\/cameroun\/politique\/colere-le-communicant-du-rdpc-andre-luther-meka-veut-porter-plainte-contre-un-auditeur-de-radio-equinoxe","url":"https:\/\/www.africa-press.net\/cameroun\/politique\/colere-le-communicant-du-rdpc-andre-luther-meka-veut-porter-plainte-contre-un-auditeur-de-radio-equinoxe","name":"Col\u00e8re: Le communicant du RDPC Andr\u00e9 Luther Meka veut porter plainte contre un auditeur de Radio Equinoxe - Cameroun","isPartOf":{"@id":"https:\/\/www.africa-press.net\/cameroun\/#website"},"primaryImageOfPage":{"@id":"https:\/\/www.africa-press.net\/cameroun\/politique\/colere-le-communicant-du-rdpc-andre-luther-meka-veut-porter-plainte-contre-un-auditeur-de-radio-equinoxe#primaryimage"},"image":{"@id":"https:\/\/www.africa-press.net\/cameroun\/politique\/colere-le-communicant-du-rdpc-andre-luther-meka-veut-porter-plainte-contre-un-auditeur-de-radio-equinoxe#primaryimage"},"thumbnailUrl":"https:\/\/static.africa-press.net\/cameroun\/sites\/57\/2022\/10\/img-63409327d7d55.jpg","datePublished":"2022-10-07T18:22:35+00:00","author":{"@id":"https:\/\/www.africa-press.net\/cameroun\/#\/schema\/person\/2b1cf3cd81a31e3cd26889ca66d677f1"},"breadcrumb":{"@id":"https:\/\/www.africa-press.net\/cameroun\/politique\/colere-le-communicant-du-rdpc-andre-luther-meka-veut-porter-plainte-contre-un-auditeur-de-radio-equinoxe#breadcrumb"},"inLanguage":"fr-FR","potentialAction":[{"@type":"ReadAction","target":["https:\/\/www.africa-press.net\/cameroun\/politique\/colere-le-communicant-du-rdpc-andre-luther-meka-veut-porter-plainte-contre-un-auditeur-de-radio-equinoxe"]}]},{"@type":"ImageObject","inLanguage":"fr-FR","@id":"https:\/\/www.africa-press.net\/cameroun\/politique\/colere-le-communicant-du-rdpc-andre-luther-meka-veut-porter-plainte-contre-un-auditeur-de-radio-equinoxe#primaryimage","url":"https:\/\/static.africa-press.net\/cameroun\/sites\/57\/2022\/10\/img-63409327d7d55.jpg","contentUrl":"https:\/\/static.africa-press.net\/cameroun\/sites\/57\/2022\/10\/img-63409327d7d55.jpg","width":800,"height":533,"caption":"Col\u00e8re: Le communicant du RDPC Andr\u00e9 Luther Meka veut porter plainte contre un auditeur de Radio Equinoxe"},{"@type":"BreadcrumbList","@id":"https:\/\/www.africa-press.net\/cameroun\/politique\/colere-le-communicant-du-rdpc-andre-luther-meka-veut-porter-plainte-contre-un-auditeur-de-radio-equinoxe#breadcrumb","itemListElement":[{"@type":"ListItem","position":1,"name":"Accueil","item":"https:\/\/www.africa-press.net\/cameroun\/"},{"@type":"ListItem","position":2,"name":"Col\u00e8re: Le communicant du RDPC Andr\u00e9 Luther Meka veut porter plainte contre un auditeur de Radio Equinoxe"}]},{"@type":"WebSite","@id":"https:\/\/www.africa-press.net\/cameroun\/#website","url":"https:\/\/www.africa-press.net\/cameroun\/","name":"Cameroun","description":"Just another Africa News Agency Sites site","potentialAction":[{"@type":"SearchAction","target":{"@type":"EntryPoint","urlTemplate":"https:\/\/www.africa-press.net\/cameroun\/?s={search_term_string}"},"query-input":{"@type":"PropertyValueSpecification","valueRequired":true,"valueName":"search_term_string"}}],"inLanguage":"fr-FR"},{"@type":"Person","@id":"https:\/\/www.africa-press.net\/cameroun\/#\/schema\/person\/2b1cf3cd81a31e3cd26889ca66d677f1","name":"cfeditorfr"}]}},"_links":{"self":[{"href":"https:\/\/www.africa-press.net\/cameroun\/wp-json\/wp\/v2\/posts\/28934","targetHints":{"allow":["GET"]}}],"collection":[{"href":"https:\/\/www.africa-press.net\/cameroun\/wp-json\/wp\/v2\/posts"}],"about":[{"href":"https:\/\/www.africa-press.net\/cameroun\/wp-json\/wp\/v2\/types\/post"}],"author":[{"embeddable":true,"href":"https:\/\/www.africa-press.net\/cameroun\/wp-json\/wp\/v2\/users\/82"}],"replies":[{"embeddable":true,"href":"https:\/\/www.africa-press.net\/cameroun\/wp-json\/wp\/v2\/comments?post=28934"}],"version-history":[{"count":0,"href":"https:\/\/www.africa-press.net\/cameroun\/wp-json\/wp\/v2\/posts\/28934\/revisions"}],"wp:featuredmedia":[{"embeddable":true,"href":"https:\/\/www.africa-press.net\/cameroun\/wp-json\/wp\/v2\/media\/28933"}],"wp:attachment":[{"href":"https:\/\/www.africa-press.net\/cameroun\/wp-json\/wp\/v2\/media?parent=28934"}],"wp:term":[{"taxonomy":"category","embeddable":true,"href":"https:\/\/www.africa-press.net\/cameroun\/wp-json\/wp\/v2\/categories?post=28934"},{"taxonomy":"post_tag","embeddable":true,"href":"https:\/\/www.africa-press.net\/cameroun\/wp-json\/wp\/v2\/tags?post=28934"}],"curies":[{"name":"wp","href":"https:\/\/api.w.org\/{rel}","templated":true}]}}