{"id":28936,"date":"2022-10-07T18:34:43","date_gmt":"2022-10-07T18:34:43","guid":{"rendered":"https:\/\/www.africa-press.net\/cameroun\/politique\/cameroun-allemagne-hommage-une-rue-de-la-ville-allemande-dulm-porte-desormais-le-nom-du-nationaliste-camerounais-rudolf-duala-manga-bell"},"modified":"2022-10-07T18:34:43","modified_gmt":"2022-10-07T18:34:43","slug":"cameroun-allemagne-hommage-une-rue-de-la-ville-allemande-dulm-porte-desormais-le-nom-du-nationaliste-camerounais-rudolf-duala-manga-bell","status":"publish","type":"post","link":"https:\/\/www.africa-press.net\/cameroun\/politique\/cameroun-allemagne-hommage-une-rue-de-la-ville-allemande-dulm-porte-desormais-le-nom-du-nationaliste-camerounais-rudolf-duala-manga-bell","title":{"rendered":"Cameroun\/Allemagne \u2013 Hommage: Une rue de la ville allemande d\u2019ULM porte d\u00e9sormais le nom du nationaliste camerounais Rudolf Duala Manga Bell"},"content":{"rendered":"<p><span style=\"color: #ff6600\"><strong>Africa-Press &#8211; Cameroun. <\/strong><\/span>ULM la ville allemande ou\u0300 Rudolf Duala Manga Bell ve\u0301cut avant de regagner son Cameroun natal lui rend hommage. Ses autorite\u0301s ont inaugure\u0301 ce 7 Octobre la place qui porte son nom (\u00abRudolf Duala Manga Bell Platz \u00bb). C\u2019e\u0301tait en pre\u0301sence de l\u2019ambassadeur du Cameroun en Allemagne Victor Ndoki, du chef du canton Bell Jean Yves Eboumbou Douala Bell et d\u2019une de\u0301le\u0301gation arrive\u0301e du pays. Le lieu est situe\u0301 entre le nouveau local du parquet de ULM et le ba\u0302timent historique de la justice.<\/p>\n<p>Rudolf Duala Manga Bell, roi des Bell, fut pendu le 8 Aou\u0302t 1914 a\u0300 Douala par les colons Allemands. Ils l\u2019accusaient de trahison parce qu\u2019il s\u2019opposait a\u0300 leur intention d\u2019expulser son peuple de ses terres. Ne\u0301 en 1873 a\u0300 Douala Duala Manga Bell e\u0301tudie en Allemagne, avant de retourner au bercail. Il succe\u0300de a\u0300 son pe\u0300re le roi Ndumbe Manga Bell le 2 septembre 1908.<\/p>\n<p>\u00ab Ayant acquis une certaine connaissance du droit allemand &#8211; certaines sources affirment qu&rsquo;il a e\u0301tudie\u0301 le droit a\u0300 l&rsquo;universite\u0301 de Bonn &#8211; le roi Rudolf Douala Manga a eu l&rsquo;occasion de travailler pour l&rsquo;administration coloniale tout en re\u0301gnant sur son pays. Mais a\u0300 son retour, il est rapidement de\u0301sabuse\u0301 par la domination allemande. Apre\u0300s deux ans de re\u0300gne, Rudolf a e\u0301te\u0301 nomme\u0301 par ses compagnons pour lutter contre l&rsquo;expropriation de leurs terres par les colons allemands, ce qui, selon le roi Rudolf Douala Manga, e\u0301tait une violation du traite\u0301 signe\u0301 par son grand-pe\u0300re \u00bb, raconte le site Internet de la Deutsche<\/p>\n<p><strong>Pour plus d&rsquo;informations et d&rsquo;analyses sur la <a href=\"https:\/\/www.africa-press.net\/cameroun\">Cameroun<\/a>, suivez <a href=\"https:\/\/www.africa-press.net\/\">Africa-Press<\/a><\/strong><\/p>\n","protected":false},"excerpt":{"rendered":"<p>Africa-Press &#8211; Cameroun. ULM la ville allemande ou\u0300 Rudolf Duala Manga Bell ve\u0301cut avant de regagner son Cameroun natal lui rend hommage. Ses autorite\u0301s ont inaugure\u0301 ce 7 Octobre la place qui porte son nom (\u00abRudolf Duala Manga Bell Platz \u00bb). C\u2019e\u0301tait en pre\u0301sence de l\u2019ambassadeur du Cameroun en Allemagne Victor Ndoki, du chef du [&hellip;]<\/p>\n","protected":false},"author":82,"featured_media":28935,"comment_status":"open","ping_status":"closed","sticky":false,"template":"","format":"standard","meta":{"footnotes":""},"categories":[2,20,10],"tags":[36,50,49],"class_list":["post-28936","post","type-post","status-publish","format-standard","has-post-thumbnail","hentry","category-politique","category-top-nouvelles","category-toutes-les-actualites","tag-africa-press","tag-africa-press-cameroun","tag-cameroun"],"yoast_head":"<!-- This site is optimized with the Yoast SEO Premium plugin v26.1 (Yoast SEO v27.0) - https:\/\/yoast.com\/product\/yoast-seo-premium-wordpress\/ -->\n<title>Cameroun\/Allemagne \u2013 Hommage: Une rue de la ville allemande d\u2019ULM porte d\u00e9sormais le nom du nationaliste camerounais Rudolf Duala Manga Bell - Cameroun<\/title>\n<meta name=\"robots\" content=\"index, follow, max-snippet:-1, max-image-preview:large, max-video-preview:-1\" \/>\n<link rel=\"canonical\" href=\"https:\/\/www.africa-press.net\/cameroun\/politique\/cameroun-allemagne-hommage-une-rue-de-la-ville-allemande-dulm-porte-desormais-le-nom-du-nationaliste-camerounais-rudolf-duala-manga-bell\" \/>\n<meta property=\"og:locale\" content=\"fr_FR\" \/>\n<meta property=\"og:type\" content=\"article\" \/>\n<meta property=\"og:title\" content=\"Cameroun\/Allemagne \u2013 Hommage: Une rue de la ville allemande d\u2019ULM porte d\u00e9sormais le nom du nationaliste camerounais Rudolf Duala Manga Bell\" \/>\n<meta property=\"og:description\" content=\"Africa-Press &#8211; Cameroun. ULM la ville allemande ou\u0300 Rudolf Duala Manga Bell ve\u0301cut avant de regagner son Cameroun natal lui rend hommage. Ses autorite\u0301s ont inaugure\u0301 ce 7 Octobre la place qui porte son nom (\u00abRudolf Duala Manga Bell Platz \u00bb). C\u2019e\u0301tait en pre\u0301sence de l\u2019ambassadeur du Cameroun en Allemagne Victor Ndoki, du chef du [&hellip;]\" \/>\n<meta property=\"og:url\" content=\"https:\/\/www.africa-press.net\/cameroun\/politique\/cameroun-allemagne-hommage-une-rue-de-la-ville-allemande-dulm-porte-desormais-le-nom-du-nationaliste-camerounais-rudolf-duala-manga-bell\" \/>\n<meta property=\"og:site_name\" content=\"Cameroun\" \/>\n<meta property=\"article:published_time\" content=\"2022-10-07T18:34:43+00:00\" \/>\n<meta name=\"author\" content=\"cfeditorfr\" \/>\n<meta name=\"twitter:card\" content=\"summary_large_image\" \/>\n<meta name=\"twitter:label1\" content=\"\u00c9crit par\" \/>\n\t<meta name=\"twitter:data1\" content=\"cfeditorfr\" \/>\n\t<meta name=\"twitter:label2\" content=\"Dur\u00e9e de lecture estim\u00e9e\" \/>\n\t<meta name=\"twitter:data2\" content=\"1 minute\" \/>\n<script type=\"application\/ld+json\" class=\"yoast-schema-graph\">{\"@context\":\"https:\/\/schema.org\",\"@graph\":[{\"@type\":\"Article\",\"@id\":\"https:\/\/www.africa-press.net\/cameroun\/politique\/cameroun-allemagne-hommage-une-rue-de-la-ville-allemande-dulm-porte-desormais-le-nom-du-nationaliste-camerounais-rudolf-duala-manga-bell#article\",\"isPartOf\":{\"@id\":\"https:\/\/www.africa-press.net\/cameroun\/politique\/cameroun-allemagne-hommage-une-rue-de-la-ville-allemande-dulm-porte-desormais-le-nom-du-nationaliste-camerounais-rudolf-duala-manga-bell\"},\"author\":{\"name\":\"cfeditorfr\",\"@id\":\"https:\/\/www.africa-press.net\/cameroun\/#\/schema\/person\/2b1cf3cd81a31e3cd26889ca66d677f1\"},\"headline\":\"Cameroun\/Allemagne \u2013 Hommage: Une rue de la ville allemande d\u2019ULM porte d\u00e9sormais le nom du nationaliste camerounais Rudolf Duala Manga Bell\",\"datePublished\":\"2022-10-07T18:34:43+00:00\",\"mainEntityOfPage\":{\"@id\":\"https:\/\/www.africa-press.net\/cameroun\/politique\/cameroun-allemagne-hommage-une-rue-de-la-ville-allemande-dulm-porte-desormais-le-nom-du-nationaliste-camerounais-rudolf-duala-manga-bell\"},\"wordCount\":312,\"commentCount\":0,\"image\":{\"@id\":\"https:\/\/www.africa-press.net\/cameroun\/politique\/cameroun-allemagne-hommage-une-rue-de-la-ville-allemande-dulm-porte-desormais-le-nom-du-nationaliste-camerounais-rudolf-duala-manga-bell#primaryimage\"},\"thumbnailUrl\":\"https:\/\/static.africa-press.net\/cameroun\/sites\/57\/2022\/10\/img-634093a1f3afd.jpg\",\"keywords\":[\"Africa Press\",\"Africa Press-Cameroun\",\"Cameroun\"],\"articleSection\":[\"Politique\",\"Top Nouvelles\",\"Toutes les actualit\u00e9s\"],\"inLanguage\":\"fr-FR\",\"potentialAction\":[{\"@type\":\"CommentAction\",\"name\":\"Comment\",\"target\":[\"https:\/\/www.africa-press.net\/cameroun\/politique\/cameroun-allemagne-hommage-une-rue-de-la-ville-allemande-dulm-porte-desormais-le-nom-du-nationaliste-camerounais-rudolf-duala-manga-bell#respond\"]}]},{\"@type\":\"WebPage\",\"@id\":\"https:\/\/www.africa-press.net\/cameroun\/politique\/cameroun-allemagne-hommage-une-rue-de-la-ville-allemande-dulm-porte-desormais-le-nom-du-nationaliste-camerounais-rudolf-duala-manga-bell\",\"url\":\"https:\/\/www.africa-press.net\/cameroun\/politique\/cameroun-allemagne-hommage-une-rue-de-la-ville-allemande-dulm-porte-desormais-le-nom-du-nationaliste-camerounais-rudolf-duala-manga-bell\",\"name\":\"Cameroun\/Allemagne \u2013 Hommage: Une rue de la ville allemande d\u2019ULM porte d\u00e9sormais le nom du nationaliste camerounais Rudolf Duala Manga Bell - Cameroun\",\"isPartOf\":{\"@id\":\"https:\/\/www.africa-press.net\/cameroun\/#website\"},\"primaryImageOfPage\":{\"@id\":\"https:\/\/www.africa-press.net\/cameroun\/politique\/cameroun-allemagne-hommage-une-rue-de-la-ville-allemande-dulm-porte-desormais-le-nom-du-nationaliste-camerounais-rudolf-duala-manga-bell#primaryimage\"},\"image\":{\"@id\":\"https:\/\/www.africa-press.net\/cameroun\/politique\/cameroun-allemagne-hommage-une-rue-de-la-ville-allemande-dulm-porte-desormais-le-nom-du-nationaliste-camerounais-rudolf-duala-manga-bell#primaryimage\"},\"thumbnailUrl\":\"https:\/\/static.africa-press.net\/cameroun\/sites\/57\/2022\/10\/img-634093a1f3afd.jpg\",\"datePublished\":\"2022-10-07T18:34:43+00:00\",\"author\":{\"@id\":\"https:\/\/www.africa-press.net\/cameroun\/#\/schema\/person\/2b1cf3cd81a31e3cd26889ca66d677f1\"},\"breadcrumb\":{\"@id\":\"https:\/\/www.africa-press.net\/cameroun\/politique\/cameroun-allemagne-hommage-une-rue-de-la-ville-allemande-dulm-porte-desormais-le-nom-du-nationaliste-camerounais-rudolf-duala-manga-bell#breadcrumb\"},\"inLanguage\":\"fr-FR\",\"potentialAction\":[{\"@type\":\"ReadAction\",\"target\":[\"https:\/\/www.africa-press.net\/cameroun\/politique\/cameroun-allemagne-hommage-une-rue-de-la-ville-allemande-dulm-porte-desormais-le-nom-du-nationaliste-camerounais-rudolf-duala-manga-bell\"]}]},{\"@type\":\"ImageObject\",\"inLanguage\":\"fr-FR\",\"@id\":\"https:\/\/www.africa-press.net\/cameroun\/politique\/cameroun-allemagne-hommage-une-rue-de-la-ville-allemande-dulm-porte-desormais-le-nom-du-nationaliste-camerounais-rudolf-duala-manga-bell#primaryimage\",\"url\":\"https:\/\/static.africa-press.net\/cameroun\/sites\/57\/2022\/10\/img-634093a1f3afd.jpg\",\"contentUrl\":\"https:\/\/static.africa-press.net\/cameroun\/sites\/57\/2022\/10\/img-634093a1f3afd.jpg\",\"width\":800,\"height\":350,\"caption\":\"Cameroun\/Allemagne \u2013 Hommage: Une rue de la ville allemande d\u2019ULM porte d\u00e9sormais le nom du nationaliste camerounais Rudolf Duala Manga Bell\"},{\"@type\":\"BreadcrumbList\",\"@id\":\"https:\/\/www.africa-press.net\/cameroun\/politique\/cameroun-allemagne-hommage-une-rue-de-la-ville-allemande-dulm-porte-desormais-le-nom-du-nationaliste-camerounais-rudolf-duala-manga-bell#breadcrumb\",\"itemListElement\":[{\"@type\":\"ListItem\",\"position\":1,\"name\":\"Accueil\",\"item\":\"https:\/\/www.africa-press.net\/cameroun\/\"},{\"@type\":\"ListItem\",\"position\":2,\"name\":\"Cameroun\/Allemagne \u2013 Hommage: Une rue de la ville allemande d\u2019ULM porte d\u00e9sormais le nom du nationaliste camerounais Rudolf Duala Manga Bell\"}]},{\"@type\":\"WebSite\",\"@id\":\"https:\/\/www.africa-press.net\/cameroun\/#website\",\"url\":\"https:\/\/www.africa-press.net\/cameroun\/\",\"name\":\"Cameroun\",\"description\":\"Just another Africa News Agency Sites site\",\"potentialAction\":[{\"@type\":\"SearchAction\",\"target\":{\"@type\":\"EntryPoint\",\"urlTemplate\":\"https:\/\/www.africa-press.net\/cameroun\/?s={search_term_string}\"},\"query-input\":{\"@type\":\"PropertyValueSpecification\",\"valueRequired\":true,\"valueName\":\"search_term_string\"}}],\"inLanguage\":\"fr-FR\"},{\"@type\":\"Person\",\"@id\":\"https:\/\/www.africa-press.net\/cameroun\/#\/schema\/person\/2b1cf3cd81a31e3cd26889ca66d677f1\",\"name\":\"cfeditorfr\"}]}<\/script>\n<!-- \/ Yoast SEO Premium plugin. -->","yoast_head_json":{"title":"Cameroun\/Allemagne \u2013 Hommage: Une rue de la ville allemande d\u2019ULM porte d\u00e9sormais le nom du nationaliste camerounais Rudolf Duala Manga Bell - Cameroun","robots":{"index":"index","follow":"follow","max-snippet":"max-snippet:-1","max-image-preview":"max-image-preview:large","max-video-preview":"max-video-preview:-1"},"canonical":"https:\/\/www.africa-press.net\/cameroun\/politique\/cameroun-allemagne-hommage-une-rue-de-la-ville-allemande-dulm-porte-desormais-le-nom-du-nationaliste-camerounais-rudolf-duala-manga-bell","og_locale":"fr_FR","og_type":"article","og_title":"Cameroun\/Allemagne \u2013 Hommage: Une rue de la ville allemande d\u2019ULM porte d\u00e9sormais le nom du nationaliste camerounais Rudolf Duala Manga Bell","og_description":"Africa-Press &#8211; Cameroun. ULM la ville allemande ou\u0300 Rudolf Duala Manga Bell ve\u0301cut avant de regagner son Cameroun natal lui rend hommage. Ses autorite\u0301s ont inaugure\u0301 ce 7 Octobre la place qui porte son nom (\u00abRudolf Duala Manga Bell Platz \u00bb). C\u2019e\u0301tait en pre\u0301sence de l\u2019ambassadeur du Cameroun en Allemagne Victor Ndoki, du chef du [&hellip;]","og_url":"https:\/\/www.africa-press.net\/cameroun\/politique\/cameroun-allemagne-hommage-une-rue-de-la-ville-allemande-dulm-porte-desormais-le-nom-du-nationaliste-camerounais-rudolf-duala-manga-bell","og_site_name":"Cameroun","article_published_time":"2022-10-07T18:34:43+00:00","author":"cfeditorfr","twitter_card":"summary_large_image","twitter_misc":{"\u00c9crit par":"cfeditorfr","Dur\u00e9e de lecture estim\u00e9e":"1 minute"},"schema":{"@context":"https:\/\/schema.org","@graph":[{"@type":"Article","@id":"https:\/\/www.africa-press.net\/cameroun\/politique\/cameroun-allemagne-hommage-une-rue-de-la-ville-allemande-dulm-porte-desormais-le-nom-du-nationaliste-camerounais-rudolf-duala-manga-bell#article","isPartOf":{"@id":"https:\/\/www.africa-press.net\/cameroun\/politique\/cameroun-allemagne-hommage-une-rue-de-la-ville-allemande-dulm-porte-desormais-le-nom-du-nationaliste-camerounais-rudolf-duala-manga-bell"},"author":{"name":"cfeditorfr","@id":"https:\/\/www.africa-press.net\/cameroun\/#\/schema\/person\/2b1cf3cd81a31e3cd26889ca66d677f1"},"headline":"Cameroun\/Allemagne \u2013 Hommage: Une rue de la ville allemande d\u2019ULM porte d\u00e9sormais le nom du nationaliste camerounais Rudolf Duala Manga Bell","datePublished":"2022-10-07T18:34:43+00:00","mainEntityOfPage":{"@id":"https:\/\/www.africa-press.net\/cameroun\/politique\/cameroun-allemagne-hommage-une-rue-de-la-ville-allemande-dulm-porte-desormais-le-nom-du-nationaliste-camerounais-rudolf-duala-manga-bell"},"wordCount":312,"commentCount":0,"image":{"@id":"https:\/\/www.africa-press.net\/cameroun\/politique\/cameroun-allemagne-hommage-une-rue-de-la-ville-allemande-dulm-porte-desormais-le-nom-du-nationaliste-camerounais-rudolf-duala-manga-bell#primaryimage"},"thumbnailUrl":"https:\/\/static.africa-press.net\/cameroun\/sites\/57\/2022\/10\/img-634093a1f3afd.jpg","keywords":["Africa Press","Africa Press-Cameroun","Cameroun"],"articleSection":["Politique","Top Nouvelles","Toutes les actualit\u00e9s"],"inLanguage":"fr-FR","potentialAction":[{"@type":"CommentAction","name":"Comment","target":["https:\/\/www.africa-press.net\/cameroun\/politique\/cameroun-allemagne-hommage-une-rue-de-la-ville-allemande-dulm-porte-desormais-le-nom-du-nationaliste-camerounais-rudolf-duala-manga-bell#respond"]}]},{"@type":"WebPage","@id":"https:\/\/www.africa-press.net\/cameroun\/politique\/cameroun-allemagne-hommage-une-rue-de-la-ville-allemande-dulm-porte-desormais-le-nom-du-nationaliste-camerounais-rudolf-duala-manga-bell","url":"https:\/\/www.africa-press.net\/cameroun\/politique\/cameroun-allemagne-hommage-une-rue-de-la-ville-allemande-dulm-porte-desormais-le-nom-du-nationaliste-camerounais-rudolf-duala-manga-bell","name":"Cameroun\/Allemagne \u2013 Hommage: Une rue de la ville allemande d\u2019ULM porte d\u00e9sormais le nom du nationaliste camerounais Rudolf Duala Manga Bell - Cameroun","isPartOf":{"@id":"https:\/\/www.africa-press.net\/cameroun\/#website"},"primaryImageOfPage":{"@id":"https:\/\/www.africa-press.net\/cameroun\/politique\/cameroun-allemagne-hommage-une-rue-de-la-ville-allemande-dulm-porte-desormais-le-nom-du-nationaliste-camerounais-rudolf-duala-manga-bell#primaryimage"},"image":{"@id":"https:\/\/www.africa-press.net\/cameroun\/politique\/cameroun-allemagne-hommage-une-rue-de-la-ville-allemande-dulm-porte-desormais-le-nom-du-nationaliste-camerounais-rudolf-duala-manga-bell#primaryimage"},"thumbnailUrl":"https:\/\/static.africa-press.net\/cameroun\/sites\/57\/2022\/10\/img-634093a1f3afd.jpg","datePublished":"2022-10-07T18:34:43+00:00","author":{"@id":"https:\/\/www.africa-press.net\/cameroun\/#\/schema\/person\/2b1cf3cd81a31e3cd26889ca66d677f1"},"breadcrumb":{"@id":"https:\/\/www.africa-press.net\/cameroun\/politique\/cameroun-allemagne-hommage-une-rue-de-la-ville-allemande-dulm-porte-desormais-le-nom-du-nationaliste-camerounais-rudolf-duala-manga-bell#breadcrumb"},"inLanguage":"fr-FR","potentialAction":[{"@type":"ReadAction","target":["https:\/\/www.africa-press.net\/cameroun\/politique\/cameroun-allemagne-hommage-une-rue-de-la-ville-allemande-dulm-porte-desormais-le-nom-du-nationaliste-camerounais-rudolf-duala-manga-bell"]}]},{"@type":"ImageObject","inLanguage":"fr-FR","@id":"https:\/\/www.africa-press.net\/cameroun\/politique\/cameroun-allemagne-hommage-une-rue-de-la-ville-allemande-dulm-porte-desormais-le-nom-du-nationaliste-camerounais-rudolf-duala-manga-bell#primaryimage","url":"https:\/\/static.africa-press.net\/cameroun\/sites\/57\/2022\/10\/img-634093a1f3afd.jpg","contentUrl":"https:\/\/static.africa-press.net\/cameroun\/sites\/57\/2022\/10\/img-634093a1f3afd.jpg","width":800,"height":350,"caption":"Cameroun\/Allemagne \u2013 Hommage: Une rue de la ville allemande d\u2019ULM porte d\u00e9sormais le nom du nationaliste camerounais Rudolf Duala Manga Bell"},{"@type":"BreadcrumbList","@id":"https:\/\/www.africa-press.net\/cameroun\/politique\/cameroun-allemagne-hommage-une-rue-de-la-ville-allemande-dulm-porte-desormais-le-nom-du-nationaliste-camerounais-rudolf-duala-manga-bell#breadcrumb","itemListElement":[{"@type":"ListItem","position":1,"name":"Accueil","item":"https:\/\/www.africa-press.net\/cameroun\/"},{"@type":"ListItem","position":2,"name":"Cameroun\/Allemagne \u2013 Hommage: Une rue de la ville allemande d\u2019ULM porte d\u00e9sormais le nom du nationaliste camerounais Rudolf Duala Manga Bell"}]},{"@type":"WebSite","@id":"https:\/\/www.africa-press.net\/cameroun\/#website","url":"https:\/\/www.africa-press.net\/cameroun\/","name":"Cameroun","description":"Just another Africa News Agency Sites site","potentialAction":[{"@type":"SearchAction","target":{"@type":"EntryPoint","urlTemplate":"https:\/\/www.africa-press.net\/cameroun\/?s={search_term_string}"},"query-input":{"@type":"PropertyValueSpecification","valueRequired":true,"valueName":"search_term_string"}}],"inLanguage":"fr-FR"},{"@type":"Person","@id":"https:\/\/www.africa-press.net\/cameroun\/#\/schema\/person\/2b1cf3cd81a31e3cd26889ca66d677f1","name":"cfeditorfr"}]}},"_links":{"self":[{"href":"https:\/\/www.africa-press.net\/cameroun\/wp-json\/wp\/v2\/posts\/28936","targetHints":{"allow":["GET"]}}],"collection":[{"href":"https:\/\/www.africa-press.net\/cameroun\/wp-json\/wp\/v2\/posts"}],"about":[{"href":"https:\/\/www.africa-press.net\/cameroun\/wp-json\/wp\/v2\/types\/post"}],"author":[{"embeddable":true,"href":"https:\/\/www.africa-press.net\/cameroun\/wp-json\/wp\/v2\/users\/82"}],"replies":[{"embeddable":true,"href":"https:\/\/www.africa-press.net\/cameroun\/wp-json\/wp\/v2\/comments?post=28936"}],"version-history":[{"count":0,"href":"https:\/\/www.africa-press.net\/cameroun\/wp-json\/wp\/v2\/posts\/28936\/revisions"}],"wp:featuredmedia":[{"embeddable":true,"href":"https:\/\/www.africa-press.net\/cameroun\/wp-json\/wp\/v2\/media\/28935"}],"wp:attachment":[{"href":"https:\/\/www.africa-press.net\/cameroun\/wp-json\/wp\/v2\/media?parent=28936"}],"wp:term":[{"taxonomy":"category","embeddable":true,"href":"https:\/\/www.africa-press.net\/cameroun\/wp-json\/wp\/v2\/categories?post=28936"},{"taxonomy":"post_tag","embeddable":true,"href":"https:\/\/www.africa-press.net\/cameroun\/wp-json\/wp\/v2\/tags?post=28936"}],"curies":[{"name":"wp","href":"https:\/\/api.w.org\/{rel}","templated":true}]}}