{"id":28942,"date":"2022-10-07T18:59:58","date_gmt":"2022-10-07T18:59:58","guid":{"rendered":"https:\/\/www.africa-press.net\/cameroun\/politique\/affaires-assurance-mohamed-bah-nouveau-directeur-general-du-groupe-sunu-2"},"modified":"2022-10-07T18:59:58","modified_gmt":"2022-10-07T18:59:58","slug":"affaires-assurance-mohamed-bah-nouveau-directeur-general-du-groupe-sunu-2","status":"publish","type":"post","link":"https:\/\/www.africa-press.net\/cameroun\/toutes-les-actualites\/affaires-assurance-mohamed-bah-nouveau-directeur-general-du-groupe-sunu-2","title":{"rendered":"Affaires-Assurance : Mohamed Bah nouveau directeur g\u00e9n\u00e9ral du Groupe Sunu"},"content":{"rendered":"<p><span style=\"color: #ff6600\"><strong>Africa-Press &#8211; Cameroun. <\/strong><\/span>Le conseil d\u2019administration de SUNU Participations Holding (SPA) a re\u0301organise\u0301 sa gouvernance dans une nouvelle formule entre\u0301e en vigueur le 1er octobre 2022.<\/b><\/p>\n<p>Le conseil d\u2019Administration a approuve\u0301 la nomination de Mohamed Bah a\u0300 la te\u0302te de la direction ge\u0301ne\u0301rale du groupe. Il vient supple\u0301er Pathe\u0301 Dione qui occupait la double fonction de pre\u0301sident du Conseil d\u2019Administration (PCA) et de directeur ge\u0301ne\u0301ral (DG) du groupe de bancassurance. Avant sa nomination, il occupait le poste de directeur ge\u0301ne\u0301ral de\u0301le\u0301gue\u0301 au sein du groupe.<\/p>\n<p>Avant sa nomination, Mohamed Bah occupait le poste de directeur ge\u0301ne\u0301ral de\u0301le\u0301gue\u0301 au sein du groupe. Il a e\u0301te\u0301 tour a\u0300 tour DG de Sunu Services en Co\u0302te d\u2019Ivoire et administrateur de 18 filiales du groupe Sunu en Afrique.<\/p>\n<p>Le franco-guine\u0301en qui comptabilise 25 anne\u0301es d\u2019expe\u0301rience est titulaire d\u2019un MBA obtenu a\u0300 l\u2019e\u0301cole de commerce et de gestion publique consulaire (HEC, Paris), d\u2019une mai\u0302trise en mathe\u0301matiques de l\u2019Universite\u0301 d\u2019Amiens en France et d\u2019un baccalaure\u0301at en sciences actuarielles de l\u2019Universite\u0301 Laval (Canada). Il a e\u0301galement e\u0301tudie\u0301 la planification financie\u0300re et la gestion de portefeuille a\u0300 l\u2019Institut canadien des valeurs mobilie\u0300res.<\/p>\n<p>De son co\u0302te\u0301, son PDG historique ne conservera que la pre\u0301sidence du conseil d\u2019administration. Les deux autres directeurs ge\u0301ne\u0301raux de\u0301le\u0301gue\u0301s du groupe, que sont Joe\u0308l Amoussou et Karim Dione, ont e\u0301te\u0301 reconduits dans leurs fonctions.<\/p>\n<p><strong>Pour plus d&rsquo;informations et d&rsquo;analyses sur la <a href=\"https:\/\/www.africa-press.net\/cameroun\">Cameroun<\/a>, suivez <a href=\"https:\/\/www.africa-press.net\/\">Africa-Press<\/a><\/strong><\/p>\n","protected":false},"excerpt":{"rendered":"<p>Africa-Press &#8211; Cameroun. Le conseil d\u2019administration de SUNU Participations Holding (SPA) a re\u0301organise\u0301 sa gouvernance dans une nouvelle formule entre\u0301e en vigueur le 1er octobre 2022. Le conseil d\u2019Administration a approuve\u0301 la nomination de Mohamed Bah a\u0300 la te\u0302te de la direction ge\u0301ne\u0301rale du groupe. Il vient supple\u0301er Pathe\u0301 Dione qui occupait la double fonction [&hellip;]<\/p>\n","protected":false},"author":82,"featured_media":28941,"comment_status":"open","ping_status":"closed","sticky":false,"template":"","format":"standard","meta":{"footnotes":""},"categories":[21,10],"tags":[36,50,49],"class_list":["post-28942","post","type-post","status-publish","format-standard","has-post-thumbnail","hentry","category-communaute","category-toutes-les-actualites","tag-africa-press","tag-africa-press-cameroun","tag-cameroun"],"yoast_head":"<!-- This site is optimized with the Yoast SEO Premium plugin v26.1 (Yoast SEO v27.0) - https:\/\/yoast.com\/product\/yoast-seo-premium-wordpress\/ -->\n<title>Affaires-Assurance : Mohamed Bah nouveau directeur g\u00e9n\u00e9ral du Groupe Sunu - Cameroun<\/title>\n<meta name=\"robots\" content=\"index, follow, max-snippet:-1, max-image-preview:large, max-video-preview:-1\" \/>\n<link rel=\"canonical\" href=\"https:\/\/www.africa-press.net\/cameroun\/politique\/affaires-assurance-mohamed-bah-nouveau-directeur-general-du-groupe-sunu-2\" \/>\n<meta property=\"og:locale\" content=\"fr_FR\" \/>\n<meta property=\"og:type\" content=\"article\" \/>\n<meta property=\"og:title\" content=\"Affaires-Assurance : Mohamed Bah nouveau directeur g\u00e9n\u00e9ral du Groupe Sunu\" \/>\n<meta property=\"og:description\" content=\"Africa-Press &#8211; Cameroun. Le conseil d\u2019administration de SUNU Participations Holding (SPA) a re\u0301organise\u0301 sa gouvernance dans une nouvelle formule entre\u0301e en vigueur le 1er octobre 2022. Le conseil d\u2019Administration a approuve\u0301 la nomination de Mohamed Bah a\u0300 la te\u0302te de la direction ge\u0301ne\u0301rale du groupe. Il vient supple\u0301er Pathe\u0301 Dione qui occupait la double fonction [&hellip;]\" \/>\n<meta property=\"og:url\" content=\"https:\/\/www.africa-press.net\/cameroun\/politique\/affaires-assurance-mohamed-bah-nouveau-directeur-general-du-groupe-sunu-2\" \/>\n<meta property=\"og:site_name\" content=\"Cameroun\" \/>\n<meta property=\"article:published_time\" content=\"2022-10-07T18:59:58+00:00\" \/>\n<meta name=\"author\" content=\"cfeditorfr\" \/>\n<meta name=\"twitter:card\" content=\"summary_large_image\" \/>\n<meta name=\"twitter:label1\" content=\"\u00c9crit par\" \/>\n\t<meta name=\"twitter:data1\" content=\"cfeditorfr\" \/>\n\t<meta name=\"twitter:label2\" content=\"Dur\u00e9e de lecture estim\u00e9e\" \/>\n\t<meta name=\"twitter:data2\" content=\"1 minute\" \/>\n<script type=\"application\/ld+json\" class=\"yoast-schema-graph\">{\"@context\":\"https:\/\/schema.org\",\"@graph\":[{\"@type\":\"Article\",\"@id\":\"https:\/\/www.africa-press.net\/cameroun\/politique\/affaires-assurance-mohamed-bah-nouveau-directeur-general-du-groupe-sunu-2#article\",\"isPartOf\":{\"@id\":\"https:\/\/www.africa-press.net\/cameroun\/politique\/affaires-assurance-mohamed-bah-nouveau-directeur-general-du-groupe-sunu-2\"},\"author\":{\"name\":\"cfeditorfr\",\"@id\":\"https:\/\/www.africa-press.net\/cameroun\/#\/schema\/person\/2b1cf3cd81a31e3cd26889ca66d677f1\"},\"headline\":\"Affaires-Assurance : Mohamed Bah nouveau directeur g\u00e9n\u00e9ral du Groupe Sunu\",\"datePublished\":\"2022-10-07T18:59:58+00:00\",\"mainEntityOfPage\":{\"@id\":\"https:\/\/www.africa-press.net\/cameroun\/politique\/affaires-assurance-mohamed-bah-nouveau-directeur-general-du-groupe-sunu-2\"},\"wordCount\":292,\"commentCount\":0,\"image\":{\"@id\":\"https:\/\/www.africa-press.net\/cameroun\/politique\/affaires-assurance-mohamed-bah-nouveau-directeur-general-du-groupe-sunu-2#primaryimage\"},\"thumbnailUrl\":\"https:\/\/static.africa-press.net\/cameroun\/sites\/57\/2022\/10\/img-634094e7a9653.jpg\",\"keywords\":[\"Africa Press\",\"Africa Press-Cameroun\",\"Cameroun\"],\"articleSection\":[\"Communaut\u00e9\",\"Toutes les actualit\u00e9s\"],\"inLanguage\":\"fr-FR\",\"potentialAction\":[{\"@type\":\"CommentAction\",\"name\":\"Comment\",\"target\":[\"https:\/\/www.africa-press.net\/cameroun\/politique\/affaires-assurance-mohamed-bah-nouveau-directeur-general-du-groupe-sunu-2#respond\"]}]},{\"@type\":\"WebPage\",\"@id\":\"https:\/\/www.africa-press.net\/cameroun\/politique\/affaires-assurance-mohamed-bah-nouveau-directeur-general-du-groupe-sunu-2\",\"url\":\"https:\/\/www.africa-press.net\/cameroun\/politique\/affaires-assurance-mohamed-bah-nouveau-directeur-general-du-groupe-sunu-2\",\"name\":\"Affaires-Assurance : Mohamed Bah nouveau directeur g\u00e9n\u00e9ral du Groupe Sunu - Cameroun\",\"isPartOf\":{\"@id\":\"https:\/\/www.africa-press.net\/cameroun\/#website\"},\"primaryImageOfPage\":{\"@id\":\"https:\/\/www.africa-press.net\/cameroun\/politique\/affaires-assurance-mohamed-bah-nouveau-directeur-general-du-groupe-sunu-2#primaryimage\"},\"image\":{\"@id\":\"https:\/\/www.africa-press.net\/cameroun\/politique\/affaires-assurance-mohamed-bah-nouveau-directeur-general-du-groupe-sunu-2#primaryimage\"},\"thumbnailUrl\":\"https:\/\/static.africa-press.net\/cameroun\/sites\/57\/2022\/10\/img-634094e7a9653.jpg\",\"datePublished\":\"2022-10-07T18:59:58+00:00\",\"author\":{\"@id\":\"https:\/\/www.africa-press.net\/cameroun\/#\/schema\/person\/2b1cf3cd81a31e3cd26889ca66d677f1\"},\"breadcrumb\":{\"@id\":\"https:\/\/www.africa-press.net\/cameroun\/politique\/affaires-assurance-mohamed-bah-nouveau-directeur-general-du-groupe-sunu-2#breadcrumb\"},\"inLanguage\":\"fr-FR\",\"potentialAction\":[{\"@type\":\"ReadAction\",\"target\":[\"https:\/\/www.africa-press.net\/cameroun\/politique\/affaires-assurance-mohamed-bah-nouveau-directeur-general-du-groupe-sunu-2\"]}]},{\"@type\":\"ImageObject\",\"inLanguage\":\"fr-FR\",\"@id\":\"https:\/\/www.africa-press.net\/cameroun\/politique\/affaires-assurance-mohamed-bah-nouveau-directeur-general-du-groupe-sunu-2#primaryimage\",\"url\":\"https:\/\/static.africa-press.net\/cameroun\/sites\/57\/2022\/10\/img-634094e7a9653.jpg\",\"contentUrl\":\"https:\/\/static.africa-press.net\/cameroun\/sites\/57\/2022\/10\/img-634094e7a9653.jpg\",\"width\":720,\"height\":869,\"caption\":\"Affaires-Assurance : Mohamed Bah nouveau directeur g\u00e9n\u00e9ral du Groupe Sunu\"},{\"@type\":\"BreadcrumbList\",\"@id\":\"https:\/\/www.africa-press.net\/cameroun\/politique\/affaires-assurance-mohamed-bah-nouveau-directeur-general-du-groupe-sunu-2#breadcrumb\",\"itemListElement\":[{\"@type\":\"ListItem\",\"position\":1,\"name\":\"Accueil\",\"item\":\"https:\/\/www.africa-press.net\/cameroun\/\"},{\"@type\":\"ListItem\",\"position\":2,\"name\":\"Affaires-Assurance : Mohamed Bah nouveau directeur g\u00e9n\u00e9ral du Groupe Sunu\"}]},{\"@type\":\"WebSite\",\"@id\":\"https:\/\/www.africa-press.net\/cameroun\/#website\",\"url\":\"https:\/\/www.africa-press.net\/cameroun\/\",\"name\":\"Cameroun\",\"description\":\"Just another Africa News Agency Sites site\",\"potentialAction\":[{\"@type\":\"SearchAction\",\"target\":{\"@type\":\"EntryPoint\",\"urlTemplate\":\"https:\/\/www.africa-press.net\/cameroun\/?s={search_term_string}\"},\"query-input\":{\"@type\":\"PropertyValueSpecification\",\"valueRequired\":true,\"valueName\":\"search_term_string\"}}],\"inLanguage\":\"fr-FR\"},{\"@type\":\"Person\",\"@id\":\"https:\/\/www.africa-press.net\/cameroun\/#\/schema\/person\/2b1cf3cd81a31e3cd26889ca66d677f1\",\"name\":\"cfeditorfr\"}]}<\/script>\n<!-- \/ Yoast SEO Premium plugin. -->","yoast_head_json":{"title":"Affaires-Assurance : Mohamed Bah nouveau directeur g\u00e9n\u00e9ral du Groupe Sunu - Cameroun","robots":{"index":"index","follow":"follow","max-snippet":"max-snippet:-1","max-image-preview":"max-image-preview:large","max-video-preview":"max-video-preview:-1"},"canonical":"https:\/\/www.africa-press.net\/cameroun\/politique\/affaires-assurance-mohamed-bah-nouveau-directeur-general-du-groupe-sunu-2","og_locale":"fr_FR","og_type":"article","og_title":"Affaires-Assurance : Mohamed Bah nouveau directeur g\u00e9n\u00e9ral du Groupe Sunu","og_description":"Africa-Press &#8211; Cameroun. Le conseil d\u2019administration de SUNU Participations Holding (SPA) a re\u0301organise\u0301 sa gouvernance dans une nouvelle formule entre\u0301e en vigueur le 1er octobre 2022. Le conseil d\u2019Administration a approuve\u0301 la nomination de Mohamed Bah a\u0300 la te\u0302te de la direction ge\u0301ne\u0301rale du groupe. Il vient supple\u0301er Pathe\u0301 Dione qui occupait la double fonction [&hellip;]","og_url":"https:\/\/www.africa-press.net\/cameroun\/politique\/affaires-assurance-mohamed-bah-nouveau-directeur-general-du-groupe-sunu-2","og_site_name":"Cameroun","article_published_time":"2022-10-07T18:59:58+00:00","author":"cfeditorfr","twitter_card":"summary_large_image","twitter_misc":{"\u00c9crit par":"cfeditorfr","Dur\u00e9e de lecture estim\u00e9e":"1 minute"},"schema":{"@context":"https:\/\/schema.org","@graph":[{"@type":"Article","@id":"https:\/\/www.africa-press.net\/cameroun\/politique\/affaires-assurance-mohamed-bah-nouveau-directeur-general-du-groupe-sunu-2#article","isPartOf":{"@id":"https:\/\/www.africa-press.net\/cameroun\/politique\/affaires-assurance-mohamed-bah-nouveau-directeur-general-du-groupe-sunu-2"},"author":{"name":"cfeditorfr","@id":"https:\/\/www.africa-press.net\/cameroun\/#\/schema\/person\/2b1cf3cd81a31e3cd26889ca66d677f1"},"headline":"Affaires-Assurance : Mohamed Bah nouveau directeur g\u00e9n\u00e9ral du Groupe Sunu","datePublished":"2022-10-07T18:59:58+00:00","mainEntityOfPage":{"@id":"https:\/\/www.africa-press.net\/cameroun\/politique\/affaires-assurance-mohamed-bah-nouveau-directeur-general-du-groupe-sunu-2"},"wordCount":292,"commentCount":0,"image":{"@id":"https:\/\/www.africa-press.net\/cameroun\/politique\/affaires-assurance-mohamed-bah-nouveau-directeur-general-du-groupe-sunu-2#primaryimage"},"thumbnailUrl":"https:\/\/static.africa-press.net\/cameroun\/sites\/57\/2022\/10\/img-634094e7a9653.jpg","keywords":["Africa Press","Africa Press-Cameroun","Cameroun"],"articleSection":["Communaut\u00e9","Toutes les actualit\u00e9s"],"inLanguage":"fr-FR","potentialAction":[{"@type":"CommentAction","name":"Comment","target":["https:\/\/www.africa-press.net\/cameroun\/politique\/affaires-assurance-mohamed-bah-nouveau-directeur-general-du-groupe-sunu-2#respond"]}]},{"@type":"WebPage","@id":"https:\/\/www.africa-press.net\/cameroun\/politique\/affaires-assurance-mohamed-bah-nouveau-directeur-general-du-groupe-sunu-2","url":"https:\/\/www.africa-press.net\/cameroun\/politique\/affaires-assurance-mohamed-bah-nouveau-directeur-general-du-groupe-sunu-2","name":"Affaires-Assurance : Mohamed Bah nouveau directeur g\u00e9n\u00e9ral du Groupe Sunu - Cameroun","isPartOf":{"@id":"https:\/\/www.africa-press.net\/cameroun\/#website"},"primaryImageOfPage":{"@id":"https:\/\/www.africa-press.net\/cameroun\/politique\/affaires-assurance-mohamed-bah-nouveau-directeur-general-du-groupe-sunu-2#primaryimage"},"image":{"@id":"https:\/\/www.africa-press.net\/cameroun\/politique\/affaires-assurance-mohamed-bah-nouveau-directeur-general-du-groupe-sunu-2#primaryimage"},"thumbnailUrl":"https:\/\/static.africa-press.net\/cameroun\/sites\/57\/2022\/10\/img-634094e7a9653.jpg","datePublished":"2022-10-07T18:59:58+00:00","author":{"@id":"https:\/\/www.africa-press.net\/cameroun\/#\/schema\/person\/2b1cf3cd81a31e3cd26889ca66d677f1"},"breadcrumb":{"@id":"https:\/\/www.africa-press.net\/cameroun\/politique\/affaires-assurance-mohamed-bah-nouveau-directeur-general-du-groupe-sunu-2#breadcrumb"},"inLanguage":"fr-FR","potentialAction":[{"@type":"ReadAction","target":["https:\/\/www.africa-press.net\/cameroun\/politique\/affaires-assurance-mohamed-bah-nouveau-directeur-general-du-groupe-sunu-2"]}]},{"@type":"ImageObject","inLanguage":"fr-FR","@id":"https:\/\/www.africa-press.net\/cameroun\/politique\/affaires-assurance-mohamed-bah-nouveau-directeur-general-du-groupe-sunu-2#primaryimage","url":"https:\/\/static.africa-press.net\/cameroun\/sites\/57\/2022\/10\/img-634094e7a9653.jpg","contentUrl":"https:\/\/static.africa-press.net\/cameroun\/sites\/57\/2022\/10\/img-634094e7a9653.jpg","width":720,"height":869,"caption":"Affaires-Assurance : Mohamed Bah nouveau directeur g\u00e9n\u00e9ral du Groupe Sunu"},{"@type":"BreadcrumbList","@id":"https:\/\/www.africa-press.net\/cameroun\/politique\/affaires-assurance-mohamed-bah-nouveau-directeur-general-du-groupe-sunu-2#breadcrumb","itemListElement":[{"@type":"ListItem","position":1,"name":"Accueil","item":"https:\/\/www.africa-press.net\/cameroun\/"},{"@type":"ListItem","position":2,"name":"Affaires-Assurance : Mohamed Bah nouveau directeur g\u00e9n\u00e9ral du Groupe Sunu"}]},{"@type":"WebSite","@id":"https:\/\/www.africa-press.net\/cameroun\/#website","url":"https:\/\/www.africa-press.net\/cameroun\/","name":"Cameroun","description":"Just another Africa News Agency Sites site","potentialAction":[{"@type":"SearchAction","target":{"@type":"EntryPoint","urlTemplate":"https:\/\/www.africa-press.net\/cameroun\/?s={search_term_string}"},"query-input":{"@type":"PropertyValueSpecification","valueRequired":true,"valueName":"search_term_string"}}],"inLanguage":"fr-FR"},{"@type":"Person","@id":"https:\/\/www.africa-press.net\/cameroun\/#\/schema\/person\/2b1cf3cd81a31e3cd26889ca66d677f1","name":"cfeditorfr"}]}},"_links":{"self":[{"href":"https:\/\/www.africa-press.net\/cameroun\/wp-json\/wp\/v2\/posts\/28942","targetHints":{"allow":["GET"]}}],"collection":[{"href":"https:\/\/www.africa-press.net\/cameroun\/wp-json\/wp\/v2\/posts"}],"about":[{"href":"https:\/\/www.africa-press.net\/cameroun\/wp-json\/wp\/v2\/types\/post"}],"author":[{"embeddable":true,"href":"https:\/\/www.africa-press.net\/cameroun\/wp-json\/wp\/v2\/users\/82"}],"replies":[{"embeddable":true,"href":"https:\/\/www.africa-press.net\/cameroun\/wp-json\/wp\/v2\/comments?post=28942"}],"version-history":[{"count":0,"href":"https:\/\/www.africa-press.net\/cameroun\/wp-json\/wp\/v2\/posts\/28942\/revisions"}],"wp:featuredmedia":[{"embeddable":true,"href":"https:\/\/www.africa-press.net\/cameroun\/wp-json\/wp\/v2\/media\/28941"}],"wp:attachment":[{"href":"https:\/\/www.africa-press.net\/cameroun\/wp-json\/wp\/v2\/media?parent=28942"}],"wp:term":[{"taxonomy":"category","embeddable":true,"href":"https:\/\/www.africa-press.net\/cameroun\/wp-json\/wp\/v2\/categories?post=28942"},{"taxonomy":"post_tag","embeddable":true,"href":"https:\/\/www.africa-press.net\/cameroun\/wp-json\/wp\/v2\/tags?post=28942"}],"curies":[{"name":"wp","href":"https:\/\/api.w.org\/{rel}","templated":true}]}}