{"id":28948,"date":"2022-10-07T19:17:08","date_gmt":"2022-10-07T19:17:08","guid":{"rendered":"https:\/\/www.africa-press.net\/cameroun\/politique\/cameroun-un-malade-mental-tue-deux-dames-a-louest"},"modified":"2022-10-07T19:17:08","modified_gmt":"2022-10-07T19:17:08","slug":"cameroun-un-malade-mental-tue-deux-dames-a-louest","status":"publish","type":"post","link":"https:\/\/www.africa-press.net\/cameroun\/toutes-les-actualites\/cameroun-un-malade-mental-tue-deux-dames-a-louest","title":{"rendered":"Cameroun : un malade mental tue deux dames \u00e0 l\u2019Ouest"},"content":{"rendered":"<p><span style=\"color: #ff6600\"><strong>Africa-Press &#8211; Cameroun. <\/strong><\/span><b>L\u2019individu se serait e\u0301chappe\u0301 d\u2019un centre de traitement traditionnel avant de faire une incursion au domicile des victimes.<\/b><\/p>\n<p>Deux morts et un blesse\u0301 interne\u0301 dans une formation sanitaire. C\u2019est le bilan d\u2019une attaque d\u2019un individu traite\u0301 de malade mental dans au domicile de Sieur Prosper Tano. De sources me\u0301diatiques, La sce\u0300ne se de\u0301roule le 4 octobre 2022 a\u0300 Bamougong dans le de\u0301partement des Bamboutos re\u0301gion de l\u2019Ouest. En effet, l\u2019individu pre\u0301sentant un de\u0301se\u0301quilibre mentale a e\u0301te\u0301 admis chef un tradipraticien de la localite\u0301 pour des soins.<\/p>\n<p>Il a pu s\u2019e\u0301chapper avant d\u2019aller s\u2019introduire dans la concession d\u2019un foyer polygamique. La\u0300, il va, a\u0300 l\u2019aide du pilon, assommer deux dames avant de donner des coups a\u0300 leur mari. Les deux premie\u0300res victimes ont perdu la vie sur le champ, tandis que le monsieur a e\u0301te\u0301 transporte\u0301 dans une formation sanitaire ou\u0300 il est sous traitement intensif.<\/p>\n<p>Suite a\u0300 cette trage\u0301die, les e\u0301le\u0301ments de la brigade de gendarmerie de la localite\u0301 ont fait une descente sur le terrain. Les autorite\u0301s judiciaires, sanitaires et les forces du maintien de l\u2019ordre ont ouvert une enque\u0302te. La famille quant a\u0300 elle a retenu les corps pour l\u2019inhumation.<\/p>\n<p><strong>Pour plus d&rsquo;informations et d&rsquo;analyses sur la <a href=\"https:\/\/www.africa-press.net\/cameroun\">Cameroun<\/a>, suivez <a href=\"https:\/\/www.africa-press.net\/\">Africa-Press<\/a><\/strong><\/p>\n","protected":false},"excerpt":{"rendered":"<p>Africa-Press &#8211; Cameroun. L\u2019individu se serait e\u0301chappe\u0301 d\u2019un centre de traitement traditionnel avant de faire une incursion au domicile des victimes. Deux morts et un blesse\u0301 interne\u0301 dans une formation sanitaire. C\u2019est le bilan d\u2019une attaque d\u2019un individu traite\u0301 de malade mental dans au domicile de Sieur Prosper Tano. De sources me\u0301diatiques, La sce\u0300ne se [&hellip;]<\/p>\n","protected":false},"author":82,"featured_media":28947,"comment_status":"open","ping_status":"closed","sticky":false,"template":"","format":"standard","meta":{"footnotes":""},"categories":[21,10],"tags":[36,50,49],"class_list":["post-28948","post","type-post","status-publish","format-standard","has-post-thumbnail","hentry","category-communaute","category-toutes-les-actualites","tag-africa-press","tag-africa-press-cameroun","tag-cameroun"],"yoast_head":"<!-- This site is optimized with the Yoast SEO Premium plugin v26.1 (Yoast SEO v27.0) - https:\/\/yoast.com\/product\/yoast-seo-premium-wordpress\/ -->\n<title>Cameroun : un malade mental tue deux dames \u00e0 l\u2019Ouest - Cameroun<\/title>\n<meta name=\"robots\" content=\"index, follow, max-snippet:-1, max-image-preview:large, max-video-preview:-1\" \/>\n<link rel=\"canonical\" href=\"https:\/\/www.africa-press.net\/cameroun\/politique\/cameroun-un-malade-mental-tue-deux-dames-a-louest\" \/>\n<meta property=\"og:locale\" content=\"fr_FR\" \/>\n<meta property=\"og:type\" content=\"article\" \/>\n<meta property=\"og:title\" content=\"Cameroun : un malade mental tue deux dames \u00e0 l\u2019Ouest\" \/>\n<meta property=\"og:description\" content=\"Africa-Press &#8211; Cameroun. L\u2019individu se serait e\u0301chappe\u0301 d\u2019un centre de traitement traditionnel avant de faire une incursion au domicile des victimes. Deux morts et un blesse\u0301 interne\u0301 dans une formation sanitaire. C\u2019est le bilan d\u2019une attaque d\u2019un individu traite\u0301 de malade mental dans au domicile de Sieur Prosper Tano. De sources me\u0301diatiques, La sce\u0300ne se [&hellip;]\" \/>\n<meta property=\"og:url\" content=\"https:\/\/www.africa-press.net\/cameroun\/politique\/cameroun-un-malade-mental-tue-deux-dames-a-louest\" \/>\n<meta property=\"og:site_name\" content=\"Cameroun\" \/>\n<meta property=\"article:published_time\" content=\"2022-10-07T19:17:08+00:00\" \/>\n<meta name=\"author\" content=\"cfeditorfr\" \/>\n<meta name=\"twitter:card\" content=\"summary_large_image\" \/>\n<meta name=\"twitter:label1\" content=\"\u00c9crit par\" \/>\n\t<meta name=\"twitter:data1\" content=\"cfeditorfr\" \/>\n\t<meta name=\"twitter:label2\" content=\"Dur\u00e9e de lecture estim\u00e9e\" \/>\n\t<meta name=\"twitter:data2\" content=\"1 minute\" \/>\n<script type=\"application\/ld+json\" class=\"yoast-schema-graph\">{\"@context\":\"https:\/\/schema.org\",\"@graph\":[{\"@type\":\"Article\",\"@id\":\"https:\/\/www.africa-press.net\/cameroun\/politique\/cameroun-un-malade-mental-tue-deux-dames-a-louest#article\",\"isPartOf\":{\"@id\":\"https:\/\/www.africa-press.net\/cameroun\/politique\/cameroun-un-malade-mental-tue-deux-dames-a-louest\"},\"author\":{\"name\":\"cfeditorfr\",\"@id\":\"https:\/\/www.africa-press.net\/cameroun\/#\/schema\/person\/2b1cf3cd81a31e3cd26889ca66d677f1\"},\"headline\":\"Cameroun : un malade mental tue deux dames \u00e0 l\u2019Ouest\",\"datePublished\":\"2022-10-07T19:17:08+00:00\",\"mainEntityOfPage\":{\"@id\":\"https:\/\/www.africa-press.net\/cameroun\/politique\/cameroun-un-malade-mental-tue-deux-dames-a-louest\"},\"wordCount\":246,\"commentCount\":0,\"image\":{\"@id\":\"https:\/\/www.africa-press.net\/cameroun\/politique\/cameroun-un-malade-mental-tue-deux-dames-a-louest#primaryimage\"},\"thumbnailUrl\":\"https:\/\/static.africa-press.net\/cameroun\/sites\/57\/2022\/10\/img-634095e3115f4.jpg\",\"keywords\":[\"Africa Press\",\"Africa Press-Cameroun\",\"Cameroun\"],\"articleSection\":[\"Communaut\u00e9\",\"Toutes les actualit\u00e9s\"],\"inLanguage\":\"fr-FR\",\"potentialAction\":[{\"@type\":\"CommentAction\",\"name\":\"Comment\",\"target\":[\"https:\/\/www.africa-press.net\/cameroun\/politique\/cameroun-un-malade-mental-tue-deux-dames-a-louest#respond\"]}]},{\"@type\":\"WebPage\",\"@id\":\"https:\/\/www.africa-press.net\/cameroun\/politique\/cameroun-un-malade-mental-tue-deux-dames-a-louest\",\"url\":\"https:\/\/www.africa-press.net\/cameroun\/politique\/cameroun-un-malade-mental-tue-deux-dames-a-louest\",\"name\":\"Cameroun : un malade mental tue deux dames \u00e0 l\u2019Ouest - Cameroun\",\"isPartOf\":{\"@id\":\"https:\/\/www.africa-press.net\/cameroun\/#website\"},\"primaryImageOfPage\":{\"@id\":\"https:\/\/www.africa-press.net\/cameroun\/politique\/cameroun-un-malade-mental-tue-deux-dames-a-louest#primaryimage\"},\"image\":{\"@id\":\"https:\/\/www.africa-press.net\/cameroun\/politique\/cameroun-un-malade-mental-tue-deux-dames-a-louest#primaryimage\"},\"thumbnailUrl\":\"https:\/\/static.africa-press.net\/cameroun\/sites\/57\/2022\/10\/img-634095e3115f4.jpg\",\"datePublished\":\"2022-10-07T19:17:08+00:00\",\"author\":{\"@id\":\"https:\/\/www.africa-press.net\/cameroun\/#\/schema\/person\/2b1cf3cd81a31e3cd26889ca66d677f1\"},\"breadcrumb\":{\"@id\":\"https:\/\/www.africa-press.net\/cameroun\/politique\/cameroun-un-malade-mental-tue-deux-dames-a-louest#breadcrumb\"},\"inLanguage\":\"fr-FR\",\"potentialAction\":[{\"@type\":\"ReadAction\",\"target\":[\"https:\/\/www.africa-press.net\/cameroun\/politique\/cameroun-un-malade-mental-tue-deux-dames-a-louest\"]}]},{\"@type\":\"ImageObject\",\"inLanguage\":\"fr-FR\",\"@id\":\"https:\/\/www.africa-press.net\/cameroun\/politique\/cameroun-un-malade-mental-tue-deux-dames-a-louest#primaryimage\",\"url\":\"https:\/\/static.africa-press.net\/cameroun\/sites\/57\/2022\/10\/img-634095e3115f4.jpg\",\"contentUrl\":\"https:\/\/static.africa-press.net\/cameroun\/sites\/57\/2022\/10\/img-634095e3115f4.jpg\",\"width\":720,\"height\":396,\"caption\":\"Cameroun : un malade mental tue deux dames \u00e0 l\u2019Ouest\"},{\"@type\":\"BreadcrumbList\",\"@id\":\"https:\/\/www.africa-press.net\/cameroun\/politique\/cameroun-un-malade-mental-tue-deux-dames-a-louest#breadcrumb\",\"itemListElement\":[{\"@type\":\"ListItem\",\"position\":1,\"name\":\"Accueil\",\"item\":\"https:\/\/www.africa-press.net\/cameroun\/\"},{\"@type\":\"ListItem\",\"position\":2,\"name\":\"Cameroun : un malade mental tue deux dames \u00e0 l\u2019Ouest\"}]},{\"@type\":\"WebSite\",\"@id\":\"https:\/\/www.africa-press.net\/cameroun\/#website\",\"url\":\"https:\/\/www.africa-press.net\/cameroun\/\",\"name\":\"Cameroun\",\"description\":\"Just another Africa News Agency Sites site\",\"potentialAction\":[{\"@type\":\"SearchAction\",\"target\":{\"@type\":\"EntryPoint\",\"urlTemplate\":\"https:\/\/www.africa-press.net\/cameroun\/?s={search_term_string}\"},\"query-input\":{\"@type\":\"PropertyValueSpecification\",\"valueRequired\":true,\"valueName\":\"search_term_string\"}}],\"inLanguage\":\"fr-FR\"},{\"@type\":\"Person\",\"@id\":\"https:\/\/www.africa-press.net\/cameroun\/#\/schema\/person\/2b1cf3cd81a31e3cd26889ca66d677f1\",\"name\":\"cfeditorfr\"}]}<\/script>\n<!-- \/ Yoast SEO Premium plugin. -->","yoast_head_json":{"title":"Cameroun : un malade mental tue deux dames \u00e0 l\u2019Ouest - Cameroun","robots":{"index":"index","follow":"follow","max-snippet":"max-snippet:-1","max-image-preview":"max-image-preview:large","max-video-preview":"max-video-preview:-1"},"canonical":"https:\/\/www.africa-press.net\/cameroun\/politique\/cameroun-un-malade-mental-tue-deux-dames-a-louest","og_locale":"fr_FR","og_type":"article","og_title":"Cameroun : un malade mental tue deux dames \u00e0 l\u2019Ouest","og_description":"Africa-Press &#8211; Cameroun. L\u2019individu se serait e\u0301chappe\u0301 d\u2019un centre de traitement traditionnel avant de faire une incursion au domicile des victimes. Deux morts et un blesse\u0301 interne\u0301 dans une formation sanitaire. C\u2019est le bilan d\u2019une attaque d\u2019un individu traite\u0301 de malade mental dans au domicile de Sieur Prosper Tano. De sources me\u0301diatiques, La sce\u0300ne se [&hellip;]","og_url":"https:\/\/www.africa-press.net\/cameroun\/politique\/cameroun-un-malade-mental-tue-deux-dames-a-louest","og_site_name":"Cameroun","article_published_time":"2022-10-07T19:17:08+00:00","author":"cfeditorfr","twitter_card":"summary_large_image","twitter_misc":{"\u00c9crit par":"cfeditorfr","Dur\u00e9e de lecture estim\u00e9e":"1 minute"},"schema":{"@context":"https:\/\/schema.org","@graph":[{"@type":"Article","@id":"https:\/\/www.africa-press.net\/cameroun\/politique\/cameroun-un-malade-mental-tue-deux-dames-a-louest#article","isPartOf":{"@id":"https:\/\/www.africa-press.net\/cameroun\/politique\/cameroun-un-malade-mental-tue-deux-dames-a-louest"},"author":{"name":"cfeditorfr","@id":"https:\/\/www.africa-press.net\/cameroun\/#\/schema\/person\/2b1cf3cd81a31e3cd26889ca66d677f1"},"headline":"Cameroun : un malade mental tue deux dames \u00e0 l\u2019Ouest","datePublished":"2022-10-07T19:17:08+00:00","mainEntityOfPage":{"@id":"https:\/\/www.africa-press.net\/cameroun\/politique\/cameroun-un-malade-mental-tue-deux-dames-a-louest"},"wordCount":246,"commentCount":0,"image":{"@id":"https:\/\/www.africa-press.net\/cameroun\/politique\/cameroun-un-malade-mental-tue-deux-dames-a-louest#primaryimage"},"thumbnailUrl":"https:\/\/static.africa-press.net\/cameroun\/sites\/57\/2022\/10\/img-634095e3115f4.jpg","keywords":["Africa Press","Africa Press-Cameroun","Cameroun"],"articleSection":["Communaut\u00e9","Toutes les actualit\u00e9s"],"inLanguage":"fr-FR","potentialAction":[{"@type":"CommentAction","name":"Comment","target":["https:\/\/www.africa-press.net\/cameroun\/politique\/cameroun-un-malade-mental-tue-deux-dames-a-louest#respond"]}]},{"@type":"WebPage","@id":"https:\/\/www.africa-press.net\/cameroun\/politique\/cameroun-un-malade-mental-tue-deux-dames-a-louest","url":"https:\/\/www.africa-press.net\/cameroun\/politique\/cameroun-un-malade-mental-tue-deux-dames-a-louest","name":"Cameroun : un malade mental tue deux dames \u00e0 l\u2019Ouest - Cameroun","isPartOf":{"@id":"https:\/\/www.africa-press.net\/cameroun\/#website"},"primaryImageOfPage":{"@id":"https:\/\/www.africa-press.net\/cameroun\/politique\/cameroun-un-malade-mental-tue-deux-dames-a-louest#primaryimage"},"image":{"@id":"https:\/\/www.africa-press.net\/cameroun\/politique\/cameroun-un-malade-mental-tue-deux-dames-a-louest#primaryimage"},"thumbnailUrl":"https:\/\/static.africa-press.net\/cameroun\/sites\/57\/2022\/10\/img-634095e3115f4.jpg","datePublished":"2022-10-07T19:17:08+00:00","author":{"@id":"https:\/\/www.africa-press.net\/cameroun\/#\/schema\/person\/2b1cf3cd81a31e3cd26889ca66d677f1"},"breadcrumb":{"@id":"https:\/\/www.africa-press.net\/cameroun\/politique\/cameroun-un-malade-mental-tue-deux-dames-a-louest#breadcrumb"},"inLanguage":"fr-FR","potentialAction":[{"@type":"ReadAction","target":["https:\/\/www.africa-press.net\/cameroun\/politique\/cameroun-un-malade-mental-tue-deux-dames-a-louest"]}]},{"@type":"ImageObject","inLanguage":"fr-FR","@id":"https:\/\/www.africa-press.net\/cameroun\/politique\/cameroun-un-malade-mental-tue-deux-dames-a-louest#primaryimage","url":"https:\/\/static.africa-press.net\/cameroun\/sites\/57\/2022\/10\/img-634095e3115f4.jpg","contentUrl":"https:\/\/static.africa-press.net\/cameroun\/sites\/57\/2022\/10\/img-634095e3115f4.jpg","width":720,"height":396,"caption":"Cameroun : un malade mental tue deux dames \u00e0 l\u2019Ouest"},{"@type":"BreadcrumbList","@id":"https:\/\/www.africa-press.net\/cameroun\/politique\/cameroun-un-malade-mental-tue-deux-dames-a-louest#breadcrumb","itemListElement":[{"@type":"ListItem","position":1,"name":"Accueil","item":"https:\/\/www.africa-press.net\/cameroun\/"},{"@type":"ListItem","position":2,"name":"Cameroun : un malade mental tue deux dames \u00e0 l\u2019Ouest"}]},{"@type":"WebSite","@id":"https:\/\/www.africa-press.net\/cameroun\/#website","url":"https:\/\/www.africa-press.net\/cameroun\/","name":"Cameroun","description":"Just another Africa News Agency Sites site","potentialAction":[{"@type":"SearchAction","target":{"@type":"EntryPoint","urlTemplate":"https:\/\/www.africa-press.net\/cameroun\/?s={search_term_string}"},"query-input":{"@type":"PropertyValueSpecification","valueRequired":true,"valueName":"search_term_string"}}],"inLanguage":"fr-FR"},{"@type":"Person","@id":"https:\/\/www.africa-press.net\/cameroun\/#\/schema\/person\/2b1cf3cd81a31e3cd26889ca66d677f1","name":"cfeditorfr"}]}},"_links":{"self":[{"href":"https:\/\/www.africa-press.net\/cameroun\/wp-json\/wp\/v2\/posts\/28948","targetHints":{"allow":["GET"]}}],"collection":[{"href":"https:\/\/www.africa-press.net\/cameroun\/wp-json\/wp\/v2\/posts"}],"about":[{"href":"https:\/\/www.africa-press.net\/cameroun\/wp-json\/wp\/v2\/types\/post"}],"author":[{"embeddable":true,"href":"https:\/\/www.africa-press.net\/cameroun\/wp-json\/wp\/v2\/users\/82"}],"replies":[{"embeddable":true,"href":"https:\/\/www.africa-press.net\/cameroun\/wp-json\/wp\/v2\/comments?post=28948"}],"version-history":[{"count":0,"href":"https:\/\/www.africa-press.net\/cameroun\/wp-json\/wp\/v2\/posts\/28948\/revisions"}],"wp:featuredmedia":[{"embeddable":true,"href":"https:\/\/www.africa-press.net\/cameroun\/wp-json\/wp\/v2\/media\/28947"}],"wp:attachment":[{"href":"https:\/\/www.africa-press.net\/cameroun\/wp-json\/wp\/v2\/media?parent=28948"}],"wp:term":[{"taxonomy":"category","embeddable":true,"href":"https:\/\/www.africa-press.net\/cameroun\/wp-json\/wp\/v2\/categories?post=28948"},{"taxonomy":"post_tag","embeddable":true,"href":"https:\/\/www.africa-press.net\/cameroun\/wp-json\/wp\/v2\/tags?post=28948"}],"curies":[{"name":"wp","href":"https:\/\/api.w.org\/{rel}","templated":true}]}}