{"id":2895,"date":"2021-04-30T20:10:50","date_gmt":"2021-04-30T20:10:50","guid":{"rendered":"https:\/\/www.africa-press.net\/cameroun\/politique\/la-sophistication-des-explosifs-des-separatistes-inquiete-larmee-camerounaise"},"modified":"2021-04-30T21:17:02","modified_gmt":"2021-04-30T21:17:02","slug":"la-sophistication-des-explosifs-des-separatistes-inquiete-larmee-camerounaise","status":"publish","type":"post","link":"https:\/\/www.africa-press.net\/cameroun\/politique\/la-sophistication-des-explosifs-des-separatistes-inquiete-larmee-camerounaise","title":{"rendered":"La sophistication des explosifs des s\u00e9paratistes inqui\u00e8te l&rsquo;arm\u00e9e camerounaise"},"content":{"rendered":"<p><span style=\"color: #ff6600\"><strong><a href=\"https:\/\/www.africa-press.net\/\">Africa-Press<\/a> &#8211; <a href=\"https:\/\/www.africa-press.net\/cameroun\">Cameroun<\/a>. <\/strong><\/span>Selon des informations re\u00e7ues par la r\u00e9dactions de camerounweb, la derni\u00e8re attaque d&rsquo;un convoi militaire il y a quelques jours dans le Nord-ouest suscite des inqui\u00e9tude au niveau du haut commandement de l&rsquo;arm\u00e9e.<\/p>\n<p>Dans une vid\u00e9o qui a circul\u00e9 il y a quelques jours sur les r\u00e9seaux sociaux, l&rsquo;on a vu un soldat litt\u00e9ralement \u00e9t\u00e9 pulv\u00e9ris\u00e9 par un engin explosif improvis\u00e9 plac\u00e9 sur la route par des s\u00e9paratistes arm\u00e9s. La victime qui faisait partie d&rsquo;un convoi militaire inspectait justement la route avant le passage des v\u00e9hicules militaires.<\/p>\n<p>En effet, il est \u00e0 noter le fort recours aux engins explosifs improvis\u00e9s par les rebelles s\u00e9paratistes qui ces derniers temps, ont caus\u00e9 d&rsquo;importantes pertes mat\u00e9rielles et humaines \u00e0 l&rsquo;arm\u00e9e par ce biais. La sophistication des techniques d&rsquo;attaques par les rebelles s\u00e9paratistes, l\u00e8ve d&rsquo;un cran le niveau de violence de cette guerre et doit plus que jamais motiver l&rsquo;urgence d&rsquo;une m\u00e9diation concr\u00e8te en vue d&rsquo;un r\u00e8glement pacifique de la crise.<\/p>\n<p>Cela suscite des inqui\u00e9tudes au sein des forces de s\u00e9curit\u00e9 vue les derniers \u00e9v\u00e8nements de l&rsquo;autre cot\u00e9 du Tchad o\u00f9 les rebelles de plus en plus arm\u00e9es m\u00e8nent un combat sans merci contre le r\u00e9gime de Idriss Deby, qu&rsquo;ils ont d&rsquo;ailleurs fini par assassiner il y a quelques jours.<\/p>\n","protected":false},"excerpt":{"rendered":"<p>Africa-Press &#8211; Cameroun. Selon des informations re\u00e7ues par la r\u00e9dactions de camerounweb, la derni\u00e8re attaque d&rsquo;un convoi militaire il y a quelques jours dans le Nord-ouest suscite des inqui\u00e9tude au niveau du haut commandement de l&rsquo;arm\u00e9e. Dans une vid\u00e9o qui a circul\u00e9 il y a quelques jours sur les r\u00e9seaux sociaux, l&rsquo;on a vu un [&hellip;]<\/p>\n","protected":false},"author":82,"featured_media":2892,"comment_status":"open","ping_status":"closed","sticky":false,"template":"","format":"standard","meta":{"footnotes":""},"categories":[11,2,10],"tags":[36,50,49],"class_list":["post-2895","post","type-post","status-publish","format-standard","has-post-thumbnail","hentry","category-homepage-french","category-politique","category-toutes-les-actualites","tag-africa-press","tag-africa-press-cameroun","tag-cameroun"],"yoast_head":"<!-- This site is optimized with the Yoast SEO Premium plugin v26.1 (Yoast SEO v27.0) - https:\/\/yoast.com\/product\/yoast-seo-premium-wordpress\/ -->\n<title>La sophistication des explosifs des s\u00e9paratistes inqui\u00e8te l&#039;arm\u00e9e camerounaise - Cameroun<\/title>\n<meta name=\"description\" content=\"Selon des informations re\u00e7ues par la r\u00e9dactions de camerounweb, la derni\u00e8re attaque d&#039;un convoi militaire il y a quelque ...\" \/>\n<meta name=\"robots\" content=\"index, follow, max-snippet:-1, max-image-preview:large, max-video-preview:-1\" \/>\n<link rel=\"canonical\" href=\"https:\/\/www.africa-press.net\/cameroun\/politique\/la-sophistication-des-explosifs-des-separatistes-inquiete-larmee-camerounaise\" \/>\n<meta property=\"og:locale\" content=\"fr_FR\" \/>\n<meta property=\"og:type\" content=\"article\" \/>\n<meta property=\"og:title\" content=\"La sophistication des explosifs des s\u00e9paratistes inqui\u00e8te l&#039;arm\u00e9e camerounaise\" \/>\n<meta property=\"og:description\" content=\"Selon des informations re\u00e7ues par la r\u00e9dactions de camerounweb, la derni\u00e8re attaque d&#039;un convoi militaire il y a quelque ...\" \/>\n<meta property=\"og:url\" content=\"https:\/\/www.africa-press.net\/cameroun\/politique\/la-sophistication-des-explosifs-des-separatistes-inquiete-larmee-camerounaise\" \/>\n<meta property=\"og:site_name\" content=\"Cameroun\" \/>\n<meta property=\"article:published_time\" content=\"2021-04-30T20:10:50+00:00\" \/>\n<meta property=\"article:modified_time\" content=\"2021-04-30T21:17:02+00:00\" \/>\n<meta property=\"og:image\" content=\"https:\/\/static.africa-press.net\/cameroun\/sites\/57\/2021\/04\/img-608c73b41c7de.jpg\" \/>\n\t<meta property=\"og:image:width\" content=\"1200\" \/>\n\t<meta property=\"og:image:height\" content=\"900\" \/>\n\t<meta property=\"og:image:type\" content=\"image\/jpeg\" \/>\n<meta name=\"author\" content=\"cfeditorfr\" \/>\n<meta name=\"twitter:card\" content=\"summary_large_image\" \/>\n<meta name=\"twitter:label1\" content=\"\u00c9crit par\" \/>\n\t<meta name=\"twitter:data1\" content=\"cfeditorfr\" \/>\n\t<meta name=\"twitter:label2\" content=\"Dur\u00e9e de lecture estim\u00e9e\" \/>\n\t<meta name=\"twitter:data2\" content=\"1 minute\" \/>\n<script type=\"application\/ld+json\" class=\"yoast-schema-graph\">{\"@context\":\"https:\/\/schema.org\",\"@graph\":[{\"@type\":\"Article\",\"@id\":\"https:\/\/www.africa-press.net\/cameroun\/politique\/la-sophistication-des-explosifs-des-separatistes-inquiete-larmee-camerounaise#article\",\"isPartOf\":{\"@id\":\"https:\/\/www.africa-press.net\/cameroun\/politique\/la-sophistication-des-explosifs-des-separatistes-inquiete-larmee-camerounaise\"},\"author\":{\"name\":\"cfeditorfr\",\"@id\":\"https:\/\/www.africa-press.net\/cameroun\/#\/schema\/person\/2b1cf3cd81a31e3cd26889ca66d677f1\"},\"headline\":\"La sophistication des explosifs des s\u00e9paratistes inqui\u00e8te l&rsquo;arm\u00e9e camerounaise\",\"datePublished\":\"2021-04-30T20:10:50+00:00\",\"dateModified\":\"2021-04-30T21:17:02+00:00\",\"mainEntityOfPage\":{\"@id\":\"https:\/\/www.africa-press.net\/cameroun\/politique\/la-sophistication-des-explosifs-des-separatistes-inquiete-larmee-camerounaise\"},\"wordCount\":261,\"commentCount\":0,\"image\":{\"@id\":\"https:\/\/www.africa-press.net\/cameroun\/politique\/la-sophistication-des-explosifs-des-separatistes-inquiete-larmee-camerounaise#primaryimage\"},\"thumbnailUrl\":\"https:\/\/static.africa-press.net\/cameroun\/sites\/57\/2021\/04\/img-608c73b41c7de.jpg\",\"keywords\":[\"Africa Press\",\"Africa Press-Cameroun\",\"Cameroun\"],\"articleSection\":[\"homepage-french\",\"Politique\",\"Toutes les actualit\u00e9s\"],\"inLanguage\":\"fr-FR\",\"potentialAction\":[{\"@type\":\"CommentAction\",\"name\":\"Comment\",\"target\":[\"https:\/\/www.africa-press.net\/cameroun\/politique\/la-sophistication-des-explosifs-des-separatistes-inquiete-larmee-camerounaise#respond\"]}]},{\"@type\":\"WebPage\",\"@id\":\"https:\/\/www.africa-press.net\/cameroun\/politique\/la-sophistication-des-explosifs-des-separatistes-inquiete-larmee-camerounaise\",\"url\":\"https:\/\/www.africa-press.net\/cameroun\/politique\/la-sophistication-des-explosifs-des-separatistes-inquiete-larmee-camerounaise\",\"name\":\"La sophistication des explosifs des s\u00e9paratistes inqui\u00e8te l'arm\u00e9e camerounaise - Cameroun\",\"isPartOf\":{\"@id\":\"https:\/\/www.africa-press.net\/cameroun\/#website\"},\"primaryImageOfPage\":{\"@id\":\"https:\/\/www.africa-press.net\/cameroun\/politique\/la-sophistication-des-explosifs-des-separatistes-inquiete-larmee-camerounaise#primaryimage\"},\"image\":{\"@id\":\"https:\/\/www.africa-press.net\/cameroun\/politique\/la-sophistication-des-explosifs-des-separatistes-inquiete-larmee-camerounaise#primaryimage\"},\"thumbnailUrl\":\"https:\/\/static.africa-press.net\/cameroun\/sites\/57\/2021\/04\/img-608c73b41c7de.jpg\",\"datePublished\":\"2021-04-30T20:10:50+00:00\",\"dateModified\":\"2021-04-30T21:17:02+00:00\",\"author\":{\"@id\":\"https:\/\/www.africa-press.net\/cameroun\/#\/schema\/person\/2b1cf3cd81a31e3cd26889ca66d677f1\"},\"description\":\"Selon des informations re\u00e7ues par la r\u00e9dactions de camerounweb, la derni\u00e8re attaque d'un convoi militaire il y a quelque ...\",\"breadcrumb\":{\"@id\":\"https:\/\/www.africa-press.net\/cameroun\/politique\/la-sophistication-des-explosifs-des-separatistes-inquiete-larmee-camerounaise#breadcrumb\"},\"inLanguage\":\"fr-FR\",\"potentialAction\":[{\"@type\":\"ReadAction\",\"target\":[\"https:\/\/www.africa-press.net\/cameroun\/politique\/la-sophistication-des-explosifs-des-separatistes-inquiete-larmee-camerounaise\"]}]},{\"@type\":\"ImageObject\",\"inLanguage\":\"fr-FR\",\"@id\":\"https:\/\/www.africa-press.net\/cameroun\/politique\/la-sophistication-des-explosifs-des-separatistes-inquiete-larmee-camerounaise#primaryimage\",\"url\":\"https:\/\/static.africa-press.net\/cameroun\/sites\/57\/2021\/04\/img-608c73b41c7de.jpg\",\"contentUrl\":\"https:\/\/static.africa-press.net\/cameroun\/sites\/57\/2021\/04\/img-608c73b41c7de.jpg\",\"width\":1200,\"height\":900,\"caption\":\"La sophistication des explosifs des s\u00e9paratistes inqui\u00e8te l'arm\u00e9e camerounaise\"},{\"@type\":\"BreadcrumbList\",\"@id\":\"https:\/\/www.africa-press.net\/cameroun\/politique\/la-sophistication-des-explosifs-des-separatistes-inquiete-larmee-camerounaise#breadcrumb\",\"itemListElement\":[{\"@type\":\"ListItem\",\"position\":1,\"name\":\"Accueil\",\"item\":\"https:\/\/www.africa-press.net\/cameroun\/\"},{\"@type\":\"ListItem\",\"position\":2,\"name\":\"La sophistication des explosifs des s\u00e9paratistes inqui\u00e8te l&#8217;arm\u00e9e camerounaise\"}]},{\"@type\":\"WebSite\",\"@id\":\"https:\/\/www.africa-press.net\/cameroun\/#website\",\"url\":\"https:\/\/www.africa-press.net\/cameroun\/\",\"name\":\"Cameroun\",\"description\":\"Just another Africa News Agency Sites site\",\"potentialAction\":[{\"@type\":\"SearchAction\",\"target\":{\"@type\":\"EntryPoint\",\"urlTemplate\":\"https:\/\/www.africa-press.net\/cameroun\/?s={search_term_string}\"},\"query-input\":{\"@type\":\"PropertyValueSpecification\",\"valueRequired\":true,\"valueName\":\"search_term_string\"}}],\"inLanguage\":\"fr-FR\"},{\"@type\":\"Person\",\"@id\":\"https:\/\/www.africa-press.net\/cameroun\/#\/schema\/person\/2b1cf3cd81a31e3cd26889ca66d677f1\",\"name\":\"cfeditorfr\"}]}<\/script>\n<!-- \/ Yoast SEO Premium plugin. -->","yoast_head_json":{"title":"La sophistication des explosifs des s\u00e9paratistes inqui\u00e8te l'arm\u00e9e camerounaise - Cameroun","description":"Selon des informations re\u00e7ues par la r\u00e9dactions de camerounweb, la derni\u00e8re attaque d'un convoi militaire il y a quelque ...","robots":{"index":"index","follow":"follow","max-snippet":"max-snippet:-1","max-image-preview":"max-image-preview:large","max-video-preview":"max-video-preview:-1"},"canonical":"https:\/\/www.africa-press.net\/cameroun\/politique\/la-sophistication-des-explosifs-des-separatistes-inquiete-larmee-camerounaise","og_locale":"fr_FR","og_type":"article","og_title":"La sophistication des explosifs des s\u00e9paratistes inqui\u00e8te l'arm\u00e9e camerounaise","og_description":"Selon des informations re\u00e7ues par la r\u00e9dactions de camerounweb, la derni\u00e8re attaque d'un convoi militaire il y a quelque ...","og_url":"https:\/\/www.africa-press.net\/cameroun\/politique\/la-sophistication-des-explosifs-des-separatistes-inquiete-larmee-camerounaise","og_site_name":"Cameroun","article_published_time":"2021-04-30T20:10:50+00:00","article_modified_time":"2021-04-30T21:17:02+00:00","og_image":[{"width":1200,"height":900,"url":"https:\/\/static.africa-press.net\/cameroun\/sites\/57\/2021\/04\/img-608c73b41c7de.jpg","type":"image\/jpeg"}],"author":"cfeditorfr","twitter_card":"summary_large_image","twitter_misc":{"\u00c9crit par":"cfeditorfr","Dur\u00e9e de lecture estim\u00e9e":"1 minute"},"schema":{"@context":"https:\/\/schema.org","@graph":[{"@type":"Article","@id":"https:\/\/www.africa-press.net\/cameroun\/politique\/la-sophistication-des-explosifs-des-separatistes-inquiete-larmee-camerounaise#article","isPartOf":{"@id":"https:\/\/www.africa-press.net\/cameroun\/politique\/la-sophistication-des-explosifs-des-separatistes-inquiete-larmee-camerounaise"},"author":{"name":"cfeditorfr","@id":"https:\/\/www.africa-press.net\/cameroun\/#\/schema\/person\/2b1cf3cd81a31e3cd26889ca66d677f1"},"headline":"La sophistication des explosifs des s\u00e9paratistes inqui\u00e8te l&rsquo;arm\u00e9e camerounaise","datePublished":"2021-04-30T20:10:50+00:00","dateModified":"2021-04-30T21:17:02+00:00","mainEntityOfPage":{"@id":"https:\/\/www.africa-press.net\/cameroun\/politique\/la-sophistication-des-explosifs-des-separatistes-inquiete-larmee-camerounaise"},"wordCount":261,"commentCount":0,"image":{"@id":"https:\/\/www.africa-press.net\/cameroun\/politique\/la-sophistication-des-explosifs-des-separatistes-inquiete-larmee-camerounaise#primaryimage"},"thumbnailUrl":"https:\/\/static.africa-press.net\/cameroun\/sites\/57\/2021\/04\/img-608c73b41c7de.jpg","keywords":["Africa Press","Africa Press-Cameroun","Cameroun"],"articleSection":["homepage-french","Politique","Toutes les actualit\u00e9s"],"inLanguage":"fr-FR","potentialAction":[{"@type":"CommentAction","name":"Comment","target":["https:\/\/www.africa-press.net\/cameroun\/politique\/la-sophistication-des-explosifs-des-separatistes-inquiete-larmee-camerounaise#respond"]}]},{"@type":"WebPage","@id":"https:\/\/www.africa-press.net\/cameroun\/politique\/la-sophistication-des-explosifs-des-separatistes-inquiete-larmee-camerounaise","url":"https:\/\/www.africa-press.net\/cameroun\/politique\/la-sophistication-des-explosifs-des-separatistes-inquiete-larmee-camerounaise","name":"La sophistication des explosifs des s\u00e9paratistes inqui\u00e8te l'arm\u00e9e camerounaise - Cameroun","isPartOf":{"@id":"https:\/\/www.africa-press.net\/cameroun\/#website"},"primaryImageOfPage":{"@id":"https:\/\/www.africa-press.net\/cameroun\/politique\/la-sophistication-des-explosifs-des-separatistes-inquiete-larmee-camerounaise#primaryimage"},"image":{"@id":"https:\/\/www.africa-press.net\/cameroun\/politique\/la-sophistication-des-explosifs-des-separatistes-inquiete-larmee-camerounaise#primaryimage"},"thumbnailUrl":"https:\/\/static.africa-press.net\/cameroun\/sites\/57\/2021\/04\/img-608c73b41c7de.jpg","datePublished":"2021-04-30T20:10:50+00:00","dateModified":"2021-04-30T21:17:02+00:00","author":{"@id":"https:\/\/www.africa-press.net\/cameroun\/#\/schema\/person\/2b1cf3cd81a31e3cd26889ca66d677f1"},"description":"Selon des informations re\u00e7ues par la r\u00e9dactions de camerounweb, la derni\u00e8re attaque d'un convoi militaire il y a quelque ...","breadcrumb":{"@id":"https:\/\/www.africa-press.net\/cameroun\/politique\/la-sophistication-des-explosifs-des-separatistes-inquiete-larmee-camerounaise#breadcrumb"},"inLanguage":"fr-FR","potentialAction":[{"@type":"ReadAction","target":["https:\/\/www.africa-press.net\/cameroun\/politique\/la-sophistication-des-explosifs-des-separatistes-inquiete-larmee-camerounaise"]}]},{"@type":"ImageObject","inLanguage":"fr-FR","@id":"https:\/\/www.africa-press.net\/cameroun\/politique\/la-sophistication-des-explosifs-des-separatistes-inquiete-larmee-camerounaise#primaryimage","url":"https:\/\/static.africa-press.net\/cameroun\/sites\/57\/2021\/04\/img-608c73b41c7de.jpg","contentUrl":"https:\/\/static.africa-press.net\/cameroun\/sites\/57\/2021\/04\/img-608c73b41c7de.jpg","width":1200,"height":900,"caption":"La sophistication des explosifs des s\u00e9paratistes inqui\u00e8te l'arm\u00e9e camerounaise"},{"@type":"BreadcrumbList","@id":"https:\/\/www.africa-press.net\/cameroun\/politique\/la-sophistication-des-explosifs-des-separatistes-inquiete-larmee-camerounaise#breadcrumb","itemListElement":[{"@type":"ListItem","position":1,"name":"Accueil","item":"https:\/\/www.africa-press.net\/cameroun\/"},{"@type":"ListItem","position":2,"name":"La sophistication des explosifs des s\u00e9paratistes inqui\u00e8te l&#8217;arm\u00e9e camerounaise"}]},{"@type":"WebSite","@id":"https:\/\/www.africa-press.net\/cameroun\/#website","url":"https:\/\/www.africa-press.net\/cameroun\/","name":"Cameroun","description":"Just another Africa News Agency Sites site","potentialAction":[{"@type":"SearchAction","target":{"@type":"EntryPoint","urlTemplate":"https:\/\/www.africa-press.net\/cameroun\/?s={search_term_string}"},"query-input":{"@type":"PropertyValueSpecification","valueRequired":true,"valueName":"search_term_string"}}],"inLanguage":"fr-FR"},{"@type":"Person","@id":"https:\/\/www.africa-press.net\/cameroun\/#\/schema\/person\/2b1cf3cd81a31e3cd26889ca66d677f1","name":"cfeditorfr"}]}},"_links":{"self":[{"href":"https:\/\/www.africa-press.net\/cameroun\/wp-json\/wp\/v2\/posts\/2895","targetHints":{"allow":["GET"]}}],"collection":[{"href":"https:\/\/www.africa-press.net\/cameroun\/wp-json\/wp\/v2\/posts"}],"about":[{"href":"https:\/\/www.africa-press.net\/cameroun\/wp-json\/wp\/v2\/types\/post"}],"author":[{"embeddable":true,"href":"https:\/\/www.africa-press.net\/cameroun\/wp-json\/wp\/v2\/users\/82"}],"replies":[{"embeddable":true,"href":"https:\/\/www.africa-press.net\/cameroun\/wp-json\/wp\/v2\/comments?post=2895"}],"version-history":[{"count":0,"href":"https:\/\/www.africa-press.net\/cameroun\/wp-json\/wp\/v2\/posts\/2895\/revisions"}],"wp:featuredmedia":[{"embeddable":true,"href":"https:\/\/www.africa-press.net\/cameroun\/wp-json\/wp\/v2\/media\/2892"}],"wp:attachment":[{"href":"https:\/\/www.africa-press.net\/cameroun\/wp-json\/wp\/v2\/media?parent=2895"}],"wp:term":[{"taxonomy":"category","embeddable":true,"href":"https:\/\/www.africa-press.net\/cameroun\/wp-json\/wp\/v2\/categories?post=2895"},{"taxonomy":"post_tag","embeddable":true,"href":"https:\/\/www.africa-press.net\/cameroun\/wp-json\/wp\/v2\/tags?post=2895"}],"curies":[{"name":"wp","href":"https:\/\/api.w.org\/{rel}","templated":true}]}}