{"id":28952,"date":"2022-10-07T19:29:36","date_gmt":"2022-10-07T19:29:36","guid":{"rendered":"https:\/\/www.africa-press.net\/cameroun\/politique\/cameroun-cyclisme-islam-mansouri-en-tete-du-grand-prix-chantal-biya"},"modified":"2022-10-07T19:29:36","modified_gmt":"2022-10-07T19:29:36","slug":"cameroun-cyclisme-islam-mansouri-en-tete-du-grand-prix-chantal-biya","status":"publish","type":"post","link":"https:\/\/www.africa-press.net\/cameroun\/sports\/cameroun-cyclisme-islam-mansouri-en-tete-du-grand-prix-chantal-biya","title":{"rendered":"Cameroun-Cyclisme: Islam Mansouri en t\u00eate du Grand prix Chantal Biya"},"content":{"rendered":"<p><span style=\"color: #ff6600\"><strong>Africa-Press &#8211; Cameroun. <\/strong><\/span><b>Bien que Lapouges Damien ait remporte\u0301 la troise\u0300me e\u0301tape, il n\u2019a pas pu battre le record detenu par l\u2019Algerien pour prendre le maillot jaune.<\/b><\/p>\n<p>La troisie\u0300me e\u0301tape du <b>Grand prix international Chantal Biya<\/b> se courrait de Yaounde\u0301 a\u0300 Nkoladom dans la re\u0301gion du Sud, Cameroun. 3 heures et 46 minutes ont suffi au <b>Franc\u0327ais Lapouges Damien <\/b>pour terminer la course en premier.<\/p>\n<p>Lapouges Damien<\/p>\n<p>Sur cette distance de 161,4 km, il s\u2019est fait talonner par le cycliste camerounais de la SNH ve\u0301lo club,<b> Tella Artuce<\/b> et le Ne\u0301erlandais, <b>Smits Florian<\/b> qui pe\u0301dale pour Global cycling club.<\/p>\n<p>A l\u2019arrive\u0301e, comme le rapporte, Kick422, les cyclistes ont e\u0301te\u0301 rec\u0327us par le <b>Pr Jacques Fame Ndongo<\/b>, ministre d\u2019Etat, ministre de l\u2019Enseignement supe\u0301rieure et e\u0301lite de la re\u0301gion du Sud. A ses co\u0302te\u0301s, le gouverneur de la re\u0301gion, Felix Nguele Nguele, le pre\u0301sident du Conseil re\u0301gional du Sud, Emmanuel Mve.<\/p>\n<p>Au classement final, le maillot jaune de la compe\u0301tition reste sur le dos de <b>l\u2019Alge\u0301rien Islam <\/b><\/p>\n<p>Islam Mansouri, vainqueur de la premie\u0300re e\u0301tape<\/p>\n<p>qui de\u0301tient un record de 2h28minutes. Derrie\u0300re lui avec 20 minutes d\u2019e\u0301cart est <b>Lapouges Damien ensuite Tella Arthuce<\/b> qui cumule 22 minutes de retard sur le leader de la course.<\/p>\n<p>Tout reste encore possible avec les trois e\u0301tapes a\u0300 venir qui vont boucler la compe\u0301tition.<\/p>\n<p><strong>Pour plus d&rsquo;informations et d&rsquo;analyses sur la <a href=\"https:\/\/www.africa-press.net\/cameroun\">Cameroun<\/a>, suivez <a href=\"https:\/\/www.africa-press.net\/\">Africa-Press<\/a><\/strong><\/p>\n","protected":false},"excerpt":{"rendered":"<p>Africa-Press &#8211; Cameroun. Bien que Lapouges Damien ait remporte\u0301 la troise\u0300me e\u0301tape, il n\u2019a pas pu battre le record detenu par l\u2019Algerien pour prendre le maillot jaune. La troisie\u0300me e\u0301tape du Grand prix international Chantal Biya se courrait de Yaounde\u0301 a\u0300 Nkoladom dans la re\u0301gion du Sud, Cameroun. 3 heures et 46 minutes ont suffi [&hellip;]<\/p>\n","protected":false},"author":82,"featured_media":28951,"comment_status":"open","ping_status":"closed","sticky":false,"template":"","format":"standard","meta":{"footnotes":""},"categories":[6,10],"tags":[36,50,49],"class_list":["post-28952","post","type-post","status-publish","format-standard","has-post-thumbnail","hentry","category-sports","category-toutes-les-actualites","tag-africa-press","tag-africa-press-cameroun","tag-cameroun"],"yoast_head":"<!-- This site is optimized with the Yoast SEO Premium plugin v26.1 (Yoast SEO v27.0) - https:\/\/yoast.com\/product\/yoast-seo-premium-wordpress\/ -->\n<title>Cameroun-Cyclisme: Islam Mansouri en t\u00eate du Grand prix Chantal Biya - Cameroun<\/title>\n<meta name=\"robots\" content=\"index, follow, max-snippet:-1, max-image-preview:large, max-video-preview:-1\" \/>\n<link rel=\"canonical\" href=\"https:\/\/www.africa-press.net\/cameroun\/politique\/cameroun-cyclisme-islam-mansouri-en-tete-du-grand-prix-chantal-biya\" \/>\n<meta property=\"og:locale\" content=\"fr_FR\" \/>\n<meta property=\"og:type\" content=\"article\" \/>\n<meta property=\"og:title\" content=\"Cameroun-Cyclisme: Islam Mansouri en t\u00eate du Grand prix Chantal Biya\" \/>\n<meta property=\"og:description\" content=\"Africa-Press &#8211; Cameroun. Bien que Lapouges Damien ait remporte\u0301 la troise\u0300me e\u0301tape, il n\u2019a pas pu battre le record detenu par l\u2019Algerien pour prendre le maillot jaune. La troisie\u0300me e\u0301tape du Grand prix international Chantal Biya se courrait de Yaounde\u0301 a\u0300 Nkoladom dans la re\u0301gion du Sud, Cameroun. 3 heures et 46 minutes ont suffi [&hellip;]\" \/>\n<meta property=\"og:url\" content=\"https:\/\/www.africa-press.net\/cameroun\/politique\/cameroun-cyclisme-islam-mansouri-en-tete-du-grand-prix-chantal-biya\" \/>\n<meta property=\"og:site_name\" content=\"Cameroun\" \/>\n<meta property=\"article:published_time\" content=\"2022-10-07T19:29:36+00:00\" \/>\n<meta name=\"author\" content=\"cfeditorfr\" \/>\n<meta name=\"twitter:card\" content=\"summary_large_image\" \/>\n<meta name=\"twitter:label1\" content=\"\u00c9crit par\" \/>\n\t<meta name=\"twitter:data1\" content=\"cfeditorfr\" \/>\n\t<meta name=\"twitter:label2\" content=\"Dur\u00e9e de lecture estim\u00e9e\" \/>\n\t<meta name=\"twitter:data2\" content=\"1 minute\" \/>\n<script type=\"application\/ld+json\" class=\"yoast-schema-graph\">{\"@context\":\"https:\/\/schema.org\",\"@graph\":[{\"@type\":\"Article\",\"@id\":\"https:\/\/www.africa-press.net\/cameroun\/politique\/cameroun-cyclisme-islam-mansouri-en-tete-du-grand-prix-chantal-biya#article\",\"isPartOf\":{\"@id\":\"https:\/\/www.africa-press.net\/cameroun\/politique\/cameroun-cyclisme-islam-mansouri-en-tete-du-grand-prix-chantal-biya\"},\"author\":{\"name\":\"cfeditorfr\",\"@id\":\"https:\/\/www.africa-press.net\/cameroun\/#\/schema\/person\/2b1cf3cd81a31e3cd26889ca66d677f1\"},\"headline\":\"Cameroun-Cyclisme: Islam Mansouri en t\u00eate du Grand prix Chantal Biya\",\"datePublished\":\"2022-10-07T19:29:36+00:00\",\"mainEntityOfPage\":{\"@id\":\"https:\/\/www.africa-press.net\/cameroun\/politique\/cameroun-cyclisme-islam-mansouri-en-tete-du-grand-prix-chantal-biya\"},\"wordCount\":273,\"commentCount\":0,\"image\":{\"@id\":\"https:\/\/www.africa-press.net\/cameroun\/politique\/cameroun-cyclisme-islam-mansouri-en-tete-du-grand-prix-chantal-biya#primaryimage\"},\"thumbnailUrl\":\"https:\/\/static.africa-press.net\/cameroun\/sites\/57\/2022\/10\/img-6340969c91d43.jpg\",\"keywords\":[\"Africa Press\",\"Africa Press-Cameroun\",\"Cameroun\"],\"articleSection\":[\"Sports\",\"Toutes les actualit\u00e9s\"],\"inLanguage\":\"fr-FR\",\"potentialAction\":[{\"@type\":\"CommentAction\",\"name\":\"Comment\",\"target\":[\"https:\/\/www.africa-press.net\/cameroun\/politique\/cameroun-cyclisme-islam-mansouri-en-tete-du-grand-prix-chantal-biya#respond\"]}]},{\"@type\":\"WebPage\",\"@id\":\"https:\/\/www.africa-press.net\/cameroun\/politique\/cameroun-cyclisme-islam-mansouri-en-tete-du-grand-prix-chantal-biya\",\"url\":\"https:\/\/www.africa-press.net\/cameroun\/politique\/cameroun-cyclisme-islam-mansouri-en-tete-du-grand-prix-chantal-biya\",\"name\":\"Cameroun-Cyclisme: Islam Mansouri en t\u00eate du Grand prix Chantal Biya - Cameroun\",\"isPartOf\":{\"@id\":\"https:\/\/www.africa-press.net\/cameroun\/#website\"},\"primaryImageOfPage\":{\"@id\":\"https:\/\/www.africa-press.net\/cameroun\/politique\/cameroun-cyclisme-islam-mansouri-en-tete-du-grand-prix-chantal-biya#primaryimage\"},\"image\":{\"@id\":\"https:\/\/www.africa-press.net\/cameroun\/politique\/cameroun-cyclisme-islam-mansouri-en-tete-du-grand-prix-chantal-biya#primaryimage\"},\"thumbnailUrl\":\"https:\/\/static.africa-press.net\/cameroun\/sites\/57\/2022\/10\/img-6340969c91d43.jpg\",\"datePublished\":\"2022-10-07T19:29:36+00:00\",\"author\":{\"@id\":\"https:\/\/www.africa-press.net\/cameroun\/#\/schema\/person\/2b1cf3cd81a31e3cd26889ca66d677f1\"},\"breadcrumb\":{\"@id\":\"https:\/\/www.africa-press.net\/cameroun\/politique\/cameroun-cyclisme-islam-mansouri-en-tete-du-grand-prix-chantal-biya#breadcrumb\"},\"inLanguage\":\"fr-FR\",\"potentialAction\":[{\"@type\":\"ReadAction\",\"target\":[\"https:\/\/www.africa-press.net\/cameroun\/politique\/cameroun-cyclisme-islam-mansouri-en-tete-du-grand-prix-chantal-biya\"]}]},{\"@type\":\"ImageObject\",\"inLanguage\":\"fr-FR\",\"@id\":\"https:\/\/www.africa-press.net\/cameroun\/politique\/cameroun-cyclisme-islam-mansouri-en-tete-du-grand-prix-chantal-biya#primaryimage\",\"url\":\"https:\/\/static.africa-press.net\/cameroun\/sites\/57\/2022\/10\/img-6340969c91d43.jpg\",\"contentUrl\":\"https:\/\/static.africa-press.net\/cameroun\/sites\/57\/2022\/10\/img-6340969c91d43.jpg\",\"width\":720,\"height\":432,\"caption\":\"Cameroun-Cyclisme: Islam Mansouri en t\u00eate du Grand prix Chantal Biya\"},{\"@type\":\"BreadcrumbList\",\"@id\":\"https:\/\/www.africa-press.net\/cameroun\/politique\/cameroun-cyclisme-islam-mansouri-en-tete-du-grand-prix-chantal-biya#breadcrumb\",\"itemListElement\":[{\"@type\":\"ListItem\",\"position\":1,\"name\":\"Accueil\",\"item\":\"https:\/\/www.africa-press.net\/cameroun\/\"},{\"@type\":\"ListItem\",\"position\":2,\"name\":\"Cameroun-Cyclisme: Islam Mansouri en t\u00eate du Grand prix Chantal Biya\"}]},{\"@type\":\"WebSite\",\"@id\":\"https:\/\/www.africa-press.net\/cameroun\/#website\",\"url\":\"https:\/\/www.africa-press.net\/cameroun\/\",\"name\":\"Cameroun\",\"description\":\"Just another Africa News Agency Sites site\",\"potentialAction\":[{\"@type\":\"SearchAction\",\"target\":{\"@type\":\"EntryPoint\",\"urlTemplate\":\"https:\/\/www.africa-press.net\/cameroun\/?s={search_term_string}\"},\"query-input\":{\"@type\":\"PropertyValueSpecification\",\"valueRequired\":true,\"valueName\":\"search_term_string\"}}],\"inLanguage\":\"fr-FR\"},{\"@type\":\"Person\",\"@id\":\"https:\/\/www.africa-press.net\/cameroun\/#\/schema\/person\/2b1cf3cd81a31e3cd26889ca66d677f1\",\"name\":\"cfeditorfr\"}]}<\/script>\n<!-- \/ Yoast SEO Premium plugin. -->","yoast_head_json":{"title":"Cameroun-Cyclisme: Islam Mansouri en t\u00eate du Grand prix Chantal Biya - Cameroun","robots":{"index":"index","follow":"follow","max-snippet":"max-snippet:-1","max-image-preview":"max-image-preview:large","max-video-preview":"max-video-preview:-1"},"canonical":"https:\/\/www.africa-press.net\/cameroun\/politique\/cameroun-cyclisme-islam-mansouri-en-tete-du-grand-prix-chantal-biya","og_locale":"fr_FR","og_type":"article","og_title":"Cameroun-Cyclisme: Islam Mansouri en t\u00eate du Grand prix Chantal Biya","og_description":"Africa-Press &#8211; Cameroun. Bien que Lapouges Damien ait remporte\u0301 la troise\u0300me e\u0301tape, il n\u2019a pas pu battre le record detenu par l\u2019Algerien pour prendre le maillot jaune. La troisie\u0300me e\u0301tape du Grand prix international Chantal Biya se courrait de Yaounde\u0301 a\u0300 Nkoladom dans la re\u0301gion du Sud, Cameroun. 3 heures et 46 minutes ont suffi [&hellip;]","og_url":"https:\/\/www.africa-press.net\/cameroun\/politique\/cameroun-cyclisme-islam-mansouri-en-tete-du-grand-prix-chantal-biya","og_site_name":"Cameroun","article_published_time":"2022-10-07T19:29:36+00:00","author":"cfeditorfr","twitter_card":"summary_large_image","twitter_misc":{"\u00c9crit par":"cfeditorfr","Dur\u00e9e de lecture estim\u00e9e":"1 minute"},"schema":{"@context":"https:\/\/schema.org","@graph":[{"@type":"Article","@id":"https:\/\/www.africa-press.net\/cameroun\/politique\/cameroun-cyclisme-islam-mansouri-en-tete-du-grand-prix-chantal-biya#article","isPartOf":{"@id":"https:\/\/www.africa-press.net\/cameroun\/politique\/cameroun-cyclisme-islam-mansouri-en-tete-du-grand-prix-chantal-biya"},"author":{"name":"cfeditorfr","@id":"https:\/\/www.africa-press.net\/cameroun\/#\/schema\/person\/2b1cf3cd81a31e3cd26889ca66d677f1"},"headline":"Cameroun-Cyclisme: Islam Mansouri en t\u00eate du Grand prix Chantal Biya","datePublished":"2022-10-07T19:29:36+00:00","mainEntityOfPage":{"@id":"https:\/\/www.africa-press.net\/cameroun\/politique\/cameroun-cyclisme-islam-mansouri-en-tete-du-grand-prix-chantal-biya"},"wordCount":273,"commentCount":0,"image":{"@id":"https:\/\/www.africa-press.net\/cameroun\/politique\/cameroun-cyclisme-islam-mansouri-en-tete-du-grand-prix-chantal-biya#primaryimage"},"thumbnailUrl":"https:\/\/static.africa-press.net\/cameroun\/sites\/57\/2022\/10\/img-6340969c91d43.jpg","keywords":["Africa Press","Africa Press-Cameroun","Cameroun"],"articleSection":["Sports","Toutes les actualit\u00e9s"],"inLanguage":"fr-FR","potentialAction":[{"@type":"CommentAction","name":"Comment","target":["https:\/\/www.africa-press.net\/cameroun\/politique\/cameroun-cyclisme-islam-mansouri-en-tete-du-grand-prix-chantal-biya#respond"]}]},{"@type":"WebPage","@id":"https:\/\/www.africa-press.net\/cameroun\/politique\/cameroun-cyclisme-islam-mansouri-en-tete-du-grand-prix-chantal-biya","url":"https:\/\/www.africa-press.net\/cameroun\/politique\/cameroun-cyclisme-islam-mansouri-en-tete-du-grand-prix-chantal-biya","name":"Cameroun-Cyclisme: Islam Mansouri en t\u00eate du Grand prix Chantal Biya - Cameroun","isPartOf":{"@id":"https:\/\/www.africa-press.net\/cameroun\/#website"},"primaryImageOfPage":{"@id":"https:\/\/www.africa-press.net\/cameroun\/politique\/cameroun-cyclisme-islam-mansouri-en-tete-du-grand-prix-chantal-biya#primaryimage"},"image":{"@id":"https:\/\/www.africa-press.net\/cameroun\/politique\/cameroun-cyclisme-islam-mansouri-en-tete-du-grand-prix-chantal-biya#primaryimage"},"thumbnailUrl":"https:\/\/static.africa-press.net\/cameroun\/sites\/57\/2022\/10\/img-6340969c91d43.jpg","datePublished":"2022-10-07T19:29:36+00:00","author":{"@id":"https:\/\/www.africa-press.net\/cameroun\/#\/schema\/person\/2b1cf3cd81a31e3cd26889ca66d677f1"},"breadcrumb":{"@id":"https:\/\/www.africa-press.net\/cameroun\/politique\/cameroun-cyclisme-islam-mansouri-en-tete-du-grand-prix-chantal-biya#breadcrumb"},"inLanguage":"fr-FR","potentialAction":[{"@type":"ReadAction","target":["https:\/\/www.africa-press.net\/cameroun\/politique\/cameroun-cyclisme-islam-mansouri-en-tete-du-grand-prix-chantal-biya"]}]},{"@type":"ImageObject","inLanguage":"fr-FR","@id":"https:\/\/www.africa-press.net\/cameroun\/politique\/cameroun-cyclisme-islam-mansouri-en-tete-du-grand-prix-chantal-biya#primaryimage","url":"https:\/\/static.africa-press.net\/cameroun\/sites\/57\/2022\/10\/img-6340969c91d43.jpg","contentUrl":"https:\/\/static.africa-press.net\/cameroun\/sites\/57\/2022\/10\/img-6340969c91d43.jpg","width":720,"height":432,"caption":"Cameroun-Cyclisme: Islam Mansouri en t\u00eate du Grand prix Chantal Biya"},{"@type":"BreadcrumbList","@id":"https:\/\/www.africa-press.net\/cameroun\/politique\/cameroun-cyclisme-islam-mansouri-en-tete-du-grand-prix-chantal-biya#breadcrumb","itemListElement":[{"@type":"ListItem","position":1,"name":"Accueil","item":"https:\/\/www.africa-press.net\/cameroun\/"},{"@type":"ListItem","position":2,"name":"Cameroun-Cyclisme: Islam Mansouri en t\u00eate du Grand prix Chantal Biya"}]},{"@type":"WebSite","@id":"https:\/\/www.africa-press.net\/cameroun\/#website","url":"https:\/\/www.africa-press.net\/cameroun\/","name":"Cameroun","description":"Just another Africa News Agency Sites site","potentialAction":[{"@type":"SearchAction","target":{"@type":"EntryPoint","urlTemplate":"https:\/\/www.africa-press.net\/cameroun\/?s={search_term_string}"},"query-input":{"@type":"PropertyValueSpecification","valueRequired":true,"valueName":"search_term_string"}}],"inLanguage":"fr-FR"},{"@type":"Person","@id":"https:\/\/www.africa-press.net\/cameroun\/#\/schema\/person\/2b1cf3cd81a31e3cd26889ca66d677f1","name":"cfeditorfr"}]}},"_links":{"self":[{"href":"https:\/\/www.africa-press.net\/cameroun\/wp-json\/wp\/v2\/posts\/28952","targetHints":{"allow":["GET"]}}],"collection":[{"href":"https:\/\/www.africa-press.net\/cameroun\/wp-json\/wp\/v2\/posts"}],"about":[{"href":"https:\/\/www.africa-press.net\/cameroun\/wp-json\/wp\/v2\/types\/post"}],"author":[{"embeddable":true,"href":"https:\/\/www.africa-press.net\/cameroun\/wp-json\/wp\/v2\/users\/82"}],"replies":[{"embeddable":true,"href":"https:\/\/www.africa-press.net\/cameroun\/wp-json\/wp\/v2\/comments?post=28952"}],"version-history":[{"count":0,"href":"https:\/\/www.africa-press.net\/cameroun\/wp-json\/wp\/v2\/posts\/28952\/revisions"}],"wp:featuredmedia":[{"embeddable":true,"href":"https:\/\/www.africa-press.net\/cameroun\/wp-json\/wp\/v2\/media\/28951"}],"wp:attachment":[{"href":"https:\/\/www.africa-press.net\/cameroun\/wp-json\/wp\/v2\/media?parent=28952"}],"wp:term":[{"taxonomy":"category","embeddable":true,"href":"https:\/\/www.africa-press.net\/cameroun\/wp-json\/wp\/v2\/categories?post=28952"},{"taxonomy":"post_tag","embeddable":true,"href":"https:\/\/www.africa-press.net\/cameroun\/wp-json\/wp\/v2\/tags?post=28952"}],"curies":[{"name":"wp","href":"https:\/\/api.w.org\/{rel}","templated":true}]}}