{"id":28956,"date":"2022-10-07T19:43:16","date_gmt":"2022-10-07T19:43:16","guid":{"rendered":"https:\/\/www.africa-press.net\/cameroun\/politique\/cooperation-un-financement-de-29-milliards-de-fcfa-de-lue-pour-developper-des-villes-vertes-au-cameroun"},"modified":"2022-10-07T19:43:16","modified_gmt":"2022-10-07T19:43:16","slug":"cooperation-un-financement-de-29-milliards-de-fcfa-de-lue-pour-developper-des-villes-vertes-au-cameroun","status":"publish","type":"post","link":"https:\/\/www.africa-press.net\/cameroun\/economie\/cooperation-un-financement-de-29-milliards-de-fcfa-de-lue-pour-developper-des-villes-vertes-au-cameroun","title":{"rendered":"Coop\u00e9ration\u00a0: un financement de 29 milliards de FCFA de l\u2019UE pour d\u00e9velopper des villes vertes au Cameroun"},"content":{"rendered":"<p><span style=\"color: #ff6600\"><strong>Africa-Press &#8211; Cameroun. <\/strong><\/span>Investir au Cameroun) &#8211; Le 4 octobre 2022 a\u0300 Yaounde\u0301, le ministre de l\u2019E\u0301conomie, Alamine Ousmane May, et l\u2019ambassadeur de l\u2019Union europe\u0301enne (UE) au Cameroun, Philippe Van Damme, ont signe\u0301 une convention de financement d\u2019un montant de 29 milliards de FCFA. Cette enveloppe, apprend-on, permettra de mettre en \u0153uvre deux projets baptise\u0301s \u00ab Cameroun : villes vertes, inclusives et durables \u00bb et \u00ab Cameroun : septentrion vert et re\u0301silient \u00bb.<\/p>\n<p>Selon le ministre camerounais de l\u2019E\u0301conomie, a\u0300 travers le premier projet, qui sera imple\u0301mente\u0301 dans les villes de Yaounde\u0301, Douala et Maroua, \u00ab il s\u2019agira d\u2019ame\u0301liorer les capacite\u0301s de planification urbaine inte\u0301gre\u0301e et durable, dans la perspective de l\u2019optimisation de la fiscalite\u0301 locale, de la maitrise d\u2019ouvrage communale, d\u2019ame\u0301lioration de la mobilite\u0301 urbaine ou encore de gestion approprie\u0301e des de\u0301chets dans les collectivite\u0301s territoriales de\u0301centralise\u0301es cible\u0301es \u00bb.<\/p>\n<p>Le projet \u00ab Cameroun : septentrion vert et re\u0301silient \u00bb, quant a\u0300 lui, va permettre de \u00ab relier les sites prote\u0301ge\u0301s par les zones de restauration forestie\u0300re aux pratiques agricoles et pastorales adapte\u0301es et durables, qui tiennent e\u0301galement compte des risques de conflits dans les communaute\u0301s \u00bb, informe le ministre Ousmane Mey.<\/p>\n<p>\u00ab Ces deux initiatives ont pour objectifs communs un appui a\u0300 la transition vers un avenir plus vert et durable au be\u0301ne\u0301fice des populations du Cameroun, a\u0300 travers un accompagnement, d\u2019une part, de la croissance urbaine maitrise\u0301e de trois villes (&#8230;), et d\u2019autre part, des trois re\u0301gions du septentrion qui font face a\u0300 des vulne\u0301rabilite\u0301s \u00bb, explique Philippe Van Damme, l\u2019ambassadeur de l\u2019UE au Cameroun.<\/p>\n<p><b>BRM<\/b><\/p>\n<p><strong>Pour plus d&rsquo;informations et d&rsquo;analyses sur la <a href=\"https:\/\/www.africa-press.net\/cameroun\">Cameroun<\/a>, suivez <a href=\"https:\/\/www.africa-press.net\/\">Africa-Press<\/a><\/strong><\/p>\n","protected":false},"excerpt":{"rendered":"<p>Africa-Press &#8211; Cameroun. Investir au Cameroun) &#8211; Le 4 octobre 2022 a\u0300 Yaounde\u0301, le ministre de l\u2019E\u0301conomie, Alamine Ousmane May, et l\u2019ambassadeur de l\u2019Union europe\u0301enne (UE) au Cameroun, Philippe Van Damme, ont signe\u0301 une convention de financement d\u2019un montant de 29 milliards de FCFA. Cette enveloppe, apprend-on, permettra de mettre en \u0153uvre deux projets baptise\u0301s [&hellip;]<\/p>\n","protected":false},"author":82,"featured_media":28955,"comment_status":"open","ping_status":"closed","sticky":false,"template":"","format":"standard","meta":{"footnotes":""},"categories":[3,10],"tags":[36,50,49],"class_list":["post-28956","post","type-post","status-publish","format-standard","has-post-thumbnail","hentry","category-economie","category-toutes-les-actualites","tag-africa-press","tag-africa-press-cameroun","tag-cameroun"],"yoast_head":"<!-- This site is optimized with the Yoast SEO Premium plugin v26.1 (Yoast SEO v27.0) - https:\/\/yoast.com\/product\/yoast-seo-premium-wordpress\/ -->\n<title>Coop\u00e9ration\u00a0: un financement de 29 milliards de FCFA de l\u2019UE pour d\u00e9velopper des villes vertes au Cameroun - Cameroun<\/title>\n<meta name=\"robots\" content=\"index, follow, max-snippet:-1, max-image-preview:large, max-video-preview:-1\" \/>\n<link rel=\"canonical\" href=\"https:\/\/www.africa-press.net\/cameroun\/politique\/cooperation-un-financement-de-29-milliards-de-fcfa-de-lue-pour-developper-des-villes-vertes-au-cameroun\" \/>\n<meta property=\"og:locale\" content=\"fr_FR\" \/>\n<meta property=\"og:type\" content=\"article\" \/>\n<meta property=\"og:title\" content=\"Coop\u00e9ration\u00a0: un financement de 29 milliards de FCFA de l\u2019UE pour d\u00e9velopper des villes vertes au Cameroun\" \/>\n<meta property=\"og:description\" content=\"Africa-Press &#8211; Cameroun. Investir au Cameroun) &#8211; Le 4 octobre 2022 a\u0300 Yaounde\u0301, le ministre de l\u2019E\u0301conomie, Alamine Ousmane May, et l\u2019ambassadeur de l\u2019Union europe\u0301enne (UE) au Cameroun, Philippe Van Damme, ont signe\u0301 une convention de financement d\u2019un montant de 29 milliards de FCFA. Cette enveloppe, apprend-on, permettra de mettre en \u0153uvre deux projets baptise\u0301s [&hellip;]\" \/>\n<meta property=\"og:url\" content=\"https:\/\/www.africa-press.net\/cameroun\/politique\/cooperation-un-financement-de-29-milliards-de-fcfa-de-lue-pour-developper-des-villes-vertes-au-cameroun\" \/>\n<meta property=\"og:site_name\" content=\"Cameroun\" \/>\n<meta property=\"article:published_time\" content=\"2022-10-07T19:43:16+00:00\" \/>\n<meta name=\"author\" content=\"cfeditorfr\" \/>\n<meta name=\"twitter:card\" content=\"summary_large_image\" \/>\n<meta name=\"twitter:label1\" content=\"\u00c9crit par\" \/>\n\t<meta name=\"twitter:data1\" content=\"cfeditorfr\" \/>\n\t<meta name=\"twitter:label2\" content=\"Dur\u00e9e de lecture estim\u00e9e\" \/>\n\t<meta name=\"twitter:data2\" content=\"1 minute\" \/>\n<script type=\"application\/ld+json\" class=\"yoast-schema-graph\">{\"@context\":\"https:\/\/schema.org\",\"@graph\":[{\"@type\":\"Article\",\"@id\":\"https:\/\/www.africa-press.net\/cameroun\/politique\/cooperation-un-financement-de-29-milliards-de-fcfa-de-lue-pour-developper-des-villes-vertes-au-cameroun#article\",\"isPartOf\":{\"@id\":\"https:\/\/www.africa-press.net\/cameroun\/politique\/cooperation-un-financement-de-29-milliards-de-fcfa-de-lue-pour-developper-des-villes-vertes-au-cameroun\"},\"author\":{\"name\":\"cfeditorfr\",\"@id\":\"https:\/\/www.africa-press.net\/cameroun\/#\/schema\/person\/2b1cf3cd81a31e3cd26889ca66d677f1\"},\"headline\":\"Coop\u00e9ration\u00a0: un financement de 29 milliards de FCFA de l\u2019UE pour d\u00e9velopper des villes vertes au Cameroun\",\"datePublished\":\"2022-10-07T19:43:16+00:00\",\"mainEntityOfPage\":{\"@id\":\"https:\/\/www.africa-press.net\/cameroun\/politique\/cooperation-un-financement-de-29-milliards-de-fcfa-de-lue-pour-developper-des-villes-vertes-au-cameroun\"},\"wordCount\":314,\"commentCount\":0,\"image\":{\"@id\":\"https:\/\/www.africa-press.net\/cameroun\/politique\/cooperation-un-financement-de-29-milliards-de-fcfa-de-lue-pour-developper-des-villes-vertes-au-cameroun#primaryimage\"},\"thumbnailUrl\":\"https:\/\/static.africa-press.net\/cameroun\/sites\/57\/2022\/10\/img-63409784801fb.jpg\",\"keywords\":[\"Africa Press\",\"Africa Press-Cameroun\",\"Cameroun\"],\"articleSection\":[\"\u00c9conomie\",\"Toutes les actualit\u00e9s\"],\"inLanguage\":\"fr-FR\",\"potentialAction\":[{\"@type\":\"CommentAction\",\"name\":\"Comment\",\"target\":[\"https:\/\/www.africa-press.net\/cameroun\/politique\/cooperation-un-financement-de-29-milliards-de-fcfa-de-lue-pour-developper-des-villes-vertes-au-cameroun#respond\"]}]},{\"@type\":\"WebPage\",\"@id\":\"https:\/\/www.africa-press.net\/cameroun\/politique\/cooperation-un-financement-de-29-milliards-de-fcfa-de-lue-pour-developper-des-villes-vertes-au-cameroun\",\"url\":\"https:\/\/www.africa-press.net\/cameroun\/politique\/cooperation-un-financement-de-29-milliards-de-fcfa-de-lue-pour-developper-des-villes-vertes-au-cameroun\",\"name\":\"Coop\u00e9ration\u00a0: un financement de 29 milliards de FCFA de l\u2019UE pour d\u00e9velopper des villes vertes au Cameroun - Cameroun\",\"isPartOf\":{\"@id\":\"https:\/\/www.africa-press.net\/cameroun\/#website\"},\"primaryImageOfPage\":{\"@id\":\"https:\/\/www.africa-press.net\/cameroun\/politique\/cooperation-un-financement-de-29-milliards-de-fcfa-de-lue-pour-developper-des-villes-vertes-au-cameroun#primaryimage\"},\"image\":{\"@id\":\"https:\/\/www.africa-press.net\/cameroun\/politique\/cooperation-un-financement-de-29-milliards-de-fcfa-de-lue-pour-developper-des-villes-vertes-au-cameroun#primaryimage\"},\"thumbnailUrl\":\"https:\/\/static.africa-press.net\/cameroun\/sites\/57\/2022\/10\/img-63409784801fb.jpg\",\"datePublished\":\"2022-10-07T19:43:16+00:00\",\"author\":{\"@id\":\"https:\/\/www.africa-press.net\/cameroun\/#\/schema\/person\/2b1cf3cd81a31e3cd26889ca66d677f1\"},\"breadcrumb\":{\"@id\":\"https:\/\/www.africa-press.net\/cameroun\/politique\/cooperation-un-financement-de-29-milliards-de-fcfa-de-lue-pour-developper-des-villes-vertes-au-cameroun#breadcrumb\"},\"inLanguage\":\"fr-FR\",\"potentialAction\":[{\"@type\":\"ReadAction\",\"target\":[\"https:\/\/www.africa-press.net\/cameroun\/politique\/cooperation-un-financement-de-29-milliards-de-fcfa-de-lue-pour-developper-des-villes-vertes-au-cameroun\"]}]},{\"@type\":\"ImageObject\",\"inLanguage\":\"fr-FR\",\"@id\":\"https:\/\/www.africa-press.net\/cameroun\/politique\/cooperation-un-financement-de-29-milliards-de-fcfa-de-lue-pour-developper-des-villes-vertes-au-cameroun#primaryimage\",\"url\":\"https:\/\/static.africa-press.net\/cameroun\/sites\/57\/2022\/10\/img-63409784801fb.jpg\",\"contentUrl\":\"https:\/\/static.africa-press.net\/cameroun\/sites\/57\/2022\/10\/img-63409784801fb.jpg\",\"width\":720,\"height\":479,\"caption\":\"Coop\u00e9ration\u00a0: un financement de 29 milliards de FCFA de l\u2019UE pour d\u00e9velopper des villes vertes au Cameroun\"},{\"@type\":\"BreadcrumbList\",\"@id\":\"https:\/\/www.africa-press.net\/cameroun\/politique\/cooperation-un-financement-de-29-milliards-de-fcfa-de-lue-pour-developper-des-villes-vertes-au-cameroun#breadcrumb\",\"itemListElement\":[{\"@type\":\"ListItem\",\"position\":1,\"name\":\"Accueil\",\"item\":\"https:\/\/www.africa-press.net\/cameroun\/\"},{\"@type\":\"ListItem\",\"position\":2,\"name\":\"Coop\u00e9ration\u00a0: un financement de 29 milliards de FCFA de l\u2019UE pour d\u00e9velopper des villes vertes au Cameroun\"}]},{\"@type\":\"WebSite\",\"@id\":\"https:\/\/www.africa-press.net\/cameroun\/#website\",\"url\":\"https:\/\/www.africa-press.net\/cameroun\/\",\"name\":\"Cameroun\",\"description\":\"Just another Africa News Agency Sites site\",\"potentialAction\":[{\"@type\":\"SearchAction\",\"target\":{\"@type\":\"EntryPoint\",\"urlTemplate\":\"https:\/\/www.africa-press.net\/cameroun\/?s={search_term_string}\"},\"query-input\":{\"@type\":\"PropertyValueSpecification\",\"valueRequired\":true,\"valueName\":\"search_term_string\"}}],\"inLanguage\":\"fr-FR\"},{\"@type\":\"Person\",\"@id\":\"https:\/\/www.africa-press.net\/cameroun\/#\/schema\/person\/2b1cf3cd81a31e3cd26889ca66d677f1\",\"name\":\"cfeditorfr\"}]}<\/script>\n<!-- \/ Yoast SEO Premium plugin. -->","yoast_head_json":{"title":"Coop\u00e9ration\u00a0: un financement de 29 milliards de FCFA de l\u2019UE pour d\u00e9velopper des villes vertes au Cameroun - Cameroun","robots":{"index":"index","follow":"follow","max-snippet":"max-snippet:-1","max-image-preview":"max-image-preview:large","max-video-preview":"max-video-preview:-1"},"canonical":"https:\/\/www.africa-press.net\/cameroun\/politique\/cooperation-un-financement-de-29-milliards-de-fcfa-de-lue-pour-developper-des-villes-vertes-au-cameroun","og_locale":"fr_FR","og_type":"article","og_title":"Coop\u00e9ration\u00a0: un financement de 29 milliards de FCFA de l\u2019UE pour d\u00e9velopper des villes vertes au Cameroun","og_description":"Africa-Press &#8211; Cameroun. Investir au Cameroun) &#8211; Le 4 octobre 2022 a\u0300 Yaounde\u0301, le ministre de l\u2019E\u0301conomie, Alamine Ousmane May, et l\u2019ambassadeur de l\u2019Union europe\u0301enne (UE) au Cameroun, Philippe Van Damme, ont signe\u0301 une convention de financement d\u2019un montant de 29 milliards de FCFA. Cette enveloppe, apprend-on, permettra de mettre en \u0153uvre deux projets baptise\u0301s [&hellip;]","og_url":"https:\/\/www.africa-press.net\/cameroun\/politique\/cooperation-un-financement-de-29-milliards-de-fcfa-de-lue-pour-developper-des-villes-vertes-au-cameroun","og_site_name":"Cameroun","article_published_time":"2022-10-07T19:43:16+00:00","author":"cfeditorfr","twitter_card":"summary_large_image","twitter_misc":{"\u00c9crit par":"cfeditorfr","Dur\u00e9e de lecture estim\u00e9e":"1 minute"},"schema":{"@context":"https:\/\/schema.org","@graph":[{"@type":"Article","@id":"https:\/\/www.africa-press.net\/cameroun\/politique\/cooperation-un-financement-de-29-milliards-de-fcfa-de-lue-pour-developper-des-villes-vertes-au-cameroun#article","isPartOf":{"@id":"https:\/\/www.africa-press.net\/cameroun\/politique\/cooperation-un-financement-de-29-milliards-de-fcfa-de-lue-pour-developper-des-villes-vertes-au-cameroun"},"author":{"name":"cfeditorfr","@id":"https:\/\/www.africa-press.net\/cameroun\/#\/schema\/person\/2b1cf3cd81a31e3cd26889ca66d677f1"},"headline":"Coop\u00e9ration\u00a0: un financement de 29 milliards de FCFA de l\u2019UE pour d\u00e9velopper des villes vertes au Cameroun","datePublished":"2022-10-07T19:43:16+00:00","mainEntityOfPage":{"@id":"https:\/\/www.africa-press.net\/cameroun\/politique\/cooperation-un-financement-de-29-milliards-de-fcfa-de-lue-pour-developper-des-villes-vertes-au-cameroun"},"wordCount":314,"commentCount":0,"image":{"@id":"https:\/\/www.africa-press.net\/cameroun\/politique\/cooperation-un-financement-de-29-milliards-de-fcfa-de-lue-pour-developper-des-villes-vertes-au-cameroun#primaryimage"},"thumbnailUrl":"https:\/\/static.africa-press.net\/cameroun\/sites\/57\/2022\/10\/img-63409784801fb.jpg","keywords":["Africa Press","Africa Press-Cameroun","Cameroun"],"articleSection":["\u00c9conomie","Toutes les actualit\u00e9s"],"inLanguage":"fr-FR","potentialAction":[{"@type":"CommentAction","name":"Comment","target":["https:\/\/www.africa-press.net\/cameroun\/politique\/cooperation-un-financement-de-29-milliards-de-fcfa-de-lue-pour-developper-des-villes-vertes-au-cameroun#respond"]}]},{"@type":"WebPage","@id":"https:\/\/www.africa-press.net\/cameroun\/politique\/cooperation-un-financement-de-29-milliards-de-fcfa-de-lue-pour-developper-des-villes-vertes-au-cameroun","url":"https:\/\/www.africa-press.net\/cameroun\/politique\/cooperation-un-financement-de-29-milliards-de-fcfa-de-lue-pour-developper-des-villes-vertes-au-cameroun","name":"Coop\u00e9ration\u00a0: un financement de 29 milliards de FCFA de l\u2019UE pour d\u00e9velopper des villes vertes au Cameroun - Cameroun","isPartOf":{"@id":"https:\/\/www.africa-press.net\/cameroun\/#website"},"primaryImageOfPage":{"@id":"https:\/\/www.africa-press.net\/cameroun\/politique\/cooperation-un-financement-de-29-milliards-de-fcfa-de-lue-pour-developper-des-villes-vertes-au-cameroun#primaryimage"},"image":{"@id":"https:\/\/www.africa-press.net\/cameroun\/politique\/cooperation-un-financement-de-29-milliards-de-fcfa-de-lue-pour-developper-des-villes-vertes-au-cameroun#primaryimage"},"thumbnailUrl":"https:\/\/static.africa-press.net\/cameroun\/sites\/57\/2022\/10\/img-63409784801fb.jpg","datePublished":"2022-10-07T19:43:16+00:00","author":{"@id":"https:\/\/www.africa-press.net\/cameroun\/#\/schema\/person\/2b1cf3cd81a31e3cd26889ca66d677f1"},"breadcrumb":{"@id":"https:\/\/www.africa-press.net\/cameroun\/politique\/cooperation-un-financement-de-29-milliards-de-fcfa-de-lue-pour-developper-des-villes-vertes-au-cameroun#breadcrumb"},"inLanguage":"fr-FR","potentialAction":[{"@type":"ReadAction","target":["https:\/\/www.africa-press.net\/cameroun\/politique\/cooperation-un-financement-de-29-milliards-de-fcfa-de-lue-pour-developper-des-villes-vertes-au-cameroun"]}]},{"@type":"ImageObject","inLanguage":"fr-FR","@id":"https:\/\/www.africa-press.net\/cameroun\/politique\/cooperation-un-financement-de-29-milliards-de-fcfa-de-lue-pour-developper-des-villes-vertes-au-cameroun#primaryimage","url":"https:\/\/static.africa-press.net\/cameroun\/sites\/57\/2022\/10\/img-63409784801fb.jpg","contentUrl":"https:\/\/static.africa-press.net\/cameroun\/sites\/57\/2022\/10\/img-63409784801fb.jpg","width":720,"height":479,"caption":"Coop\u00e9ration\u00a0: un financement de 29 milliards de FCFA de l\u2019UE pour d\u00e9velopper des villes vertes au Cameroun"},{"@type":"BreadcrumbList","@id":"https:\/\/www.africa-press.net\/cameroun\/politique\/cooperation-un-financement-de-29-milliards-de-fcfa-de-lue-pour-developper-des-villes-vertes-au-cameroun#breadcrumb","itemListElement":[{"@type":"ListItem","position":1,"name":"Accueil","item":"https:\/\/www.africa-press.net\/cameroun\/"},{"@type":"ListItem","position":2,"name":"Coop\u00e9ration\u00a0: un financement de 29 milliards de FCFA de l\u2019UE pour d\u00e9velopper des villes vertes au Cameroun"}]},{"@type":"WebSite","@id":"https:\/\/www.africa-press.net\/cameroun\/#website","url":"https:\/\/www.africa-press.net\/cameroun\/","name":"Cameroun","description":"Just another Africa News Agency Sites site","potentialAction":[{"@type":"SearchAction","target":{"@type":"EntryPoint","urlTemplate":"https:\/\/www.africa-press.net\/cameroun\/?s={search_term_string}"},"query-input":{"@type":"PropertyValueSpecification","valueRequired":true,"valueName":"search_term_string"}}],"inLanguage":"fr-FR"},{"@type":"Person","@id":"https:\/\/www.africa-press.net\/cameroun\/#\/schema\/person\/2b1cf3cd81a31e3cd26889ca66d677f1","name":"cfeditorfr"}]}},"_links":{"self":[{"href":"https:\/\/www.africa-press.net\/cameroun\/wp-json\/wp\/v2\/posts\/28956","targetHints":{"allow":["GET"]}}],"collection":[{"href":"https:\/\/www.africa-press.net\/cameroun\/wp-json\/wp\/v2\/posts"}],"about":[{"href":"https:\/\/www.africa-press.net\/cameroun\/wp-json\/wp\/v2\/types\/post"}],"author":[{"embeddable":true,"href":"https:\/\/www.africa-press.net\/cameroun\/wp-json\/wp\/v2\/users\/82"}],"replies":[{"embeddable":true,"href":"https:\/\/www.africa-press.net\/cameroun\/wp-json\/wp\/v2\/comments?post=28956"}],"version-history":[{"count":0,"href":"https:\/\/www.africa-press.net\/cameroun\/wp-json\/wp\/v2\/posts\/28956\/revisions"}],"wp:featuredmedia":[{"embeddable":true,"href":"https:\/\/www.africa-press.net\/cameroun\/wp-json\/wp\/v2\/media\/28955"}],"wp:attachment":[{"href":"https:\/\/www.africa-press.net\/cameroun\/wp-json\/wp\/v2\/media?parent=28956"}],"wp:term":[{"taxonomy":"category","embeddable":true,"href":"https:\/\/www.africa-press.net\/cameroun\/wp-json\/wp\/v2\/categories?post=28956"},{"taxonomy":"post_tag","embeddable":true,"href":"https:\/\/www.africa-press.net\/cameroun\/wp-json\/wp\/v2\/tags?post=28956"}],"curies":[{"name":"wp","href":"https:\/\/api.w.org\/{rel}","templated":true}]}}