{"id":28993,"date":"2022-10-08T15:35:12","date_gmt":"2022-10-08T15:35:12","guid":{"rendered":"https:\/\/www.africa-press.net\/cameroun\/politique\/cameroun-france-medias-la-direction-de-rfi-contrariee-par-un-article-que-jeune-afrique-a-consacre-a-alain-foka"},"modified":"2022-10-08T18:19:34","modified_gmt":"2022-10-08T18:19:34","slug":"cameroun-france-medias-la-direction-de-rfi-contrariee-par-un-article-que-jeune-afrique-a-consacre-a-alain-foka","status":"publish","type":"post","link":"https:\/\/www.africa-press.net\/cameroun\/politique\/cameroun-france-medias-la-direction-de-rfi-contrariee-par-un-article-que-jeune-afrique-a-consacre-a-alain-foka","title":{"rendered":"Cameroun\/France &#8211; M\u00e9dias: La direction de RFI contrari\u00e9e par un article que Jeune Afrique a consacr\u00e9 \u00e0 Alain Foka"},"content":{"rendered":"<p><span style=\"color: #ff6600\"><strong>Africa-Press &#8211; Cameroun. <\/strong><\/span>Au bas du long article que Jeune Afrique consacre au journaliste Alain Foka (publie\u0301 le 5 Octobre 2022 sur son site Internet), le journal annonce une re\u0301action de son employeur Radio France Internationale (RFI). \u00ab RFI re\u0301pond a\u0300 Jeune Afrique : a\u0300 la suite de la publication de notre article consacre\u0301 a\u0300 Alain Foka, la direction de RFI a souhaite\u0301 re\u0301agir \u00bb, annonce notre confre\u0300re.<\/p>\n<p>\u00ab Nous n\u2019avons pas e\u0301te\u0301 contacte\u0301s par la re\u0301daction de JA dans le cadre de ce portrait \u00bb, entame \u00ab La radio Mondiale \u00bb avant d\u2019expliquer qu\u2019 \u00ab Alain Foka est une des voix emble\u0301matiques de RFI en franc\u0327ais depuis de longues anne\u0301es \u00bb. RFI met en avant \u00ab la qualite\u0301 \u00bb de ses antennes constitue\u0301e d\u2019une \u00ab grande diversite\u0301 de points de vue et de compe\u0301tences comple\u0301mentaires \u00bb.<\/p>\n<p>La radio rappelle le fort attachement de ses journalistes au continent africain en pre\u0301cisant qu\u2019\u00ab ils en ont une expertise concre\u0300te et nourrie de nombreuses missions et reportages \u00bb. Insistant sur la proximite\u0301 de ses e\u0301quipes avec le continent, la hie\u0301rarchie de RFI ajoute qu\u2019elle \u00ab s\u2019incarne e\u0301galement par notre vaste re\u0301seau de correspondants dans la majeure partie des pays d\u2019Afrique francophone et anglophone, ainsi que nos re\u0301dactions en langues africaines installe\u0301es a\u0300 Dakar, Lagos et Nairobi \u00bb. Un ensemble qui, selon cette radio internationale, \u00ab fait la richesse et confe\u0300re sa cre\u0301dibilite\u0301 a\u0300 l\u2019antenne de RFI \u00bb<\/p>\n<p><b>Voici dans son inte\u0301gralite\u0301 l\u2019article qui a fait re\u0301agir RFI<\/b><\/p>\n<p>Qui est vraiment Alain Foka ?<\/p>\n<p>Les prises de position politiques et les affaires florissantes de l\u2019animateur de RFI lui valent d\u2019e\u0302tre sous le feu des critiques. Lui se pre\u0301sente comme un e\u0301lectron libre, de\u0301fenseur de la souverainete\u0301 africaine. Rencontre.<\/p>\n<p>Quatre mois. C\u2019est le temps qu\u2019il a fallu patienter pour obtenir un rendez-vous avec Alain Foka. Un jour a\u0300 Salvador de Bahia pour le tournage de son documentaire sur la communaute\u0301 afro-bre\u0301silienne des Agoudas, un autre a\u0300 Montre\u0301al pour une se\u0301rie sur la diaspora africaine, le suivant a\u0300 Conakry pour la premie\u0300re interview post-coup d\u2019E\u0301tat de Mamadi Doumbouya, avant un de\u0301tour par le Cameroun, le Be\u0301nin, la RD Congo&#8230; Le journaliste est un homme occupe\u0301. Piles de livres et de vide\u0301os dispose\u0301es c\u0327a\u0300 et la\u0300, posters ge\u0301ants, c\u2019est dans un bureau sans pre\u0301tention qu\u2019il nous a rec\u0327u a\u0300 Radio France Internationale, avenant, dans le calme d\u2019un apre\u0300s-midi de week-end.<\/p>\n<p>Deux e\u0301missions phares<\/p>\n<p>Re\u0301dacteur en chef, producteur de magazines, Alain Foka officie sur les ondes de RFI depuis trente et un ans. Connu sur le continent comme le loup blanc, ce troisie\u0300me enfant d\u2019une fratrie de sept, ne\u0301 d\u2019un pe\u0300re officier de police (de\u0301ce\u0301de\u0301 peu avant son de\u0301part du Cameroun, en 1979) et d\u2019une me\u0300re au foyer, tient les re\u0302nes de deux e\u0301missions phares de la station : Archives d\u2019Afrique, le rendez-vous de l\u2019histoire contemporaine du continent, de\u0301cline\u0301 en versions audio et vide\u0301o, et Le de\u0301bat africain, un espace d\u2019e\u0301changes entre Africains sur les questions e\u0301conomiques, politiques, culturelles et sociales, ou\u0300 il accueille, depuis dix ans, tous les profils, de l\u2019ouvrier au chef d\u2019E\u0301tat, en passant par l\u2019artisan et le banquier.<\/p>\n<p>Jusqu\u2019en novembre dernier, Foka poursuivait son bonhomme de chemin sans vagues ni remous. Puis il s\u2019est laisse\u0301 prendre dans le tourbillon d\u2019une affaire trouble : une de ses interviews a seme\u0301 la zizanie au sein de la station, provoquant une guerre de tranche\u0301es entre ses partisans et ses de\u0301tracteurs (voir encadre\u0301 ci-dessous). \u00ab Une injustice \u00bb, se de\u0301fend calmement l\u2019inte\u0301resse\u0301, qui estime avoir e\u0301te\u0301 jete\u0301 en pa\u0302ture a\u0300 certains me\u0301dias. \u00ab Un boomerang \u00bb, pour ceux qui l\u2019accusent de s\u2019affranchir inconside\u0301re\u0301ment des re\u0300gles et qui de\u0301plorent \u00ab errements de\u0301ontologiques \u00bb, e\u0301voquant un me\u0301lange des genres.<\/p>\n<p>Plaidant pour la pluralite\u0301 des approches et des points de vue, les soutiens de Foka crient au lynchage me\u0301diatique d\u2019un grand professionnel de\u0301voue\u0301 a\u0300 sa maison. \u00ab C\u2019est donc contre lui, et en invoquant la de\u0301mocratie, que les professeurs de de\u0301ontologie ont convoque\u0301 un tribunal populaire tout en appre\u0302tant de\u0301ja\u0300 le bu\u0302cher ? \u00bb s\u2019interroge le journaliste Vladimir Cagnolari, producteur de se\u0301ries radiophoniques pour RFI. Celui qui copre\u0301senta, avec Soro Solo, l\u2019e\u0301mission L\u2019Afrique enchante\u0301e, sur France Inter, rappelle le ro\u0302le qu\u2019a joue\u0301 Foka dans la libe\u0301ration de plusieurs journalistes interpelle\u0301s dans leur pays. Comme celle, en 2017, de son compatriote Ahmed Abba, correspondant de RFI en langue haoussa au Cameroun, arre\u0302te\u0301 au cours d\u2019un reportage et place\u0301 en de\u0301tention pendant deux ans sans jugement. Ou encore celle du Nige\u0301rien Moussa Kaka.<\/p>\n<p>La parole aux Africains<\/p>\n<p>Alors, ange ou de\u0301mon, cet Alain Foka qui cristallise les passions ? S\u2019il a donne\u0301 l\u2019impression, au cours de ces deux dernie\u0300res anne\u0301es, d\u2019avoir amorce\u0301 un virage, l\u2019homme est reste\u0301 constant. Son credo : donner la parole aux Africains sur des sujets qui les concernent. Il dit souhaiter rompre avec \u00ab cette fatalite\u0301 qui veut que, depuis la nuit des temps, l\u2019histoire de la chasse soit raconte\u0301e du seul point de vue du chasseur : une dictature de la pense\u0301e unique qui a installe\u0301 chez les Africains des complexes profonds, lesquels les conduisent a\u0300 ne se voir qu\u2019a\u0300 travers le regard de l\u2019ancien mai\u0302tre \u00bb. Pour Foka, le moment est venu pour eux de re\u0301cupe\u0301rer la parole qui leur a e\u0301te\u0301 arrache\u0301e. Cette mission, le journaliste se l\u2019est assigne\u0301e de\u0300s son entre\u0301e a\u0300 RFI en 1992, adoube\u0301 a\u0300 la fois par Alex Taylor, alors responsable des magazines, et par Herve\u0301 Bourges, dirigeant de me\u0301dias audiovisuels, qu\u2019il a rencontre\u0301 gra\u0302ce a\u0300 Manu Dibango \u2013 lequel lui avait offert, pour ses 7 ans, sa premie\u0300re guitare de gaucher.<\/p>\n<p>Des accents a\u0300 proscrire ?<\/p>\n<p>Pendant quinze anne\u0301es, entre 1995 et 2010, Me\u0301dias d\u2019Afrique a permis de de\u0301couvrir quotidiennement les e\u0301ditoriaux africains sur l\u2019actualite\u0301 internationale. \u00ab C\u2019est par cette voie que la plupart des correspondants de RFI sur le continent sont arrive\u0301s dans la maison, de Peter Sassou Dogbe\u0301 a\u0300 Polycarpe Essomba, en passant par Rai\u0308ssa Gbe\u0301dji. J\u2019ai be\u0301ne\u0301ficie\u0301, a\u0300 l\u2019e\u0301poque, du soutien de la re\u0301daction, qui avait envie d\u2019africaniser son re\u0301seau de correspondants. E\u0301videmment, cela ne s\u2019est pas fait sans re\u0301sistance. Certains estimaient que les accents africains e\u0301taient a\u0300 proscrire sur les antennes franc\u0327aises, d\u2019autant que les journalistes en question prenaient le contre-pied de the\u0300ses commune\u0301ment admises. Ainsi, le 11-Septembre n\u2019e\u0301tait pas perc\u0327u de la me\u0302me manie\u0300re en Occident que sur le continent. \u00bb<\/p>\n<p>Lorsqu\u2019il prend les re\u0302nes du De\u0301bat africain, en 2011, a\u0300 la suite de Madeleine Mukamabano puis de Jean-Baptiste Placca, Foka e\u0301largit le cercle des participants : plus question de tenir salon avec les me\u0302mes protagonistes. C\u2019est probablement parce qu\u2019il a contribue\u0301 a\u0300 donner la parole aux Africains que leurs dirigeants, au fil des ans, se sont ouverts a\u0300 lui. Il a ainsi obtenu la premie\u0300re interview post-coup d\u2019E\u0301tat du putschiste guine\u0301en Mamadi Doumbouya, alors que la plupart des re\u0301dactions avaient essuye\u0301 des refus. \u00ab Des amis m\u2019ont appele\u0301 pour m\u2019inciter a\u0300 venir discuter avec \u201cle petit fre\u0300re, parce qu\u2019il a plein de bonnes ide\u0301es\u201d \u00bb, explique Foka, qui conside\u0300re ce scoop comme une prime a\u0300 sa pre\u0301sence en continu sur le terrain, a\u0300 e\u0301cumer maquis, casernes et prisons. \u00ab On ne peut pre\u0301tendre connai\u0302tre les personnalite\u0301s du continent sans quitter Paris. D\u2019autant qu\u2019une nouvelle classe politique s\u2019installe, avec des leaders qui ont entre 39 et 45 ans. Le journaliste africaniste qui s\u2019ente\u0302te a\u0300 ne fre\u0301quenter que les 65-70 ans ou les ministres de l\u2019e\u0300re Senghor, Diouf et Houphoue\u0308t est hors du coup. \u00bb<\/p>\n<p>\u00ab D\u2019ailleurs, je n\u2019attends pas que ces hommes soient au pouvoir pour les fre\u0301quenter : normal qu\u2019ils me parlent, une fois qu\u2019ils deviennent pre\u0301sidents \u00bb, poursuit Foka, qui a connu le Togolais Faure Essozimna Gnassingbe\u0301 lorsque ce dernier e\u0301tait e\u0301tudiant puis membre du Parlement. Il a aussi co\u0302toye\u0301 l\u2019homme d\u2019affaires be\u0301ninois Patrice Talon, et a e\u0301te\u0301 proche du Bissau-Guine\u0301en Umaro Sissoco Embalo\u0301 avant son accession a\u0300 la magistrature supre\u0302me. \u00ab On ne peut pas e\u0302tre l\u2019ami d\u2019un pre\u0301sident de la Re\u0301publique. Tous n\u2019ont que des inte\u0301re\u0302ts a\u0300 de\u0301fendre \u00bb, re\u0301sume-t-il. Il est ne\u0301anmoins a\u0300 jamais lie\u0301 a\u0300 l\u2019ex-Premier ministre nige\u0301rien Hama Amadou, qui, avec le colonel-major Djibrilla Hima Hamidou, dit Pele\u0301, l\u2019accompagnait le jour ou\u0300 il a demande\u0301 la main de sa future e\u0301pouse, nige\u0301rienne.<\/p>\n<p>Ne pas plaire a\u0300 tout le monde<\/p>\n<p>La re\u0300gle de Foka pour entretenir ses sources potentielles ? Ne pas se mettre de barrie\u0300res. Il rencontre aussi bien Ali Bongo Ondimba que Jean Ping, di\u0302ne avec Succe\u0300s Masra apre\u0300s s\u2019e\u0302tre entretenu dans la journe\u0301e avec Idriss De\u0301by Itno. Si son fre\u0300re, le me\u0301decin Jules Hilaire Foka, est membre du Rassemblement de\u0301mocratique du peuple camerounais (RDPC, au pouvoir) et pre\u0301sident de la re\u0301gion Ouest (\u00ab il a ses convictions politiques, moi, les miennes, que je ne tiens pas a\u0300 afficher \u00bb), le Cameroun est le seul pays dans lequel il lui est impossible de tenter ce nume\u0301ro d\u2019e\u0301quilibriste. \u00ab Vous donnez la parole au camp pre\u0301sidentiel, vous e\u0302tes un vendu ; a\u0300 l\u2019opposition, vous roulez pour \u201cvotre fre\u0300re bamile\u0301ke\u0301\u201d \u00bb, soupire-t-il.<\/p>\n<p>Mais on ne peut pas plaire a\u0300 tout le monde. Quand il avait souhaite\u0301 interviewer le pre\u0301sident Mohamed Ould Abdelaziz, celui-ci lui avait oppose\u0301 une fin de non-recevoir. Il n\u2019avait en effet pas appre\u0301cie\u0301 que le journaliste de\u0301clare ne pas vouloir se rendre en Mauritanie a\u0300 cause de l\u2019esclavage&#8230;<\/p>\n<p>Il fut une pe\u0301riode ou\u0300 Foka s\u2019interdisait de rencontrer certains chefs d\u2019E\u0301tat, parmi lesquels Paul Kagame ou Mouammar Kadhafi. Puis il s\u2019est ravise\u0301, s\u2019entretenant au te\u0301le\u0301phone avec le premier dans le cadre d\u2019un documentaire d\u2019Archives d\u2019Afrique consacre\u0301 a\u0300 Laurent-De\u0301sire\u0301 Kabila, rendant visite au second a\u0300 Syrte, au milieu des anne\u0301es 1990, en pleine pe\u0301riode d\u2019embargo contre la Libye : \u00ab C\u2019est absurde de se dire journaliste et de refuser d\u2019entendre la part de ve\u0301rite\u0301 de chacun. Je rencontre tous [les dirigeants]. La majorite\u0301 d\u2019entre eux me sollicite simplement parce que je suis une voix africaine libre, ni complaisante ni aligne\u0301e sur le choix e\u0301ditorial des autres. \u00bb<\/p>\n<p>Carnet d\u2019adresses pachydermique<\/p>\n<p>En un peu plus de trois de\u0301cennies, le journaliste s\u2019est constitue\u0301 un carnet d\u2019adresses a\u0300 faire pa\u0302lir d\u2019envie la profession. \u00ab J\u2019ai passe\u0301 ces trente-cinq dernie\u0300res anne\u0301es a\u0300 faire comprendre a\u0300 l\u2019Africain qu\u2019il arre\u0302te de s\u2019imaginer que, pour e\u0302tre cre\u0301dible, il ne faut parler qu\u2019au Blanc. De mon co\u0302te\u0301, j\u2019ai travaille\u0301 a\u0300 construire ma cre\u0301dibilite\u0301. Il faut croire que c\u0327a marche. \u00bb Il en veut pour preuve les coups de fil re\u0301guliers qu\u2019il rec\u0327oit de pre\u0301sidents ou d\u2019opposants, pre\u0302ts a\u0300 dire leur part de ve\u0301rite\u0301 lorsqu\u2019ils estiment que RFI a failli. \u00ab Ils me voient comme celui qui peut porter la parole de l\u2019Afrique, pas la leur \u00bb, se satisfait-il.<\/p>\n<p>Depuis quelques anne\u0301es, le baroudeur semble pourtant a\u0300 l\u2019e\u0301troit a\u0300 RFI. \u00ab Parce qu\u2019a\u0300 58 ans \u00bb il a \u00ab le droit d\u2019avoir un point de vue et de le faire connai\u0302tre \u00bb, ce que ses e\u0301missions ne lui permettent pas s\u2019il reste cantonne\u0301 a\u0300 un ro\u0302le de mode\u0301rateur. Au fil des chroniques sur sa chai\u0302ne YouTube, cre\u0301e\u0301e il y a biento\u0302t deux ans, Foka de\u0301roule donc le fil de sa pense\u0301e. La de\u0301mocratie a\u0300 tout prix ? Il en est revenu : \u00ab Depuis le sommet de La Baule, nous avons consacre\u0301 trente-deux ans a\u0300 la recherche de la de\u0301mocratie, et pas un seul pays francophone n\u2019a e\u0301volue\u0301 positivement dans ce domaine. \u00bb L\u2019alternance et la limitation du nombre des mandats ? Il ne les re\u0301clame plus a\u0300 cor et a\u0300 cri. Angela Merkel n\u2019est-elle pas reste\u0301e seize ans a\u0300 la te\u0302te de l\u2019Allemagne, autant que Benyamin Netanyahou en Israe\u0308l ? \u00ab Nous avons besoin de dirigeants e\u0301claire\u0301s, et notre religion doit e\u0302tre le de\u0301veloppement. \u00bb L\u2019usure du pouvoir ? \u00ab Elle ne s\u2019installe que si, de\u0300s le de\u0301part, on n\u2019a pas de projet. Kagame est la\u0300 depuis 1994, pourtant il est courtise\u0301 par tous les grands de ce monde. \u00bb<\/p>\n<p>Ses documentaires et chroniques coups de poing tentent de re\u0301pondre aux questions souvent pole\u0301miques qui sont dans l\u2019air du temps. Pourquoi la France et la Russie de\u0301ploient-elles autant d\u2019e\u0301nergie pour nous conque\u0301rir ? Le peuvent-elles, d\u2019ailleurs, face a\u0300 une jeunesse africaine de\u0301complexe\u0301e qui ne supporte plus l\u2019ide\u0301e d\u2019avoir un mai\u0302tre ?<\/p>\n<p>Le message de Foka \u2013 \u00ab Ce n\u2019est pas a\u0300 la France de dire aux E\u0301tats africains avec quels pays ils doivent nouer des partenariats \u00bb \u2013 n\u2019e\u0301pargne personne. Dans l\u2019une de ses chroniques, \u00ab Comment en finir avec la guerre dans l\u2019est de la RDC \u00bb, il s\u2019en est pris au Rwanda, qu\u2019il accuse de se livrer a\u0300 une surenche\u0300re me\u0301morielle pour se pre\u0301munir de toutes repre\u0301sailles pendant qu\u2019il de\u0301stabilise l\u2019est du Congo. Qu\u2019importent les critiques d\u2019un Jean-Pierre Karegeye, professeur affilie\u0301 au de\u0301partement de philosophie du Dickinson College (E\u0301tats-Unis) et directeur des e\u0301tudes pluridisciplinaires sur le ge\u0301nocide, qui juge sa chronique pleine de contradictions et lui reproche de \u00ab s\u2019approprier la me\u0301taphore obse\u0301dante selon laquelle le Rwanda serait a\u0300 l\u2019origine de tous les maux du Congo \u00bb : Foka maintient le cap. A\u0300 ceux qui affirment qu\u2019avec sa me\u0301thode, la frontie\u0300re entre une ne\u0301cessaire \u0153uvre de pe\u0301dagogie et un simple de\u0301fouloir est tre\u0300s te\u0301nue, il oppose l\u2019exigence de rupture avec le diktat de la pense\u0301e unique. Quitte a\u0300 alimenter les critiques de l\u2019opposition guine\u0301enne quand, a\u0300 l\u2019occasion d\u2019une toute re\u0301cente chronique, il rend un hommage appuye\u0301 au travail \u00ab remarquable \u00bb du colonel Doumbouya dans le secteur minier guine\u0301en.<\/p>\n<p>Un journalisme africain diffe\u0301rent ?<\/p>\n<p>Pour Foka en effet, les journalistes africains ne peuvent e\u0302tre des journalistes comme les autres. Qu\u2019ils le veuillent ou non, ils sont les ambassadeurs d\u2019une certaine pense\u0301e. Se contenter de relayer celle des autres, au demeurant largement re\u0301pandue, c\u2019est renoncer a\u0300 s\u2019octroyer une place. Comment, alors, trouver le juste e\u0301quilibre entre la ligne e\u0301ditoriale de la chai\u0302ne franc\u0327aise et les positions propres du journaliste, lesquelles, selon ses de\u0301tracteurs, l\u2019e\u0301garent parfois ?<\/p>\n<p>\u00ab Paradoxalement, ce ne sont pas les patrons de la station qui me font ce proce\u0300s, mais mes colle\u0300gues, re\u0301torque Foka, qui admet n\u2019e\u0301couter que ses envies. Beaucoup ont refait la confe\u0301rence de Berlin a\u0300 leur manie\u0300re au sein des re\u0301dactions, se re\u0301partissant les pays alors qu\u2019ils ne disposent pas toujours des cle\u0301s pour en appre\u0301hender les re\u0301alite\u0301s. Je passe entre 75% et 80% de mon temps en Afrique ; je n\u2019ai pas de vie de famille. Difficile, pour certains, de m\u2019affronter argument contre argument, document contre document&#8230; \u00bb L\u2019homme se dit pre\u0302t a\u0300 reconnai\u0302tre ses erreurs s\u2019il devait y en avoir. A\u0300 condition qu\u2019on ne l\u2019e\u0301touffe pas : \u00ab Peut-on pre\u0301tendre e\u0302tre dans un pays de liberte\u0301 et priver les journalistes de leur droit a\u0300 la parole ? \u00bb<\/p>\n<p>Franc\u0327ais vivant dans les beaux quartiers du Sud-Ouest parisien, le journaliste se de\u0301fend ne\u0301anmoins d\u2019alimenter un quelconque sentiment antifranc\u0327ais, me\u0302me si ses vide\u0301os sont largement partage\u0301es par les adeptes du french bashing, a\u0300 l\u2019appui de leurs propres the\u0300ses. Sa bataille, soutient-il, est dirige\u0301e contre les autorite\u0301s franc\u0327aises, et non contre les Franc\u0327ais ou contre la France. Il de\u0301nonce notamment les contrats le\u0301onins qui perdurent et le me\u0301pris affiche\u0301 a\u0300 l\u2019e\u0301gard des Maliens, a\u0300 qui l\u2019on de\u0301nie le droit de de\u0301cider eux-me\u0302mes de leur avenir.<\/p>\n<p>Alain Foka admet avoir du respect pour les militants, parce qu\u2019ils font bouger les lignes, et s\u2019interdit de porter un jugement de valeur sur leurs me\u0301thodes. Lui se pose avant tout en journaliste et re\u0301clame le droit de n\u2019e\u0302tre ni associe\u0301 ni oppose\u0301 a\u0300 qui que ce soit dans son combat contre une certaine manie\u0300re de faire de la politique, instaure\u0301e entre la France et l\u2019Afrique. \u00ab Je n\u2019aimerais pas participer a\u0300 un remake de la bataille pour les droits civiques, aux E\u0301tats-Unis, ou\u0300 on tentait d\u2019opposer les uns aux autres \u00bb, re\u0301sume-t-il. S\u2019il affirme recevoir des coups de fil insidieux visant a\u0300 l\u2019inciter a\u0300 arre\u0302ter ses chroniques, il refuse d\u2019envisager une telle hypothe\u0300se : YouTube est son ring, et il ne raccrochera pas les gants de sito\u0302t. \u00ab A\u0300 mon a\u0302ge, si j\u2019avais peur d\u2019e\u0302tre vire\u0301, c\u2019est qu\u2019il y aurait un proble\u0300me \u00bb, souffle-t-il.<\/p>\n<p>Ce chanteur de makossa a\u0300 ses heures perdues, que son correspondant avait \u00ab oublie\u0301 \u00bb de venir chercher a\u0300 l\u2019ae\u0301roport a\u0300 son arrive\u0301e en France, a\u0300 l\u2019a\u0302ge de 17 ans, garde pourtant quelques fe\u0302lures. On le soupc\u0327onne de pe\u0301che\u0301 d\u2019orgueil ? \u00ab Est-ce simplement parce je demande que la qualite\u0301 de mon travail soit reconnue ? \u00bb s\u2019interroge-t-il.<\/p>\n<p>Producteur de l\u2019e\u0301mission Couleurs tropicales, sur RFI, son ami Claudy Siar s\u2019e\u0301trangle : \u00ab Nous avons toujours e\u0301te\u0301 perc\u0327us comme des e\u0301lectrons libres. Heureusement, pas par les directions successives de RFI, qui conce\u0300dent a\u0300 chacun une certaine liberte\u0301 d\u2019expression. Alain Foka apporte a\u0300 cette radio un regard que beaucoup d\u2019Europe\u0301ens n\u2019auraient pas. Il y a des choses a\u0300 comprendre, des douleurs a\u0300 expliquer. Son combat \u2013 qui est aussi le mien \u2013, c\u2019est d\u2019amener les uns et les autres a\u0300 invalider le re\u0301cit commune\u0301ment servi sur nous. Des femmes et des hommes issus de peuples opprime\u0301s se re\u0301ve\u0300lent brillants et proposent une autre lecture de l\u2019Histoire. Parce qu\u2019ils l\u2019expriment, ils sont conside\u0301re\u0301s comme clivants, notamment par ceux qui ne croient qu\u2019en la supre\u0301matie occidentale, alors qu\u2019en re\u0301alite\u0301 ils ne font qu\u2019enrichir les savoirs. \u00bb<\/p>\n<p>Cage d\u2019escalier ou case<\/p>\n<p>Sous le couvert de l\u2019anonymat, l\u2019un de ses confre\u0300res dit \u00ab craindre que, chez Alain, l\u2019orgueil balaie le professionnalisme et le talent \u00bb, et invite ses colle\u0300gues africains a\u0300 le prote\u0301ger de lui-me\u0302me. Autre insinuation blessante, sa suppose\u0301e corruption : \u00ab Le grand fantasme autour des valises de billets qui me seraient remises apre\u0300s chaque reportage \u00bb, commente Foka. \u00ab Il fait fructifier les affaires familiales ; il faudrait le lui reprocher ? \u00bb s\u2019indigne encore Claudy Siar. \u00bb Pourquoi voudrait-on voir les Noirs soit dans une cage d\u2019escalier, soit dans une case ? Pourquoi roule-t-il dans une belle voiture et habite-t-il une jolie maison ? Parce qu\u2019il a travaille\u0301, c\u2019est tout. \u00bb<\/p>\n<p>Avant d\u2019e\u0302tre journaliste, Foka est issu d\u2019une ligne\u0301e de riches proprie\u0301taires terriens a\u0300 la te\u0302te de plusieurs exploitations agricoles dans l\u2019Ouest, le Sud-Ouest et sur le littoral du Cameroun. Lesquelles emploient aujourd\u2019hui quelque 1 600 ouvriers et exportent leurs cultures vivrie\u0300res dans la sous-re\u0301gion. Qu\u2019importe, les de\u0301tracteurs de Foka le de\u0301peignent comme un \u00ab affairiste cupide \u00bb. N\u2019a-t-il pas cre\u0301e\u0301, dans chacune des re\u0301gions du continent, la socie\u0301te\u0301 Ph\u0153nix Production (Idy, en France, pour la postproduction), gra\u0302ce a\u0300 laquelle il tourne ses documentaires et les versions vide\u0301o d\u2019Archives d\u2019Afrique, qui restent sa proprie\u0301te\u0301 exclusive ?<\/p>\n<p>L\u2019aventure de La Villa Pergole\u0300se<\/p>\n<p>L\u2019inte\u0301resse\u0301 de\u0301fend la liberte\u0301 d\u2019entreprendre, y compris pour les journalistes : \u00ab Aux E\u0301tats-Unis, nul ne s\u2019offusque de les voir monter des business. \u00bb S\u2019il s\u2019essaie a\u0300 l\u2019immobilier au Cameroun, en Co\u0302te d\u2019Ivoire et au Niger, sa grande aventure entrepreneuriale aura e\u0301te\u0301 La Villa Pergole\u0300se, un restaurant au c\u0153ur du tre\u0300s chic 16e arrondissement de Paris, ou\u0300 se pressaient des personnalite\u0301s africaines, dont des chefs d\u2019E\u0301tat. Si le Malien Ibrahim Boubacar Kei\u0308ta et le Be\u0301ninois Mathieu Ke\u0301re\u0301kou comptaient parmi les habitue\u0301s, la plupart pre\u0301fe\u0301raient se faire livrer a\u0300 l\u2019ho\u0302tel.<\/p>\n<p>Foka l\u2019assure, l\u2019ide\u0301e d\u2019ouvrir cet e\u0301tablissement est ne\u0301e d\u2019une discussion avec les pre\u0301sidents Omar Bongo Ondimba (OBO) et Gnassingbe\u0301 Eyade\u0301ma, qui de\u0301ploraient de ne pouvoir fre\u0301quenter de restaurant gastronomique africain digne de ce nom lors de leurs se\u0301jours dans l\u2019Hexagone. \u00ab Malheureusement, OBO n\u2019aura eu le temps de de\u0301guster qu\u2019un seul repas, un ndole\u0300 \u2013 plantain frit et sole braise\u0301e \u2013, livre\u0301 a\u0300 son ho\u0302tel particulier. \u00bb<\/p>\n<p>L\u2019aventure \u2013 \u00ab un vrai gouffre financier \u00bb, sourit Foka \u2013 s\u2019est acheve\u0301e un jour de mai 2015. \u00ab La restauration exige une grande disponibilite\u0301 \u00bb, se justifie-t-il. Mais il n\u2019est pas peu fier d\u2019avoir cre\u0301e\u0301, avec son ami et associe\u0301 Ludovic Michel Kamgue\u0301, fondateur des boutiques de pre\u0302t-a\u0300-porter Stradel\u2019s, non seulement \u00ab le plus beau restaurant africain de Paris \u00bb, mais aussi un lieu de rencontres et de ne\u0301gociations, notamment entre adversaires politiques. \u00ab C\u2019est en cela que je suis diffe\u0301rent de mes colle\u0300gues occidentaux. Tout en couvrant l\u2019actualite\u0301, je n\u2019he\u0301site pas a\u0300 jouer les me\u0301diateurs, dans l\u2019inte\u0301re\u0302t du continent. \u00bb<\/p>\n<p>Zizanie a\u0300 RFI<\/p>\n<p>Tout commence avec la publication d\u2019une se\u0301rie d\u2019enque\u0302tes sur des de\u0301tournements de fonds en RD Congo (\u00ab Congo Hold-up \u00bb), re\u0301alise\u0301e par un consortium de me\u0301dias internationaux, dont RFI, repre\u0301sente\u0301e par la journaliste Sonia Rolley.<\/p>\n<p>\u00ab Invite\u0301 Afrique de RFI \u00bb, Jules Alingete, patron de l\u2019Inspection ge\u0301ne\u0301rale des finances de la RD Congo, salue le travail des enque\u0302teurs, avant de revenir sur ses propos lorsqu\u2019il est interroge\u0301, une seconde fois, a\u0300 Kinshasa, cette fois par Alain Foka, qui jure n\u2019avoir pas eu connaissance du premier entretien. Le journaliste propose l\u2019interview a\u0300 la chai\u0302ne, qui de\u0301cline l\u2019offre, estimant que les de\u0301clarations de l\u2019interviewe\u0301 mettent a\u0300 mal le travail de Sonia Rolley au sein du consortium.<\/p>\n<p>Bien que son propre entretien ait e\u0301te\u0301 tourne\u0301 dans un de\u0301cor RFI-France 24, Foka diffuse l\u2019e\u0301change sur sa propre chai\u0302ne YouTube. Consternation de la Socie\u0301te\u0301 des journalistes et de certains syndicats. S\u2019ouvrent de longs mois de tension, jusqu\u2019a\u0300 l\u2019annonce, contre toute attente, du renvoi de Sonia Rolley de RFI, le 11 aou\u0302t. Au grand dam de la CGT, qui \u00ab de\u0301nonce le comportement de la direction et de la direction de la re\u0301daction de RFI envers [leur] cons\u0153ur, licencie\u0301e sans e\u0301gard pour avoir simplement fait son travail. \u00bb Interroge\u0301e, la direction de RFI pre\u0301cise qu\u2019il s\u2019agit d\u2019un de\u0301part ne\u0301gocie\u0301 d\u2019un commun accord entre les deux parties, et non d\u2019un licenciement. C.J-Y.<\/p>\n<p><strong>Pour plus d&rsquo;informations et d&rsquo;analyses sur la <a href=\"https:\/\/www.africa-press.net\/cameroun\">Cameroun<\/a>, suivez <a href=\"https:\/\/www.africa-press.net\/\">Africa-Press<\/a><\/strong><\/p>\n","protected":false},"excerpt":{"rendered":"<p>Africa-Press &#8211; Cameroun. Au bas du long article que Jeune Afrique consacre au journaliste Alain Foka (publie\u0301 le 5 Octobre 2022 sur son site Internet), le journal annonce une re\u0301action de son employeur Radio France Internationale (RFI). \u00ab RFI re\u0301pond a\u0300 Jeune Afrique : a\u0300 la suite de la publication de notre article consacre\u0301 a\u0300 [&hellip;]<\/p>\n","protected":false},"author":82,"featured_media":28992,"comment_status":"open","ping_status":"closed","sticky":false,"template":"","format":"standard","meta":{"footnotes":""},"categories":[2,10],"tags":[36,50,49],"class_list":["post-28993","post","type-post","status-publish","format-standard","has-post-thumbnail","hentry","category-politique","category-toutes-les-actualites","tag-africa-press","tag-africa-press-cameroun","tag-cameroun"],"yoast_head":"<!-- This site is optimized with the Yoast SEO Premium plugin v26.1 (Yoast SEO v27.0) - https:\/\/yoast.com\/product\/yoast-seo-premium-wordpress\/ -->\n<title>Cameroun\/France - M\u00e9dias: La direction de RFI contrari\u00e9e par un article que Jeune Afrique a consacr\u00e9 \u00e0 Alain Foka - Cameroun<\/title>\n<meta name=\"description\" content=\"Au bas du long article que Jeune Afrique consacre au journaliste Alain Foka (publie\u0301 le 5 Octobre 2022 sur son site Inte ...\" \/>\n<meta name=\"robots\" content=\"index, follow, max-snippet:-1, max-image-preview:large, max-video-preview:-1\" \/>\n<link rel=\"canonical\" href=\"https:\/\/www.africa-press.net\/cameroun\/politique\/cameroun-france-medias-la-direction-de-rfi-contrariee-par-un-article-que-jeune-afrique-a-consacre-a-alain-foka\" \/>\n<meta property=\"og:locale\" content=\"fr_FR\" \/>\n<meta property=\"og:type\" content=\"article\" \/>\n<meta property=\"og:title\" content=\"Cameroun\/France - M\u00e9dias: La direction de RFI contrari\u00e9e par un article que Jeune Afrique a consacr\u00e9 \u00e0 Alain Foka\" \/>\n<meta property=\"og:description\" content=\"Au bas du long article que Jeune Afrique consacre au journaliste Alain Foka (publie\u0301 le 5 Octobre 2022 sur son site Inte ...\" \/>\n<meta property=\"og:url\" content=\"https:\/\/www.africa-press.net\/cameroun\/politique\/cameroun-france-medias-la-direction-de-rfi-contrariee-par-un-article-que-jeune-afrique-a-consacre-a-alain-foka\" \/>\n<meta property=\"og:site_name\" content=\"Cameroun\" \/>\n<meta property=\"article:published_time\" content=\"2022-10-08T15:35:12+00:00\" \/>\n<meta property=\"article:modified_time\" content=\"2022-10-08T18:19:34+00:00\" \/>\n<meta property=\"og:image\" content=\"https:\/\/static.africa-press.net\/cameroun\/sites\/57\/2022\/10\/img-6341bf1320e58.jpg\" \/>\n\t<meta property=\"og:image:width\" content=\"800\" \/>\n\t<meta property=\"og:image:height\" content=\"528\" \/>\n\t<meta property=\"og:image:type\" content=\"image\/jpeg\" \/>\n<meta name=\"author\" content=\"cfeditorfr\" \/>\n<meta name=\"twitter:card\" content=\"summary_large_image\" \/>\n<meta name=\"twitter:label1\" content=\"\u00c9crit par\" \/>\n\t<meta name=\"twitter:data1\" content=\"cfeditorfr\" \/>\n\t<meta name=\"twitter:label2\" content=\"Dur\u00e9e de lecture estim\u00e9e\" \/>\n\t<meta name=\"twitter:data2\" content=\"18 minutes\" \/>\n<script type=\"application\/ld+json\" class=\"yoast-schema-graph\">{\"@context\":\"https:\/\/schema.org\",\"@graph\":[{\"@type\":\"Article\",\"@id\":\"https:\/\/www.africa-press.net\/cameroun\/politique\/cameroun-france-medias-la-direction-de-rfi-contrariee-par-un-article-que-jeune-afrique-a-consacre-a-alain-foka#article\",\"isPartOf\":{\"@id\":\"https:\/\/www.africa-press.net\/cameroun\/politique\/cameroun-france-medias-la-direction-de-rfi-contrariee-par-un-article-que-jeune-afrique-a-consacre-a-alain-foka\"},\"author\":{\"name\":\"cfeditorfr\",\"@id\":\"https:\/\/www.africa-press.net\/cameroun\/#\/schema\/person\/2b1cf3cd81a31e3cd26889ca66d677f1\"},\"headline\":\"Cameroun\/France &#8211; M\u00e9dias: La direction de RFI contrari\u00e9e par un article que Jeune Afrique a consacr\u00e9 \u00e0 Alain Foka\",\"datePublished\":\"2022-10-08T15:35:12+00:00\",\"dateModified\":\"2022-10-08T18:19:34+00:00\",\"mainEntityOfPage\":{\"@id\":\"https:\/\/www.africa-press.net\/cameroun\/politique\/cameroun-france-medias-la-direction-de-rfi-contrariee-par-un-article-que-jeune-afrique-a-consacre-a-alain-foka\"},\"wordCount\":4086,\"commentCount\":0,\"image\":{\"@id\":\"https:\/\/www.africa-press.net\/cameroun\/politique\/cameroun-france-medias-la-direction-de-rfi-contrariee-par-un-article-que-jeune-afrique-a-consacre-a-alain-foka#primaryimage\"},\"thumbnailUrl\":\"https:\/\/static.africa-press.net\/cameroun\/sites\/57\/2022\/10\/img-6341bf1320e58.jpg\",\"keywords\":[\"Africa Press\",\"Africa Press-Cameroun\",\"Cameroun\"],\"articleSection\":[\"Politique\",\"Toutes les actualit\u00e9s\"],\"inLanguage\":\"fr-FR\",\"potentialAction\":[{\"@type\":\"CommentAction\",\"name\":\"Comment\",\"target\":[\"https:\/\/www.africa-press.net\/cameroun\/politique\/cameroun-france-medias-la-direction-de-rfi-contrariee-par-un-article-que-jeune-afrique-a-consacre-a-alain-foka#respond\"]}]},{\"@type\":\"WebPage\",\"@id\":\"https:\/\/www.africa-press.net\/cameroun\/politique\/cameroun-france-medias-la-direction-de-rfi-contrariee-par-un-article-que-jeune-afrique-a-consacre-a-alain-foka\",\"url\":\"https:\/\/www.africa-press.net\/cameroun\/politique\/cameroun-france-medias-la-direction-de-rfi-contrariee-par-un-article-que-jeune-afrique-a-consacre-a-alain-foka\",\"name\":\"Cameroun\/France - M\u00e9dias: La direction de RFI contrari\u00e9e par un article que Jeune Afrique a consacr\u00e9 \u00e0 Alain Foka - Cameroun\",\"isPartOf\":{\"@id\":\"https:\/\/www.africa-press.net\/cameroun\/#website\"},\"primaryImageOfPage\":{\"@id\":\"https:\/\/www.africa-press.net\/cameroun\/politique\/cameroun-france-medias-la-direction-de-rfi-contrariee-par-un-article-que-jeune-afrique-a-consacre-a-alain-foka#primaryimage\"},\"image\":{\"@id\":\"https:\/\/www.africa-press.net\/cameroun\/politique\/cameroun-france-medias-la-direction-de-rfi-contrariee-par-un-article-que-jeune-afrique-a-consacre-a-alain-foka#primaryimage\"},\"thumbnailUrl\":\"https:\/\/static.africa-press.net\/cameroun\/sites\/57\/2022\/10\/img-6341bf1320e58.jpg\",\"datePublished\":\"2022-10-08T15:35:12+00:00\",\"dateModified\":\"2022-10-08T18:19:34+00:00\",\"author\":{\"@id\":\"https:\/\/www.africa-press.net\/cameroun\/#\/schema\/person\/2b1cf3cd81a31e3cd26889ca66d677f1\"},\"description\":\"Au bas du long article que Jeune Afrique consacre au journaliste Alain Foka (publie\u0301 le 5 Octobre 2022 sur son site Inte ...\",\"breadcrumb\":{\"@id\":\"https:\/\/www.africa-press.net\/cameroun\/politique\/cameroun-france-medias-la-direction-de-rfi-contrariee-par-un-article-que-jeune-afrique-a-consacre-a-alain-foka#breadcrumb\"},\"inLanguage\":\"fr-FR\",\"potentialAction\":[{\"@type\":\"ReadAction\",\"target\":[\"https:\/\/www.africa-press.net\/cameroun\/politique\/cameroun-france-medias-la-direction-de-rfi-contrariee-par-un-article-que-jeune-afrique-a-consacre-a-alain-foka\"]}]},{\"@type\":\"ImageObject\",\"inLanguage\":\"fr-FR\",\"@id\":\"https:\/\/www.africa-press.net\/cameroun\/politique\/cameroun-france-medias-la-direction-de-rfi-contrariee-par-un-article-que-jeune-afrique-a-consacre-a-alain-foka#primaryimage\",\"url\":\"https:\/\/static.africa-press.net\/cameroun\/sites\/57\/2022\/10\/img-6341bf1320e58.jpg\",\"contentUrl\":\"https:\/\/static.africa-press.net\/cameroun\/sites\/57\/2022\/10\/img-6341bf1320e58.jpg\",\"width\":800,\"height\":528,\"caption\":\"Cameroun\/France - M\u00e9dias: La direction de RFI contrari\u00e9e par un article que Jeune Afrique a consacr\u00e9 \u00e0 Alain Foka\"},{\"@type\":\"BreadcrumbList\",\"@id\":\"https:\/\/www.africa-press.net\/cameroun\/politique\/cameroun-france-medias-la-direction-de-rfi-contrariee-par-un-article-que-jeune-afrique-a-consacre-a-alain-foka#breadcrumb\",\"itemListElement\":[{\"@type\":\"ListItem\",\"position\":1,\"name\":\"Accueil\",\"item\":\"https:\/\/www.africa-press.net\/cameroun\/\"},{\"@type\":\"ListItem\",\"position\":2,\"name\":\"Cameroun\/France &#8211; M\u00e9dias: La direction de RFI contrari\u00e9e par un article que Jeune Afrique a consacr\u00e9 \u00e0 Alain Foka\"}]},{\"@type\":\"WebSite\",\"@id\":\"https:\/\/www.africa-press.net\/cameroun\/#website\",\"url\":\"https:\/\/www.africa-press.net\/cameroun\/\",\"name\":\"Cameroun\",\"description\":\"Just another Africa News Agency Sites site\",\"potentialAction\":[{\"@type\":\"SearchAction\",\"target\":{\"@type\":\"EntryPoint\",\"urlTemplate\":\"https:\/\/www.africa-press.net\/cameroun\/?s={search_term_string}\"},\"query-input\":{\"@type\":\"PropertyValueSpecification\",\"valueRequired\":true,\"valueName\":\"search_term_string\"}}],\"inLanguage\":\"fr-FR\"},{\"@type\":\"Person\",\"@id\":\"https:\/\/www.africa-press.net\/cameroun\/#\/schema\/person\/2b1cf3cd81a31e3cd26889ca66d677f1\",\"name\":\"cfeditorfr\"}]}<\/script>\n<!-- \/ Yoast SEO Premium plugin. -->","yoast_head_json":{"title":"Cameroun\/France - M\u00e9dias: La direction de RFI contrari\u00e9e par un article que Jeune Afrique a consacr\u00e9 \u00e0 Alain Foka - Cameroun","description":"Au bas du long article que Jeune Afrique consacre au journaliste Alain Foka (publie\u0301 le 5 Octobre 2022 sur son site Inte ...","robots":{"index":"index","follow":"follow","max-snippet":"max-snippet:-1","max-image-preview":"max-image-preview:large","max-video-preview":"max-video-preview:-1"},"canonical":"https:\/\/www.africa-press.net\/cameroun\/politique\/cameroun-france-medias-la-direction-de-rfi-contrariee-par-un-article-que-jeune-afrique-a-consacre-a-alain-foka","og_locale":"fr_FR","og_type":"article","og_title":"Cameroun\/France - M\u00e9dias: La direction de RFI contrari\u00e9e par un article que Jeune Afrique a consacr\u00e9 \u00e0 Alain Foka","og_description":"Au bas du long article que Jeune Afrique consacre au journaliste Alain Foka (publie\u0301 le 5 Octobre 2022 sur son site Inte ...","og_url":"https:\/\/www.africa-press.net\/cameroun\/politique\/cameroun-france-medias-la-direction-de-rfi-contrariee-par-un-article-que-jeune-afrique-a-consacre-a-alain-foka","og_site_name":"Cameroun","article_published_time":"2022-10-08T15:35:12+00:00","article_modified_time":"2022-10-08T18:19:34+00:00","og_image":[{"width":800,"height":528,"url":"https:\/\/static.africa-press.net\/cameroun\/sites\/57\/2022\/10\/img-6341bf1320e58.jpg","type":"image\/jpeg"}],"author":"cfeditorfr","twitter_card":"summary_large_image","twitter_misc":{"\u00c9crit par":"cfeditorfr","Dur\u00e9e de lecture estim\u00e9e":"18 minutes"},"schema":{"@context":"https:\/\/schema.org","@graph":[{"@type":"Article","@id":"https:\/\/www.africa-press.net\/cameroun\/politique\/cameroun-france-medias-la-direction-de-rfi-contrariee-par-un-article-que-jeune-afrique-a-consacre-a-alain-foka#article","isPartOf":{"@id":"https:\/\/www.africa-press.net\/cameroun\/politique\/cameroun-france-medias-la-direction-de-rfi-contrariee-par-un-article-que-jeune-afrique-a-consacre-a-alain-foka"},"author":{"name":"cfeditorfr","@id":"https:\/\/www.africa-press.net\/cameroun\/#\/schema\/person\/2b1cf3cd81a31e3cd26889ca66d677f1"},"headline":"Cameroun\/France &#8211; M\u00e9dias: La direction de RFI contrari\u00e9e par un article que Jeune Afrique a consacr\u00e9 \u00e0 Alain Foka","datePublished":"2022-10-08T15:35:12+00:00","dateModified":"2022-10-08T18:19:34+00:00","mainEntityOfPage":{"@id":"https:\/\/www.africa-press.net\/cameroun\/politique\/cameroun-france-medias-la-direction-de-rfi-contrariee-par-un-article-que-jeune-afrique-a-consacre-a-alain-foka"},"wordCount":4086,"commentCount":0,"image":{"@id":"https:\/\/www.africa-press.net\/cameroun\/politique\/cameroun-france-medias-la-direction-de-rfi-contrariee-par-un-article-que-jeune-afrique-a-consacre-a-alain-foka#primaryimage"},"thumbnailUrl":"https:\/\/static.africa-press.net\/cameroun\/sites\/57\/2022\/10\/img-6341bf1320e58.jpg","keywords":["Africa Press","Africa Press-Cameroun","Cameroun"],"articleSection":["Politique","Toutes les actualit\u00e9s"],"inLanguage":"fr-FR","potentialAction":[{"@type":"CommentAction","name":"Comment","target":["https:\/\/www.africa-press.net\/cameroun\/politique\/cameroun-france-medias-la-direction-de-rfi-contrariee-par-un-article-que-jeune-afrique-a-consacre-a-alain-foka#respond"]}]},{"@type":"WebPage","@id":"https:\/\/www.africa-press.net\/cameroun\/politique\/cameroun-france-medias-la-direction-de-rfi-contrariee-par-un-article-que-jeune-afrique-a-consacre-a-alain-foka","url":"https:\/\/www.africa-press.net\/cameroun\/politique\/cameroun-france-medias-la-direction-de-rfi-contrariee-par-un-article-que-jeune-afrique-a-consacre-a-alain-foka","name":"Cameroun\/France - M\u00e9dias: La direction de RFI contrari\u00e9e par un article que Jeune Afrique a consacr\u00e9 \u00e0 Alain Foka - Cameroun","isPartOf":{"@id":"https:\/\/www.africa-press.net\/cameroun\/#website"},"primaryImageOfPage":{"@id":"https:\/\/www.africa-press.net\/cameroun\/politique\/cameroun-france-medias-la-direction-de-rfi-contrariee-par-un-article-que-jeune-afrique-a-consacre-a-alain-foka#primaryimage"},"image":{"@id":"https:\/\/www.africa-press.net\/cameroun\/politique\/cameroun-france-medias-la-direction-de-rfi-contrariee-par-un-article-que-jeune-afrique-a-consacre-a-alain-foka#primaryimage"},"thumbnailUrl":"https:\/\/static.africa-press.net\/cameroun\/sites\/57\/2022\/10\/img-6341bf1320e58.jpg","datePublished":"2022-10-08T15:35:12+00:00","dateModified":"2022-10-08T18:19:34+00:00","author":{"@id":"https:\/\/www.africa-press.net\/cameroun\/#\/schema\/person\/2b1cf3cd81a31e3cd26889ca66d677f1"},"description":"Au bas du long article que Jeune Afrique consacre au journaliste Alain Foka (publie\u0301 le 5 Octobre 2022 sur son site Inte ...","breadcrumb":{"@id":"https:\/\/www.africa-press.net\/cameroun\/politique\/cameroun-france-medias-la-direction-de-rfi-contrariee-par-un-article-que-jeune-afrique-a-consacre-a-alain-foka#breadcrumb"},"inLanguage":"fr-FR","potentialAction":[{"@type":"ReadAction","target":["https:\/\/www.africa-press.net\/cameroun\/politique\/cameroun-france-medias-la-direction-de-rfi-contrariee-par-un-article-que-jeune-afrique-a-consacre-a-alain-foka"]}]},{"@type":"ImageObject","inLanguage":"fr-FR","@id":"https:\/\/www.africa-press.net\/cameroun\/politique\/cameroun-france-medias-la-direction-de-rfi-contrariee-par-un-article-que-jeune-afrique-a-consacre-a-alain-foka#primaryimage","url":"https:\/\/static.africa-press.net\/cameroun\/sites\/57\/2022\/10\/img-6341bf1320e58.jpg","contentUrl":"https:\/\/static.africa-press.net\/cameroun\/sites\/57\/2022\/10\/img-6341bf1320e58.jpg","width":800,"height":528,"caption":"Cameroun\/France - M\u00e9dias: La direction de RFI contrari\u00e9e par un article que Jeune Afrique a consacr\u00e9 \u00e0 Alain Foka"},{"@type":"BreadcrumbList","@id":"https:\/\/www.africa-press.net\/cameroun\/politique\/cameroun-france-medias-la-direction-de-rfi-contrariee-par-un-article-que-jeune-afrique-a-consacre-a-alain-foka#breadcrumb","itemListElement":[{"@type":"ListItem","position":1,"name":"Accueil","item":"https:\/\/www.africa-press.net\/cameroun\/"},{"@type":"ListItem","position":2,"name":"Cameroun\/France &#8211; M\u00e9dias: La direction de RFI contrari\u00e9e par un article que Jeune Afrique a consacr\u00e9 \u00e0 Alain Foka"}]},{"@type":"WebSite","@id":"https:\/\/www.africa-press.net\/cameroun\/#website","url":"https:\/\/www.africa-press.net\/cameroun\/","name":"Cameroun","description":"Just another Africa News Agency Sites site","potentialAction":[{"@type":"SearchAction","target":{"@type":"EntryPoint","urlTemplate":"https:\/\/www.africa-press.net\/cameroun\/?s={search_term_string}"},"query-input":{"@type":"PropertyValueSpecification","valueRequired":true,"valueName":"search_term_string"}}],"inLanguage":"fr-FR"},{"@type":"Person","@id":"https:\/\/www.africa-press.net\/cameroun\/#\/schema\/person\/2b1cf3cd81a31e3cd26889ca66d677f1","name":"cfeditorfr"}]}},"_links":{"self":[{"href":"https:\/\/www.africa-press.net\/cameroun\/wp-json\/wp\/v2\/posts\/28993","targetHints":{"allow":["GET"]}}],"collection":[{"href":"https:\/\/www.africa-press.net\/cameroun\/wp-json\/wp\/v2\/posts"}],"about":[{"href":"https:\/\/www.africa-press.net\/cameroun\/wp-json\/wp\/v2\/types\/post"}],"author":[{"embeddable":true,"href":"https:\/\/www.africa-press.net\/cameroun\/wp-json\/wp\/v2\/users\/82"}],"replies":[{"embeddable":true,"href":"https:\/\/www.africa-press.net\/cameroun\/wp-json\/wp\/v2\/comments?post=28993"}],"version-history":[{"count":0,"href":"https:\/\/www.africa-press.net\/cameroun\/wp-json\/wp\/v2\/posts\/28993\/revisions"}],"wp:featuredmedia":[{"embeddable":true,"href":"https:\/\/www.africa-press.net\/cameroun\/wp-json\/wp\/v2\/media\/28992"}],"wp:attachment":[{"href":"https:\/\/www.africa-press.net\/cameroun\/wp-json\/wp\/v2\/media?parent=28993"}],"wp:term":[{"taxonomy":"category","embeddable":true,"href":"https:\/\/www.africa-press.net\/cameroun\/wp-json\/wp\/v2\/categories?post=28993"},{"taxonomy":"post_tag","embeddable":true,"href":"https:\/\/www.africa-press.net\/cameroun\/wp-json\/wp\/v2\/tags?post=28993"}],"curies":[{"name":"wp","href":"https:\/\/api.w.org\/{rel}","templated":true}]}}