{"id":29005,"date":"2022-10-08T16:07:39","date_gmt":"2022-10-08T16:07:39","guid":{"rendered":"https:\/\/www.africa-press.net\/cameroun\/politique\/incendie-a-la-sopecam-la-directrice-generale-marie-claire-nnana-rassure-ses-partenaires-et-ses-clients"},"modified":"2022-10-08T18:21:59","modified_gmt":"2022-10-08T18:21:59","slug":"incendie-a-la-sopecam-la-directrice-generale-marie-claire-nnana-rassure-ses-partenaires-et-ses-clients","status":"publish","type":"post","link":"https:\/\/www.africa-press.net\/cameroun\/toutes-les-actualites\/incendie-a-la-sopecam-la-directrice-generale-marie-claire-nnana-rassure-ses-partenaires-et-ses-clients","title":{"rendered":"Incendie \u00e0 la SOPECAM:   La directrice g\u00e9n\u00e9rale Marie-Claire Nnana \u00abrassure ses partenaires et ses clients\u00bb"},"content":{"rendered":"<p><span style=\"color: #ff6600\"><strong>Africa-Press &#8211; Cameroun. <\/strong><\/span>La directrice ge\u0301ne\u0301rale de la Socie\u0301te\u0301 de Presse et d\u2019Editions du Cameroun (SOPECAM) a re\u0301agi a\u0300 l\u2019incendie qui a touche\u0301 un pan du sie\u0300ge de l\u2019entreprise ce matin a\u0300 Yaounde\u0301. Dans le communique\u0301 lu sur l\u2019antenne radio de la CRTV ce 8 octobre 2022, Marie-Claire Nnana fait savoir que \u00ab ce regrettable incident dont les causes restent a\u0300 de\u0301terminer a entie\u0300rement endommage\u0301 un ba\u0302timent annexe en mate\u0301riaux provisoires re\u0301duisant en cendres essentiellement du mate\u0301riel de bureau et des archives \u00bb.<\/p>\n<p>La patronne de SOPECAM salue \u00ab la prompte intervention des sapeurs pompiers et des forces de maintien de l\u2019ordre \u00bb qui \u00ab a permis de circonscrire rapidement l\u2019incendie \u00bb. La directrice ge\u0301ne\u0301rale exprime \u00ab sa profonde gratitude a\u0300 l\u2019autorite\u0301 administrative ainsi qu\u2019aux services de se\u0301curite\u0301 pour leur action diligente et vigoureuse qui a permis de limiter les de\u0301ga\u0302ts \u00bb.<\/p>\n<p>Marie-Claire Nnana annonce des enque\u0302tes dont les re\u0301sultats renseigneront davantage sur les causes du sinistre. Elle de\u0301clare que le plus important a e\u0301te\u0301 pre\u0301serve\u0301. \u00ab SOPECAM rassure ses partenaires et ses clients que ce malheureux incident n\u2019a pas affecte\u0301 les services techniques essentiels a\u0300 sa production et que le service va se poursuivre sans perturbation majeure \u00bb, e\u0301crit la DG.<\/p>\n<p><strong>Pour plus d&rsquo;informations et d&rsquo;analyses sur la <a href=\"https:\/\/www.africa-press.net\/cameroun\">Cameroun<\/a>, suivez <a href=\"https:\/\/www.africa-press.net\/\">Africa-Press<\/a><\/strong><\/p>\n","protected":false},"excerpt":{"rendered":"<p>Africa-Press &#8211; Cameroun. La directrice ge\u0301ne\u0301rale de la Socie\u0301te\u0301 de Presse et d\u2019Editions du Cameroun (SOPECAM) a re\u0301agi a\u0300 l\u2019incendie qui a touche\u0301 un pan du sie\u0300ge de l\u2019entreprise ce matin a\u0300 Yaounde\u0301. Dans le communique\u0301 lu sur l\u2019antenne radio de la CRTV ce 8 octobre 2022, Marie-Claire Nnana fait savoir que \u00ab ce regrettable [&hellip;]<\/p>\n","protected":false},"author":82,"featured_media":29004,"comment_status":"open","ping_status":"closed","sticky":false,"template":"","format":"standard","meta":{"footnotes":""},"categories":[21,10],"tags":[36,50,49],"class_list":["post-29005","post","type-post","status-publish","format-standard","has-post-thumbnail","hentry","category-communaute","category-toutes-les-actualites","tag-africa-press","tag-africa-press-cameroun","tag-cameroun"],"yoast_head":"<!-- This site is optimized with the Yoast SEO Premium plugin v26.1 (Yoast SEO v27.0) - https:\/\/yoast.com\/product\/yoast-seo-premium-wordpress\/ -->\n<title>Incendie \u00e0 la SOPECAM:  La directrice g\u00e9n\u00e9rale Marie-Claire Nnana \u00abrassure ses partenaires et ses clients\u00bb - Cameroun<\/title>\n<meta name=\"description\" content=\"La directrice ge\u0301ne\u0301rale de la Socie\u0301te\u0301 de Presse et d\u2019Editions du Cameroun (SOPECAM) a re\u0301agi a\u0300 l\u2019incendie qui a touc ...\" \/>\n<meta name=\"robots\" content=\"index, follow, max-snippet:-1, max-image-preview:large, max-video-preview:-1\" \/>\n<link rel=\"canonical\" href=\"https:\/\/www.africa-press.net\/cameroun\/toutes-les-actualites\/incendie-a-la-sopecam-la-directrice-generale-marie-claire-nnana-rassure-ses-partenaires-et-ses-clients\" \/>\n<meta property=\"og:locale\" content=\"fr_FR\" \/>\n<meta property=\"og:type\" content=\"article\" \/>\n<meta property=\"og:title\" content=\"Incendie \u00e0 la SOPECAM:  La directrice g\u00e9n\u00e9rale Marie-Claire Nnana \u00abrassure ses partenaires et ses clients\u00bb\" \/>\n<meta property=\"og:description\" content=\"La directrice ge\u0301ne\u0301rale de la Socie\u0301te\u0301 de Presse et d\u2019Editions du Cameroun (SOPECAM) a re\u0301agi a\u0300 l\u2019incendie qui a touc ...\" \/>\n<meta property=\"og:url\" content=\"https:\/\/www.africa-press.net\/cameroun\/toutes-les-actualites\/incendie-a-la-sopecam-la-directrice-generale-marie-claire-nnana-rassure-ses-partenaires-et-ses-clients\" \/>\n<meta property=\"og:site_name\" content=\"Cameroun\" \/>\n<meta property=\"article:published_time\" content=\"2022-10-08T16:07:39+00:00\" \/>\n<meta property=\"article:modified_time\" content=\"2022-10-08T18:21:59+00:00\" \/>\n<meta property=\"og:image\" content=\"https:\/\/static.africa-press.net\/cameroun\/sites\/57\/2022\/10\/img-6341bfa86c828.jpg\" \/>\n\t<meta property=\"og:image:width\" content=\"800\" \/>\n\t<meta property=\"og:image:height\" content=\"342\" \/>\n\t<meta property=\"og:image:type\" content=\"image\/jpeg\" \/>\n<meta name=\"author\" content=\"cfeditorfr\" \/>\n<meta name=\"twitter:card\" content=\"summary_large_image\" \/>\n<meta name=\"twitter:label1\" content=\"\u00c9crit par\" \/>\n\t<meta name=\"twitter:data1\" content=\"cfeditorfr\" \/>\n\t<meta name=\"twitter:label2\" content=\"Dur\u00e9e de lecture estim\u00e9e\" \/>\n\t<meta name=\"twitter:data2\" content=\"2 minutes\" \/>\n<script type=\"application\/ld+json\" class=\"yoast-schema-graph\">{\"@context\":\"https:\/\/schema.org\",\"@graph\":[{\"@type\":\"Article\",\"@id\":\"https:\/\/www.africa-press.net\/cameroun\/toutes-les-actualites\/incendie-a-la-sopecam-la-directrice-generale-marie-claire-nnana-rassure-ses-partenaires-et-ses-clients#article\",\"isPartOf\":{\"@id\":\"https:\/\/www.africa-press.net\/cameroun\/toutes-les-actualites\/incendie-a-la-sopecam-la-directrice-generale-marie-claire-nnana-rassure-ses-partenaires-et-ses-clients\"},\"author\":{\"name\":\"cfeditorfr\",\"@id\":\"https:\/\/www.africa-press.net\/cameroun\/#\/schema\/person\/2b1cf3cd81a31e3cd26889ca66d677f1\"},\"headline\":\"Incendie \u00e0 la SOPECAM: La directrice g\u00e9n\u00e9rale Marie-Claire Nnana \u00abrassure ses partenaires et ses clients\u00bb\",\"datePublished\":\"2022-10-08T16:07:39+00:00\",\"dateModified\":\"2022-10-08T18:21:59+00:00\",\"mainEntityOfPage\":{\"@id\":\"https:\/\/www.africa-press.net\/cameroun\/toutes-les-actualites\/incendie-a-la-sopecam-la-directrice-generale-marie-claire-nnana-rassure-ses-partenaires-et-ses-clients\"},\"wordCount\":249,\"commentCount\":0,\"image\":{\"@id\":\"https:\/\/www.africa-press.net\/cameroun\/toutes-les-actualites\/incendie-a-la-sopecam-la-directrice-generale-marie-claire-nnana-rassure-ses-partenaires-et-ses-clients#primaryimage\"},\"thumbnailUrl\":\"https:\/\/static.africa-press.net\/cameroun\/sites\/57\/2022\/10\/img-6341bfa86c828.jpg\",\"keywords\":[\"Africa Press\",\"Africa Press-Cameroun\",\"Cameroun\"],\"articleSection\":[\"Communaut\u00e9\",\"Toutes les actualit\u00e9s\"],\"inLanguage\":\"fr-FR\",\"potentialAction\":[{\"@type\":\"CommentAction\",\"name\":\"Comment\",\"target\":[\"https:\/\/www.africa-press.net\/cameroun\/toutes-les-actualites\/incendie-a-la-sopecam-la-directrice-generale-marie-claire-nnana-rassure-ses-partenaires-et-ses-clients#respond\"]}]},{\"@type\":\"WebPage\",\"@id\":\"https:\/\/www.africa-press.net\/cameroun\/toutes-les-actualites\/incendie-a-la-sopecam-la-directrice-generale-marie-claire-nnana-rassure-ses-partenaires-et-ses-clients\",\"url\":\"https:\/\/www.africa-press.net\/cameroun\/toutes-les-actualites\/incendie-a-la-sopecam-la-directrice-generale-marie-claire-nnana-rassure-ses-partenaires-et-ses-clients\",\"name\":\"Incendie \u00e0 la SOPECAM: La directrice g\u00e9n\u00e9rale Marie-Claire Nnana \u00abrassure ses partenaires et ses clients\u00bb - Cameroun\",\"isPartOf\":{\"@id\":\"https:\/\/www.africa-press.net\/cameroun\/#website\"},\"primaryImageOfPage\":{\"@id\":\"https:\/\/www.africa-press.net\/cameroun\/toutes-les-actualites\/incendie-a-la-sopecam-la-directrice-generale-marie-claire-nnana-rassure-ses-partenaires-et-ses-clients#primaryimage\"},\"image\":{\"@id\":\"https:\/\/www.africa-press.net\/cameroun\/toutes-les-actualites\/incendie-a-la-sopecam-la-directrice-generale-marie-claire-nnana-rassure-ses-partenaires-et-ses-clients#primaryimage\"},\"thumbnailUrl\":\"https:\/\/static.africa-press.net\/cameroun\/sites\/57\/2022\/10\/img-6341bfa86c828.jpg\",\"datePublished\":\"2022-10-08T16:07:39+00:00\",\"dateModified\":\"2022-10-08T18:21:59+00:00\",\"author\":{\"@id\":\"https:\/\/www.africa-press.net\/cameroun\/#\/schema\/person\/2b1cf3cd81a31e3cd26889ca66d677f1\"},\"description\":\"La directrice ge\u0301ne\u0301rale de la Socie\u0301te\u0301 de Presse et d\u2019Editions du Cameroun (SOPECAM) a re\u0301agi a\u0300 l\u2019incendie qui a touc ...\",\"breadcrumb\":{\"@id\":\"https:\/\/www.africa-press.net\/cameroun\/toutes-les-actualites\/incendie-a-la-sopecam-la-directrice-generale-marie-claire-nnana-rassure-ses-partenaires-et-ses-clients#breadcrumb\"},\"inLanguage\":\"fr-FR\",\"potentialAction\":[{\"@type\":\"ReadAction\",\"target\":[\"https:\/\/www.africa-press.net\/cameroun\/toutes-les-actualites\/incendie-a-la-sopecam-la-directrice-generale-marie-claire-nnana-rassure-ses-partenaires-et-ses-clients\"]}]},{\"@type\":\"ImageObject\",\"inLanguage\":\"fr-FR\",\"@id\":\"https:\/\/www.africa-press.net\/cameroun\/toutes-les-actualites\/incendie-a-la-sopecam-la-directrice-generale-marie-claire-nnana-rassure-ses-partenaires-et-ses-clients#primaryimage\",\"url\":\"https:\/\/static.africa-press.net\/cameroun\/sites\/57\/2022\/10\/img-6341bfa86c828.jpg\",\"contentUrl\":\"https:\/\/static.africa-press.net\/cameroun\/sites\/57\/2022\/10\/img-6341bfa86c828.jpg\",\"width\":800,\"height\":342,\"caption\":\"Incendie \u00e0 la SOPECAM: La directrice g\u00e9n\u00e9rale Marie-Claire Nnana \u00abrassure ses partenaires et ses clients\u00bb\"},{\"@type\":\"BreadcrumbList\",\"@id\":\"https:\/\/www.africa-press.net\/cameroun\/toutes-les-actualites\/incendie-a-la-sopecam-la-directrice-generale-marie-claire-nnana-rassure-ses-partenaires-et-ses-clients#breadcrumb\",\"itemListElement\":[{\"@type\":\"ListItem\",\"position\":1,\"name\":\"Accueil\",\"item\":\"https:\/\/www.africa-press.net\/cameroun\/\"},{\"@type\":\"ListItem\",\"position\":2,\"name\":\"Incendie \u00e0 la SOPECAM: La directrice g\u00e9n\u00e9rale Marie-Claire Nnana \u00abrassure ses partenaires et ses clients\u00bb\"}]},{\"@type\":\"WebSite\",\"@id\":\"https:\/\/www.africa-press.net\/cameroun\/#website\",\"url\":\"https:\/\/www.africa-press.net\/cameroun\/\",\"name\":\"Cameroun\",\"description\":\"Just another Africa News Agency Sites site\",\"potentialAction\":[{\"@type\":\"SearchAction\",\"target\":{\"@type\":\"EntryPoint\",\"urlTemplate\":\"https:\/\/www.africa-press.net\/cameroun\/?s={search_term_string}\"},\"query-input\":{\"@type\":\"PropertyValueSpecification\",\"valueRequired\":true,\"valueName\":\"search_term_string\"}}],\"inLanguage\":\"fr-FR\"},{\"@type\":\"Person\",\"@id\":\"https:\/\/www.africa-press.net\/cameroun\/#\/schema\/person\/2b1cf3cd81a31e3cd26889ca66d677f1\",\"name\":\"cfeditorfr\"}]}<\/script>\n<!-- \/ Yoast SEO Premium plugin. -->","yoast_head_json":{"title":"Incendie \u00e0 la SOPECAM:  La directrice g\u00e9n\u00e9rale Marie-Claire Nnana \u00abrassure ses partenaires et ses clients\u00bb - Cameroun","description":"La directrice ge\u0301ne\u0301rale de la Socie\u0301te\u0301 de Presse et d\u2019Editions du Cameroun (SOPECAM) a re\u0301agi a\u0300 l\u2019incendie qui a touc ...","robots":{"index":"index","follow":"follow","max-snippet":"max-snippet:-1","max-image-preview":"max-image-preview:large","max-video-preview":"max-video-preview:-1"},"canonical":"https:\/\/www.africa-press.net\/cameroun\/toutes-les-actualites\/incendie-a-la-sopecam-la-directrice-generale-marie-claire-nnana-rassure-ses-partenaires-et-ses-clients","og_locale":"fr_FR","og_type":"article","og_title":"Incendie \u00e0 la SOPECAM:  La directrice g\u00e9n\u00e9rale Marie-Claire Nnana \u00abrassure ses partenaires et ses clients\u00bb","og_description":"La directrice ge\u0301ne\u0301rale de la Socie\u0301te\u0301 de Presse et d\u2019Editions du Cameroun (SOPECAM) a re\u0301agi a\u0300 l\u2019incendie qui a touc ...","og_url":"https:\/\/www.africa-press.net\/cameroun\/toutes-les-actualites\/incendie-a-la-sopecam-la-directrice-generale-marie-claire-nnana-rassure-ses-partenaires-et-ses-clients","og_site_name":"Cameroun","article_published_time":"2022-10-08T16:07:39+00:00","article_modified_time":"2022-10-08T18:21:59+00:00","og_image":[{"width":800,"height":342,"url":"https:\/\/static.africa-press.net\/cameroun\/sites\/57\/2022\/10\/img-6341bfa86c828.jpg","type":"image\/jpeg"}],"author":"cfeditorfr","twitter_card":"summary_large_image","twitter_misc":{"\u00c9crit par":"cfeditorfr","Dur\u00e9e de lecture estim\u00e9e":"2 minutes"},"schema":{"@context":"https:\/\/schema.org","@graph":[{"@type":"Article","@id":"https:\/\/www.africa-press.net\/cameroun\/toutes-les-actualites\/incendie-a-la-sopecam-la-directrice-generale-marie-claire-nnana-rassure-ses-partenaires-et-ses-clients#article","isPartOf":{"@id":"https:\/\/www.africa-press.net\/cameroun\/toutes-les-actualites\/incendie-a-la-sopecam-la-directrice-generale-marie-claire-nnana-rassure-ses-partenaires-et-ses-clients"},"author":{"name":"cfeditorfr","@id":"https:\/\/www.africa-press.net\/cameroun\/#\/schema\/person\/2b1cf3cd81a31e3cd26889ca66d677f1"},"headline":"Incendie \u00e0 la SOPECAM: La directrice g\u00e9n\u00e9rale Marie-Claire Nnana \u00abrassure ses partenaires et ses clients\u00bb","datePublished":"2022-10-08T16:07:39+00:00","dateModified":"2022-10-08T18:21:59+00:00","mainEntityOfPage":{"@id":"https:\/\/www.africa-press.net\/cameroun\/toutes-les-actualites\/incendie-a-la-sopecam-la-directrice-generale-marie-claire-nnana-rassure-ses-partenaires-et-ses-clients"},"wordCount":249,"commentCount":0,"image":{"@id":"https:\/\/www.africa-press.net\/cameroun\/toutes-les-actualites\/incendie-a-la-sopecam-la-directrice-generale-marie-claire-nnana-rassure-ses-partenaires-et-ses-clients#primaryimage"},"thumbnailUrl":"https:\/\/static.africa-press.net\/cameroun\/sites\/57\/2022\/10\/img-6341bfa86c828.jpg","keywords":["Africa Press","Africa Press-Cameroun","Cameroun"],"articleSection":["Communaut\u00e9","Toutes les actualit\u00e9s"],"inLanguage":"fr-FR","potentialAction":[{"@type":"CommentAction","name":"Comment","target":["https:\/\/www.africa-press.net\/cameroun\/toutes-les-actualites\/incendie-a-la-sopecam-la-directrice-generale-marie-claire-nnana-rassure-ses-partenaires-et-ses-clients#respond"]}]},{"@type":"WebPage","@id":"https:\/\/www.africa-press.net\/cameroun\/toutes-les-actualites\/incendie-a-la-sopecam-la-directrice-generale-marie-claire-nnana-rassure-ses-partenaires-et-ses-clients","url":"https:\/\/www.africa-press.net\/cameroun\/toutes-les-actualites\/incendie-a-la-sopecam-la-directrice-generale-marie-claire-nnana-rassure-ses-partenaires-et-ses-clients","name":"Incendie \u00e0 la SOPECAM: La directrice g\u00e9n\u00e9rale Marie-Claire Nnana \u00abrassure ses partenaires et ses clients\u00bb - Cameroun","isPartOf":{"@id":"https:\/\/www.africa-press.net\/cameroun\/#website"},"primaryImageOfPage":{"@id":"https:\/\/www.africa-press.net\/cameroun\/toutes-les-actualites\/incendie-a-la-sopecam-la-directrice-generale-marie-claire-nnana-rassure-ses-partenaires-et-ses-clients#primaryimage"},"image":{"@id":"https:\/\/www.africa-press.net\/cameroun\/toutes-les-actualites\/incendie-a-la-sopecam-la-directrice-generale-marie-claire-nnana-rassure-ses-partenaires-et-ses-clients#primaryimage"},"thumbnailUrl":"https:\/\/static.africa-press.net\/cameroun\/sites\/57\/2022\/10\/img-6341bfa86c828.jpg","datePublished":"2022-10-08T16:07:39+00:00","dateModified":"2022-10-08T18:21:59+00:00","author":{"@id":"https:\/\/www.africa-press.net\/cameroun\/#\/schema\/person\/2b1cf3cd81a31e3cd26889ca66d677f1"},"description":"La directrice ge\u0301ne\u0301rale de la Socie\u0301te\u0301 de Presse et d\u2019Editions du Cameroun (SOPECAM) a re\u0301agi a\u0300 l\u2019incendie qui a touc ...","breadcrumb":{"@id":"https:\/\/www.africa-press.net\/cameroun\/toutes-les-actualites\/incendie-a-la-sopecam-la-directrice-generale-marie-claire-nnana-rassure-ses-partenaires-et-ses-clients#breadcrumb"},"inLanguage":"fr-FR","potentialAction":[{"@type":"ReadAction","target":["https:\/\/www.africa-press.net\/cameroun\/toutes-les-actualites\/incendie-a-la-sopecam-la-directrice-generale-marie-claire-nnana-rassure-ses-partenaires-et-ses-clients"]}]},{"@type":"ImageObject","inLanguage":"fr-FR","@id":"https:\/\/www.africa-press.net\/cameroun\/toutes-les-actualites\/incendie-a-la-sopecam-la-directrice-generale-marie-claire-nnana-rassure-ses-partenaires-et-ses-clients#primaryimage","url":"https:\/\/static.africa-press.net\/cameroun\/sites\/57\/2022\/10\/img-6341bfa86c828.jpg","contentUrl":"https:\/\/static.africa-press.net\/cameroun\/sites\/57\/2022\/10\/img-6341bfa86c828.jpg","width":800,"height":342,"caption":"Incendie \u00e0 la SOPECAM: La directrice g\u00e9n\u00e9rale Marie-Claire Nnana \u00abrassure ses partenaires et ses clients\u00bb"},{"@type":"BreadcrumbList","@id":"https:\/\/www.africa-press.net\/cameroun\/toutes-les-actualites\/incendie-a-la-sopecam-la-directrice-generale-marie-claire-nnana-rassure-ses-partenaires-et-ses-clients#breadcrumb","itemListElement":[{"@type":"ListItem","position":1,"name":"Accueil","item":"https:\/\/www.africa-press.net\/cameroun\/"},{"@type":"ListItem","position":2,"name":"Incendie \u00e0 la SOPECAM: La directrice g\u00e9n\u00e9rale Marie-Claire Nnana \u00abrassure ses partenaires et ses clients\u00bb"}]},{"@type":"WebSite","@id":"https:\/\/www.africa-press.net\/cameroun\/#website","url":"https:\/\/www.africa-press.net\/cameroun\/","name":"Cameroun","description":"Just another Africa News Agency Sites site","potentialAction":[{"@type":"SearchAction","target":{"@type":"EntryPoint","urlTemplate":"https:\/\/www.africa-press.net\/cameroun\/?s={search_term_string}"},"query-input":{"@type":"PropertyValueSpecification","valueRequired":true,"valueName":"search_term_string"}}],"inLanguage":"fr-FR"},{"@type":"Person","@id":"https:\/\/www.africa-press.net\/cameroun\/#\/schema\/person\/2b1cf3cd81a31e3cd26889ca66d677f1","name":"cfeditorfr"}]}},"_links":{"self":[{"href":"https:\/\/www.africa-press.net\/cameroun\/wp-json\/wp\/v2\/posts\/29005","targetHints":{"allow":["GET"]}}],"collection":[{"href":"https:\/\/www.africa-press.net\/cameroun\/wp-json\/wp\/v2\/posts"}],"about":[{"href":"https:\/\/www.africa-press.net\/cameroun\/wp-json\/wp\/v2\/types\/post"}],"author":[{"embeddable":true,"href":"https:\/\/www.africa-press.net\/cameroun\/wp-json\/wp\/v2\/users\/82"}],"replies":[{"embeddable":true,"href":"https:\/\/www.africa-press.net\/cameroun\/wp-json\/wp\/v2\/comments?post=29005"}],"version-history":[{"count":0,"href":"https:\/\/www.africa-press.net\/cameroun\/wp-json\/wp\/v2\/posts\/29005\/revisions"}],"wp:featuredmedia":[{"embeddable":true,"href":"https:\/\/www.africa-press.net\/cameroun\/wp-json\/wp\/v2\/media\/29004"}],"wp:attachment":[{"href":"https:\/\/www.africa-press.net\/cameroun\/wp-json\/wp\/v2\/media?parent=29005"}],"wp:term":[{"taxonomy":"category","embeddable":true,"href":"https:\/\/www.africa-press.net\/cameroun\/wp-json\/wp\/v2\/categories?post=29005"},{"taxonomy":"post_tag","embeddable":true,"href":"https:\/\/www.africa-press.net\/cameroun\/wp-json\/wp\/v2\/tags?post=29005"}],"curies":[{"name":"wp","href":"https:\/\/api.w.org\/{rel}","templated":true}]}}