{"id":2903,"date":"2021-04-30T20:27:01","date_gmt":"2021-04-30T20:27:01","guid":{"rendered":"https:\/\/www.africa-press.net\/cameroun\/politique\/la-covid-19-a-amplifie-la-defiance-envers-les-vaccins"},"modified":"2021-04-30T21:18:11","modified_gmt":"2021-04-30T21:18:11","slug":"la-covid-19-a-amplifie-la-defiance-envers-les-vaccins","status":"publish","type":"post","link":"https:\/\/www.africa-press.net\/cameroun\/dossiers\/la-covid-19-a-amplifie-la-defiance-envers-les-vaccins","title":{"rendered":"La Covid-19 a amplifi\u00e9 la d\u00e9fiance envers les vaccins"},"content":{"rendered":"<p><span style=\"color: #ff6600\"><strong><a href=\"https:\/\/www.africa-press.net\/\">Africa-Press<\/a> &#8211; <a href=\"https:\/\/www.africa-press.net\/cameroun\">Cameroun<\/a>. <\/strong><\/span>Entre le 25 et le 30 mars 2021, une campagne de vaccination contre le chol\u00e9ra s\u2019est d\u00e9roul\u00e9e dans trois r\u00e9gions \u00e0 savoir le Littoral, le Sud-Ouest et le Sud. Pour cette campagne, le taux de couverture vaccinale r\u00e9alis\u00e9 est de 50%. Une statistique qui permet de constater que seule la moiti\u00e9 de la population cibl\u00e9e a \u00e9t\u00e9 atteinte.<\/p>\n<p>\u00ab D\u2019habitude pour les campagnes de vaccination contre les maladies qui tuent comme le chol\u00e9ra, on est entre 80 \u00e0 90%. Donc quand on descend \u00e0 50%, il y a probl\u00e8me \u00bb, a fait savoir Amani Adidja, sous-directeur de la vaccination au minist\u00e8re de la Sant\u00e9 publique \u00e0 l\u2019occasion de la semaine de la vaccination, c\u00e9l\u00e9br\u00e9e la derni\u00e8re semaine d&rsquo;avril. Cette responsable ajoute d\u2019ailleurs que des \u00e9quipes ont \u00e9t\u00e9 accueillies avec hostilit\u00e9 par les populations.<\/p>\n<p>D\u2019apr\u00e8s Amani Adidja, cette h\u00e9sitation s\u2019est amplifi\u00e9e avec la pand\u00e9mie de Covid-19. Les th\u00e9ories complotistes partag\u00e9es \u00e0 l\u2019endroit de ces vaccins n\u2019ont pas arrang\u00e9 la situation. En effet, des pol\u00e9miques sur les possibles effets secondaires irr\u00e9versibles des vaccins sont de plus en plus r\u00e9currentes. Sur les r\u00e9seaux sociaux, ils sont de tous les formats : vid\u00e9os t\u00e9moignages, textes et autres.<\/p>\n<p>Le 13 octobre 2020, le ministre de la Sant\u00e9 publique, Manaouda Malachie d\u00e9criaient d\u00e9j\u00e0 cet \u00e9tat de choses lors d\u2019un point de presse organis\u00e9 \u00e0 la suite d\u2019une pol\u00e9mique au sujet du vaccin contre le cancer du col de l\u2019ut\u00e9rus administr\u00e9 aux jeunes filles. Le membre du gouvernement n\u2019a pas h\u00e9sit\u00e9 \u00e0 vanter les vaccins qui ont permis de vaincre certaines maladies telles que \u00ab la tuberculose, la rougeole, la diarrh\u00e9e \u00e0 rota virus \u00bb.<\/p>\n<p>Pour ce qui est de la campagne de vaccination en cours contre le coronavirus, le Premier ministre et des membres ont pris publiquement leur premi\u00e8re dose. C\u2019\u00e9tait le 21 avril dernier dans l\u2019auditorium des services du Premier ministre. L\u2019id\u00e9e \u00e9tait d\u2019encourager la population \u00e0 se faire vacciner. \u00ab Des gens qui nous sont chers sont en train de tomber \u00e0 cause du Covid (\u2026), il est donc important de prendre des mesures pour arr\u00eater tout cela. Et jusqu\u2019\u00e0 lors, la seule fa\u00e7on v\u00e9ritable c\u2019est la vaccination. C\u2019est pour cela que je me suis fait vacciner. Et comme vous voyez, je suis bien. J\u2019encourage tous les Camerounais \u00e0 se faire vacciner \u00bb, avait d\u00e9clar\u00e9 alors le chef du gouvernement, Joseph Dion Ngute.<\/p>\n","protected":false},"excerpt":{"rendered":"<p>Africa-Press &#8211; Cameroun. Entre le 25 et le 30 mars 2021, une campagne de vaccination contre le chol\u00e9ra s\u2019est d\u00e9roul\u00e9e dans trois r\u00e9gions \u00e0 savoir le Littoral, le Sud-Ouest et le Sud. Pour cette campagne, le taux de couverture vaccinale r\u00e9alis\u00e9 est de 50%. Une statistique qui permet de constater que seule la moiti\u00e9 de [&hellip;]<\/p>\n","protected":false},"author":82,"featured_media":2902,"comment_status":"open","ping_status":"closed","sticky":false,"template":"","format":"standard","meta":{"footnotes":""},"categories":[7,11,10],"tags":[36,50,49],"class_list":["post-2903","post","type-post","status-publish","format-standard","has-post-thumbnail","hentry","category-dossiers","category-homepage-french","category-toutes-les-actualites","tag-africa-press","tag-africa-press-cameroun","tag-cameroun"],"yoast_head":"<!-- This site is optimized with the Yoast SEO Premium plugin v26.1 (Yoast SEO v27.0) - https:\/\/yoast.com\/product\/yoast-seo-premium-wordpress\/ -->\n<title>La Covid-19 a amplifi\u00e9 la d\u00e9fiance envers les vaccins - Cameroun<\/title>\n<meta name=\"description\" content=\"Entre le 25 et le 30 mars 2021, une campagne de vaccination contre le chol\u00e9ra s\u2019est d\u00e9roul\u00e9e dans trois r\u00e9gions \u00e0 savoir ...\" \/>\n<meta name=\"robots\" content=\"index, follow, max-snippet:-1, max-image-preview:large, max-video-preview:-1\" \/>\n<link rel=\"canonical\" href=\"https:\/\/www.africa-press.net\/cameroun\/dossiers\/la-covid-19-a-amplifie-la-defiance-envers-les-vaccins\" \/>\n<meta property=\"og:locale\" content=\"fr_FR\" \/>\n<meta property=\"og:type\" content=\"article\" \/>\n<meta property=\"og:title\" content=\"La Covid-19 a amplifi\u00e9 la d\u00e9fiance envers les vaccins\" \/>\n<meta property=\"og:description\" content=\"Entre le 25 et le 30 mars 2021, une campagne de vaccination contre le chol\u00e9ra s\u2019est d\u00e9roul\u00e9e dans trois r\u00e9gions \u00e0 savoir ...\" \/>\n<meta property=\"og:url\" content=\"https:\/\/www.africa-press.net\/cameroun\/dossiers\/la-covid-19-a-amplifie-la-defiance-envers-les-vaccins\" \/>\n<meta property=\"og:site_name\" content=\"Cameroun\" \/>\n<meta property=\"article:published_time\" content=\"2021-04-30T20:27:01+00:00\" \/>\n<meta property=\"article:modified_time\" content=\"2021-04-30T21:18:11+00:00\" \/>\n<meta property=\"og:image\" content=\"https:\/\/static.africa-press.net\/cameroun\/sites\/57\/2021\/04\/img-608c73fdda751.jpg\" \/>\n\t<meta property=\"og:image:width\" content=\"1024\" \/>\n\t<meta property=\"og:image:height\" content=\"576\" \/>\n\t<meta property=\"og:image:type\" content=\"image\/jpeg\" \/>\n<meta name=\"author\" content=\"cfeditorfr\" \/>\n<meta name=\"twitter:card\" content=\"summary_large_image\" \/>\n<meta name=\"twitter:label1\" content=\"\u00c9crit par\" \/>\n\t<meta name=\"twitter:data1\" content=\"cfeditorfr\" \/>\n\t<meta name=\"twitter:label2\" content=\"Dur\u00e9e de lecture estim\u00e9e\" \/>\n\t<meta name=\"twitter:data2\" content=\"2 minutes\" \/>\n<script type=\"application\/ld+json\" class=\"yoast-schema-graph\">{\"@context\":\"https:\/\/schema.org\",\"@graph\":[{\"@type\":\"Article\",\"@id\":\"https:\/\/www.africa-press.net\/cameroun\/dossiers\/la-covid-19-a-amplifie-la-defiance-envers-les-vaccins#article\",\"isPartOf\":{\"@id\":\"https:\/\/www.africa-press.net\/cameroun\/dossiers\/la-covid-19-a-amplifie-la-defiance-envers-les-vaccins\"},\"author\":{\"name\":\"cfeditorfr\",\"@id\":\"https:\/\/www.africa-press.net\/cameroun\/#\/schema\/person\/2b1cf3cd81a31e3cd26889ca66d677f1\"},\"headline\":\"La Covid-19 a amplifi\u00e9 la d\u00e9fiance envers les vaccins\",\"datePublished\":\"2021-04-30T20:27:01+00:00\",\"dateModified\":\"2021-04-30T21:18:11+00:00\",\"mainEntityOfPage\":{\"@id\":\"https:\/\/www.africa-press.net\/cameroun\/dossiers\/la-covid-19-a-amplifie-la-defiance-envers-les-vaccins\"},\"wordCount\":430,\"commentCount\":0,\"image\":{\"@id\":\"https:\/\/www.africa-press.net\/cameroun\/dossiers\/la-covid-19-a-amplifie-la-defiance-envers-les-vaccins#primaryimage\"},\"thumbnailUrl\":\"https:\/\/static.africa-press.net\/cameroun\/sites\/57\/2021\/04\/img-608c73fdda751.jpg\",\"keywords\":[\"Africa Press\",\"Africa Press-Cameroun\",\"Cameroun\"],\"articleSection\":[\"Dossiers\",\"homepage-french\",\"Toutes les actualit\u00e9s\"],\"inLanguage\":\"fr-FR\",\"potentialAction\":[{\"@type\":\"CommentAction\",\"name\":\"Comment\",\"target\":[\"https:\/\/www.africa-press.net\/cameroun\/dossiers\/la-covid-19-a-amplifie-la-defiance-envers-les-vaccins#respond\"]}]},{\"@type\":\"WebPage\",\"@id\":\"https:\/\/www.africa-press.net\/cameroun\/dossiers\/la-covid-19-a-amplifie-la-defiance-envers-les-vaccins\",\"url\":\"https:\/\/www.africa-press.net\/cameroun\/dossiers\/la-covid-19-a-amplifie-la-defiance-envers-les-vaccins\",\"name\":\"La Covid-19 a amplifi\u00e9 la d\u00e9fiance envers les vaccins - Cameroun\",\"isPartOf\":{\"@id\":\"https:\/\/www.africa-press.net\/cameroun\/#website\"},\"primaryImageOfPage\":{\"@id\":\"https:\/\/www.africa-press.net\/cameroun\/dossiers\/la-covid-19-a-amplifie-la-defiance-envers-les-vaccins#primaryimage\"},\"image\":{\"@id\":\"https:\/\/www.africa-press.net\/cameroun\/dossiers\/la-covid-19-a-amplifie-la-defiance-envers-les-vaccins#primaryimage\"},\"thumbnailUrl\":\"https:\/\/static.africa-press.net\/cameroun\/sites\/57\/2021\/04\/img-608c73fdda751.jpg\",\"datePublished\":\"2021-04-30T20:27:01+00:00\",\"dateModified\":\"2021-04-30T21:18:11+00:00\",\"author\":{\"@id\":\"https:\/\/www.africa-press.net\/cameroun\/#\/schema\/person\/2b1cf3cd81a31e3cd26889ca66d677f1\"},\"description\":\"Entre le 25 et le 30 mars 2021, une campagne de vaccination contre le chol\u00e9ra s\u2019est d\u00e9roul\u00e9e dans trois r\u00e9gions \u00e0 savoir ...\",\"breadcrumb\":{\"@id\":\"https:\/\/www.africa-press.net\/cameroun\/dossiers\/la-covid-19-a-amplifie-la-defiance-envers-les-vaccins#breadcrumb\"},\"inLanguage\":\"fr-FR\",\"potentialAction\":[{\"@type\":\"ReadAction\",\"target\":[\"https:\/\/www.africa-press.net\/cameroun\/dossiers\/la-covid-19-a-amplifie-la-defiance-envers-les-vaccins\"]}]},{\"@type\":\"ImageObject\",\"inLanguage\":\"fr-FR\",\"@id\":\"https:\/\/www.africa-press.net\/cameroun\/dossiers\/la-covid-19-a-amplifie-la-defiance-envers-les-vaccins#primaryimage\",\"url\":\"https:\/\/static.africa-press.net\/cameroun\/sites\/57\/2021\/04\/img-608c73fdda751.jpg\",\"contentUrl\":\"https:\/\/static.africa-press.net\/cameroun\/sites\/57\/2021\/04\/img-608c73fdda751.jpg\",\"width\":1024,\"height\":576,\"caption\":\"La Covid-19 a amplifi\u00e9 la d\u00e9fiance envers les vaccins\"},{\"@type\":\"BreadcrumbList\",\"@id\":\"https:\/\/www.africa-press.net\/cameroun\/dossiers\/la-covid-19-a-amplifie-la-defiance-envers-les-vaccins#breadcrumb\",\"itemListElement\":[{\"@type\":\"ListItem\",\"position\":1,\"name\":\"Accueil\",\"item\":\"https:\/\/www.africa-press.net\/cameroun\/\"},{\"@type\":\"ListItem\",\"position\":2,\"name\":\"La Covid-19 a amplifi\u00e9 la d\u00e9fiance envers les vaccins\"}]},{\"@type\":\"WebSite\",\"@id\":\"https:\/\/www.africa-press.net\/cameroun\/#website\",\"url\":\"https:\/\/www.africa-press.net\/cameroun\/\",\"name\":\"Cameroun\",\"description\":\"Just another Africa News Agency Sites site\",\"potentialAction\":[{\"@type\":\"SearchAction\",\"target\":{\"@type\":\"EntryPoint\",\"urlTemplate\":\"https:\/\/www.africa-press.net\/cameroun\/?s={search_term_string}\"},\"query-input\":{\"@type\":\"PropertyValueSpecification\",\"valueRequired\":true,\"valueName\":\"search_term_string\"}}],\"inLanguage\":\"fr-FR\"},{\"@type\":\"Person\",\"@id\":\"https:\/\/www.africa-press.net\/cameroun\/#\/schema\/person\/2b1cf3cd81a31e3cd26889ca66d677f1\",\"name\":\"cfeditorfr\"}]}<\/script>\n<!-- \/ Yoast SEO Premium plugin. -->","yoast_head_json":{"title":"La Covid-19 a amplifi\u00e9 la d\u00e9fiance envers les vaccins - Cameroun","description":"Entre le 25 et le 30 mars 2021, une campagne de vaccination contre le chol\u00e9ra s\u2019est d\u00e9roul\u00e9e dans trois r\u00e9gions \u00e0 savoir ...","robots":{"index":"index","follow":"follow","max-snippet":"max-snippet:-1","max-image-preview":"max-image-preview:large","max-video-preview":"max-video-preview:-1"},"canonical":"https:\/\/www.africa-press.net\/cameroun\/dossiers\/la-covid-19-a-amplifie-la-defiance-envers-les-vaccins","og_locale":"fr_FR","og_type":"article","og_title":"La Covid-19 a amplifi\u00e9 la d\u00e9fiance envers les vaccins","og_description":"Entre le 25 et le 30 mars 2021, une campagne de vaccination contre le chol\u00e9ra s\u2019est d\u00e9roul\u00e9e dans trois r\u00e9gions \u00e0 savoir ...","og_url":"https:\/\/www.africa-press.net\/cameroun\/dossiers\/la-covid-19-a-amplifie-la-defiance-envers-les-vaccins","og_site_name":"Cameroun","article_published_time":"2021-04-30T20:27:01+00:00","article_modified_time":"2021-04-30T21:18:11+00:00","og_image":[{"width":1024,"height":576,"url":"https:\/\/static.africa-press.net\/cameroun\/sites\/57\/2021\/04\/img-608c73fdda751.jpg","type":"image\/jpeg"}],"author":"cfeditorfr","twitter_card":"summary_large_image","twitter_misc":{"\u00c9crit par":"cfeditorfr","Dur\u00e9e de lecture estim\u00e9e":"2 minutes"},"schema":{"@context":"https:\/\/schema.org","@graph":[{"@type":"Article","@id":"https:\/\/www.africa-press.net\/cameroun\/dossiers\/la-covid-19-a-amplifie-la-defiance-envers-les-vaccins#article","isPartOf":{"@id":"https:\/\/www.africa-press.net\/cameroun\/dossiers\/la-covid-19-a-amplifie-la-defiance-envers-les-vaccins"},"author":{"name":"cfeditorfr","@id":"https:\/\/www.africa-press.net\/cameroun\/#\/schema\/person\/2b1cf3cd81a31e3cd26889ca66d677f1"},"headline":"La Covid-19 a amplifi\u00e9 la d\u00e9fiance envers les vaccins","datePublished":"2021-04-30T20:27:01+00:00","dateModified":"2021-04-30T21:18:11+00:00","mainEntityOfPage":{"@id":"https:\/\/www.africa-press.net\/cameroun\/dossiers\/la-covid-19-a-amplifie-la-defiance-envers-les-vaccins"},"wordCount":430,"commentCount":0,"image":{"@id":"https:\/\/www.africa-press.net\/cameroun\/dossiers\/la-covid-19-a-amplifie-la-defiance-envers-les-vaccins#primaryimage"},"thumbnailUrl":"https:\/\/static.africa-press.net\/cameroun\/sites\/57\/2021\/04\/img-608c73fdda751.jpg","keywords":["Africa Press","Africa Press-Cameroun","Cameroun"],"articleSection":["Dossiers","homepage-french","Toutes les actualit\u00e9s"],"inLanguage":"fr-FR","potentialAction":[{"@type":"CommentAction","name":"Comment","target":["https:\/\/www.africa-press.net\/cameroun\/dossiers\/la-covid-19-a-amplifie-la-defiance-envers-les-vaccins#respond"]}]},{"@type":"WebPage","@id":"https:\/\/www.africa-press.net\/cameroun\/dossiers\/la-covid-19-a-amplifie-la-defiance-envers-les-vaccins","url":"https:\/\/www.africa-press.net\/cameroun\/dossiers\/la-covid-19-a-amplifie-la-defiance-envers-les-vaccins","name":"La Covid-19 a amplifi\u00e9 la d\u00e9fiance envers les vaccins - Cameroun","isPartOf":{"@id":"https:\/\/www.africa-press.net\/cameroun\/#website"},"primaryImageOfPage":{"@id":"https:\/\/www.africa-press.net\/cameroun\/dossiers\/la-covid-19-a-amplifie-la-defiance-envers-les-vaccins#primaryimage"},"image":{"@id":"https:\/\/www.africa-press.net\/cameroun\/dossiers\/la-covid-19-a-amplifie-la-defiance-envers-les-vaccins#primaryimage"},"thumbnailUrl":"https:\/\/static.africa-press.net\/cameroun\/sites\/57\/2021\/04\/img-608c73fdda751.jpg","datePublished":"2021-04-30T20:27:01+00:00","dateModified":"2021-04-30T21:18:11+00:00","author":{"@id":"https:\/\/www.africa-press.net\/cameroun\/#\/schema\/person\/2b1cf3cd81a31e3cd26889ca66d677f1"},"description":"Entre le 25 et le 30 mars 2021, une campagne de vaccination contre le chol\u00e9ra s\u2019est d\u00e9roul\u00e9e dans trois r\u00e9gions \u00e0 savoir ...","breadcrumb":{"@id":"https:\/\/www.africa-press.net\/cameroun\/dossiers\/la-covid-19-a-amplifie-la-defiance-envers-les-vaccins#breadcrumb"},"inLanguage":"fr-FR","potentialAction":[{"@type":"ReadAction","target":["https:\/\/www.africa-press.net\/cameroun\/dossiers\/la-covid-19-a-amplifie-la-defiance-envers-les-vaccins"]}]},{"@type":"ImageObject","inLanguage":"fr-FR","@id":"https:\/\/www.africa-press.net\/cameroun\/dossiers\/la-covid-19-a-amplifie-la-defiance-envers-les-vaccins#primaryimage","url":"https:\/\/static.africa-press.net\/cameroun\/sites\/57\/2021\/04\/img-608c73fdda751.jpg","contentUrl":"https:\/\/static.africa-press.net\/cameroun\/sites\/57\/2021\/04\/img-608c73fdda751.jpg","width":1024,"height":576,"caption":"La Covid-19 a amplifi\u00e9 la d\u00e9fiance envers les vaccins"},{"@type":"BreadcrumbList","@id":"https:\/\/www.africa-press.net\/cameroun\/dossiers\/la-covid-19-a-amplifie-la-defiance-envers-les-vaccins#breadcrumb","itemListElement":[{"@type":"ListItem","position":1,"name":"Accueil","item":"https:\/\/www.africa-press.net\/cameroun\/"},{"@type":"ListItem","position":2,"name":"La Covid-19 a amplifi\u00e9 la d\u00e9fiance envers les vaccins"}]},{"@type":"WebSite","@id":"https:\/\/www.africa-press.net\/cameroun\/#website","url":"https:\/\/www.africa-press.net\/cameroun\/","name":"Cameroun","description":"Just another Africa News Agency Sites site","potentialAction":[{"@type":"SearchAction","target":{"@type":"EntryPoint","urlTemplate":"https:\/\/www.africa-press.net\/cameroun\/?s={search_term_string}"},"query-input":{"@type":"PropertyValueSpecification","valueRequired":true,"valueName":"search_term_string"}}],"inLanguage":"fr-FR"},{"@type":"Person","@id":"https:\/\/www.africa-press.net\/cameroun\/#\/schema\/person\/2b1cf3cd81a31e3cd26889ca66d677f1","name":"cfeditorfr"}]}},"_links":{"self":[{"href":"https:\/\/www.africa-press.net\/cameroun\/wp-json\/wp\/v2\/posts\/2903","targetHints":{"allow":["GET"]}}],"collection":[{"href":"https:\/\/www.africa-press.net\/cameroun\/wp-json\/wp\/v2\/posts"}],"about":[{"href":"https:\/\/www.africa-press.net\/cameroun\/wp-json\/wp\/v2\/types\/post"}],"author":[{"embeddable":true,"href":"https:\/\/www.africa-press.net\/cameroun\/wp-json\/wp\/v2\/users\/82"}],"replies":[{"embeddable":true,"href":"https:\/\/www.africa-press.net\/cameroun\/wp-json\/wp\/v2\/comments?post=2903"}],"version-history":[{"count":0,"href":"https:\/\/www.africa-press.net\/cameroun\/wp-json\/wp\/v2\/posts\/2903\/revisions"}],"wp:featuredmedia":[{"embeddable":true,"href":"https:\/\/www.africa-press.net\/cameroun\/wp-json\/wp\/v2\/media\/2902"}],"wp:attachment":[{"href":"https:\/\/www.africa-press.net\/cameroun\/wp-json\/wp\/v2\/media?parent=2903"}],"wp:term":[{"taxonomy":"category","embeddable":true,"href":"https:\/\/www.africa-press.net\/cameroun\/wp-json\/wp\/v2\/categories?post=2903"},{"taxonomy":"post_tag","embeddable":true,"href":"https:\/\/www.africa-press.net\/cameroun\/wp-json\/wp\/v2\/tags?post=2903"}],"curies":[{"name":"wp","href":"https:\/\/api.w.org\/{rel}","templated":true}]}}